{"id":71459,"date":"2021-07-05T16:01:09","date_gmt":"2021-07-05T16:01:09","guid":{"rendered":"https:\/\/abarevegan.com.br\/noticias\/policia\/transito-e-interrompido-na-br-364-apos-carreta-ficar-atravessada\/"},"modified":"2021-07-05T16:01:09","modified_gmt":"2021-07-05T16:01:09","slug":"transito-e-interrompido-na-br-364-apos-carreta-ficar-atravessada","status":"publish","type":"post","link":"https:\/\/nk7-testes.com.br\/agazeta\/transito-e-interrompido-na-br-364-apos-carreta-ficar-atravessada\/","title":{"rendered":"Tr\u00e2nsito \u00e9 interrompido na BR-364 ap\u00f3s carreta atravessar pista"},"content":{"rendered":"<p style=\"text-align: justify;\">Acidente ocorreu no km 457, pr\u00f3ximo ao munic\u00edpio de Feij\u00f3<\/p>\n<p style=\"text-align: justify;\">Na manh\u00e3 desta segunda-feira (5) uma carreta ficou atravessada na BR-364, km 457, pr\u00f3ximo ao munic\u00edpio de Feij\u00f3, interior do Acre.<\/p>\n<p style=\"text-align: justify;\">O incidente provocou a paralisa\u00e7\u00e3o tempor\u00e1ria do trecho. A carreta possu\u00eda carga fechada, e por n\u00e3o saber se carregava material inflam\u00e1vel o Corpo de Bombeiros foi acionado.<\/p>\n<p style=\"text-align: justify;\">A Pol\u00edcia Rodovi\u00e1ria Federal tamb\u00e9m informou que est\u00e1 deslocando equipes at\u00e9 o local. At\u00e9 o momento do fechamento desta mat\u00e9ria n\u00e3o havia, informa\u00e7\u00f5es sobre feridos.<\/p>\n","protected":false},"excerpt":{"rendered":"<p style=\"text-align: justify;\">Acidente ocorreu no km 457, pr\u00f3ximo ao munic\u00edpio de Feij\u00f3<\/p>\n","protected":false},"author":4,"featured_media":71458,"comment_status":"open","ping_status":"open","sticky":false,"template":"","format":"standard","meta":{"jnews-multi-image_gallery":[],"jnews_single_post":[],"jnews_primary_category":[],"jnews_social_meta":[],"jnews_review":[],"enable_review":"","type":"","name":"","summary":"","brand":"","sku":"","good":[],"bad":[],"score_override":"","override_value":"","rating":[],"price":[],"footnotes":""},"categories":[44],"tags":[],"class_list":["post-71459","post","type-post","status-publish","format-standard","has-post-thumbnail","hentry","category-policia"],"yoast_head":"<!-- This site is optimized with the Yoast SEO plugin v26.5 - https:\/\/yoast.com\/wordpress\/plugins\/seo\/ -->\n<title>Tr\u00e2nsito \u00e9 interrompido na BR-364 ap\u00f3s carreta atravessar pista - Agazeta.net<\/title>\n<meta name=\"robots\" content=\"index, follow, max-snippet:-1, max-image-preview:large, max-video-preview:-1\" \/>\n<link rel=\"canonical\" href=\"https:\/\/nk7-testes.com.br\/agazeta\/transito-e-interrompido-na-br-364-apos-carreta-ficar-atravessada\/\" \/>\n<meta property=\"og:locale\" content=\"pt_BR\" \/>\n<meta property=\"og:type\" content=\"article\" \/>\n<meta property=\"og:title\" content=\"Tr\u00e2nsito \u00e9 interrompido na BR-364 ap\u00f3s carreta atravessar pista - Agazeta.net\" \/>\n<meta property=\"og:description\" content=\"Acidente ocorreu no km 457, pr\u00f3ximo ao munic\u00edpio de Feij\u00f3\" \/>\n<meta property=\"og:url\" content=\"https:\/\/nk7-testes.com.br\/agazeta\/transito-e-interrompido-na-br-364-apos-carreta-ficar-atravessada\/\" \/>\n<meta property=\"og:site_name\" content=\"Agazeta.net\" \/>\n<meta property=\"article:published_time\" content=\"2021-07-05T16:01:09+00:00\" \/>\n<meta property=\"og:image\" content=\"https:\/\/nk7-testes.com.br\/agazeta\/wp-content\/uploads\/2021\/07\/05-07-21-Carreta_atravessa_BR-364.jpeg\" \/>\n\t<meta property=\"og:image:width\" content=\"458\" \/>\n\t<meta property=\"og:image:height\" content=\"340\" \/>\n\t<meta property=\"og:image:type\" content=\"image\/jpeg\" \/>\n<meta name=\"author\" content=\"Agazeta.Net\" \/>\n<meta name=\"twitter:card\" content=\"summary_large_image\" \/>\n<meta name=\"twitter:label1\" content=\"Escrito por\" \/>\n\t<meta name=\"twitter:data1\" content=\"Agazeta.Net\" \/>\n<script type=\"application\/ld+json\" class=\"yoast-schema-graph\">{\"@context\":\"https:\/\/schema.org\",\"@graph\":[{\"@type\":\"WebPage\",\"@id\":\"https:\/\/nk7-testes.com.br\/agazeta\/transito-e-interrompido-na-br-364-apos-carreta-ficar-atravessada\/\",\"url\":\"https:\/\/nk7-testes.com.br\/agazeta\/transito-e-interrompido-na-br-364-apos-carreta-ficar-atravessada\/\",\"name\":\"Tr\u00e2nsito \u00e9 interrompido na BR-364 ap\u00f3s carreta atravessar pista - Agazeta.net\",\"isPartOf\":{\"@id\":\"https:\/\/nk7-testes.com.br\/agazeta\/#website\"},\"primaryImageOfPage\":{\"@id\":\"https:\/\/nk7-testes.com.br\/agazeta\/transito-e-interrompido-na-br-364-apos-carreta-ficar-atravessada\/#primaryimage\"},\"image\":{\"@id\":\"https:\/\/nk7-testes.com.br\/agazeta\/transito-e-interrompido-na-br-364-apos-carreta-ficar-atravessada\/#primaryimage\"},\"thumbnailUrl\":\"https:\/\/nk7-testes.com.br\/agazeta\/wp-content\/uploads\/2021\/07\/05-07-21-Carreta_atravessa_BR-364.jpeg\",\"datePublished\":\"2021-07-05T16:01:09+00:00\",\"author\":{\"@id\":\"https:\/\/nk7-testes.com.br\/agazeta\/#\/schema\/person\/6d6e25cb0435eb4a02fd44d30b4e3020\"},\"breadcrumb\":{\"@id\":\"https:\/\/nk7-testes.com.br\/agazeta\/transito-e-interrompido-na-br-364-apos-carreta-ficar-atravessada\/#breadcrumb\"},\"inLanguage\":\"pt-BR\",\"potentialAction\":[{\"@type\":\"ReadAction\",\"target\":[\"https:\/\/nk7-testes.com.br\/agazeta\/transito-e-interrompido-na-br-364-apos-carreta-ficar-atravessada\/\"]}]},{\"@type\":\"ImageObject\",\"inLanguage\":\"pt-BR\",\"@id\":\"https:\/\/nk7-testes.com.br\/agazeta\/transito-e-interrompido-na-br-364-apos-carreta-ficar-atravessada\/#primaryimage\",\"url\":\"https:\/\/nk7-testes.com.br\/agazeta\/wp-content\/uploads\/2021\/07\/05-07-21-Carreta_atravessa_BR-364.jpeg\",\"contentUrl\":\"https:\/\/nk7-testes.com.br\/agazeta\/wp-content\/uploads\/2021\/07\/05-07-21-Carreta_atravessa_BR-364.jpeg\",\"width\":458,\"height\":340,\"caption\":\"05-07-21-Carreta atravessa BR-364\"},{\"@type\":\"BreadcrumbList\",\"@id\":\"https:\/\/nk7-testes.com.br\/agazeta\/transito-e-interrompido-na-br-364-apos-carreta-ficar-atravessada\/#breadcrumb\",\"itemListElement\":[{\"@type\":\"ListItem\",\"position\":1,\"name\":\"In\u00edcio\",\"item\":\"https:\/\/nk7-testes.com.br\/agazeta\/\"},{\"@type\":\"ListItem\",\"position\":2,\"name\":\"Tr\u00e2nsito \u00e9 interrompido na BR-364 ap\u00f3s carreta atravessar pista\"}]},{\"@type\":\"WebSite\",\"@id\":\"https:\/\/nk7-testes.com.br\/agazeta\/#website\",\"url\":\"https:\/\/nk7-testes.com.br\/agazeta\/\",\"name\":\"Agazeta.net\",\"description\":\"Agazeta.net - Not\u00edcias de Rio Branco\/AC\",\"potentialAction\":[{\"@type\":\"SearchAction\",\"target\":{\"@type\":\"EntryPoint\",\"urlTemplate\":\"https:\/\/nk7-testes.com.br\/agazeta\/?s={search_term_string}\"},\"query-input\":{\"@type\":\"PropertyValueSpecification\",\"valueRequired\":true,\"valueName\":\"search_term_string\"}}],\"inLanguage\":\"pt-BR\"},{\"@type\":\"Person\",\"@id\":\"https:\/\/nk7-testes.com.br\/agazeta\/#\/schema\/person\/6d6e25cb0435eb4a02fd44d30b4e3020\",\"name\":\"Agazeta.Net\",\"url\":\"https:\/\/nk7-testes.com.br\/agazeta\/author\/agazeta\/\"}]}<\/script>\n<!-- \/ Yoast SEO plugin. -->","yoast_head_json":{"title":"Tr\u00e2nsito \u00e9 interrompido na BR-364 ap\u00f3s carreta atravessar pista - Agazeta.net","robots":{"index":"index","follow":"follow","max-snippet":"max-snippet:-1","max-image-preview":"max-image-preview:large","max-video-preview":"max-video-preview:-1"},"canonical":"https:\/\/nk7-testes.com.br\/agazeta\/transito-e-interrompido-na-br-364-apos-carreta-ficar-atravessada\/","og_locale":"pt_BR","og_type":"article","og_title":"Tr\u00e2nsito \u00e9 interrompido na BR-364 ap\u00f3s carreta atravessar pista - Agazeta.net","og_description":"Acidente ocorreu no km 457, pr\u00f3ximo ao munic\u00edpio de Feij\u00f3","og_url":"https:\/\/nk7-testes.com.br\/agazeta\/transito-e-interrompido-na-br-364-apos-carreta-ficar-atravessada\/","og_site_name":"Agazeta.net","article_published_time":"2021-07-05T16:01:09+00:00","og_image":[{"width":458,"height":340,"url":"https:\/\/nk7-testes.com.br\/agazeta\/wp-content\/uploads\/2021\/07\/05-07-21-Carreta_atravessa_BR-364.jpeg","type":"image\/jpeg"}],"author":"Agazeta.Net","twitter_card":"summary_large_image","twitter_misc":{"Escrito por":"Agazeta.Net"},"schema":{"@context":"https:\/\/schema.org","@graph":[{"@type":"WebPage","@id":"https:\/\/nk7-testes.com.br\/agazeta\/transito-e-interrompido-na-br-364-apos-carreta-ficar-atravessada\/","url":"https:\/\/nk7-testes.com.br\/agazeta\/transito-e-interrompido-na-br-364-apos-carreta-ficar-atravessada\/","name":"Tr\u00e2nsito \u00e9 interrompido na BR-364 ap\u00f3s carreta atravessar pista - Agazeta.net","isPartOf":{"@id":"https:\/\/nk7-testes.com.br\/agazeta\/#website"},"primaryImageOfPage":{"@id":"https:\/\/nk7-testes.com.br\/agazeta\/transito-e-interrompido-na-br-364-apos-carreta-ficar-atravessada\/#primaryimage"},"image":{"@id":"https:\/\/nk7-testes.com.br\/agazeta\/transito-e-interrompido-na-br-364-apos-carreta-ficar-atravessada\/#primaryimage"},"thumbnailUrl":"https:\/\/nk7-testes.com.br\/agazeta\/wp-content\/uploads\/2021\/07\/05-07-21-Carreta_atravessa_BR-364.jpeg","datePublished":"2021-07-05T16:01:09+00:00","author":{"@id":"https:\/\/nk7-testes.com.br\/agazeta\/#\/schema\/person\/6d6e25cb0435eb4a02fd44d30b4e3020"},"breadcrumb":{"@id":"https:\/\/nk7-testes.com.br\/agazeta\/transito-e-interrompido-na-br-364-apos-carreta-ficar-atravessada\/#breadcrumb"},"inLanguage":"pt-BR","potentialAction":[{"@type":"ReadAction","target":["https:\/\/nk7-testes.com.br\/agazeta\/transito-e-interrompido-na-br-364-apos-carreta-ficar-atravessada\/"]}]},{"@type":"ImageObject","inLanguage":"pt-BR","@id":"https:\/\/nk7-testes.com.br\/agazeta\/transito-e-interrompido-na-br-364-apos-carreta-ficar-atravessada\/#primaryimage","url":"https:\/\/nk7-testes.com.br\/agazeta\/wp-content\/uploads\/2021\/07\/05-07-21-Carreta_atravessa_BR-364.jpeg","contentUrl":"https:\/\/nk7-testes.com.br\/agazeta\/wp-content\/uploads\/2021\/07\/05-07-21-Carreta_atravessa_BR-364.jpeg","width":458,"height":340,"caption":"05-07-21-Carreta atravessa BR-364"},{"@type":"BreadcrumbList","@id":"https:\/\/nk7-testes.com.br\/agazeta\/transito-e-interrompido-na-br-364-apos-carreta-ficar-atravessada\/#breadcrumb","itemListElement":[{"@type":"ListItem","position":1,"name":"In\u00edcio","item":"https:\/\/nk7-testes.com.br\/agazeta\/"},{"@type":"ListItem","position":2,"name":"Tr\u00e2nsito \u00e9 interrompido na BR-364 ap\u00f3s carreta atravessar pista"}]},{"@type":"WebSite","@id":"https:\/\/nk7-testes.com.br\/agazeta\/#website","url":"https:\/\/nk7-testes.com.br\/agazeta\/","name":"Agazeta.net","description":"Agazeta.net - Not\u00edcias de Rio Branco\/AC","potentialAction":[{"@type":"SearchAction","target":{"@type":"EntryPoint","urlTemplate":"https:\/\/nk7-testes.com.br\/agazeta\/?s={search_term_string}"},"query-input":{"@type":"PropertyValueSpecification","valueRequired":true,"valueName":"search_term_string"}}],"inLanguage":"pt-BR"},{"@type":"Person","@id":"https:\/\/nk7-testes.com.br\/agazeta\/#\/schema\/person\/6d6e25cb0435eb4a02fd44d30b4e3020","name":"Agazeta.Net","url":"https:\/\/nk7-testes.com.br\/agazeta\/author\/agazeta\/"}]}},"_links":{"self":[{"href":"https:\/\/nk7-testes.com.br\/agazeta\/wp-json\/wp\/v2\/posts\/71459","targetHints":{"allow":["GET"]}}],"collection":[{"href":"https:\/\/nk7-testes.com.br\/agazeta\/wp-json\/wp\/v2\/posts"}],"about":[{"href":"https:\/\/nk7-testes.com.br\/agazeta\/wp-json\/wp\/v2\/types\/post"}],"author":[{"embeddable":true,"href":"https:\/\/nk7-testes.com.br\/agazeta\/wp-json\/wp\/v2\/users\/4"}],"replies":[{"embeddable":true,"href":"https:\/\/nk7-testes.com.br\/agazeta\/wp-json\/wp\/v2\/comments?post=71459"}],"version-history":[{"count":0,"href":"https:\/\/nk7-testes.com.br\/agazeta\/wp-json\/wp\/v2\/posts\/71459\/revisions"}],"wp:featuredmedia":[{"embeddable":true,"href":"https:\/\/nk7-testes.com.br\/agazeta\/wp-json\/wp\/v2\/media\/71458"}],"wp:attachment":[{"href":"https:\/\/nk7-testes.com.br\/agazeta\/wp-json\/wp\/v2\/media?parent=71459"}],"wp:term":[{"taxonomy":"category","embeddable":true,"href":"https:\/\/nk7-testes.com.br\/agazeta\/wp-json\/wp\/v2\/categories?post=71459"},{"taxonomy":"post_tag","embeddable":true,"href":"https:\/\/nk7-testes.com.br\/agazeta\/wp-json\/wp\/v2\/tags?post=71459"}],"curies":[{"name":"wp","href":"https:\/\/api.w.org\/{rel}","templated":true}]}}