{"id":69244,"date":"2021-05-19T17:54:38","date_gmt":"2021-05-19T17:54:38","guid":{"rendered":"https:\/\/abarevegan.com.br\/index.php\/2021\/05\/19\/ministro-do-meio-ambiente-e-mais-17-sao-investigados-em-operacao-da-pf\/"},"modified":"2021-05-19T17:54:38","modified_gmt":"2021-05-19T17:54:38","slug":"ministro-do-meio-ambiente-e-mais-17-sao-investigados-em-operacao-da-pf","status":"publish","type":"post","link":"https:\/\/nk7-testes.com.br\/agazeta\/ministro-do-meio-ambiente-e-mais-17-sao-investigados-em-operacao-da-pf\/","title":{"rendered":"Ricardo Salles e mais 17 s\u00e3o investigados em opera\u00e7\u00e3o da PF"},"content":{"rendered":"<p style=\"text-align: justify;\"><span style=\"font-size: 13.2px;\">A\u00e7\u00e3o investiga crimes contra administra\u00e7\u00e3o p\u00fablica<\/span><\/p>\n<p style=\"text-align: justify;\">O ministro do Meio Ambiente, Ricardo Salles, \u00e9 um dos alvos da Opera\u00e7\u00e3o Akuanduba, deflagrada nesta quarta-feira (19) pela Pol\u00edcia Federal (PF) por determina\u00e7\u00e3o do ministro Alexandre de Moraes, do Supremo Tribunal Federal (STF). De acordo com a Peti\u00e7\u00e3o n\u00ba 8.975, foram expedidos mandados de busca e apreens\u00e3o \u201cde itens, bens, documentos, m\u00eddias, dados e objetos\u201d contra Salles e mais 17 pessoas, al\u00e9m de cinco pessoas jur\u00eddicas \u2013 no caso, empresas, associa\u00e7\u00f5es e madeireiras.<\/p>\n<p style=\"text-align: justify;\">O ministro teve tamb\u00e9m seus sigilos banc\u00e1rio e fiscal quebrados. Moraes determinou, ainda, o afastamento de Eduardo Bim do cargo de presidente do Instituto Brasileiro do Meio Ambiente e dos Recursos Naturais Renov\u00e1veis (Ibama). A Opera\u00e7\u00e3o Akuanduba investiga crimes contra a administra\u00e7\u00e3o p\u00fablica, como corrup\u00e7\u00e3o, advocacia administrativa, prevarica\u00e7\u00e3o e facilita\u00e7\u00e3o de contrabando, praticados por agentes p\u00fablicos e empres\u00e1rios. De acordo com as investiga\u00e7\u00f5es, o esquema criminoso tinha car\u00e1ter transnacional.<\/p>\n<p style=\"text-align: justify;\">\u201cDe acordo com a representa\u00e7\u00e3o da autoridade policial, os depoimentos, os documentos e os dados coligidos sinalizam, em tese, para a exist\u00eancia de grave esquema de facilita\u00e7\u00e3o ao contrabando de produtos florestais o qual teria o envolvimento de autoridade com prerrogativa de foro nessa Suprema Corte, no caso, o ministro do Meio Ambiente, Ricardo de Aquino Salles; al\u00e9m de servidores p\u00fablicos e de pessoas jur\u00eddicas\u201d, informa a peti\u00e7\u00e3o expedida por Moraes. O material apreendido ser\u00e1 periciado pelo Instituto Nacional de Criminal\u00edstica (INC), da PF.<\/p>\n<p style=\"text-align: justify;\">Citando apontamentos feitos por autoridades policiais, Moraes diz estar &#8220;evidente que o interesse privado de alguns poucos empres\u00e1rios, reincidentes na pr\u00e1tica de infra\u00e7\u00f5es ambientais, foi colocado \u00e0 frente do interesse p\u00fablico&#8221;.<\/p>\n<p style=\"text-align: justify;\">\u201cEsta empreitada criminosa n\u00e3o apenas realiza o patroc\u00ednio do interesse privado de madeireiros e exportadores em preju\u00edzo do interesse p\u00fablico, notadamente atrav\u00e9s da legaliza\u00e7\u00e3o e de forma retroativa de milhares de carregamentos de produtos florestais exportados em disson\u00e2ncia com as normas ambientais vigentes entre os anos de 2019 e 2020, mas tamb\u00e9m, tem criado s\u00e9rios obst\u00e1culos \u00e0 a\u00e7\u00e3o fiscalizat\u00f3ria do Poder P\u00fablico no trato das quest\u00f5es ambientais com ineg\u00e1veis preju\u00edzos a toda a sociedade\u201d, acrescenta.<\/p>\n<p style=\"text-align: justify;\">Segundo Moraes, as investiga\u00e7\u00f5es apontam que empresas flagradas exportando ilegalmente produtos florestais teriam buscado apoio da Superintend\u00eancia do Ibama no Par\u00e1, que teria emitido certid\u00f5es e of\u00edcio, \u201cclaramente sem valor, por aus\u00eancia de previs\u00e3o legal, que n\u00e3o foram aceitos pelas autoridades norte-americanas\u201d.<\/p>\n","protected":false},"excerpt":{"rendered":"<p style=\"text-align: justify;\"><span style=\"font-size: 13.2px;\">A\u00e7\u00e3o investiga crimes contra administra\u00e7\u00e3o p\u00fablica<\/span><\/p>\n","protected":false},"author":4,"featured_media":69243,"comment_status":"open","ping_status":"open","sticky":false,"template":"","format":"standard","meta":{"jnews-multi-image_gallery":[],"jnews_single_post":[],"jnews_primary_category":[],"jnews_social_meta":[],"jnews_review":[],"enable_review":"","type":"","name":"","summary":"","brand":"","sku":"","good":[],"bad":[],"score_override":"","override_value":"","rating":[],"price":[],"footnotes":""},"categories":[44],"tags":[],"class_list":["post-69244","post","type-post","status-publish","format-standard","has-post-thumbnail","hentry","category-policia"],"yoast_head":"<!-- This site is optimized with the Yoast SEO plugin v26.5 - https:\/\/yoast.com\/wordpress\/plugins\/seo\/ -->\n<title>Ricardo Salles e mais 17 s\u00e3o investigados em opera\u00e7\u00e3o da PF - Agazeta.net<\/title>\n<meta name=\"robots\" content=\"index, follow, max-snippet:-1, max-image-preview:large, max-video-preview:-1\" \/>\n<link rel=\"canonical\" href=\"https:\/\/nk7-testes.com.br\/agazeta\/ministro-do-meio-ambiente-e-mais-17-sao-investigados-em-operacao-da-pf\/\" \/>\n<meta property=\"og:locale\" content=\"pt_BR\" \/>\n<meta property=\"og:type\" content=\"article\" \/>\n<meta property=\"og:title\" content=\"Ricardo Salles e mais 17 s\u00e3o investigados em opera\u00e7\u00e3o da PF - Agazeta.net\" \/>\n<meta property=\"og:description\" content=\"A\u00e7\u00e3o investiga crimes contra administra\u00e7\u00e3o p\u00fablica\" \/>\n<meta property=\"og:url\" content=\"https:\/\/nk7-testes.com.br\/agazeta\/ministro-do-meio-ambiente-e-mais-17-sao-investigados-em-operacao-da-pf\/\" \/>\n<meta property=\"og:site_name\" content=\"Agazeta.net\" \/>\n<meta property=\"article:published_time\" content=\"2021-05-19T17:54:38+00:00\" \/>\n<meta property=\"og:image\" content=\"https:\/\/nk7-testes.com.br\/agazeta\/wp-content\/uploads\/2021\/05\/19-05-21_ministro-do-meio-ambiente-e-mais-17-pessoas-sao-investigados-pela-pf.jpg\" \/>\n\t<meta property=\"og:image:width\" content=\"458\" \/>\n\t<meta property=\"og:image:height\" content=\"340\" \/>\n\t<meta property=\"og:image:type\" content=\"image\/jpeg\" \/>\n<meta name=\"author\" content=\"Agazeta.Net\" \/>\n<meta name=\"twitter:card\" content=\"summary_large_image\" \/>\n<meta name=\"twitter:label1\" content=\"Escrito por\" \/>\n\t<meta name=\"twitter:data1\" content=\"Agazeta.Net\" \/>\n\t<meta name=\"twitter:label2\" content=\"Est. tempo de leitura\" \/>\n\t<meta name=\"twitter:data2\" content=\"2 minutos\" \/>\n<script type=\"application\/ld+json\" class=\"yoast-schema-graph\">{\"@context\":\"https:\/\/schema.org\",\"@graph\":[{\"@type\":\"WebPage\",\"@id\":\"https:\/\/nk7-testes.com.br\/agazeta\/ministro-do-meio-ambiente-e-mais-17-sao-investigados-em-operacao-da-pf\/\",\"url\":\"https:\/\/nk7-testes.com.br\/agazeta\/ministro-do-meio-ambiente-e-mais-17-sao-investigados-em-operacao-da-pf\/\",\"name\":\"Ricardo Salles e mais 17 s\u00e3o investigados em opera\u00e7\u00e3o da PF - Agazeta.net\",\"isPartOf\":{\"@id\":\"https:\/\/nk7-testes.com.br\/agazeta\/#website\"},\"primaryImageOfPage\":{\"@id\":\"https:\/\/nk7-testes.com.br\/agazeta\/ministro-do-meio-ambiente-e-mais-17-sao-investigados-em-operacao-da-pf\/#primaryimage\"},\"image\":{\"@id\":\"https:\/\/nk7-testes.com.br\/agazeta\/ministro-do-meio-ambiente-e-mais-17-sao-investigados-em-operacao-da-pf\/#primaryimage\"},\"thumbnailUrl\":\"https:\/\/nk7-testes.com.br\/agazeta\/wp-content\/uploads\/2021\/05\/19-05-21_ministro-do-meio-ambiente-e-mais-17-pessoas-sao-investigados-pela-pf.jpg\",\"datePublished\":\"2021-05-19T17:54:38+00:00\",\"author\":{\"@id\":\"https:\/\/nk7-testes.com.br\/agazeta\/#\/schema\/person\/6d6e25cb0435eb4a02fd44d30b4e3020\"},\"breadcrumb\":{\"@id\":\"https:\/\/nk7-testes.com.br\/agazeta\/ministro-do-meio-ambiente-e-mais-17-sao-investigados-em-operacao-da-pf\/#breadcrumb\"},\"inLanguage\":\"pt-BR\",\"potentialAction\":[{\"@type\":\"ReadAction\",\"target\":[\"https:\/\/nk7-testes.com.br\/agazeta\/ministro-do-meio-ambiente-e-mais-17-sao-investigados-em-operacao-da-pf\/\"]}]},{\"@type\":\"ImageObject\",\"inLanguage\":\"pt-BR\",\"@id\":\"https:\/\/nk7-testes.com.br\/agazeta\/ministro-do-meio-ambiente-e-mais-17-sao-investigados-em-operacao-da-pf\/#primaryimage\",\"url\":\"https:\/\/nk7-testes.com.br\/agazeta\/wp-content\/uploads\/2021\/05\/19-05-21_ministro-do-meio-ambiente-e-mais-17-pessoas-sao-investigados-pela-pf.jpg\",\"contentUrl\":\"https:\/\/nk7-testes.com.br\/agazeta\/wp-content\/uploads\/2021\/05\/19-05-21_ministro-do-meio-ambiente-e-mais-17-pessoas-sao-investigados-pela-pf.jpg\",\"width\":458,\"height\":340,\"caption\":\"19-05-21 ministro-do-meio-ambiente-e-mais-17-pessoas-s\u00e3o-investigados-pela-pf\"},{\"@type\":\"BreadcrumbList\",\"@id\":\"https:\/\/nk7-testes.com.br\/agazeta\/ministro-do-meio-ambiente-e-mais-17-sao-investigados-em-operacao-da-pf\/#breadcrumb\",\"itemListElement\":[{\"@type\":\"ListItem\",\"position\":1,\"name\":\"In\u00edcio\",\"item\":\"https:\/\/nk7-testes.com.br\/agazeta\/\"},{\"@type\":\"ListItem\",\"position\":2,\"name\":\"Ricardo Salles e mais 17 s\u00e3o investigados em opera\u00e7\u00e3o da PF\"}]},{\"@type\":\"WebSite\",\"@id\":\"https:\/\/nk7-testes.com.br\/agazeta\/#website\",\"url\":\"https:\/\/nk7-testes.com.br\/agazeta\/\",\"name\":\"Agazeta.net\",\"description\":\"Agazeta.net - Not\u00edcias de Rio Branco\/AC\",\"potentialAction\":[{\"@type\":\"SearchAction\",\"target\":{\"@type\":\"EntryPoint\",\"urlTemplate\":\"https:\/\/nk7-testes.com.br\/agazeta\/?s={search_term_string}\"},\"query-input\":{\"@type\":\"PropertyValueSpecification\",\"valueRequired\":true,\"valueName\":\"search_term_string\"}}],\"inLanguage\":\"pt-BR\"},{\"@type\":\"Person\",\"@id\":\"https:\/\/nk7-testes.com.br\/agazeta\/#\/schema\/person\/6d6e25cb0435eb4a02fd44d30b4e3020\",\"name\":\"Agazeta.Net\",\"url\":\"https:\/\/nk7-testes.com.br\/agazeta\/author\/agazeta\/\"}]}<\/script>\n<!-- \/ Yoast SEO plugin. -->","yoast_head_json":{"title":"Ricardo Salles e mais 17 s\u00e3o investigados em opera\u00e7\u00e3o da PF - Agazeta.net","robots":{"index":"index","follow":"follow","max-snippet":"max-snippet:-1","max-image-preview":"max-image-preview:large","max-video-preview":"max-video-preview:-1"},"canonical":"https:\/\/nk7-testes.com.br\/agazeta\/ministro-do-meio-ambiente-e-mais-17-sao-investigados-em-operacao-da-pf\/","og_locale":"pt_BR","og_type":"article","og_title":"Ricardo Salles e mais 17 s\u00e3o investigados em opera\u00e7\u00e3o da PF - Agazeta.net","og_description":"A\u00e7\u00e3o investiga crimes contra administra\u00e7\u00e3o p\u00fablica","og_url":"https:\/\/nk7-testes.com.br\/agazeta\/ministro-do-meio-ambiente-e-mais-17-sao-investigados-em-operacao-da-pf\/","og_site_name":"Agazeta.net","article_published_time":"2021-05-19T17:54:38+00:00","og_image":[{"width":458,"height":340,"url":"https:\/\/nk7-testes.com.br\/agazeta\/wp-content\/uploads\/2021\/05\/19-05-21_ministro-do-meio-ambiente-e-mais-17-pessoas-sao-investigados-pela-pf.jpg","type":"image\/jpeg"}],"author":"Agazeta.Net","twitter_card":"summary_large_image","twitter_misc":{"Escrito por":"Agazeta.Net","Est. tempo de leitura":"2 minutos"},"schema":{"@context":"https:\/\/schema.org","@graph":[{"@type":"WebPage","@id":"https:\/\/nk7-testes.com.br\/agazeta\/ministro-do-meio-ambiente-e-mais-17-sao-investigados-em-operacao-da-pf\/","url":"https:\/\/nk7-testes.com.br\/agazeta\/ministro-do-meio-ambiente-e-mais-17-sao-investigados-em-operacao-da-pf\/","name":"Ricardo Salles e mais 17 s\u00e3o investigados em opera\u00e7\u00e3o da PF - Agazeta.net","isPartOf":{"@id":"https:\/\/nk7-testes.com.br\/agazeta\/#website"},"primaryImageOfPage":{"@id":"https:\/\/nk7-testes.com.br\/agazeta\/ministro-do-meio-ambiente-e-mais-17-sao-investigados-em-operacao-da-pf\/#primaryimage"},"image":{"@id":"https:\/\/nk7-testes.com.br\/agazeta\/ministro-do-meio-ambiente-e-mais-17-sao-investigados-em-operacao-da-pf\/#primaryimage"},"thumbnailUrl":"https:\/\/nk7-testes.com.br\/agazeta\/wp-content\/uploads\/2021\/05\/19-05-21_ministro-do-meio-ambiente-e-mais-17-pessoas-sao-investigados-pela-pf.jpg","datePublished":"2021-05-19T17:54:38+00:00","author":{"@id":"https:\/\/nk7-testes.com.br\/agazeta\/#\/schema\/person\/6d6e25cb0435eb4a02fd44d30b4e3020"},"breadcrumb":{"@id":"https:\/\/nk7-testes.com.br\/agazeta\/ministro-do-meio-ambiente-e-mais-17-sao-investigados-em-operacao-da-pf\/#breadcrumb"},"inLanguage":"pt-BR","potentialAction":[{"@type":"ReadAction","target":["https:\/\/nk7-testes.com.br\/agazeta\/ministro-do-meio-ambiente-e-mais-17-sao-investigados-em-operacao-da-pf\/"]}]},{"@type":"ImageObject","inLanguage":"pt-BR","@id":"https:\/\/nk7-testes.com.br\/agazeta\/ministro-do-meio-ambiente-e-mais-17-sao-investigados-em-operacao-da-pf\/#primaryimage","url":"https:\/\/nk7-testes.com.br\/agazeta\/wp-content\/uploads\/2021\/05\/19-05-21_ministro-do-meio-ambiente-e-mais-17-pessoas-sao-investigados-pela-pf.jpg","contentUrl":"https:\/\/nk7-testes.com.br\/agazeta\/wp-content\/uploads\/2021\/05\/19-05-21_ministro-do-meio-ambiente-e-mais-17-pessoas-sao-investigados-pela-pf.jpg","width":458,"height":340,"caption":"19-05-21 ministro-do-meio-ambiente-e-mais-17-pessoas-s\u00e3o-investigados-pela-pf"},{"@type":"BreadcrumbList","@id":"https:\/\/nk7-testes.com.br\/agazeta\/ministro-do-meio-ambiente-e-mais-17-sao-investigados-em-operacao-da-pf\/#breadcrumb","itemListElement":[{"@type":"ListItem","position":1,"name":"In\u00edcio","item":"https:\/\/nk7-testes.com.br\/agazeta\/"},{"@type":"ListItem","position":2,"name":"Ricardo Salles e mais 17 s\u00e3o investigados em opera\u00e7\u00e3o da PF"}]},{"@type":"WebSite","@id":"https:\/\/nk7-testes.com.br\/agazeta\/#website","url":"https:\/\/nk7-testes.com.br\/agazeta\/","name":"Agazeta.net","description":"Agazeta.net - Not\u00edcias de Rio Branco\/AC","potentialAction":[{"@type":"SearchAction","target":{"@type":"EntryPoint","urlTemplate":"https:\/\/nk7-testes.com.br\/agazeta\/?s={search_term_string}"},"query-input":{"@type":"PropertyValueSpecification","valueRequired":true,"valueName":"search_term_string"}}],"inLanguage":"pt-BR"},{"@type":"Person","@id":"https:\/\/nk7-testes.com.br\/agazeta\/#\/schema\/person\/6d6e25cb0435eb4a02fd44d30b4e3020","name":"Agazeta.Net","url":"https:\/\/nk7-testes.com.br\/agazeta\/author\/agazeta\/"}]}},"_links":{"self":[{"href":"https:\/\/nk7-testes.com.br\/agazeta\/wp-json\/wp\/v2\/posts\/69244","targetHints":{"allow":["GET"]}}],"collection":[{"href":"https:\/\/nk7-testes.com.br\/agazeta\/wp-json\/wp\/v2\/posts"}],"about":[{"href":"https:\/\/nk7-testes.com.br\/agazeta\/wp-json\/wp\/v2\/types\/post"}],"author":[{"embeddable":true,"href":"https:\/\/nk7-testes.com.br\/agazeta\/wp-json\/wp\/v2\/users\/4"}],"replies":[{"embeddable":true,"href":"https:\/\/nk7-testes.com.br\/agazeta\/wp-json\/wp\/v2\/comments?post=69244"}],"version-history":[{"count":0,"href":"https:\/\/nk7-testes.com.br\/agazeta\/wp-json\/wp\/v2\/posts\/69244\/revisions"}],"wp:featuredmedia":[{"embeddable":true,"href":"https:\/\/nk7-testes.com.br\/agazeta\/wp-json\/wp\/v2\/media\/69243"}],"wp:attachment":[{"href":"https:\/\/nk7-testes.com.br\/agazeta\/wp-json\/wp\/v2\/media?parent=69244"}],"wp:term":[{"taxonomy":"category","embeddable":true,"href":"https:\/\/nk7-testes.com.br\/agazeta\/wp-json\/wp\/v2\/categories?post=69244"},{"taxonomy":"post_tag","embeddable":true,"href":"https:\/\/nk7-testes.com.br\/agazeta\/wp-json\/wp\/v2\/tags?post=69244"}],"curies":[{"name":"wp","href":"https:\/\/api.w.org\/{rel}","templated":true}]}}