{"id":69235,"date":"2021-05-19T13:07:03","date_gmt":"2021-05-19T13:07:03","guid":{"rendered":"https:\/\/abarevegan.com.br\/index.php\/2021\/05\/19\/no-acre-e-em-rondonia-16-pessoas-sao-presas-em-operacao-da-pf\/"},"modified":"2021-05-19T13:07:03","modified_gmt":"2021-05-19T13:07:03","slug":"no-acre-e-em-rondonia-16-pessoas-sao-presas-em-operacao-da-pf","status":"publish","type":"post","link":"https:\/\/nk7-testes.com.br\/agazeta\/no-acre-e-em-rondonia-16-pessoas-sao-presas-em-operacao-da-pf\/","title":{"rendered":"No Acre e em Rond\u00f4nia, 16 pessoas s\u00e3o presas em opera\u00e7\u00e3o"},"content":{"rendered":"<p style=\"text-align: justify;\">Essa \u00e9 a segunda fase da opera\u00e7\u00e3o Tabuleiro<\/p>\n<p style=\"text-align: justify;\">A For\u00e7a Integrada de Combate ao Crime Organizado (Ficco), composta pela Pol\u00edcia Federal, Pol\u00edcia Civil e Pol\u00edcia Militar deflagrou nesta quarta-feira (19) a Opera\u00e7\u00e3o Tabuleiro II, em continuidade \u00e0s a\u00e7\u00f5es operacionais direcionadas contra organiza\u00e7\u00f5es criminosas atuantes no narcotr\u00e1fico e crimes violentos que operam dentro e fora do sistema prisional do estado do Acre.<\/p>\n<p style=\"text-align: justify;\">A opera\u00e7\u00e3o conta com policiais federais e civis, que cumprem 18 ordens judiciais expedidas pela Vara de Delitos de Organiza\u00e7\u00f5es Criminosas de Rio Branco, sendo dois de busca e apreens\u00e3o domiciliar e 16 de pris\u00e3o preventiva.<\/p>\n<p style=\"text-align: justify;\">Os mandados foram cumpridos nos munic\u00edpios de Senador Guiomard, Cruzeiro do Sul, Rio Branco e Guajar\u00e1-Mirim, em Rond\u00f4nia. Os investigados exerciam relevantes fun\u00e7\u00f5es na organiza\u00e7\u00e3o criminal sendo consideradas lideran\u00e7as regionais.<\/p>\n<p style=\"text-align: justify;\">Essa \u00e9 a segunda fase da opera\u00e7\u00e3o Tabuleiro. Na primeira, deflagrada em 30 de julho de 2020, j\u00e1 haviam sido cumpridos 52 mandados judiciais sendo 16 mandados de busca e apreens\u00e3o e 36 de pris\u00e3o preventiva em face de membros desta organiza\u00e7\u00e3o criminosa, atuantes na cidade de Rio Branco.<\/p>\n<p style=\"text-align: justify;\">Na opera\u00e7\u00e3o desta quarta-feira, a Ficco mirou a desarticula\u00e7\u00e3o de uma c\u00e9lula da organiza\u00e7\u00e3o criminosa com atua\u00e7\u00e3o predominante no munic\u00edpio de Senador Guiomard. A maioria dos suspeitos presos j\u00e1 respondia por delitos graves como roubo, tr\u00e1fico de drogas e porte ilegal de arma de fogo. Agora, ser\u00e3o indiciados pelo crime de integrar organiza\u00e7\u00e3o criminosa.<\/p>\n<p style=\"text-align: justify;\">A opera\u00e7\u00e3o conduzida pela For\u00e7a Integrada de Combate ao Crime Organizado no Acre foi chamada de \u201cTabuleiro\u201d &#8211; que na linguagem da fac\u00e7\u00e3o investigada significa uma esp\u00e9cie de cadastro e identifica\u00e7\u00e3o dos membros que integram a organiza\u00e7\u00e3o criminosa.<\/p>\n","protected":false},"excerpt":{"rendered":"<p style=\"text-align: justify;\">Essa \u00e9 a segunda fase da opera\u00e7\u00e3o Tabuleiro<\/p>\n","protected":false},"author":4,"featured_media":69234,"comment_status":"open","ping_status":"open","sticky":false,"template":"","format":"standard","meta":{"jnews-multi-image_gallery":[],"jnews_single_post":[],"jnews_primary_category":[],"jnews_social_meta":[],"jnews_review":[],"enable_review":"","type":"","name":"","summary":"","brand":"","sku":"","good":[],"bad":[],"score_override":"","override_value":"","rating":[],"price":[],"footnotes":""},"categories":[44],"tags":[],"class_list":["post-69235","post","type-post","status-publish","format-standard","has-post-thumbnail","hentry","category-policia"],"yoast_head":"<!-- This site is optimized with the Yoast SEO plugin v26.5 - https:\/\/yoast.com\/wordpress\/plugins\/seo\/ -->\n<title>No Acre e em Rond\u00f4nia, 16 pessoas s\u00e3o presas em opera\u00e7\u00e3o - Agazeta.net<\/title>\n<meta name=\"robots\" content=\"index, follow, max-snippet:-1, max-image-preview:large, max-video-preview:-1\" \/>\n<link rel=\"canonical\" href=\"https:\/\/nk7-testes.com.br\/agazeta\/no-acre-e-em-rondonia-16-pessoas-sao-presas-em-operacao-da-pf\/\" \/>\n<meta property=\"og:locale\" content=\"pt_BR\" \/>\n<meta property=\"og:type\" content=\"article\" \/>\n<meta property=\"og:title\" content=\"No Acre e em Rond\u00f4nia, 16 pessoas s\u00e3o presas em opera\u00e7\u00e3o - Agazeta.net\" \/>\n<meta property=\"og:description\" content=\"Essa \u00e9 a segunda fase da opera\u00e7\u00e3o Tabuleiro\" \/>\n<meta property=\"og:url\" content=\"https:\/\/nk7-testes.com.br\/agazeta\/no-acre-e-em-rondonia-16-pessoas-sao-presas-em-operacao-da-pf\/\" \/>\n<meta property=\"og:site_name\" content=\"Agazeta.net\" \/>\n<meta property=\"article:published_time\" content=\"2021-05-19T13:07:03+00:00\" \/>\n<meta property=\"og:image\" content=\"https:\/\/nk7-testes.com.br\/agazeta\/wp-content\/uploads\/2021\/05\/19-05-21-operacao.jpeg\" \/>\n\t<meta property=\"og:image:width\" content=\"458\" \/>\n\t<meta property=\"og:image:height\" content=\"340\" \/>\n\t<meta property=\"og:image:type\" content=\"image\/jpeg\" \/>\n<meta name=\"author\" content=\"Agazeta.Net\" \/>\n<meta name=\"twitter:card\" content=\"summary_large_image\" \/>\n<meta name=\"twitter:label1\" content=\"Escrito por\" \/>\n\t<meta name=\"twitter:data1\" content=\"Agazeta.Net\" \/>\n\t<meta name=\"twitter:label2\" content=\"Est. tempo de leitura\" \/>\n\t<meta name=\"twitter:data2\" content=\"1 minuto\" \/>\n<script type=\"application\/ld+json\" class=\"yoast-schema-graph\">{\"@context\":\"https:\/\/schema.org\",\"@graph\":[{\"@type\":\"WebPage\",\"@id\":\"https:\/\/nk7-testes.com.br\/agazeta\/no-acre-e-em-rondonia-16-pessoas-sao-presas-em-operacao-da-pf\/\",\"url\":\"https:\/\/nk7-testes.com.br\/agazeta\/no-acre-e-em-rondonia-16-pessoas-sao-presas-em-operacao-da-pf\/\",\"name\":\"No Acre e em Rond\u00f4nia, 16 pessoas s\u00e3o presas em opera\u00e7\u00e3o - Agazeta.net\",\"isPartOf\":{\"@id\":\"https:\/\/nk7-testes.com.br\/agazeta\/#website\"},\"primaryImageOfPage\":{\"@id\":\"https:\/\/nk7-testes.com.br\/agazeta\/no-acre-e-em-rondonia-16-pessoas-sao-presas-em-operacao-da-pf\/#primaryimage\"},\"image\":{\"@id\":\"https:\/\/nk7-testes.com.br\/agazeta\/no-acre-e-em-rondonia-16-pessoas-sao-presas-em-operacao-da-pf\/#primaryimage\"},\"thumbnailUrl\":\"https:\/\/nk7-testes.com.br\/agazeta\/wp-content\/uploads\/2021\/05\/19-05-21-operacao.jpeg\",\"datePublished\":\"2021-05-19T13:07:03+00:00\",\"author\":{\"@id\":\"https:\/\/nk7-testes.com.br\/agazeta\/#\/schema\/person\/6d6e25cb0435eb4a02fd44d30b4e3020\"},\"breadcrumb\":{\"@id\":\"https:\/\/nk7-testes.com.br\/agazeta\/no-acre-e-em-rondonia-16-pessoas-sao-presas-em-operacao-da-pf\/#breadcrumb\"},\"inLanguage\":\"pt-BR\",\"potentialAction\":[{\"@type\":\"ReadAction\",\"target\":[\"https:\/\/nk7-testes.com.br\/agazeta\/no-acre-e-em-rondonia-16-pessoas-sao-presas-em-operacao-da-pf\/\"]}]},{\"@type\":\"ImageObject\",\"inLanguage\":\"pt-BR\",\"@id\":\"https:\/\/nk7-testes.com.br\/agazeta\/no-acre-e-em-rondonia-16-pessoas-sao-presas-em-operacao-da-pf\/#primaryimage\",\"url\":\"https:\/\/nk7-testes.com.br\/agazeta\/wp-content\/uploads\/2021\/05\/19-05-21-operacao.jpeg\",\"contentUrl\":\"https:\/\/nk7-testes.com.br\/agazeta\/wp-content\/uploads\/2021\/05\/19-05-21-operacao.jpeg\",\"width\":458,\"height\":340,\"caption\":\"19-05-21-opera\u00e7\u00e3o\"},{\"@type\":\"BreadcrumbList\",\"@id\":\"https:\/\/nk7-testes.com.br\/agazeta\/no-acre-e-em-rondonia-16-pessoas-sao-presas-em-operacao-da-pf\/#breadcrumb\",\"itemListElement\":[{\"@type\":\"ListItem\",\"position\":1,\"name\":\"In\u00edcio\",\"item\":\"https:\/\/nk7-testes.com.br\/agazeta\/\"},{\"@type\":\"ListItem\",\"position\":2,\"name\":\"No Acre e em Rond\u00f4nia, 16 pessoas s\u00e3o presas em opera\u00e7\u00e3o\"}]},{\"@type\":\"WebSite\",\"@id\":\"https:\/\/nk7-testes.com.br\/agazeta\/#website\",\"url\":\"https:\/\/nk7-testes.com.br\/agazeta\/\",\"name\":\"Agazeta.net\",\"description\":\"Agazeta.net - Not\u00edcias de Rio Branco\/AC\",\"potentialAction\":[{\"@type\":\"SearchAction\",\"target\":{\"@type\":\"EntryPoint\",\"urlTemplate\":\"https:\/\/nk7-testes.com.br\/agazeta\/?s={search_term_string}\"},\"query-input\":{\"@type\":\"PropertyValueSpecification\",\"valueRequired\":true,\"valueName\":\"search_term_string\"}}],\"inLanguage\":\"pt-BR\"},{\"@type\":\"Person\",\"@id\":\"https:\/\/nk7-testes.com.br\/agazeta\/#\/schema\/person\/6d6e25cb0435eb4a02fd44d30b4e3020\",\"name\":\"Agazeta.Net\",\"url\":\"https:\/\/nk7-testes.com.br\/agazeta\/author\/agazeta\/\"}]}<\/script>\n<!-- \/ Yoast SEO plugin. -->","yoast_head_json":{"title":"No Acre e em Rond\u00f4nia, 16 pessoas s\u00e3o presas em opera\u00e7\u00e3o - Agazeta.net","robots":{"index":"index","follow":"follow","max-snippet":"max-snippet:-1","max-image-preview":"max-image-preview:large","max-video-preview":"max-video-preview:-1"},"canonical":"https:\/\/nk7-testes.com.br\/agazeta\/no-acre-e-em-rondonia-16-pessoas-sao-presas-em-operacao-da-pf\/","og_locale":"pt_BR","og_type":"article","og_title":"No Acre e em Rond\u00f4nia, 16 pessoas s\u00e3o presas em opera\u00e7\u00e3o - Agazeta.net","og_description":"Essa \u00e9 a segunda fase da opera\u00e7\u00e3o Tabuleiro","og_url":"https:\/\/nk7-testes.com.br\/agazeta\/no-acre-e-em-rondonia-16-pessoas-sao-presas-em-operacao-da-pf\/","og_site_name":"Agazeta.net","article_published_time":"2021-05-19T13:07:03+00:00","og_image":[{"width":458,"height":340,"url":"https:\/\/nk7-testes.com.br\/agazeta\/wp-content\/uploads\/2021\/05\/19-05-21-operacao.jpeg","type":"image\/jpeg"}],"author":"Agazeta.Net","twitter_card":"summary_large_image","twitter_misc":{"Escrito por":"Agazeta.Net","Est. tempo de leitura":"1 minuto"},"schema":{"@context":"https:\/\/schema.org","@graph":[{"@type":"WebPage","@id":"https:\/\/nk7-testes.com.br\/agazeta\/no-acre-e-em-rondonia-16-pessoas-sao-presas-em-operacao-da-pf\/","url":"https:\/\/nk7-testes.com.br\/agazeta\/no-acre-e-em-rondonia-16-pessoas-sao-presas-em-operacao-da-pf\/","name":"No Acre e em Rond\u00f4nia, 16 pessoas s\u00e3o presas em opera\u00e7\u00e3o - Agazeta.net","isPartOf":{"@id":"https:\/\/nk7-testes.com.br\/agazeta\/#website"},"primaryImageOfPage":{"@id":"https:\/\/nk7-testes.com.br\/agazeta\/no-acre-e-em-rondonia-16-pessoas-sao-presas-em-operacao-da-pf\/#primaryimage"},"image":{"@id":"https:\/\/nk7-testes.com.br\/agazeta\/no-acre-e-em-rondonia-16-pessoas-sao-presas-em-operacao-da-pf\/#primaryimage"},"thumbnailUrl":"https:\/\/nk7-testes.com.br\/agazeta\/wp-content\/uploads\/2021\/05\/19-05-21-operacao.jpeg","datePublished":"2021-05-19T13:07:03+00:00","author":{"@id":"https:\/\/nk7-testes.com.br\/agazeta\/#\/schema\/person\/6d6e25cb0435eb4a02fd44d30b4e3020"},"breadcrumb":{"@id":"https:\/\/nk7-testes.com.br\/agazeta\/no-acre-e-em-rondonia-16-pessoas-sao-presas-em-operacao-da-pf\/#breadcrumb"},"inLanguage":"pt-BR","potentialAction":[{"@type":"ReadAction","target":["https:\/\/nk7-testes.com.br\/agazeta\/no-acre-e-em-rondonia-16-pessoas-sao-presas-em-operacao-da-pf\/"]}]},{"@type":"ImageObject","inLanguage":"pt-BR","@id":"https:\/\/nk7-testes.com.br\/agazeta\/no-acre-e-em-rondonia-16-pessoas-sao-presas-em-operacao-da-pf\/#primaryimage","url":"https:\/\/nk7-testes.com.br\/agazeta\/wp-content\/uploads\/2021\/05\/19-05-21-operacao.jpeg","contentUrl":"https:\/\/nk7-testes.com.br\/agazeta\/wp-content\/uploads\/2021\/05\/19-05-21-operacao.jpeg","width":458,"height":340,"caption":"19-05-21-opera\u00e7\u00e3o"},{"@type":"BreadcrumbList","@id":"https:\/\/nk7-testes.com.br\/agazeta\/no-acre-e-em-rondonia-16-pessoas-sao-presas-em-operacao-da-pf\/#breadcrumb","itemListElement":[{"@type":"ListItem","position":1,"name":"In\u00edcio","item":"https:\/\/nk7-testes.com.br\/agazeta\/"},{"@type":"ListItem","position":2,"name":"No Acre e em Rond\u00f4nia, 16 pessoas s\u00e3o presas em opera\u00e7\u00e3o"}]},{"@type":"WebSite","@id":"https:\/\/nk7-testes.com.br\/agazeta\/#website","url":"https:\/\/nk7-testes.com.br\/agazeta\/","name":"Agazeta.net","description":"Agazeta.net - Not\u00edcias de Rio Branco\/AC","potentialAction":[{"@type":"SearchAction","target":{"@type":"EntryPoint","urlTemplate":"https:\/\/nk7-testes.com.br\/agazeta\/?s={search_term_string}"},"query-input":{"@type":"PropertyValueSpecification","valueRequired":true,"valueName":"search_term_string"}}],"inLanguage":"pt-BR"},{"@type":"Person","@id":"https:\/\/nk7-testes.com.br\/agazeta\/#\/schema\/person\/6d6e25cb0435eb4a02fd44d30b4e3020","name":"Agazeta.Net","url":"https:\/\/nk7-testes.com.br\/agazeta\/author\/agazeta\/"}]}},"_links":{"self":[{"href":"https:\/\/nk7-testes.com.br\/agazeta\/wp-json\/wp\/v2\/posts\/69235","targetHints":{"allow":["GET"]}}],"collection":[{"href":"https:\/\/nk7-testes.com.br\/agazeta\/wp-json\/wp\/v2\/posts"}],"about":[{"href":"https:\/\/nk7-testes.com.br\/agazeta\/wp-json\/wp\/v2\/types\/post"}],"author":[{"embeddable":true,"href":"https:\/\/nk7-testes.com.br\/agazeta\/wp-json\/wp\/v2\/users\/4"}],"replies":[{"embeddable":true,"href":"https:\/\/nk7-testes.com.br\/agazeta\/wp-json\/wp\/v2\/comments?post=69235"}],"version-history":[{"count":0,"href":"https:\/\/nk7-testes.com.br\/agazeta\/wp-json\/wp\/v2\/posts\/69235\/revisions"}],"wp:featuredmedia":[{"embeddable":true,"href":"https:\/\/nk7-testes.com.br\/agazeta\/wp-json\/wp\/v2\/media\/69234"}],"wp:attachment":[{"href":"https:\/\/nk7-testes.com.br\/agazeta\/wp-json\/wp\/v2\/media?parent=69235"}],"wp:term":[{"taxonomy":"category","embeddable":true,"href":"https:\/\/nk7-testes.com.br\/agazeta\/wp-json\/wp\/v2\/categories?post=69235"},{"taxonomy":"post_tag","embeddable":true,"href":"https:\/\/nk7-testes.com.br\/agazeta\/wp-json\/wp\/v2\/tags?post=69235"}],"curies":[{"name":"wp","href":"https:\/\/api.w.org\/{rel}","templated":true}]}}