{"id":69159,"date":"2021-05-17T20:17:43","date_gmt":"2021-05-17T20:17:43","guid":{"rendered":"https:\/\/abarevegan.com.br\/index.php\/2021\/05\/17\/policia-civil-deflagra-segunda-fase-da-operacao-praeteritum\/"},"modified":"2021-05-17T20:17:43","modified_gmt":"2021-05-17T20:17:43","slug":"policia-civil-deflagra-segunda-fase-da-operacao-praeteritum","status":"publish","type":"post","link":"https:\/\/nk7-testes.com.br\/agazeta\/policia-civil-deflagra-segunda-fase-da-operacao-praeteritum\/","title":{"rendered":"Pol\u00edcia Civil deflagra segunda fase da &#8220;Opera\u00e7\u00e3o Praeteritum&#8221;"},"content":{"rendered":"<p style=\"text-align: justify;\"><span style=\"font-size: 13.2px;\">Em Rio Branco, foram cumpridos 12 mandados de pris\u00e3o<\/span><\/p>\n<p style=\"text-align: justify;\">A Pol\u00edcia Civil por meio da Delegacia de Combate a Roubos e Extors\u00f5es (DCORE) deflagrou na manh\u00e3 desta segunda-feira (17), a segunda fase da opera\u00e7\u00e3o &#8220;Praeteritum&#8221; e cumpriu mais 12 mandados de pris\u00e3o em Rio Branco.<\/p>\n<p style=\"text-align: justify;\">A pol\u00edcia civil iniciou essa investiga\u00e7\u00e3o h\u00e1 aproximadamente dois anos ap\u00f3s a pris\u00e3o de um conselheiro de uma organiza\u00e7\u00e3o criminosa, cargo de lideran\u00e7a dentro da organiza\u00e7\u00e3o.<\/p>\n<p style=\"text-align: justify;\">De acordo com a pol\u00edcia, os ind\u00edcios colhidos ap\u00f3s essa pris\u00e3o deram base pra opera\u00e7\u00e3o deflagrada hoje. Ainda de acordo com a pol\u00edcia as pessoas presas nesta segunda-feira (17), possuem passagens por roubos, tr\u00e1fico de drogas, furtos qualificados e outros crimes.<\/p>\n<p style=\"text-align: justify;\">Nesta fase da opera\u00e7\u00e3o participaram 20 agentes e dois delegados da Pol\u00edcia Civil, alguns dos suspeitos j\u00e1 estavam no pres\u00eddio local e outros estavam nos bairros de Rio Branco.<\/p>\n","protected":false},"excerpt":{"rendered":"<p style=\"text-align: justify;\"><span style=\"font-size: 13.2px;\">Em Rio Branco, foram cumpridos 12 mandados de pris\u00e3o<\/span><\/p>\n","protected":false},"author":4,"featured_media":69158,"comment_status":"open","ping_status":"open","sticky":false,"template":"","format":"standard","meta":{"jnews-multi-image_gallery":[],"jnews_single_post":[],"jnews_primary_category":[],"jnews_social_meta":[],"jnews_review":[],"enable_review":"","type":"","name":"","summary":"","brand":"","sku":"","good":[],"bad":[],"score_override":"","override_value":"","rating":[],"price":[],"footnotes":""},"categories":[44],"tags":[],"class_list":["post-69159","post","type-post","status-publish","format-standard","has-post-thumbnail","hentry","category-policia"],"yoast_head":"<!-- This site is optimized with the Yoast SEO plugin v26.5 - https:\/\/yoast.com\/wordpress\/plugins\/seo\/ -->\n<title>Pol\u00edcia Civil deflagra segunda fase da &quot;Opera\u00e7\u00e3o Praeteritum&quot; - Agazeta.net<\/title>\n<meta name=\"robots\" content=\"index, follow, max-snippet:-1, max-image-preview:large, max-video-preview:-1\" \/>\n<link rel=\"canonical\" href=\"https:\/\/nk7-testes.com.br\/agazeta\/policia-civil-deflagra-segunda-fase-da-operacao-praeteritum\/\" \/>\n<meta property=\"og:locale\" content=\"pt_BR\" \/>\n<meta property=\"og:type\" content=\"article\" \/>\n<meta property=\"og:title\" content=\"Pol\u00edcia Civil deflagra segunda fase da &quot;Opera\u00e7\u00e3o Praeteritum&quot; - Agazeta.net\" \/>\n<meta property=\"og:description\" content=\"Em Rio Branco, foram cumpridos 12 mandados de pris\u00e3o\" \/>\n<meta property=\"og:url\" content=\"https:\/\/nk7-testes.com.br\/agazeta\/policia-civil-deflagra-segunda-fase-da-operacao-praeteritum\/\" \/>\n<meta property=\"og:site_name\" content=\"Agazeta.net\" \/>\n<meta property=\"article:published_time\" content=\"2021-05-17T20:17:43+00:00\" \/>\n<meta property=\"og:image\" content=\"https:\/\/nk7-testes.com.br\/agazeta\/wp-content\/uploads\/2021\/05\/15-05-21_policia-civil-realiza-segunda-fase-de-operacao.jpeg\" \/>\n\t<meta property=\"og:image:width\" content=\"458\" \/>\n\t<meta property=\"og:image:height\" content=\"340\" \/>\n\t<meta property=\"og:image:type\" content=\"image\/jpeg\" \/>\n<meta name=\"author\" content=\"Agazeta.Net\" \/>\n<meta name=\"twitter:card\" content=\"summary_large_image\" \/>\n<meta name=\"twitter:label1\" content=\"Escrito por\" \/>\n\t<meta name=\"twitter:data1\" content=\"Agazeta.Net\" \/>\n\t<meta name=\"twitter:label2\" content=\"Est. tempo de leitura\" \/>\n\t<meta name=\"twitter:data2\" content=\"1 minuto\" \/>\n<script type=\"application\/ld+json\" class=\"yoast-schema-graph\">{\"@context\":\"https:\/\/schema.org\",\"@graph\":[{\"@type\":\"WebPage\",\"@id\":\"https:\/\/nk7-testes.com.br\/agazeta\/policia-civil-deflagra-segunda-fase-da-operacao-praeteritum\/\",\"url\":\"https:\/\/nk7-testes.com.br\/agazeta\/policia-civil-deflagra-segunda-fase-da-operacao-praeteritum\/\",\"name\":\"Pol\u00edcia Civil deflagra segunda fase da \\\"Opera\u00e7\u00e3o Praeteritum\\\" - Agazeta.net\",\"isPartOf\":{\"@id\":\"https:\/\/nk7-testes.com.br\/agazeta\/#website\"},\"primaryImageOfPage\":{\"@id\":\"https:\/\/nk7-testes.com.br\/agazeta\/policia-civil-deflagra-segunda-fase-da-operacao-praeteritum\/#primaryimage\"},\"image\":{\"@id\":\"https:\/\/nk7-testes.com.br\/agazeta\/policia-civil-deflagra-segunda-fase-da-operacao-praeteritum\/#primaryimage\"},\"thumbnailUrl\":\"https:\/\/nk7-testes.com.br\/agazeta\/wp-content\/uploads\/2021\/05\/15-05-21_policia-civil-realiza-segunda-fase-de-operacao.jpeg\",\"datePublished\":\"2021-05-17T20:17:43+00:00\",\"author\":{\"@id\":\"https:\/\/nk7-testes.com.br\/agazeta\/#\/schema\/person\/6d6e25cb0435eb4a02fd44d30b4e3020\"},\"breadcrumb\":{\"@id\":\"https:\/\/nk7-testes.com.br\/agazeta\/policia-civil-deflagra-segunda-fase-da-operacao-praeteritum\/#breadcrumb\"},\"inLanguage\":\"pt-BR\",\"potentialAction\":[{\"@type\":\"ReadAction\",\"target\":[\"https:\/\/nk7-testes.com.br\/agazeta\/policia-civil-deflagra-segunda-fase-da-operacao-praeteritum\/\"]}]},{\"@type\":\"ImageObject\",\"inLanguage\":\"pt-BR\",\"@id\":\"https:\/\/nk7-testes.com.br\/agazeta\/policia-civil-deflagra-segunda-fase-da-operacao-praeteritum\/#primaryimage\",\"url\":\"https:\/\/nk7-testes.com.br\/agazeta\/wp-content\/uploads\/2021\/05\/15-05-21_policia-civil-realiza-segunda-fase-de-operacao.jpeg\",\"contentUrl\":\"https:\/\/nk7-testes.com.br\/agazeta\/wp-content\/uploads\/2021\/05\/15-05-21_policia-civil-realiza-segunda-fase-de-operacao.jpeg\",\"width\":458,\"height\":340,\"caption\":\"15-05-21 policia-civil-realiza-segunda-fase-de-opera\u00e7\u00e3o\"},{\"@type\":\"BreadcrumbList\",\"@id\":\"https:\/\/nk7-testes.com.br\/agazeta\/policia-civil-deflagra-segunda-fase-da-operacao-praeteritum\/#breadcrumb\",\"itemListElement\":[{\"@type\":\"ListItem\",\"position\":1,\"name\":\"In\u00edcio\",\"item\":\"https:\/\/nk7-testes.com.br\/agazeta\/\"},{\"@type\":\"ListItem\",\"position\":2,\"name\":\"Pol\u00edcia Civil deflagra segunda fase da &#8220;Opera\u00e7\u00e3o Praeteritum&#8221;\"}]},{\"@type\":\"WebSite\",\"@id\":\"https:\/\/nk7-testes.com.br\/agazeta\/#website\",\"url\":\"https:\/\/nk7-testes.com.br\/agazeta\/\",\"name\":\"Agazeta.net\",\"description\":\"Agazeta.net - Not\u00edcias de Rio Branco\/AC\",\"potentialAction\":[{\"@type\":\"SearchAction\",\"target\":{\"@type\":\"EntryPoint\",\"urlTemplate\":\"https:\/\/nk7-testes.com.br\/agazeta\/?s={search_term_string}\"},\"query-input\":{\"@type\":\"PropertyValueSpecification\",\"valueRequired\":true,\"valueName\":\"search_term_string\"}}],\"inLanguage\":\"pt-BR\"},{\"@type\":\"Person\",\"@id\":\"https:\/\/nk7-testes.com.br\/agazeta\/#\/schema\/person\/6d6e25cb0435eb4a02fd44d30b4e3020\",\"name\":\"Agazeta.Net\",\"url\":\"https:\/\/nk7-testes.com.br\/agazeta\/author\/agazeta\/\"}]}<\/script>\n<!-- \/ Yoast SEO plugin. -->","yoast_head_json":{"title":"Pol\u00edcia Civil deflagra segunda fase da \"Opera\u00e7\u00e3o Praeteritum\" - Agazeta.net","robots":{"index":"index","follow":"follow","max-snippet":"max-snippet:-1","max-image-preview":"max-image-preview:large","max-video-preview":"max-video-preview:-1"},"canonical":"https:\/\/nk7-testes.com.br\/agazeta\/policia-civil-deflagra-segunda-fase-da-operacao-praeteritum\/","og_locale":"pt_BR","og_type":"article","og_title":"Pol\u00edcia Civil deflagra segunda fase da \"Opera\u00e7\u00e3o Praeteritum\" - Agazeta.net","og_description":"Em Rio Branco, foram cumpridos 12 mandados de pris\u00e3o","og_url":"https:\/\/nk7-testes.com.br\/agazeta\/policia-civil-deflagra-segunda-fase-da-operacao-praeteritum\/","og_site_name":"Agazeta.net","article_published_time":"2021-05-17T20:17:43+00:00","og_image":[{"width":458,"height":340,"url":"https:\/\/nk7-testes.com.br\/agazeta\/wp-content\/uploads\/2021\/05\/15-05-21_policia-civil-realiza-segunda-fase-de-operacao.jpeg","type":"image\/jpeg"}],"author":"Agazeta.Net","twitter_card":"summary_large_image","twitter_misc":{"Escrito por":"Agazeta.Net","Est. tempo de leitura":"1 minuto"},"schema":{"@context":"https:\/\/schema.org","@graph":[{"@type":"WebPage","@id":"https:\/\/nk7-testes.com.br\/agazeta\/policia-civil-deflagra-segunda-fase-da-operacao-praeteritum\/","url":"https:\/\/nk7-testes.com.br\/agazeta\/policia-civil-deflagra-segunda-fase-da-operacao-praeteritum\/","name":"Pol\u00edcia Civil deflagra segunda fase da \"Opera\u00e7\u00e3o Praeteritum\" - Agazeta.net","isPartOf":{"@id":"https:\/\/nk7-testes.com.br\/agazeta\/#website"},"primaryImageOfPage":{"@id":"https:\/\/nk7-testes.com.br\/agazeta\/policia-civil-deflagra-segunda-fase-da-operacao-praeteritum\/#primaryimage"},"image":{"@id":"https:\/\/nk7-testes.com.br\/agazeta\/policia-civil-deflagra-segunda-fase-da-operacao-praeteritum\/#primaryimage"},"thumbnailUrl":"https:\/\/nk7-testes.com.br\/agazeta\/wp-content\/uploads\/2021\/05\/15-05-21_policia-civil-realiza-segunda-fase-de-operacao.jpeg","datePublished":"2021-05-17T20:17:43+00:00","author":{"@id":"https:\/\/nk7-testes.com.br\/agazeta\/#\/schema\/person\/6d6e25cb0435eb4a02fd44d30b4e3020"},"breadcrumb":{"@id":"https:\/\/nk7-testes.com.br\/agazeta\/policia-civil-deflagra-segunda-fase-da-operacao-praeteritum\/#breadcrumb"},"inLanguage":"pt-BR","potentialAction":[{"@type":"ReadAction","target":["https:\/\/nk7-testes.com.br\/agazeta\/policia-civil-deflagra-segunda-fase-da-operacao-praeteritum\/"]}]},{"@type":"ImageObject","inLanguage":"pt-BR","@id":"https:\/\/nk7-testes.com.br\/agazeta\/policia-civil-deflagra-segunda-fase-da-operacao-praeteritum\/#primaryimage","url":"https:\/\/nk7-testes.com.br\/agazeta\/wp-content\/uploads\/2021\/05\/15-05-21_policia-civil-realiza-segunda-fase-de-operacao.jpeg","contentUrl":"https:\/\/nk7-testes.com.br\/agazeta\/wp-content\/uploads\/2021\/05\/15-05-21_policia-civil-realiza-segunda-fase-de-operacao.jpeg","width":458,"height":340,"caption":"15-05-21 policia-civil-realiza-segunda-fase-de-opera\u00e7\u00e3o"},{"@type":"BreadcrumbList","@id":"https:\/\/nk7-testes.com.br\/agazeta\/policia-civil-deflagra-segunda-fase-da-operacao-praeteritum\/#breadcrumb","itemListElement":[{"@type":"ListItem","position":1,"name":"In\u00edcio","item":"https:\/\/nk7-testes.com.br\/agazeta\/"},{"@type":"ListItem","position":2,"name":"Pol\u00edcia Civil deflagra segunda fase da &#8220;Opera\u00e7\u00e3o Praeteritum&#8221;"}]},{"@type":"WebSite","@id":"https:\/\/nk7-testes.com.br\/agazeta\/#website","url":"https:\/\/nk7-testes.com.br\/agazeta\/","name":"Agazeta.net","description":"Agazeta.net - Not\u00edcias de Rio Branco\/AC","potentialAction":[{"@type":"SearchAction","target":{"@type":"EntryPoint","urlTemplate":"https:\/\/nk7-testes.com.br\/agazeta\/?s={search_term_string}"},"query-input":{"@type":"PropertyValueSpecification","valueRequired":true,"valueName":"search_term_string"}}],"inLanguage":"pt-BR"},{"@type":"Person","@id":"https:\/\/nk7-testes.com.br\/agazeta\/#\/schema\/person\/6d6e25cb0435eb4a02fd44d30b4e3020","name":"Agazeta.Net","url":"https:\/\/nk7-testes.com.br\/agazeta\/author\/agazeta\/"}]}},"_links":{"self":[{"href":"https:\/\/nk7-testes.com.br\/agazeta\/wp-json\/wp\/v2\/posts\/69159","targetHints":{"allow":["GET"]}}],"collection":[{"href":"https:\/\/nk7-testes.com.br\/agazeta\/wp-json\/wp\/v2\/posts"}],"about":[{"href":"https:\/\/nk7-testes.com.br\/agazeta\/wp-json\/wp\/v2\/types\/post"}],"author":[{"embeddable":true,"href":"https:\/\/nk7-testes.com.br\/agazeta\/wp-json\/wp\/v2\/users\/4"}],"replies":[{"embeddable":true,"href":"https:\/\/nk7-testes.com.br\/agazeta\/wp-json\/wp\/v2\/comments?post=69159"}],"version-history":[{"count":0,"href":"https:\/\/nk7-testes.com.br\/agazeta\/wp-json\/wp\/v2\/posts\/69159\/revisions"}],"wp:featuredmedia":[{"embeddable":true,"href":"https:\/\/nk7-testes.com.br\/agazeta\/wp-json\/wp\/v2\/media\/69158"}],"wp:attachment":[{"href":"https:\/\/nk7-testes.com.br\/agazeta\/wp-json\/wp\/v2\/media?parent=69159"}],"wp:term":[{"taxonomy":"category","embeddable":true,"href":"https:\/\/nk7-testes.com.br\/agazeta\/wp-json\/wp\/v2\/categories?post=69159"},{"taxonomy":"post_tag","embeddable":true,"href":"https:\/\/nk7-testes.com.br\/agazeta\/wp-json\/wp\/v2\/tags?post=69159"}],"curies":[{"name":"wp","href":"https:\/\/api.w.org\/{rel}","templated":true}]}}