{"id":69151,"date":"2021-05-17T19:12:05","date_gmt":"2021-05-17T19:12:05","guid":{"rendered":"https:\/\/abarevegan.com.br\/index.php\/2021\/05\/17\/para-mpf-premio-para-apreensao-de-armas-de-fogo-viola-principios-da-legalidade\/"},"modified":"2021-05-17T19:12:05","modified_gmt":"2021-05-17T19:12:05","slug":"para-mpf-premio-para-apreensao-de-armas-de-fogo-viola-principios-da-legalidade","status":"publish","type":"post","link":"https:\/\/nk7-testes.com.br\/agazeta\/para-mpf-premio-para-apreensao-de-armas-de-fogo-viola-principios-da-legalidade\/","title":{"rendered":"Para MPF pr\u00eamio por apreens\u00e3o de armas viola princ\u00edpios da legalidade"},"content":{"rendered":"<p style=\"text-align: justify;\"><span style=\"font-size: 13.2px;\">Minist\u00e9rio representa pela inconstitucionalidade do pr\u00eamio<br \/><\/span><\/p>\n<p style=\"text-align: justify;\">O Minist\u00e9rio P\u00fablico Federal (MPF) encaminhou ao Minist\u00e9rio P\u00fablico Estadual do Acre (MPAC) representa\u00e7\u00e3o para que seja ajuizada a\u00e7\u00e3o direta de inconstitucionalidade perante o Tribunal de Justi\u00e7a do Estado do Acre, em face da <strong><a href=\"politica\/27941-no-acre-lei-possibilita-entrega-de-armas-de-fogo-em-troca-de-premiacao\">Lei Estadual n. 3.679, que institui o Sistema de Premia\u00e7\u00e3o Especial por apreens\u00e3o de armas de fogo em situa\u00e7\u00e3o irregular, e do Decreto n. 8.073\/2021, que regulamenta a concess\u00e3o da premia\u00e7\u00e3o pecuni\u00e1ria, por inconstitucionalidade material em raz\u00e3o da inobserv\u00e2ncia de princ\u00edpios administrativos.<\/a><\/strong><\/p>\n<p style=\"text-align: justify;\">Segundo o procurador regional dos Direitos do Cidad\u00e3o Lucas Costa Almeida Dias, apreender armas de fogo em situa\u00e7\u00e3o irregular \u00e9 inerente ao trabalho das pol\u00edcias e estabelecer um pagamento em dinheiro para esta \u201ctarefa\u201d viola a Constitui\u00e7\u00e3o Estadual ao agredir os princ\u00edpios da legalidade, da efici\u00eancia e da moralidade administrativa.<\/p>\n<p style=\"text-align: justify;\">Para o MPF, a moralidade administrativa \u00e9 ofendida na medida em que se institui premia\u00e7\u00e3o pecuni\u00e1ria \u00e0 autoridade policial pela apreens\u00e3o de armas de fogo em situa\u00e7\u00e3o irregular, de modo que cria esp\u00e9cie de premia\u00e7\u00e3o que n\u00e3o deveria existir, pois estabelece acr\u00e9scimo remunerat\u00f3rio eventual para que a pol\u00edcia exer\u00e7a as fun\u00e7\u00f5es que j\u00e1 deve exercer rotineiramente.<\/p>\n<p style=\"text-align: justify;\">Sob o ponto de vista da efici\u00eancia, se a apreens\u00e3o j\u00e1 deveria ser executada de maneira satisfat\u00f3ria, a concess\u00e3o da premia\u00e7\u00e3o importa tamb\u00e9m em gasto desnecess\u00e1rio, e, portanto, \u00e9 ineficiente.<\/p>\n<p style=\"text-align: justify;\">J\u00e1 pelo princ\u00edpio da legalidade, os atos administrativos s\u00f3 podem ser praticados mediante autoriza\u00e7\u00e3o legal, o que n\u00e3o ocorre neste caso, em que a vantagem questionada n\u00e3o corresponde nem a adicional, nem a gratifica\u00e7\u00e3o, sendo, portanto, uma esp\u00e9cie de remunera\u00e7\u00e3o eventual an\u00f4mala.<\/p>\n<p style=\"text-align: justify;\">A representa\u00e7\u00e3o foi encaminhada \u00e0 procuradora-geral de Justi\u00e7a do MPAC, que tem atribui\u00e7\u00e3o e autonomia para propor a a\u00e7\u00e3o direta de inconstitucionalidade perante o TJAC.<\/p>\n","protected":false},"excerpt":{"rendered":"<p style=\"text-align: justify;\"><span style=\"font-size: 13.2px;\">Minist\u00e9rio representa pela inconstitucionalidade do pr\u00eamio<br \/><\/span><\/p>\n","protected":false},"author":4,"featured_media":69150,"comment_status":"open","ping_status":"open","sticky":false,"template":"","format":"standard","meta":{"jnews-multi-image_gallery":[],"jnews_single_post":[],"jnews_primary_category":[],"jnews_social_meta":[],"jnews_review":[],"enable_review":"","type":"","name":"","summary":"","brand":"","sku":"","good":[],"bad":[],"score_override":"","override_value":"","rating":[],"price":[],"footnotes":""},"categories":[44],"tags":[],"class_list":["post-69151","post","type-post","status-publish","format-standard","has-post-thumbnail","hentry","category-policia"],"yoast_head":"<!-- This site is optimized with the Yoast SEO plugin v26.5 - https:\/\/yoast.com\/wordpress\/plugins\/seo\/ -->\n<title>Para MPF pr\u00eamio por apreens\u00e3o de armas viola princ\u00edpios da legalidade - Agazeta.net<\/title>\n<meta name=\"robots\" content=\"index, follow, max-snippet:-1, max-image-preview:large, max-video-preview:-1\" \/>\n<link rel=\"canonical\" href=\"https:\/\/nk7-testes.com.br\/agazeta\/para-mpf-premio-para-apreensao-de-armas-de-fogo-viola-principios-da-legalidade\/\" \/>\n<meta property=\"og:locale\" content=\"pt_BR\" \/>\n<meta property=\"og:type\" content=\"article\" \/>\n<meta property=\"og:title\" content=\"Para MPF pr\u00eamio por apreens\u00e3o de armas viola princ\u00edpios da legalidade - Agazeta.net\" \/>\n<meta property=\"og:description\" content=\"Minist\u00e9rio representa pela inconstitucionalidade do pr\u00eamio\" \/>\n<meta property=\"og:url\" content=\"https:\/\/nk7-testes.com.br\/agazeta\/para-mpf-premio-para-apreensao-de-armas-de-fogo-viola-principios-da-legalidade\/\" \/>\n<meta property=\"og:site_name\" content=\"Agazeta.net\" \/>\n<meta property=\"article:published_time\" content=\"2021-05-17T19:12:05+00:00\" \/>\n<meta property=\"og:image\" content=\"https:\/\/nk7-testes.com.br\/agazeta\/wp-content\/uploads\/2021\/05\/17-05-21_Para-MPF-premio-para-apreensao-de-armas-de-fogo-viola-principios-da-legalidade.jpg\" \/>\n\t<meta property=\"og:image:width\" content=\"458\" \/>\n\t<meta property=\"og:image:height\" content=\"340\" \/>\n\t<meta property=\"og:image:type\" content=\"image\/jpeg\" \/>\n<meta name=\"author\" content=\"Agazeta.Net\" \/>\n<meta name=\"twitter:card\" content=\"summary_large_image\" \/>\n<meta name=\"twitter:label1\" content=\"Escrito por\" \/>\n\t<meta name=\"twitter:data1\" content=\"Agazeta.Net\" \/>\n\t<meta name=\"twitter:label2\" content=\"Est. tempo de leitura\" \/>\n\t<meta name=\"twitter:data2\" content=\"2 minutos\" \/>\n<script type=\"application\/ld+json\" class=\"yoast-schema-graph\">{\"@context\":\"https:\/\/schema.org\",\"@graph\":[{\"@type\":\"WebPage\",\"@id\":\"https:\/\/nk7-testes.com.br\/agazeta\/para-mpf-premio-para-apreensao-de-armas-de-fogo-viola-principios-da-legalidade\/\",\"url\":\"https:\/\/nk7-testes.com.br\/agazeta\/para-mpf-premio-para-apreensao-de-armas-de-fogo-viola-principios-da-legalidade\/\",\"name\":\"Para MPF pr\u00eamio por apreens\u00e3o de armas viola princ\u00edpios da legalidade - Agazeta.net\",\"isPartOf\":{\"@id\":\"https:\/\/nk7-testes.com.br\/agazeta\/#website\"},\"primaryImageOfPage\":{\"@id\":\"https:\/\/nk7-testes.com.br\/agazeta\/para-mpf-premio-para-apreensao-de-armas-de-fogo-viola-principios-da-legalidade\/#primaryimage\"},\"image\":{\"@id\":\"https:\/\/nk7-testes.com.br\/agazeta\/para-mpf-premio-para-apreensao-de-armas-de-fogo-viola-principios-da-legalidade\/#primaryimage\"},\"thumbnailUrl\":\"https:\/\/nk7-testes.com.br\/agazeta\/wp-content\/uploads\/2021\/05\/17-05-21_Para-MPF-premio-para-apreensao-de-armas-de-fogo-viola-principios-da-legalidade.jpg\",\"datePublished\":\"2021-05-17T19:12:05+00:00\",\"author\":{\"@id\":\"https:\/\/nk7-testes.com.br\/agazeta\/#\/schema\/person\/6d6e25cb0435eb4a02fd44d30b4e3020\"},\"breadcrumb\":{\"@id\":\"https:\/\/nk7-testes.com.br\/agazeta\/para-mpf-premio-para-apreensao-de-armas-de-fogo-viola-principios-da-legalidade\/#breadcrumb\"},\"inLanguage\":\"pt-BR\",\"potentialAction\":[{\"@type\":\"ReadAction\",\"target\":[\"https:\/\/nk7-testes.com.br\/agazeta\/para-mpf-premio-para-apreensao-de-armas-de-fogo-viola-principios-da-legalidade\/\"]}]},{\"@type\":\"ImageObject\",\"inLanguage\":\"pt-BR\",\"@id\":\"https:\/\/nk7-testes.com.br\/agazeta\/para-mpf-premio-para-apreensao-de-armas-de-fogo-viola-principios-da-legalidade\/#primaryimage\",\"url\":\"https:\/\/nk7-testes.com.br\/agazeta\/wp-content\/uploads\/2021\/05\/17-05-21_Para-MPF-premio-para-apreensao-de-armas-de-fogo-viola-principios-da-legalidade.jpg\",\"contentUrl\":\"https:\/\/nk7-testes.com.br\/agazeta\/wp-content\/uploads\/2021\/05\/17-05-21_Para-MPF-premio-para-apreensao-de-armas-de-fogo-viola-principios-da-legalidade.jpg\",\"width\":458,\"height\":340,\"caption\":\"17-05-21 Para-MPF-pr\u00eamio-para-apreens\u00e3o-de-armas-de-fogo-viola-princ\u00edpios-da-legalidade\"},{\"@type\":\"BreadcrumbList\",\"@id\":\"https:\/\/nk7-testes.com.br\/agazeta\/para-mpf-premio-para-apreensao-de-armas-de-fogo-viola-principios-da-legalidade\/#breadcrumb\",\"itemListElement\":[{\"@type\":\"ListItem\",\"position\":1,\"name\":\"In\u00edcio\",\"item\":\"https:\/\/nk7-testes.com.br\/agazeta\/\"},{\"@type\":\"ListItem\",\"position\":2,\"name\":\"Para MPF pr\u00eamio por apreens\u00e3o de armas viola princ\u00edpios da legalidade\"}]},{\"@type\":\"WebSite\",\"@id\":\"https:\/\/nk7-testes.com.br\/agazeta\/#website\",\"url\":\"https:\/\/nk7-testes.com.br\/agazeta\/\",\"name\":\"Agazeta.net\",\"description\":\"Agazeta.net - Not\u00edcias de Rio Branco\/AC\",\"potentialAction\":[{\"@type\":\"SearchAction\",\"target\":{\"@type\":\"EntryPoint\",\"urlTemplate\":\"https:\/\/nk7-testes.com.br\/agazeta\/?s={search_term_string}\"},\"query-input\":{\"@type\":\"PropertyValueSpecification\",\"valueRequired\":true,\"valueName\":\"search_term_string\"}}],\"inLanguage\":\"pt-BR\"},{\"@type\":\"Person\",\"@id\":\"https:\/\/nk7-testes.com.br\/agazeta\/#\/schema\/person\/6d6e25cb0435eb4a02fd44d30b4e3020\",\"name\":\"Agazeta.Net\",\"url\":\"https:\/\/nk7-testes.com.br\/agazeta\/author\/agazeta\/\"}]}<\/script>\n<!-- \/ Yoast SEO plugin. -->","yoast_head_json":{"title":"Para MPF pr\u00eamio por apreens\u00e3o de armas viola princ\u00edpios da legalidade - Agazeta.net","robots":{"index":"index","follow":"follow","max-snippet":"max-snippet:-1","max-image-preview":"max-image-preview:large","max-video-preview":"max-video-preview:-1"},"canonical":"https:\/\/nk7-testes.com.br\/agazeta\/para-mpf-premio-para-apreensao-de-armas-de-fogo-viola-principios-da-legalidade\/","og_locale":"pt_BR","og_type":"article","og_title":"Para MPF pr\u00eamio por apreens\u00e3o de armas viola princ\u00edpios da legalidade - Agazeta.net","og_description":"Minist\u00e9rio representa pela inconstitucionalidade do pr\u00eamio","og_url":"https:\/\/nk7-testes.com.br\/agazeta\/para-mpf-premio-para-apreensao-de-armas-de-fogo-viola-principios-da-legalidade\/","og_site_name":"Agazeta.net","article_published_time":"2021-05-17T19:12:05+00:00","og_image":[{"width":458,"height":340,"url":"https:\/\/nk7-testes.com.br\/agazeta\/wp-content\/uploads\/2021\/05\/17-05-21_Para-MPF-premio-para-apreensao-de-armas-de-fogo-viola-principios-da-legalidade.jpg","type":"image\/jpeg"}],"author":"Agazeta.Net","twitter_card":"summary_large_image","twitter_misc":{"Escrito por":"Agazeta.Net","Est. tempo de leitura":"2 minutos"},"schema":{"@context":"https:\/\/schema.org","@graph":[{"@type":"WebPage","@id":"https:\/\/nk7-testes.com.br\/agazeta\/para-mpf-premio-para-apreensao-de-armas-de-fogo-viola-principios-da-legalidade\/","url":"https:\/\/nk7-testes.com.br\/agazeta\/para-mpf-premio-para-apreensao-de-armas-de-fogo-viola-principios-da-legalidade\/","name":"Para MPF pr\u00eamio por apreens\u00e3o de armas viola princ\u00edpios da legalidade - Agazeta.net","isPartOf":{"@id":"https:\/\/nk7-testes.com.br\/agazeta\/#website"},"primaryImageOfPage":{"@id":"https:\/\/nk7-testes.com.br\/agazeta\/para-mpf-premio-para-apreensao-de-armas-de-fogo-viola-principios-da-legalidade\/#primaryimage"},"image":{"@id":"https:\/\/nk7-testes.com.br\/agazeta\/para-mpf-premio-para-apreensao-de-armas-de-fogo-viola-principios-da-legalidade\/#primaryimage"},"thumbnailUrl":"https:\/\/nk7-testes.com.br\/agazeta\/wp-content\/uploads\/2021\/05\/17-05-21_Para-MPF-premio-para-apreensao-de-armas-de-fogo-viola-principios-da-legalidade.jpg","datePublished":"2021-05-17T19:12:05+00:00","author":{"@id":"https:\/\/nk7-testes.com.br\/agazeta\/#\/schema\/person\/6d6e25cb0435eb4a02fd44d30b4e3020"},"breadcrumb":{"@id":"https:\/\/nk7-testes.com.br\/agazeta\/para-mpf-premio-para-apreensao-de-armas-de-fogo-viola-principios-da-legalidade\/#breadcrumb"},"inLanguage":"pt-BR","potentialAction":[{"@type":"ReadAction","target":["https:\/\/nk7-testes.com.br\/agazeta\/para-mpf-premio-para-apreensao-de-armas-de-fogo-viola-principios-da-legalidade\/"]}]},{"@type":"ImageObject","inLanguage":"pt-BR","@id":"https:\/\/nk7-testes.com.br\/agazeta\/para-mpf-premio-para-apreensao-de-armas-de-fogo-viola-principios-da-legalidade\/#primaryimage","url":"https:\/\/nk7-testes.com.br\/agazeta\/wp-content\/uploads\/2021\/05\/17-05-21_Para-MPF-premio-para-apreensao-de-armas-de-fogo-viola-principios-da-legalidade.jpg","contentUrl":"https:\/\/nk7-testes.com.br\/agazeta\/wp-content\/uploads\/2021\/05\/17-05-21_Para-MPF-premio-para-apreensao-de-armas-de-fogo-viola-principios-da-legalidade.jpg","width":458,"height":340,"caption":"17-05-21 Para-MPF-pr\u00eamio-para-apreens\u00e3o-de-armas-de-fogo-viola-princ\u00edpios-da-legalidade"},{"@type":"BreadcrumbList","@id":"https:\/\/nk7-testes.com.br\/agazeta\/para-mpf-premio-para-apreensao-de-armas-de-fogo-viola-principios-da-legalidade\/#breadcrumb","itemListElement":[{"@type":"ListItem","position":1,"name":"In\u00edcio","item":"https:\/\/nk7-testes.com.br\/agazeta\/"},{"@type":"ListItem","position":2,"name":"Para MPF pr\u00eamio por apreens\u00e3o de armas viola princ\u00edpios da legalidade"}]},{"@type":"WebSite","@id":"https:\/\/nk7-testes.com.br\/agazeta\/#website","url":"https:\/\/nk7-testes.com.br\/agazeta\/","name":"Agazeta.net","description":"Agazeta.net - Not\u00edcias de Rio Branco\/AC","potentialAction":[{"@type":"SearchAction","target":{"@type":"EntryPoint","urlTemplate":"https:\/\/nk7-testes.com.br\/agazeta\/?s={search_term_string}"},"query-input":{"@type":"PropertyValueSpecification","valueRequired":true,"valueName":"search_term_string"}}],"inLanguage":"pt-BR"},{"@type":"Person","@id":"https:\/\/nk7-testes.com.br\/agazeta\/#\/schema\/person\/6d6e25cb0435eb4a02fd44d30b4e3020","name":"Agazeta.Net","url":"https:\/\/nk7-testes.com.br\/agazeta\/author\/agazeta\/"}]}},"_links":{"self":[{"href":"https:\/\/nk7-testes.com.br\/agazeta\/wp-json\/wp\/v2\/posts\/69151","targetHints":{"allow":["GET"]}}],"collection":[{"href":"https:\/\/nk7-testes.com.br\/agazeta\/wp-json\/wp\/v2\/posts"}],"about":[{"href":"https:\/\/nk7-testes.com.br\/agazeta\/wp-json\/wp\/v2\/types\/post"}],"author":[{"embeddable":true,"href":"https:\/\/nk7-testes.com.br\/agazeta\/wp-json\/wp\/v2\/users\/4"}],"replies":[{"embeddable":true,"href":"https:\/\/nk7-testes.com.br\/agazeta\/wp-json\/wp\/v2\/comments?post=69151"}],"version-history":[{"count":0,"href":"https:\/\/nk7-testes.com.br\/agazeta\/wp-json\/wp\/v2\/posts\/69151\/revisions"}],"wp:featuredmedia":[{"embeddable":true,"href":"https:\/\/nk7-testes.com.br\/agazeta\/wp-json\/wp\/v2\/media\/69150"}],"wp:attachment":[{"href":"https:\/\/nk7-testes.com.br\/agazeta\/wp-json\/wp\/v2\/media?parent=69151"}],"wp:term":[{"taxonomy":"category","embeddable":true,"href":"https:\/\/nk7-testes.com.br\/agazeta\/wp-json\/wp\/v2\/categories?post=69151"},{"taxonomy":"post_tag","embeddable":true,"href":"https:\/\/nk7-testes.com.br\/agazeta\/wp-json\/wp\/v2\/tags?post=69151"}],"curies":[{"name":"wp","href":"https:\/\/api.w.org\/{rel}","templated":true}]}}