{"id":54934,"date":"2021-05-14T19:38:40","date_gmt":"2021-05-14T19:38:40","guid":{"rendered":"https:\/\/abarevegan.com.br\/index.php\/2021\/05\/14\/jovem-de-21-anos-foi-assassinado-e-esquartejado-no-bujari\/"},"modified":"2021-05-14T19:38:40","modified_gmt":"2021-05-14T19:38:40","slug":"jovem-de-21-anos-foi-assassinado-e-esquartejado-no-bujari","status":"publish","type":"post","link":"https:\/\/nk7-testes.com.br\/agazeta\/jovem-de-21-anos-foi-assassinado-e-esquartejado-no-bujari\/","title":{"rendered":"Jovem de 21 anos foi morto e esquartejado no Bujari"},"content":{"rendered":"<p style=\"text-align: justify;\"><span style=\"font-size: 13.2px;\">Corpo foi encontrado no igarap\u00e9 do Fuma\u00e7a<\/span><\/p>\n<p style=\"text-align: justify;\">Thiago da Silva tinha 21 anos e era morador de Rio Branco, mas estava no munic\u00edpio de Bujari para passar uns dias na col\u00f4nia do tio que fica no KM 72 da BR-364. A pol\u00edcia civil recebeu a informa\u00e7\u00e3o de que havia um corpo esquartejado no ramal na noite desta quinta-feira (13).<\/p>\n<p style=\"text-align: justify;\">\u201cO corpo foi dividido em tr\u00eas partes que foram jogadas em sacolas pl\u00e1sticas dentro do igarap\u00e9 do Fuma\u00e7a onde ele foi encontrado. Segundo as informa\u00e7\u00f5es iniciais ele n\u00e3o tinha envolvimento com o crime era uma pessoa trabalhadora\u201d, informou o delegado Bruno Coelho.<\/p>\n<p style=\"text-align: justify;\">Para a pol\u00edcia o crime configura como latroc\u00ednio crime de roubo seguido de morte, pois foram subtra\u00eddas tr\u00eas armas de fogo da v\u00edtima. O crime \u00e9 grave e previsto no c\u00f3digo penal com pena de 20 a 30 anos de pris\u00e3o.<\/p>\n<p style=\"text-align: justify;\">\u201cO inqu\u00e9rito policial foi instaurado, o corpo foi encaminhado para o Instituto M\u00e9dico Legal (IML), um exame cadav\u00e9rico ser\u00e1 feito e as investiga\u00e7\u00f5es continuam para identificar os autores ou autor do crime e realizar a pris\u00e3o\u201d, concluiu o delegado.<\/p>\n","protected":false},"excerpt":{"rendered":"<p style=\"text-align: justify;\"><span style=\"font-size: 13.2px;\">Corpo foi encontrado no igarap\u00e9 do Fuma\u00e7a<\/span><\/p>\n","protected":false},"author":4,"featured_media":54933,"comment_status":"open","ping_status":"open","sticky":false,"template":"","format":"standard","meta":{"jnews-multi-image_gallery":[],"jnews_single_post":[],"jnews_primary_category":[],"jnews_social_meta":[],"jnews_review":[],"enable_review":"","type":"","name":"","summary":"","brand":"","sku":"","good":[],"bad":[],"score_override":"","override_value":"","rating":[],"price":[],"footnotes":""},"categories":[44],"tags":[],"class_list":["post-54934","post","type-post","status-publish","format-standard","has-post-thumbnail","hentry","category-policia"],"yoast_head":"<!-- This site is optimized with the Yoast SEO plugin v26.5 - https:\/\/yoast.com\/wordpress\/plugins\/seo\/ -->\n<title>Jovem de 21 anos foi morto e esquartejado no Bujari - Agazeta.net<\/title>\n<meta name=\"robots\" content=\"index, follow, max-snippet:-1, max-image-preview:large, max-video-preview:-1\" \/>\n<link rel=\"canonical\" href=\"https:\/\/nk7-testes.com.br\/agazeta\/jovem-de-21-anos-foi-assassinado-e-esquartejado-no-bujari\/\" \/>\n<meta property=\"og:locale\" content=\"pt_BR\" \/>\n<meta property=\"og:type\" content=\"article\" \/>\n<meta property=\"og:title\" content=\"Jovem de 21 anos foi morto e esquartejado no Bujari - Agazeta.net\" \/>\n<meta property=\"og:description\" content=\"Corpo foi encontrado no igarap\u00e9 do Fuma\u00e7a\" \/>\n<meta property=\"og:url\" content=\"https:\/\/nk7-testes.com.br\/agazeta\/jovem-de-21-anos-foi-assassinado-e-esquartejado-no-bujari\/\" \/>\n<meta property=\"og:site_name\" content=\"Agazeta.net\" \/>\n<meta property=\"article:published_time\" content=\"2021-05-14T19:38:40+00:00\" \/>\n<meta property=\"og:image\" content=\"https:\/\/nk7-testes.com.br\/agazeta\/wp-content\/uploads\/2021\/05\/14-05-21_corpo-esquartejado-na-br.png\" \/>\n\t<meta property=\"og:image:width\" content=\"458\" \/>\n\t<meta property=\"og:image:height\" content=\"340\" \/>\n\t<meta property=\"og:image:type\" content=\"image\/png\" \/>\n<meta name=\"author\" content=\"Agazeta.Net\" \/>\n<meta name=\"twitter:card\" content=\"summary_large_image\" \/>\n<meta name=\"twitter:label1\" content=\"Escrito por\" \/>\n\t<meta name=\"twitter:data1\" content=\"Agazeta.Net\" \/>\n\t<meta name=\"twitter:label2\" content=\"Est. tempo de leitura\" \/>\n\t<meta name=\"twitter:data2\" content=\"1 minuto\" \/>\n<script type=\"application\/ld+json\" class=\"yoast-schema-graph\">{\"@context\":\"https:\/\/schema.org\",\"@graph\":[{\"@type\":\"WebPage\",\"@id\":\"https:\/\/nk7-testes.com.br\/agazeta\/jovem-de-21-anos-foi-assassinado-e-esquartejado-no-bujari\/\",\"url\":\"https:\/\/nk7-testes.com.br\/agazeta\/jovem-de-21-anos-foi-assassinado-e-esquartejado-no-bujari\/\",\"name\":\"Jovem de 21 anos foi morto e esquartejado no Bujari - Agazeta.net\",\"isPartOf\":{\"@id\":\"https:\/\/nk7-testes.com.br\/agazeta\/#website\"},\"primaryImageOfPage\":{\"@id\":\"https:\/\/nk7-testes.com.br\/agazeta\/jovem-de-21-anos-foi-assassinado-e-esquartejado-no-bujari\/#primaryimage\"},\"image\":{\"@id\":\"https:\/\/nk7-testes.com.br\/agazeta\/jovem-de-21-anos-foi-assassinado-e-esquartejado-no-bujari\/#primaryimage\"},\"thumbnailUrl\":\"https:\/\/nk7-testes.com.br\/agazeta\/wp-content\/uploads\/2021\/05\/14-05-21_corpo-esquartejado-na-br.png\",\"datePublished\":\"2021-05-14T19:38:40+00:00\",\"author\":{\"@id\":\"https:\/\/nk7-testes.com.br\/agazeta\/#\/schema\/person\/6d6e25cb0435eb4a02fd44d30b4e3020\"},\"breadcrumb\":{\"@id\":\"https:\/\/nk7-testes.com.br\/agazeta\/jovem-de-21-anos-foi-assassinado-e-esquartejado-no-bujari\/#breadcrumb\"},\"inLanguage\":\"pt-BR\",\"potentialAction\":[{\"@type\":\"ReadAction\",\"target\":[\"https:\/\/nk7-testes.com.br\/agazeta\/jovem-de-21-anos-foi-assassinado-e-esquartejado-no-bujari\/\"]}]},{\"@type\":\"ImageObject\",\"inLanguage\":\"pt-BR\",\"@id\":\"https:\/\/nk7-testes.com.br\/agazeta\/jovem-de-21-anos-foi-assassinado-e-esquartejado-no-bujari\/#primaryimage\",\"url\":\"https:\/\/nk7-testes.com.br\/agazeta\/wp-content\/uploads\/2021\/05\/14-05-21_corpo-esquartejado-na-br.png\",\"contentUrl\":\"https:\/\/nk7-testes.com.br\/agazeta\/wp-content\/uploads\/2021\/05\/14-05-21_corpo-esquartejado-na-br.png\",\"width\":458,\"height\":340,\"caption\":\"14-05-21 corpo-esquartejado-na-br\"},{\"@type\":\"BreadcrumbList\",\"@id\":\"https:\/\/nk7-testes.com.br\/agazeta\/jovem-de-21-anos-foi-assassinado-e-esquartejado-no-bujari\/#breadcrumb\",\"itemListElement\":[{\"@type\":\"ListItem\",\"position\":1,\"name\":\"In\u00edcio\",\"item\":\"https:\/\/nk7-testes.com.br\/agazeta\/\"},{\"@type\":\"ListItem\",\"position\":2,\"name\":\"Jovem de 21 anos foi morto e esquartejado no Bujari\"}]},{\"@type\":\"WebSite\",\"@id\":\"https:\/\/nk7-testes.com.br\/agazeta\/#website\",\"url\":\"https:\/\/nk7-testes.com.br\/agazeta\/\",\"name\":\"Agazeta.net\",\"description\":\"Agazeta.net - Not\u00edcias de Rio Branco\/AC\",\"potentialAction\":[{\"@type\":\"SearchAction\",\"target\":{\"@type\":\"EntryPoint\",\"urlTemplate\":\"https:\/\/nk7-testes.com.br\/agazeta\/?s={search_term_string}\"},\"query-input\":{\"@type\":\"PropertyValueSpecification\",\"valueRequired\":true,\"valueName\":\"search_term_string\"}}],\"inLanguage\":\"pt-BR\"},{\"@type\":\"Person\",\"@id\":\"https:\/\/nk7-testes.com.br\/agazeta\/#\/schema\/person\/6d6e25cb0435eb4a02fd44d30b4e3020\",\"name\":\"Agazeta.Net\",\"url\":\"https:\/\/nk7-testes.com.br\/agazeta\/author\/agazeta\/\"}]}<\/script>\n<!-- \/ Yoast SEO plugin. -->","yoast_head_json":{"title":"Jovem de 21 anos foi morto e esquartejado no Bujari - Agazeta.net","robots":{"index":"index","follow":"follow","max-snippet":"max-snippet:-1","max-image-preview":"max-image-preview:large","max-video-preview":"max-video-preview:-1"},"canonical":"https:\/\/nk7-testes.com.br\/agazeta\/jovem-de-21-anos-foi-assassinado-e-esquartejado-no-bujari\/","og_locale":"pt_BR","og_type":"article","og_title":"Jovem de 21 anos foi morto e esquartejado no Bujari - Agazeta.net","og_description":"Corpo foi encontrado no igarap\u00e9 do Fuma\u00e7a","og_url":"https:\/\/nk7-testes.com.br\/agazeta\/jovem-de-21-anos-foi-assassinado-e-esquartejado-no-bujari\/","og_site_name":"Agazeta.net","article_published_time":"2021-05-14T19:38:40+00:00","og_image":[{"width":458,"height":340,"url":"https:\/\/nk7-testes.com.br\/agazeta\/wp-content\/uploads\/2021\/05\/14-05-21_corpo-esquartejado-na-br.png","type":"image\/png"}],"author":"Agazeta.Net","twitter_card":"summary_large_image","twitter_misc":{"Escrito por":"Agazeta.Net","Est. tempo de leitura":"1 minuto"},"schema":{"@context":"https:\/\/schema.org","@graph":[{"@type":"WebPage","@id":"https:\/\/nk7-testes.com.br\/agazeta\/jovem-de-21-anos-foi-assassinado-e-esquartejado-no-bujari\/","url":"https:\/\/nk7-testes.com.br\/agazeta\/jovem-de-21-anos-foi-assassinado-e-esquartejado-no-bujari\/","name":"Jovem de 21 anos foi morto e esquartejado no Bujari - Agazeta.net","isPartOf":{"@id":"https:\/\/nk7-testes.com.br\/agazeta\/#website"},"primaryImageOfPage":{"@id":"https:\/\/nk7-testes.com.br\/agazeta\/jovem-de-21-anos-foi-assassinado-e-esquartejado-no-bujari\/#primaryimage"},"image":{"@id":"https:\/\/nk7-testes.com.br\/agazeta\/jovem-de-21-anos-foi-assassinado-e-esquartejado-no-bujari\/#primaryimage"},"thumbnailUrl":"https:\/\/nk7-testes.com.br\/agazeta\/wp-content\/uploads\/2021\/05\/14-05-21_corpo-esquartejado-na-br.png","datePublished":"2021-05-14T19:38:40+00:00","author":{"@id":"https:\/\/nk7-testes.com.br\/agazeta\/#\/schema\/person\/6d6e25cb0435eb4a02fd44d30b4e3020"},"breadcrumb":{"@id":"https:\/\/nk7-testes.com.br\/agazeta\/jovem-de-21-anos-foi-assassinado-e-esquartejado-no-bujari\/#breadcrumb"},"inLanguage":"pt-BR","potentialAction":[{"@type":"ReadAction","target":["https:\/\/nk7-testes.com.br\/agazeta\/jovem-de-21-anos-foi-assassinado-e-esquartejado-no-bujari\/"]}]},{"@type":"ImageObject","inLanguage":"pt-BR","@id":"https:\/\/nk7-testes.com.br\/agazeta\/jovem-de-21-anos-foi-assassinado-e-esquartejado-no-bujari\/#primaryimage","url":"https:\/\/nk7-testes.com.br\/agazeta\/wp-content\/uploads\/2021\/05\/14-05-21_corpo-esquartejado-na-br.png","contentUrl":"https:\/\/nk7-testes.com.br\/agazeta\/wp-content\/uploads\/2021\/05\/14-05-21_corpo-esquartejado-na-br.png","width":458,"height":340,"caption":"14-05-21 corpo-esquartejado-na-br"},{"@type":"BreadcrumbList","@id":"https:\/\/nk7-testes.com.br\/agazeta\/jovem-de-21-anos-foi-assassinado-e-esquartejado-no-bujari\/#breadcrumb","itemListElement":[{"@type":"ListItem","position":1,"name":"In\u00edcio","item":"https:\/\/nk7-testes.com.br\/agazeta\/"},{"@type":"ListItem","position":2,"name":"Jovem de 21 anos foi morto e esquartejado no Bujari"}]},{"@type":"WebSite","@id":"https:\/\/nk7-testes.com.br\/agazeta\/#website","url":"https:\/\/nk7-testes.com.br\/agazeta\/","name":"Agazeta.net","description":"Agazeta.net - Not\u00edcias de Rio Branco\/AC","potentialAction":[{"@type":"SearchAction","target":{"@type":"EntryPoint","urlTemplate":"https:\/\/nk7-testes.com.br\/agazeta\/?s={search_term_string}"},"query-input":{"@type":"PropertyValueSpecification","valueRequired":true,"valueName":"search_term_string"}}],"inLanguage":"pt-BR"},{"@type":"Person","@id":"https:\/\/nk7-testes.com.br\/agazeta\/#\/schema\/person\/6d6e25cb0435eb4a02fd44d30b4e3020","name":"Agazeta.Net","url":"https:\/\/nk7-testes.com.br\/agazeta\/author\/agazeta\/"}]}},"_links":{"self":[{"href":"https:\/\/nk7-testes.com.br\/agazeta\/wp-json\/wp\/v2\/posts\/54934","targetHints":{"allow":["GET"]}}],"collection":[{"href":"https:\/\/nk7-testes.com.br\/agazeta\/wp-json\/wp\/v2\/posts"}],"about":[{"href":"https:\/\/nk7-testes.com.br\/agazeta\/wp-json\/wp\/v2\/types\/post"}],"author":[{"embeddable":true,"href":"https:\/\/nk7-testes.com.br\/agazeta\/wp-json\/wp\/v2\/users\/4"}],"replies":[{"embeddable":true,"href":"https:\/\/nk7-testes.com.br\/agazeta\/wp-json\/wp\/v2\/comments?post=54934"}],"version-history":[{"count":0,"href":"https:\/\/nk7-testes.com.br\/agazeta\/wp-json\/wp\/v2\/posts\/54934\/revisions"}],"wp:featuredmedia":[{"embeddable":true,"href":"https:\/\/nk7-testes.com.br\/agazeta\/wp-json\/wp\/v2\/media\/54933"}],"wp:attachment":[{"href":"https:\/\/nk7-testes.com.br\/agazeta\/wp-json\/wp\/v2\/media?parent=54934"}],"wp:term":[{"taxonomy":"category","embeddable":true,"href":"https:\/\/nk7-testes.com.br\/agazeta\/wp-json\/wp\/v2\/categories?post=54934"},{"taxonomy":"post_tag","embeddable":true,"href":"https:\/\/nk7-testes.com.br\/agazeta\/wp-json\/wp\/v2\/tags?post=54934"}],"curies":[{"name":"wp","href":"https:\/\/api.w.org\/{rel}","templated":true}]}}