{"id":54903,"date":"2021-05-13T19:06:39","date_gmt":"2021-05-13T19:06:39","guid":{"rendered":"https:\/\/abarevegan.com.br\/index.php\/2021\/05\/13\/maus-tratos-a-animais-nao-serao-mais-processados-pelos-juizados-especiais-criminais\/"},"modified":"2021-05-13T19:06:39","modified_gmt":"2021-05-13T19:06:39","slug":"maus-tratos-a-animais-nao-serao-mais-processados-pelos-juizados-especiais-criminais","status":"publish","type":"post","link":"https:\/\/nk7-testes.com.br\/agazeta\/maus-tratos-a-animais-nao-serao-mais-processados-pelos-juizados-especiais-criminais\/","title":{"rendered":"Maus tratos a animais n\u00e3o ser\u00e3o mais processados pelos Juizados Especiais Criminais"},"content":{"rendered":"<p style=\"text-align: justify;\"><span style=\"font-size: 13.2px;\">Lei \u201cSans\u00e3o\u201d agravou a pena para quem praticar maus tratos a c\u00e3es e gatos<\/span><\/p>\n<p style=\"text-align: justify;\">A Lei \u201cSans\u00e3o\u201d 14.064\/20 em vigor desde o dia 29 de setembro de 2020 agravou a pena de reclus\u00e3o de dois a cinco anos, multa e proibi\u00e7\u00e3o da guarda, prevista na Lei de Crimes Ambientais para quem praticar qualquer conduta de maus tratos a c\u00e3es e gatos.<\/p>\n<p style=\"text-align: justify;\">Assim, atualmente, os autores desses crimes n\u00e3o ser\u00e3o mais processados pelos Juizados Especiais Criminais, e, consequentemente, n\u00e3o ter\u00e3o direito a concess\u00e3o de alguns benef\u00edcios legais como composi\u00e7\u00e3o civil de danos, transa\u00e7\u00e3o penal, suspens\u00e3o condicional do processo e at\u00e9 arbitramento de fian\u00e7a pelo Delegado de Pol\u00edcia, no caso de pris\u00e3o em flagrante delito.<\/p>\n<p style=\"text-align: justify;\">A norma \u00e9 mais um avan\u00e7o civilizat\u00f3rio para garantia dos direitos humanos de \u00faltima gera\u00e7\u00e3o ou p\u00f3s-humanistas, que preconizam o respeito a toda forma de vida que coabita nosso planeta, estabelecendo nossa Carta Magna que direitos dos animais s\u00e3o igualmente direitos humanos.<\/p>\n<p style=\"text-align: justify;\">Proteger nossos animais \u00e9 imprescind\u00edvel, obrigat\u00f3rio, indeclin\u00e1vel e indispens\u00e1vel, por isso, nunca deixe de denunciar qualquer situa\u00e7\u00e3o envolvendo maus tratos, ligue para 181 ou 190, ou procure a delegacia mais pr\u00f3xima, h\u00e1 tamb\u00e9m a Delegacia Virtual no site: <strong><a href=\"https:\/\/delegaciavirtual.sinesp.gov.br\/portal\/\">delegaciavirtual,sinesp.gov.br\/portal\/<\/a><\/strong>.<\/p>\n","protected":false},"excerpt":{"rendered":"<p style=\"text-align: justify;\"><span style=\"font-size: 13.2px;\">Lei \u201cSans\u00e3o\u201d agravou a pena para quem praticar maus tratos a c\u00e3es e gatos<\/span><\/p>\n","protected":false},"author":4,"featured_media":54902,"comment_status":"open","ping_status":"open","sticky":false,"template":"","format":"standard","meta":{"jnews-multi-image_gallery":[],"jnews_single_post":[],"jnews_primary_category":[],"jnews_social_meta":[],"jnews_review":[],"enable_review":"","type":"","name":"","summary":"","brand":"","sku":"","good":[],"bad":[],"score_override":"","override_value":"","rating":[],"price":[],"footnotes":""},"categories":[44],"tags":[],"class_list":["post-54903","post","type-post","status-publish","format-standard","has-post-thumbnail","hentry","category-policia"],"yoast_head":"<!-- This site is optimized with the Yoast SEO plugin v26.5 - https:\/\/yoast.com\/wordpress\/plugins\/seo\/ -->\n<title>Maus tratos a animais n\u00e3o ser\u00e3o mais processados pelos Juizados Especiais Criminais - Agazeta.net<\/title>\n<meta name=\"robots\" content=\"index, follow, max-snippet:-1, max-image-preview:large, max-video-preview:-1\" \/>\n<link rel=\"canonical\" href=\"https:\/\/nk7-testes.com.br\/agazeta\/maus-tratos-a-animais-nao-serao-mais-processados-pelos-juizados-especiais-criminais\/\" \/>\n<meta property=\"og:locale\" content=\"pt_BR\" \/>\n<meta property=\"og:type\" content=\"article\" \/>\n<meta property=\"og:title\" content=\"Maus tratos a animais n\u00e3o ser\u00e3o mais processados pelos Juizados Especiais Criminais - Agazeta.net\" \/>\n<meta property=\"og:description\" content=\"Lei \u201cSans\u00e3o\u201d agravou a pena para quem praticar maus tratos a c\u00e3es e gatos\" \/>\n<meta property=\"og:url\" content=\"https:\/\/nk7-testes.com.br\/agazeta\/maus-tratos-a-animais-nao-serao-mais-processados-pelos-juizados-especiais-criminais\/\" \/>\n<meta property=\"og:site_name\" content=\"Agazeta.net\" \/>\n<meta property=\"article:published_time\" content=\"2021-05-13T19:06:39+00:00\" \/>\n<meta property=\"og:image\" content=\"https:\/\/nk7-testes.com.br\/agazeta\/wp-content\/uploads\/2021\/05\/13-05-21_maus-tratos-a-animais.png\" \/>\n\t<meta property=\"og:image:width\" content=\"458\" \/>\n\t<meta property=\"og:image:height\" content=\"340\" \/>\n\t<meta property=\"og:image:type\" content=\"image\/png\" \/>\n<meta name=\"author\" content=\"Agazeta.Net\" \/>\n<meta name=\"twitter:card\" content=\"summary_large_image\" \/>\n<meta name=\"twitter:label1\" content=\"Escrito por\" \/>\n\t<meta name=\"twitter:data1\" content=\"Agazeta.Net\" \/>\n\t<meta name=\"twitter:label2\" content=\"Est. tempo de leitura\" \/>\n\t<meta name=\"twitter:data2\" content=\"1 minuto\" \/>\n<script type=\"application\/ld+json\" class=\"yoast-schema-graph\">{\"@context\":\"https:\/\/schema.org\",\"@graph\":[{\"@type\":\"WebPage\",\"@id\":\"https:\/\/nk7-testes.com.br\/agazeta\/maus-tratos-a-animais-nao-serao-mais-processados-pelos-juizados-especiais-criminais\/\",\"url\":\"https:\/\/nk7-testes.com.br\/agazeta\/maus-tratos-a-animais-nao-serao-mais-processados-pelos-juizados-especiais-criminais\/\",\"name\":\"Maus tratos a animais n\u00e3o ser\u00e3o mais processados pelos Juizados Especiais Criminais - Agazeta.net\",\"isPartOf\":{\"@id\":\"https:\/\/nk7-testes.com.br\/agazeta\/#website\"},\"primaryImageOfPage\":{\"@id\":\"https:\/\/nk7-testes.com.br\/agazeta\/maus-tratos-a-animais-nao-serao-mais-processados-pelos-juizados-especiais-criminais\/#primaryimage\"},\"image\":{\"@id\":\"https:\/\/nk7-testes.com.br\/agazeta\/maus-tratos-a-animais-nao-serao-mais-processados-pelos-juizados-especiais-criminais\/#primaryimage\"},\"thumbnailUrl\":\"https:\/\/nk7-testes.com.br\/agazeta\/wp-content\/uploads\/2021\/05\/13-05-21_maus-tratos-a-animais.png\",\"datePublished\":\"2021-05-13T19:06:39+00:00\",\"author\":{\"@id\":\"https:\/\/nk7-testes.com.br\/agazeta\/#\/schema\/person\/6d6e25cb0435eb4a02fd44d30b4e3020\"},\"breadcrumb\":{\"@id\":\"https:\/\/nk7-testes.com.br\/agazeta\/maus-tratos-a-animais-nao-serao-mais-processados-pelos-juizados-especiais-criminais\/#breadcrumb\"},\"inLanguage\":\"pt-BR\",\"potentialAction\":[{\"@type\":\"ReadAction\",\"target\":[\"https:\/\/nk7-testes.com.br\/agazeta\/maus-tratos-a-animais-nao-serao-mais-processados-pelos-juizados-especiais-criminais\/\"]}]},{\"@type\":\"ImageObject\",\"inLanguage\":\"pt-BR\",\"@id\":\"https:\/\/nk7-testes.com.br\/agazeta\/maus-tratos-a-animais-nao-serao-mais-processados-pelos-juizados-especiais-criminais\/#primaryimage\",\"url\":\"https:\/\/nk7-testes.com.br\/agazeta\/wp-content\/uploads\/2021\/05\/13-05-21_maus-tratos-a-animais.png\",\"contentUrl\":\"https:\/\/nk7-testes.com.br\/agazeta\/wp-content\/uploads\/2021\/05\/13-05-21_maus-tratos-a-animais.png\",\"width\":458,\"height\":340,\"caption\":\"13-05-21 maus-tratos-a-animais\"},{\"@type\":\"BreadcrumbList\",\"@id\":\"https:\/\/nk7-testes.com.br\/agazeta\/maus-tratos-a-animais-nao-serao-mais-processados-pelos-juizados-especiais-criminais\/#breadcrumb\",\"itemListElement\":[{\"@type\":\"ListItem\",\"position\":1,\"name\":\"In\u00edcio\",\"item\":\"https:\/\/nk7-testes.com.br\/agazeta\/\"},{\"@type\":\"ListItem\",\"position\":2,\"name\":\"Maus tratos a animais n\u00e3o ser\u00e3o mais processados pelos Juizados Especiais Criminais\"}]},{\"@type\":\"WebSite\",\"@id\":\"https:\/\/nk7-testes.com.br\/agazeta\/#website\",\"url\":\"https:\/\/nk7-testes.com.br\/agazeta\/\",\"name\":\"Agazeta.net\",\"description\":\"Agazeta.net - Not\u00edcias de Rio Branco\/AC\",\"potentialAction\":[{\"@type\":\"SearchAction\",\"target\":{\"@type\":\"EntryPoint\",\"urlTemplate\":\"https:\/\/nk7-testes.com.br\/agazeta\/?s={search_term_string}\"},\"query-input\":{\"@type\":\"PropertyValueSpecification\",\"valueRequired\":true,\"valueName\":\"search_term_string\"}}],\"inLanguage\":\"pt-BR\"},{\"@type\":\"Person\",\"@id\":\"https:\/\/nk7-testes.com.br\/agazeta\/#\/schema\/person\/6d6e25cb0435eb4a02fd44d30b4e3020\",\"name\":\"Agazeta.Net\",\"url\":\"https:\/\/nk7-testes.com.br\/agazeta\/author\/agazeta\/\"}]}<\/script>\n<!-- \/ Yoast SEO plugin. -->","yoast_head_json":{"title":"Maus tratos a animais n\u00e3o ser\u00e3o mais processados pelos Juizados Especiais Criminais - Agazeta.net","robots":{"index":"index","follow":"follow","max-snippet":"max-snippet:-1","max-image-preview":"max-image-preview:large","max-video-preview":"max-video-preview:-1"},"canonical":"https:\/\/nk7-testes.com.br\/agazeta\/maus-tratos-a-animais-nao-serao-mais-processados-pelos-juizados-especiais-criminais\/","og_locale":"pt_BR","og_type":"article","og_title":"Maus tratos a animais n\u00e3o ser\u00e3o mais processados pelos Juizados Especiais Criminais - Agazeta.net","og_description":"Lei \u201cSans\u00e3o\u201d agravou a pena para quem praticar maus tratos a c\u00e3es e gatos","og_url":"https:\/\/nk7-testes.com.br\/agazeta\/maus-tratos-a-animais-nao-serao-mais-processados-pelos-juizados-especiais-criminais\/","og_site_name":"Agazeta.net","article_published_time":"2021-05-13T19:06:39+00:00","og_image":[{"width":458,"height":340,"url":"https:\/\/nk7-testes.com.br\/agazeta\/wp-content\/uploads\/2021\/05\/13-05-21_maus-tratos-a-animais.png","type":"image\/png"}],"author":"Agazeta.Net","twitter_card":"summary_large_image","twitter_misc":{"Escrito por":"Agazeta.Net","Est. tempo de leitura":"1 minuto"},"schema":{"@context":"https:\/\/schema.org","@graph":[{"@type":"WebPage","@id":"https:\/\/nk7-testes.com.br\/agazeta\/maus-tratos-a-animais-nao-serao-mais-processados-pelos-juizados-especiais-criminais\/","url":"https:\/\/nk7-testes.com.br\/agazeta\/maus-tratos-a-animais-nao-serao-mais-processados-pelos-juizados-especiais-criminais\/","name":"Maus tratos a animais n\u00e3o ser\u00e3o mais processados pelos Juizados Especiais Criminais - Agazeta.net","isPartOf":{"@id":"https:\/\/nk7-testes.com.br\/agazeta\/#website"},"primaryImageOfPage":{"@id":"https:\/\/nk7-testes.com.br\/agazeta\/maus-tratos-a-animais-nao-serao-mais-processados-pelos-juizados-especiais-criminais\/#primaryimage"},"image":{"@id":"https:\/\/nk7-testes.com.br\/agazeta\/maus-tratos-a-animais-nao-serao-mais-processados-pelos-juizados-especiais-criminais\/#primaryimage"},"thumbnailUrl":"https:\/\/nk7-testes.com.br\/agazeta\/wp-content\/uploads\/2021\/05\/13-05-21_maus-tratos-a-animais.png","datePublished":"2021-05-13T19:06:39+00:00","author":{"@id":"https:\/\/nk7-testes.com.br\/agazeta\/#\/schema\/person\/6d6e25cb0435eb4a02fd44d30b4e3020"},"breadcrumb":{"@id":"https:\/\/nk7-testes.com.br\/agazeta\/maus-tratos-a-animais-nao-serao-mais-processados-pelos-juizados-especiais-criminais\/#breadcrumb"},"inLanguage":"pt-BR","potentialAction":[{"@type":"ReadAction","target":["https:\/\/nk7-testes.com.br\/agazeta\/maus-tratos-a-animais-nao-serao-mais-processados-pelos-juizados-especiais-criminais\/"]}]},{"@type":"ImageObject","inLanguage":"pt-BR","@id":"https:\/\/nk7-testes.com.br\/agazeta\/maus-tratos-a-animais-nao-serao-mais-processados-pelos-juizados-especiais-criminais\/#primaryimage","url":"https:\/\/nk7-testes.com.br\/agazeta\/wp-content\/uploads\/2021\/05\/13-05-21_maus-tratos-a-animais.png","contentUrl":"https:\/\/nk7-testes.com.br\/agazeta\/wp-content\/uploads\/2021\/05\/13-05-21_maus-tratos-a-animais.png","width":458,"height":340,"caption":"13-05-21 maus-tratos-a-animais"},{"@type":"BreadcrumbList","@id":"https:\/\/nk7-testes.com.br\/agazeta\/maus-tratos-a-animais-nao-serao-mais-processados-pelos-juizados-especiais-criminais\/#breadcrumb","itemListElement":[{"@type":"ListItem","position":1,"name":"In\u00edcio","item":"https:\/\/nk7-testes.com.br\/agazeta\/"},{"@type":"ListItem","position":2,"name":"Maus tratos a animais n\u00e3o ser\u00e3o mais processados pelos Juizados Especiais Criminais"}]},{"@type":"WebSite","@id":"https:\/\/nk7-testes.com.br\/agazeta\/#website","url":"https:\/\/nk7-testes.com.br\/agazeta\/","name":"Agazeta.net","description":"Agazeta.net - Not\u00edcias de Rio Branco\/AC","potentialAction":[{"@type":"SearchAction","target":{"@type":"EntryPoint","urlTemplate":"https:\/\/nk7-testes.com.br\/agazeta\/?s={search_term_string}"},"query-input":{"@type":"PropertyValueSpecification","valueRequired":true,"valueName":"search_term_string"}}],"inLanguage":"pt-BR"},{"@type":"Person","@id":"https:\/\/nk7-testes.com.br\/agazeta\/#\/schema\/person\/6d6e25cb0435eb4a02fd44d30b4e3020","name":"Agazeta.Net","url":"https:\/\/nk7-testes.com.br\/agazeta\/author\/agazeta\/"}]}},"_links":{"self":[{"href":"https:\/\/nk7-testes.com.br\/agazeta\/wp-json\/wp\/v2\/posts\/54903","targetHints":{"allow":["GET"]}}],"collection":[{"href":"https:\/\/nk7-testes.com.br\/agazeta\/wp-json\/wp\/v2\/posts"}],"about":[{"href":"https:\/\/nk7-testes.com.br\/agazeta\/wp-json\/wp\/v2\/types\/post"}],"author":[{"embeddable":true,"href":"https:\/\/nk7-testes.com.br\/agazeta\/wp-json\/wp\/v2\/users\/4"}],"replies":[{"embeddable":true,"href":"https:\/\/nk7-testes.com.br\/agazeta\/wp-json\/wp\/v2\/comments?post=54903"}],"version-history":[{"count":0,"href":"https:\/\/nk7-testes.com.br\/agazeta\/wp-json\/wp\/v2\/posts\/54903\/revisions"}],"wp:featuredmedia":[{"embeddable":true,"href":"https:\/\/nk7-testes.com.br\/agazeta\/wp-json\/wp\/v2\/media\/54902"}],"wp:attachment":[{"href":"https:\/\/nk7-testes.com.br\/agazeta\/wp-json\/wp\/v2\/media?parent=54903"}],"wp:term":[{"taxonomy":"category","embeddable":true,"href":"https:\/\/nk7-testes.com.br\/agazeta\/wp-json\/wp\/v2\/categories?post=54903"},{"taxonomy":"post_tag","embeddable":true,"href":"https:\/\/nk7-testes.com.br\/agazeta\/wp-json\/wp\/v2\/tags?post=54903"}],"curies":[{"name":"wp","href":"https:\/\/api.w.org\/{rel}","templated":true}]}}