{"id":54887,"date":"2021-05-13T13:33:07","date_gmt":"2021-05-13T13:33:07","guid":{"rendered":"https:\/\/abarevegan.com.br\/index.php\/2021\/05\/13\/peruano-procurado-pela-interpol-e-preso-em-rio-branco\/"},"modified":"2021-05-13T13:33:07","modified_gmt":"2021-05-13T13:33:07","slug":"peruano-procurado-pela-interpol-e-preso-em-rio-branco","status":"publish","type":"post","link":"https:\/\/nk7-testes.com.br\/agazeta\/peruano-procurado-pela-interpol-e-preso-em-rio-branco\/","title":{"rendered":"Peruano procurado pela Interpol \u00e9 preso em Rio Branco pela PF"},"content":{"rendered":"<p style=\"text-align: justify;\">Homem havia sido condenado em 2018 pela justi\u00e7a do Peru<\/p>\n<p style=\"text-align: justify;\">A Pol\u00edcia Federal prendeu na tarde desta ter\u00e7a-feira (11), um homem peruano de 62 anos que se encontrava na lista da Difus\u00e3o Vermelha da Interpol, na cidade de Rio Branco.<\/p>\n<p style=\"text-align: justify;\">Segundo as autoridades peruanas, em 04 de novembro de 2011, em Puccallpa, no Peru, o ent\u00e3o Procurador Anti-Corrup\u00e7\u00e3o teria solicitado pagamento de propina a uma investigada com a finalidade de, omitindo suas fun\u00e7\u00f5es como Procurador Anti-Corrup\u00e7\u00e3o, deixar de promover investiga\u00e7\u00f5es contra ela.<\/p>\n<p style=\"text-align: justify;\">O fugitivo procurado foi condenado pela justi\u00e7a peruana em 2018 pelo crime de corrup\u00e7\u00e3o passiva pr\u00f3pria e desde ent\u00e3o estava foragido no Brasil, tendo sido um de seus paradeiros o estado de Goi\u00e1s.<\/p>\n<p style=\"text-align: justify;\">O pedido de pris\u00e3o preventiva para fins de extradi\u00e7\u00e3o foi formulado pelo Escrit\u00f3rio Central Nacional da Interpol em Bras\u00edlia, no Distrito Federal, com base nas informa\u00e7\u00f5es da Difus\u00e3o Vermelha inclu\u00eddas pelas autoridades peruanas.<\/p>\n<p style=\"text-align: justify;\">A localiza\u00e7\u00e3o e pris\u00e3o do estrangeiro foram realizadas pelos policiais federais lotados no setor de Intelig\u00eancia da Pol\u00edcia Federal no Acre. Ele foi encontrado exercendo atividade comercial em um dos bairros de Rio Branco.<\/p>\n<p style=\"text-align: justify;\">O mandado de pris\u00e3o preventiva para fins de Extradi\u00e7\u00e3o, expedido pelo Supremo Tribunal Federal (STF), foi devidamente cumprido e, ap\u00f3s as formalidades de praxe, o homem ser\u00e1 encaminhado ao sistema prisional acreano at\u00e9 a sa\u00edda compuls\u00f3ria definitiva para o Peru.<\/p>\n","protected":false},"excerpt":{"rendered":"<p style=\"text-align: justify;\">Homem havia sido condenado em 2018 pela justi\u00e7a do Peru<\/p>\n","protected":false},"author":4,"featured_media":54886,"comment_status":"open","ping_status":"open","sticky":false,"template":"","format":"standard","meta":{"jnews-multi-image_gallery":[],"jnews_single_post":[],"jnews_primary_category":[],"jnews_social_meta":[],"jnews_review":[],"enable_review":"","type":"","name":"","summary":"","brand":"","sku":"","good":[],"bad":[],"score_override":"","override_value":"","rating":[],"price":[],"footnotes":""},"categories":[44],"tags":[],"class_list":["post-54887","post","type-post","status-publish","format-standard","has-post-thumbnail","hentry","category-policia"],"yoast_head":"<!-- This site is optimized with the Yoast SEO plugin v26.5 - https:\/\/yoast.com\/wordpress\/plugins\/seo\/ -->\n<title>Peruano procurado pela Interpol \u00e9 preso em Rio Branco pela PF - Agazeta.net<\/title>\n<meta name=\"robots\" content=\"index, follow, max-snippet:-1, max-image-preview:large, max-video-preview:-1\" \/>\n<link rel=\"canonical\" href=\"https:\/\/nk7-testes.com.br\/agazeta\/peruano-procurado-pela-interpol-e-preso-em-rio-branco\/\" \/>\n<meta property=\"og:locale\" content=\"pt_BR\" \/>\n<meta property=\"og:type\" content=\"article\" \/>\n<meta property=\"og:title\" content=\"Peruano procurado pela Interpol \u00e9 preso em Rio Branco pela PF - Agazeta.net\" \/>\n<meta property=\"og:description\" content=\"Homem havia sido condenado em 2018 pela justi\u00e7a do Peru\" \/>\n<meta property=\"og:url\" content=\"https:\/\/nk7-testes.com.br\/agazeta\/peruano-procurado-pela-interpol-e-preso-em-rio-branco\/\" \/>\n<meta property=\"og:site_name\" content=\"Agazeta.net\" \/>\n<meta property=\"article:published_time\" content=\"2021-05-13T13:33:07+00:00\" \/>\n<meta property=\"og:image\" content=\"https:\/\/nk7-testes.com.br\/agazeta\/wp-content\/uploads\/2021\/05\/13-05-21-pf.jpeg\" \/>\n\t<meta property=\"og:image:width\" content=\"458\" \/>\n\t<meta property=\"og:image:height\" content=\"340\" \/>\n\t<meta property=\"og:image:type\" content=\"image\/jpeg\" \/>\n<meta name=\"author\" content=\"Agazeta.Net\" \/>\n<meta name=\"twitter:card\" content=\"summary_large_image\" \/>\n<meta name=\"twitter:label1\" content=\"Escrito por\" \/>\n\t<meta name=\"twitter:data1\" content=\"Agazeta.Net\" \/>\n\t<meta name=\"twitter:label2\" content=\"Est. tempo de leitura\" \/>\n\t<meta name=\"twitter:data2\" content=\"1 minuto\" \/>\n<script type=\"application\/ld+json\" class=\"yoast-schema-graph\">{\"@context\":\"https:\/\/schema.org\",\"@graph\":[{\"@type\":\"WebPage\",\"@id\":\"https:\/\/nk7-testes.com.br\/agazeta\/peruano-procurado-pela-interpol-e-preso-em-rio-branco\/\",\"url\":\"https:\/\/nk7-testes.com.br\/agazeta\/peruano-procurado-pela-interpol-e-preso-em-rio-branco\/\",\"name\":\"Peruano procurado pela Interpol \u00e9 preso em Rio Branco pela PF - Agazeta.net\",\"isPartOf\":{\"@id\":\"https:\/\/nk7-testes.com.br\/agazeta\/#website\"},\"primaryImageOfPage\":{\"@id\":\"https:\/\/nk7-testes.com.br\/agazeta\/peruano-procurado-pela-interpol-e-preso-em-rio-branco\/#primaryimage\"},\"image\":{\"@id\":\"https:\/\/nk7-testes.com.br\/agazeta\/peruano-procurado-pela-interpol-e-preso-em-rio-branco\/#primaryimage\"},\"thumbnailUrl\":\"https:\/\/nk7-testes.com.br\/agazeta\/wp-content\/uploads\/2021\/05\/13-05-21-pf.jpeg\",\"datePublished\":\"2021-05-13T13:33:07+00:00\",\"author\":{\"@id\":\"https:\/\/nk7-testes.com.br\/agazeta\/#\/schema\/person\/6d6e25cb0435eb4a02fd44d30b4e3020\"},\"breadcrumb\":{\"@id\":\"https:\/\/nk7-testes.com.br\/agazeta\/peruano-procurado-pela-interpol-e-preso-em-rio-branco\/#breadcrumb\"},\"inLanguage\":\"pt-BR\",\"potentialAction\":[{\"@type\":\"ReadAction\",\"target\":[\"https:\/\/nk7-testes.com.br\/agazeta\/peruano-procurado-pela-interpol-e-preso-em-rio-branco\/\"]}]},{\"@type\":\"ImageObject\",\"inLanguage\":\"pt-BR\",\"@id\":\"https:\/\/nk7-testes.com.br\/agazeta\/peruano-procurado-pela-interpol-e-preso-em-rio-branco\/#primaryimage\",\"url\":\"https:\/\/nk7-testes.com.br\/agazeta\/wp-content\/uploads\/2021\/05\/13-05-21-pf.jpeg\",\"contentUrl\":\"https:\/\/nk7-testes.com.br\/agazeta\/wp-content\/uploads\/2021\/05\/13-05-21-pf.jpeg\",\"width\":458,\"height\":340,\"caption\":\"13-05-21-pf\"},{\"@type\":\"BreadcrumbList\",\"@id\":\"https:\/\/nk7-testes.com.br\/agazeta\/peruano-procurado-pela-interpol-e-preso-em-rio-branco\/#breadcrumb\",\"itemListElement\":[{\"@type\":\"ListItem\",\"position\":1,\"name\":\"In\u00edcio\",\"item\":\"https:\/\/nk7-testes.com.br\/agazeta\/\"},{\"@type\":\"ListItem\",\"position\":2,\"name\":\"Peruano procurado pela Interpol \u00e9 preso em Rio Branco pela PF\"}]},{\"@type\":\"WebSite\",\"@id\":\"https:\/\/nk7-testes.com.br\/agazeta\/#website\",\"url\":\"https:\/\/nk7-testes.com.br\/agazeta\/\",\"name\":\"Agazeta.net\",\"description\":\"Agazeta.net - Not\u00edcias de Rio Branco\/AC\",\"potentialAction\":[{\"@type\":\"SearchAction\",\"target\":{\"@type\":\"EntryPoint\",\"urlTemplate\":\"https:\/\/nk7-testes.com.br\/agazeta\/?s={search_term_string}\"},\"query-input\":{\"@type\":\"PropertyValueSpecification\",\"valueRequired\":true,\"valueName\":\"search_term_string\"}}],\"inLanguage\":\"pt-BR\"},{\"@type\":\"Person\",\"@id\":\"https:\/\/nk7-testes.com.br\/agazeta\/#\/schema\/person\/6d6e25cb0435eb4a02fd44d30b4e3020\",\"name\":\"Agazeta.Net\",\"url\":\"https:\/\/nk7-testes.com.br\/agazeta\/author\/agazeta\/\"}]}<\/script>\n<!-- \/ Yoast SEO plugin. -->","yoast_head_json":{"title":"Peruano procurado pela Interpol \u00e9 preso em Rio Branco pela PF - Agazeta.net","robots":{"index":"index","follow":"follow","max-snippet":"max-snippet:-1","max-image-preview":"max-image-preview:large","max-video-preview":"max-video-preview:-1"},"canonical":"https:\/\/nk7-testes.com.br\/agazeta\/peruano-procurado-pela-interpol-e-preso-em-rio-branco\/","og_locale":"pt_BR","og_type":"article","og_title":"Peruano procurado pela Interpol \u00e9 preso em Rio Branco pela PF - Agazeta.net","og_description":"Homem havia sido condenado em 2018 pela justi\u00e7a do Peru","og_url":"https:\/\/nk7-testes.com.br\/agazeta\/peruano-procurado-pela-interpol-e-preso-em-rio-branco\/","og_site_name":"Agazeta.net","article_published_time":"2021-05-13T13:33:07+00:00","og_image":[{"width":458,"height":340,"url":"https:\/\/nk7-testes.com.br\/agazeta\/wp-content\/uploads\/2021\/05\/13-05-21-pf.jpeg","type":"image\/jpeg"}],"author":"Agazeta.Net","twitter_card":"summary_large_image","twitter_misc":{"Escrito por":"Agazeta.Net","Est. tempo de leitura":"1 minuto"},"schema":{"@context":"https:\/\/schema.org","@graph":[{"@type":"WebPage","@id":"https:\/\/nk7-testes.com.br\/agazeta\/peruano-procurado-pela-interpol-e-preso-em-rio-branco\/","url":"https:\/\/nk7-testes.com.br\/agazeta\/peruano-procurado-pela-interpol-e-preso-em-rio-branco\/","name":"Peruano procurado pela Interpol \u00e9 preso em Rio Branco pela PF - Agazeta.net","isPartOf":{"@id":"https:\/\/nk7-testes.com.br\/agazeta\/#website"},"primaryImageOfPage":{"@id":"https:\/\/nk7-testes.com.br\/agazeta\/peruano-procurado-pela-interpol-e-preso-em-rio-branco\/#primaryimage"},"image":{"@id":"https:\/\/nk7-testes.com.br\/agazeta\/peruano-procurado-pela-interpol-e-preso-em-rio-branco\/#primaryimage"},"thumbnailUrl":"https:\/\/nk7-testes.com.br\/agazeta\/wp-content\/uploads\/2021\/05\/13-05-21-pf.jpeg","datePublished":"2021-05-13T13:33:07+00:00","author":{"@id":"https:\/\/nk7-testes.com.br\/agazeta\/#\/schema\/person\/6d6e25cb0435eb4a02fd44d30b4e3020"},"breadcrumb":{"@id":"https:\/\/nk7-testes.com.br\/agazeta\/peruano-procurado-pela-interpol-e-preso-em-rio-branco\/#breadcrumb"},"inLanguage":"pt-BR","potentialAction":[{"@type":"ReadAction","target":["https:\/\/nk7-testes.com.br\/agazeta\/peruano-procurado-pela-interpol-e-preso-em-rio-branco\/"]}]},{"@type":"ImageObject","inLanguage":"pt-BR","@id":"https:\/\/nk7-testes.com.br\/agazeta\/peruano-procurado-pela-interpol-e-preso-em-rio-branco\/#primaryimage","url":"https:\/\/nk7-testes.com.br\/agazeta\/wp-content\/uploads\/2021\/05\/13-05-21-pf.jpeg","contentUrl":"https:\/\/nk7-testes.com.br\/agazeta\/wp-content\/uploads\/2021\/05\/13-05-21-pf.jpeg","width":458,"height":340,"caption":"13-05-21-pf"},{"@type":"BreadcrumbList","@id":"https:\/\/nk7-testes.com.br\/agazeta\/peruano-procurado-pela-interpol-e-preso-em-rio-branco\/#breadcrumb","itemListElement":[{"@type":"ListItem","position":1,"name":"In\u00edcio","item":"https:\/\/nk7-testes.com.br\/agazeta\/"},{"@type":"ListItem","position":2,"name":"Peruano procurado pela Interpol \u00e9 preso em Rio Branco pela PF"}]},{"@type":"WebSite","@id":"https:\/\/nk7-testes.com.br\/agazeta\/#website","url":"https:\/\/nk7-testes.com.br\/agazeta\/","name":"Agazeta.net","description":"Agazeta.net - Not\u00edcias de Rio Branco\/AC","potentialAction":[{"@type":"SearchAction","target":{"@type":"EntryPoint","urlTemplate":"https:\/\/nk7-testes.com.br\/agazeta\/?s={search_term_string}"},"query-input":{"@type":"PropertyValueSpecification","valueRequired":true,"valueName":"search_term_string"}}],"inLanguage":"pt-BR"},{"@type":"Person","@id":"https:\/\/nk7-testes.com.br\/agazeta\/#\/schema\/person\/6d6e25cb0435eb4a02fd44d30b4e3020","name":"Agazeta.Net","url":"https:\/\/nk7-testes.com.br\/agazeta\/author\/agazeta\/"}]}},"_links":{"self":[{"href":"https:\/\/nk7-testes.com.br\/agazeta\/wp-json\/wp\/v2\/posts\/54887","targetHints":{"allow":["GET"]}}],"collection":[{"href":"https:\/\/nk7-testes.com.br\/agazeta\/wp-json\/wp\/v2\/posts"}],"about":[{"href":"https:\/\/nk7-testes.com.br\/agazeta\/wp-json\/wp\/v2\/types\/post"}],"author":[{"embeddable":true,"href":"https:\/\/nk7-testes.com.br\/agazeta\/wp-json\/wp\/v2\/users\/4"}],"replies":[{"embeddable":true,"href":"https:\/\/nk7-testes.com.br\/agazeta\/wp-json\/wp\/v2\/comments?post=54887"}],"version-history":[{"count":0,"href":"https:\/\/nk7-testes.com.br\/agazeta\/wp-json\/wp\/v2\/posts\/54887\/revisions"}],"wp:featuredmedia":[{"embeddable":true,"href":"https:\/\/nk7-testes.com.br\/agazeta\/wp-json\/wp\/v2\/media\/54886"}],"wp:attachment":[{"href":"https:\/\/nk7-testes.com.br\/agazeta\/wp-json\/wp\/v2\/media?parent=54887"}],"wp:term":[{"taxonomy":"category","embeddable":true,"href":"https:\/\/nk7-testes.com.br\/agazeta\/wp-json\/wp\/v2\/categories?post=54887"},{"taxonomy":"post_tag","embeddable":true,"href":"https:\/\/nk7-testes.com.br\/agazeta\/wp-json\/wp\/v2\/tags?post=54887"}],"curies":[{"name":"wp","href":"https:\/\/api.w.org\/{rel}","templated":true}]}}