{"id":54844,"date":"2021-05-11T14:22:20","date_gmt":"2021-05-11T14:22:20","guid":{"rendered":"https:\/\/abarevegan.com.br\/index.php\/2021\/05\/11\/em-sena-madureira-seis-sao-presos-e-quatro-apreendidos-pela-pm\/"},"modified":"2021-05-11T14:22:20","modified_gmt":"2021-05-11T14:22:20","slug":"em-sena-madureira-seis-sao-presos-e-quatro-apreendidos-pela-pm","status":"publish","type":"post","link":"https:\/\/nk7-testes.com.br\/agazeta\/em-sena-madureira-seis-sao-presos-e-quatro-apreendidos-pela-pm\/","title":{"rendered":"No interior, seis pessoas presas e quatro apreendidas pela PM"},"content":{"rendered":"<p style=\"text-align: justify;\">Suspeitos seriam membros de uma organiza\u00e7\u00e3o criminosa<\/p>\n<p style=\"text-align: justify;\">A Pol\u00edcia Militar apreendeu na madrugada desta ter\u00e7a-feira (11), oito armas de fogo, no bairro Cafezal, em Sena Madureira, ap\u00f3s den\u00fancia an\u00f4nima.<\/p>\n<p style=\"text-align: justify;\">De acordo com a den\u00fancia, no local havia diversas pessoas armadas que seriam integrantes de uma organiza\u00e7\u00e3o criminosa e estavam planejando ataques contra uma fac\u00e7\u00e3o rival.&nbsp;<\/p>\n<p style=\"text-align: justify;\">Com essas informa\u00e7\u00f5es, os militares montaram o cerco policial e prenderam seis adultos, apreenderam quatro adolescentes e oito armas de fogo. Tamb\u00e9m foram apreendidos entorpecentes, dinheiro, celulares e muni\u00e7\u00f5es de diversos calibres.&nbsp;<\/p>\n<p style=\"text-align: justify;\">A ocorr\u00eancia foi encaminhada \u00e0 Delegacia de Pol\u00edcia Civil do munic\u00edpio para serem tomadas as demais provid\u00eancias cab\u00edveis ao fato, os suspeitos agora devem seguir \u00e0 disposi\u00e7\u00e3o da justi\u00e7a acreana.<\/p>\n<div id=\"_mcePaste\" class=\"mcePaste\" data-mce-bogus=\"1\" style=\"position: absolute; left: 0px; top: -25px; width: 1px; height: 1px; overflow: hidden;\"><span style=\"font-size: 12.0pt; mso-bidi-font-size: 11.0pt; line-height: 115%; font-family: 'Times New Roman','serif'; mso-fareast-font-family: Calibri; mso-fareast-theme-font: minor-latin; mso-ansi-language: PT-BR; mso-fareast-language: EN-US; mso-bidi-language: AR-SA;\">Em Sena Madureira,&nbsp;<\/span><\/div>\n","protected":false},"excerpt":{"rendered":"<p style=\"text-align: justify;\">Suspeitos seriam membros de uma organiza\u00e7\u00e3o criminosa<\/p>\n","protected":false},"author":4,"featured_media":54843,"comment_status":"open","ping_status":"open","sticky":false,"template":"","format":"standard","meta":{"jnews-multi-image_gallery":[],"jnews_single_post":[],"jnews_primary_category":[],"jnews_social_meta":[],"jnews_review":[],"enable_review":"","type":"","name":"","summary":"","brand":"","sku":"","good":[],"bad":[],"score_override":"","override_value":"","rating":[],"price":[],"footnotes":""},"categories":[44],"tags":[],"class_list":["post-54844","post","type-post","status-publish","format-standard","has-post-thumbnail","hentry","category-policia"],"yoast_head":"<!-- This site is optimized with the Yoast SEO plugin v26.5 - https:\/\/yoast.com\/wordpress\/plugins\/seo\/ -->\n<title>No interior, seis pessoas presas e quatro apreendidas pela PM - Agazeta.net<\/title>\n<meta name=\"robots\" content=\"index, follow, max-snippet:-1, max-image-preview:large, max-video-preview:-1\" \/>\n<link rel=\"canonical\" href=\"https:\/\/nk7-testes.com.br\/agazeta\/em-sena-madureira-seis-sao-presos-e-quatro-apreendidos-pela-pm\/\" \/>\n<meta property=\"og:locale\" content=\"pt_BR\" \/>\n<meta property=\"og:type\" content=\"article\" \/>\n<meta property=\"og:title\" content=\"No interior, seis pessoas presas e quatro apreendidas pela PM - Agazeta.net\" \/>\n<meta property=\"og:description\" content=\"Suspeitos seriam membros de uma organiza\u00e7\u00e3o criminosa\" \/>\n<meta property=\"og:url\" content=\"https:\/\/nk7-testes.com.br\/agazeta\/em-sena-madureira-seis-sao-presos-e-quatro-apreendidos-pela-pm\/\" \/>\n<meta property=\"og:site_name\" content=\"Agazeta.net\" \/>\n<meta property=\"article:published_time\" content=\"2021-05-11T14:22:20+00:00\" \/>\n<meta property=\"og:image\" content=\"https:\/\/nk7-testes.com.br\/agazeta\/wp-content\/uploads\/2021\/05\/11-05-21-pm.jpeg\" \/>\n\t<meta property=\"og:image:width\" content=\"458\" \/>\n\t<meta property=\"og:image:height\" content=\"340\" \/>\n\t<meta property=\"og:image:type\" content=\"image\/jpeg\" \/>\n<meta name=\"author\" content=\"Agazeta.Net\" \/>\n<meta name=\"twitter:card\" content=\"summary_large_image\" \/>\n<meta name=\"twitter:label1\" content=\"Escrito por\" \/>\n\t<meta name=\"twitter:data1\" content=\"Agazeta.Net\" \/>\n\t<meta name=\"twitter:label2\" content=\"Est. tempo de leitura\" \/>\n\t<meta name=\"twitter:data2\" content=\"1 minuto\" \/>\n<script type=\"application\/ld+json\" class=\"yoast-schema-graph\">{\"@context\":\"https:\/\/schema.org\",\"@graph\":[{\"@type\":\"WebPage\",\"@id\":\"https:\/\/nk7-testes.com.br\/agazeta\/em-sena-madureira-seis-sao-presos-e-quatro-apreendidos-pela-pm\/\",\"url\":\"https:\/\/nk7-testes.com.br\/agazeta\/em-sena-madureira-seis-sao-presos-e-quatro-apreendidos-pela-pm\/\",\"name\":\"No interior, seis pessoas presas e quatro apreendidas pela PM - Agazeta.net\",\"isPartOf\":{\"@id\":\"https:\/\/nk7-testes.com.br\/agazeta\/#website\"},\"primaryImageOfPage\":{\"@id\":\"https:\/\/nk7-testes.com.br\/agazeta\/em-sena-madureira-seis-sao-presos-e-quatro-apreendidos-pela-pm\/#primaryimage\"},\"image\":{\"@id\":\"https:\/\/nk7-testes.com.br\/agazeta\/em-sena-madureira-seis-sao-presos-e-quatro-apreendidos-pela-pm\/#primaryimage\"},\"thumbnailUrl\":\"https:\/\/nk7-testes.com.br\/agazeta\/wp-content\/uploads\/2021\/05\/11-05-21-pm.jpeg\",\"datePublished\":\"2021-05-11T14:22:20+00:00\",\"author\":{\"@id\":\"https:\/\/nk7-testes.com.br\/agazeta\/#\/schema\/person\/6d6e25cb0435eb4a02fd44d30b4e3020\"},\"breadcrumb\":{\"@id\":\"https:\/\/nk7-testes.com.br\/agazeta\/em-sena-madureira-seis-sao-presos-e-quatro-apreendidos-pela-pm\/#breadcrumb\"},\"inLanguage\":\"pt-BR\",\"potentialAction\":[{\"@type\":\"ReadAction\",\"target\":[\"https:\/\/nk7-testes.com.br\/agazeta\/em-sena-madureira-seis-sao-presos-e-quatro-apreendidos-pela-pm\/\"]}]},{\"@type\":\"ImageObject\",\"inLanguage\":\"pt-BR\",\"@id\":\"https:\/\/nk7-testes.com.br\/agazeta\/em-sena-madureira-seis-sao-presos-e-quatro-apreendidos-pela-pm\/#primaryimage\",\"url\":\"https:\/\/nk7-testes.com.br\/agazeta\/wp-content\/uploads\/2021\/05\/11-05-21-pm.jpeg\",\"contentUrl\":\"https:\/\/nk7-testes.com.br\/agazeta\/wp-content\/uploads\/2021\/05\/11-05-21-pm.jpeg\",\"width\":458,\"height\":340,\"caption\":\"11-05-21-pm\"},{\"@type\":\"BreadcrumbList\",\"@id\":\"https:\/\/nk7-testes.com.br\/agazeta\/em-sena-madureira-seis-sao-presos-e-quatro-apreendidos-pela-pm\/#breadcrumb\",\"itemListElement\":[{\"@type\":\"ListItem\",\"position\":1,\"name\":\"In\u00edcio\",\"item\":\"https:\/\/nk7-testes.com.br\/agazeta\/\"},{\"@type\":\"ListItem\",\"position\":2,\"name\":\"No interior, seis pessoas presas e quatro apreendidas pela PM\"}]},{\"@type\":\"WebSite\",\"@id\":\"https:\/\/nk7-testes.com.br\/agazeta\/#website\",\"url\":\"https:\/\/nk7-testes.com.br\/agazeta\/\",\"name\":\"Agazeta.net\",\"description\":\"Agazeta.net - Not\u00edcias de Rio Branco\/AC\",\"potentialAction\":[{\"@type\":\"SearchAction\",\"target\":{\"@type\":\"EntryPoint\",\"urlTemplate\":\"https:\/\/nk7-testes.com.br\/agazeta\/?s={search_term_string}\"},\"query-input\":{\"@type\":\"PropertyValueSpecification\",\"valueRequired\":true,\"valueName\":\"search_term_string\"}}],\"inLanguage\":\"pt-BR\"},{\"@type\":\"Person\",\"@id\":\"https:\/\/nk7-testes.com.br\/agazeta\/#\/schema\/person\/6d6e25cb0435eb4a02fd44d30b4e3020\",\"name\":\"Agazeta.Net\",\"url\":\"https:\/\/nk7-testes.com.br\/agazeta\/author\/agazeta\/\"}]}<\/script>\n<!-- \/ Yoast SEO plugin. -->","yoast_head_json":{"title":"No interior, seis pessoas presas e quatro apreendidas pela PM - Agazeta.net","robots":{"index":"index","follow":"follow","max-snippet":"max-snippet:-1","max-image-preview":"max-image-preview:large","max-video-preview":"max-video-preview:-1"},"canonical":"https:\/\/nk7-testes.com.br\/agazeta\/em-sena-madureira-seis-sao-presos-e-quatro-apreendidos-pela-pm\/","og_locale":"pt_BR","og_type":"article","og_title":"No interior, seis pessoas presas e quatro apreendidas pela PM - Agazeta.net","og_description":"Suspeitos seriam membros de uma organiza\u00e7\u00e3o criminosa","og_url":"https:\/\/nk7-testes.com.br\/agazeta\/em-sena-madureira-seis-sao-presos-e-quatro-apreendidos-pela-pm\/","og_site_name":"Agazeta.net","article_published_time":"2021-05-11T14:22:20+00:00","og_image":[{"width":458,"height":340,"url":"https:\/\/nk7-testes.com.br\/agazeta\/wp-content\/uploads\/2021\/05\/11-05-21-pm.jpeg","type":"image\/jpeg"}],"author":"Agazeta.Net","twitter_card":"summary_large_image","twitter_misc":{"Escrito por":"Agazeta.Net","Est. tempo de leitura":"1 minuto"},"schema":{"@context":"https:\/\/schema.org","@graph":[{"@type":"WebPage","@id":"https:\/\/nk7-testes.com.br\/agazeta\/em-sena-madureira-seis-sao-presos-e-quatro-apreendidos-pela-pm\/","url":"https:\/\/nk7-testes.com.br\/agazeta\/em-sena-madureira-seis-sao-presos-e-quatro-apreendidos-pela-pm\/","name":"No interior, seis pessoas presas e quatro apreendidas pela PM - Agazeta.net","isPartOf":{"@id":"https:\/\/nk7-testes.com.br\/agazeta\/#website"},"primaryImageOfPage":{"@id":"https:\/\/nk7-testes.com.br\/agazeta\/em-sena-madureira-seis-sao-presos-e-quatro-apreendidos-pela-pm\/#primaryimage"},"image":{"@id":"https:\/\/nk7-testes.com.br\/agazeta\/em-sena-madureira-seis-sao-presos-e-quatro-apreendidos-pela-pm\/#primaryimage"},"thumbnailUrl":"https:\/\/nk7-testes.com.br\/agazeta\/wp-content\/uploads\/2021\/05\/11-05-21-pm.jpeg","datePublished":"2021-05-11T14:22:20+00:00","author":{"@id":"https:\/\/nk7-testes.com.br\/agazeta\/#\/schema\/person\/6d6e25cb0435eb4a02fd44d30b4e3020"},"breadcrumb":{"@id":"https:\/\/nk7-testes.com.br\/agazeta\/em-sena-madureira-seis-sao-presos-e-quatro-apreendidos-pela-pm\/#breadcrumb"},"inLanguage":"pt-BR","potentialAction":[{"@type":"ReadAction","target":["https:\/\/nk7-testes.com.br\/agazeta\/em-sena-madureira-seis-sao-presos-e-quatro-apreendidos-pela-pm\/"]}]},{"@type":"ImageObject","inLanguage":"pt-BR","@id":"https:\/\/nk7-testes.com.br\/agazeta\/em-sena-madureira-seis-sao-presos-e-quatro-apreendidos-pela-pm\/#primaryimage","url":"https:\/\/nk7-testes.com.br\/agazeta\/wp-content\/uploads\/2021\/05\/11-05-21-pm.jpeg","contentUrl":"https:\/\/nk7-testes.com.br\/agazeta\/wp-content\/uploads\/2021\/05\/11-05-21-pm.jpeg","width":458,"height":340,"caption":"11-05-21-pm"},{"@type":"BreadcrumbList","@id":"https:\/\/nk7-testes.com.br\/agazeta\/em-sena-madureira-seis-sao-presos-e-quatro-apreendidos-pela-pm\/#breadcrumb","itemListElement":[{"@type":"ListItem","position":1,"name":"In\u00edcio","item":"https:\/\/nk7-testes.com.br\/agazeta\/"},{"@type":"ListItem","position":2,"name":"No interior, seis pessoas presas e quatro apreendidas pela PM"}]},{"@type":"WebSite","@id":"https:\/\/nk7-testes.com.br\/agazeta\/#website","url":"https:\/\/nk7-testes.com.br\/agazeta\/","name":"Agazeta.net","description":"Agazeta.net - Not\u00edcias de Rio Branco\/AC","potentialAction":[{"@type":"SearchAction","target":{"@type":"EntryPoint","urlTemplate":"https:\/\/nk7-testes.com.br\/agazeta\/?s={search_term_string}"},"query-input":{"@type":"PropertyValueSpecification","valueRequired":true,"valueName":"search_term_string"}}],"inLanguage":"pt-BR"},{"@type":"Person","@id":"https:\/\/nk7-testes.com.br\/agazeta\/#\/schema\/person\/6d6e25cb0435eb4a02fd44d30b4e3020","name":"Agazeta.Net","url":"https:\/\/nk7-testes.com.br\/agazeta\/author\/agazeta\/"}]}},"_links":{"self":[{"href":"https:\/\/nk7-testes.com.br\/agazeta\/wp-json\/wp\/v2\/posts\/54844","targetHints":{"allow":["GET"]}}],"collection":[{"href":"https:\/\/nk7-testes.com.br\/agazeta\/wp-json\/wp\/v2\/posts"}],"about":[{"href":"https:\/\/nk7-testes.com.br\/agazeta\/wp-json\/wp\/v2\/types\/post"}],"author":[{"embeddable":true,"href":"https:\/\/nk7-testes.com.br\/agazeta\/wp-json\/wp\/v2\/users\/4"}],"replies":[{"embeddable":true,"href":"https:\/\/nk7-testes.com.br\/agazeta\/wp-json\/wp\/v2\/comments?post=54844"}],"version-history":[{"count":0,"href":"https:\/\/nk7-testes.com.br\/agazeta\/wp-json\/wp\/v2\/posts\/54844\/revisions"}],"wp:featuredmedia":[{"embeddable":true,"href":"https:\/\/nk7-testes.com.br\/agazeta\/wp-json\/wp\/v2\/media\/54843"}],"wp:attachment":[{"href":"https:\/\/nk7-testes.com.br\/agazeta\/wp-json\/wp\/v2\/media?parent=54844"}],"wp:term":[{"taxonomy":"category","embeddable":true,"href":"https:\/\/nk7-testes.com.br\/agazeta\/wp-json\/wp\/v2\/categories?post=54844"},{"taxonomy":"post_tag","embeddable":true,"href":"https:\/\/nk7-testes.com.br\/agazeta\/wp-json\/wp\/v2\/tags?post=54844"}],"curies":[{"name":"wp","href":"https:\/\/api.w.org\/{rel}","templated":true}]}}