{"id":54796,"date":"2021-05-09T17:12:12","date_gmt":"2021-05-09T17:12:12","guid":{"rendered":"https:\/\/abarevegan.com.br\/index.php\/2021\/05\/09\/policiais-do-batalhao-ambiental-prenderam-tres-pessoas-em-senador-guiomard\/"},"modified":"2021-05-09T17:12:12","modified_gmt":"2021-05-09T17:12:12","slug":"policiais-do-batalhao-ambiental-prenderam-tres-pessoas-em-senador-guiomard","status":"publish","type":"post","link":"https:\/\/nk7-testes.com.br\/agazeta\/policiais-do-batalhao-ambiental-prenderam-tres-pessoas-em-senador-guiomard\/","title":{"rendered":"Policiais do Batalh\u00e3o Ambiental prenderam tr\u00eas pessoas"},"content":{"rendered":"<p style=\"text-align: justify;\">Tr\u00eas armas tamb\u00e9m foram apreendidas na a\u00e7\u00e3o<\/p>\n<p style=\"text-align: justify;\">Policiais militares do Batalh\u00e3o Ambiental prenderam tr\u00eas pessoas por porte ilegal de arma de fogo e apreenderam duas espingardas e um rifle, neste s\u00e1bado (8). <\/p>\n<p>Os policiais realizavam patrulhamento pelo Ramal do Brito, ap\u00f3s a ponte do Rio Iquiri, em Senador Guiormard, quando se depararam com os indiv\u00edduos que trafegavam em duas motocicletas. <\/p>\n<p>Ap\u00f3s receberem ordem de parada, os homens tentaram fugir, mas os policiais conseguiram abord\u00e1-los quil\u00f4metros \u00e0 frente. Com eles estava uma espingarda calibre .28 com quatro muni\u00e7\u00f5es, uma espingarda calibre .32 com 11 muni\u00e7\u00f5es e um rifle de press\u00e3o adaptado para calibre .22 com sete muni\u00e7\u00f5es intactas, al\u00e9m de fac\u00f5es, lanternas e aparatos para a montagem da chamada \u201cespera\u201d.<\/p>\n<p>Segundo a pol\u00edcia, os homens n\u00e3o eram moradores do ramal e admitiram que procuraram a regi\u00e3o para a pr\u00e1tica de ca\u00e7a de animais silvestres. <\/p>\n<p>Segundo o 1\u00b0 Tenente Randson, oficial da unidade, essa a\u00e7\u00e3o surte impacto positivo na comunidade local, pois esses indiv\u00edduos praticam a ca\u00e7a de forma profissional, o que acaba por mitigar a fauna e retirar dos moradores locais a possibilidade de praticar a ca\u00e7a de subsist\u00eancia.<\/p>\n","protected":false},"excerpt":{"rendered":"<p style=\"text-align: justify;\">Tr\u00eas armas tamb\u00e9m foram apreendidas na a\u00e7\u00e3o<\/p>\n","protected":false},"author":4,"featured_media":54795,"comment_status":"open","ping_status":"open","sticky":false,"template":"","format":"standard","meta":{"jnews-multi-image_gallery":[],"jnews_single_post":[],"jnews_primary_category":[],"jnews_social_meta":[],"jnews_review":[],"enable_review":"","type":"","name":"","summary":"","brand":"","sku":"","good":[],"bad":[],"score_override":"","override_value":"","rating":[],"price":[],"footnotes":""},"categories":[44],"tags":[],"class_list":["post-54796","post","type-post","status-publish","format-standard","has-post-thumbnail","hentry","category-policia"],"yoast_head":"<!-- This site is optimized with the Yoast SEO plugin v26.5 - https:\/\/yoast.com\/wordpress\/plugins\/seo\/ -->\n<title>Policiais do Batalh\u00e3o Ambiental prenderam tr\u00eas pessoas - Agazeta.net<\/title>\n<meta name=\"robots\" content=\"index, follow, max-snippet:-1, max-image-preview:large, max-video-preview:-1\" \/>\n<link rel=\"canonical\" href=\"https:\/\/nk7-testes.com.br\/agazeta\/policiais-do-batalhao-ambiental-prenderam-tres-pessoas-em-senador-guiomard\/\" \/>\n<meta property=\"og:locale\" content=\"pt_BR\" \/>\n<meta property=\"og:type\" content=\"article\" \/>\n<meta property=\"og:title\" content=\"Policiais do Batalh\u00e3o Ambiental prenderam tr\u00eas pessoas - Agazeta.net\" \/>\n<meta property=\"og:description\" content=\"Tr\u00eas armas tamb\u00e9m foram apreendidas na a\u00e7\u00e3o\" \/>\n<meta property=\"og:url\" content=\"https:\/\/nk7-testes.com.br\/agazeta\/policiais-do-batalhao-ambiental-prenderam-tres-pessoas-em-senador-guiomard\/\" \/>\n<meta property=\"og:site_name\" content=\"Agazeta.net\" \/>\n<meta property=\"article:published_time\" content=\"2021-05-09T17:12:12+00:00\" \/>\n<meta property=\"og:image\" content=\"https:\/\/nk7-testes.com.br\/agazeta\/wp-content\/uploads\/2021\/05\/09-05-21_policia-prende-tres-pessoas-em-senador-guiomard.jpg\" \/>\n\t<meta property=\"og:image:width\" content=\"458\" \/>\n\t<meta property=\"og:image:height\" content=\"340\" \/>\n\t<meta property=\"og:image:type\" content=\"image\/jpeg\" \/>\n<meta name=\"author\" content=\"Agazeta.Net\" \/>\n<meta name=\"twitter:card\" content=\"summary_large_image\" \/>\n<meta name=\"twitter:label1\" content=\"Escrito por\" \/>\n\t<meta name=\"twitter:data1\" content=\"Agazeta.Net\" \/>\n\t<meta name=\"twitter:label2\" content=\"Est. tempo de leitura\" \/>\n\t<meta name=\"twitter:data2\" content=\"1 minuto\" \/>\n<script type=\"application\/ld+json\" class=\"yoast-schema-graph\">{\"@context\":\"https:\/\/schema.org\",\"@graph\":[{\"@type\":\"WebPage\",\"@id\":\"https:\/\/nk7-testes.com.br\/agazeta\/policiais-do-batalhao-ambiental-prenderam-tres-pessoas-em-senador-guiomard\/\",\"url\":\"https:\/\/nk7-testes.com.br\/agazeta\/policiais-do-batalhao-ambiental-prenderam-tres-pessoas-em-senador-guiomard\/\",\"name\":\"Policiais do Batalh\u00e3o Ambiental prenderam tr\u00eas pessoas - Agazeta.net\",\"isPartOf\":{\"@id\":\"https:\/\/nk7-testes.com.br\/agazeta\/#website\"},\"primaryImageOfPage\":{\"@id\":\"https:\/\/nk7-testes.com.br\/agazeta\/policiais-do-batalhao-ambiental-prenderam-tres-pessoas-em-senador-guiomard\/#primaryimage\"},\"image\":{\"@id\":\"https:\/\/nk7-testes.com.br\/agazeta\/policiais-do-batalhao-ambiental-prenderam-tres-pessoas-em-senador-guiomard\/#primaryimage\"},\"thumbnailUrl\":\"https:\/\/nk7-testes.com.br\/agazeta\/wp-content\/uploads\/2021\/05\/09-05-21_policia-prende-tres-pessoas-em-senador-guiomard.jpg\",\"datePublished\":\"2021-05-09T17:12:12+00:00\",\"author\":{\"@id\":\"https:\/\/nk7-testes.com.br\/agazeta\/#\/schema\/person\/6d6e25cb0435eb4a02fd44d30b4e3020\"},\"breadcrumb\":{\"@id\":\"https:\/\/nk7-testes.com.br\/agazeta\/policiais-do-batalhao-ambiental-prenderam-tres-pessoas-em-senador-guiomard\/#breadcrumb\"},\"inLanguage\":\"pt-BR\",\"potentialAction\":[{\"@type\":\"ReadAction\",\"target\":[\"https:\/\/nk7-testes.com.br\/agazeta\/policiais-do-batalhao-ambiental-prenderam-tres-pessoas-em-senador-guiomard\/\"]}]},{\"@type\":\"ImageObject\",\"inLanguage\":\"pt-BR\",\"@id\":\"https:\/\/nk7-testes.com.br\/agazeta\/policiais-do-batalhao-ambiental-prenderam-tres-pessoas-em-senador-guiomard\/#primaryimage\",\"url\":\"https:\/\/nk7-testes.com.br\/agazeta\/wp-content\/uploads\/2021\/05\/09-05-21_policia-prende-tres-pessoas-em-senador-guiomard.jpg\",\"contentUrl\":\"https:\/\/nk7-testes.com.br\/agazeta\/wp-content\/uploads\/2021\/05\/09-05-21_policia-prende-tres-pessoas-em-senador-guiomard.jpg\",\"width\":458,\"height\":340,\"caption\":\"09-05-21 policia-prende-tr\u00eas-pessoas-em-senador-guiomard\"},{\"@type\":\"BreadcrumbList\",\"@id\":\"https:\/\/nk7-testes.com.br\/agazeta\/policiais-do-batalhao-ambiental-prenderam-tres-pessoas-em-senador-guiomard\/#breadcrumb\",\"itemListElement\":[{\"@type\":\"ListItem\",\"position\":1,\"name\":\"In\u00edcio\",\"item\":\"https:\/\/nk7-testes.com.br\/agazeta\/\"},{\"@type\":\"ListItem\",\"position\":2,\"name\":\"Policiais do Batalh\u00e3o Ambiental prenderam tr\u00eas pessoas\"}]},{\"@type\":\"WebSite\",\"@id\":\"https:\/\/nk7-testes.com.br\/agazeta\/#website\",\"url\":\"https:\/\/nk7-testes.com.br\/agazeta\/\",\"name\":\"Agazeta.net\",\"description\":\"Agazeta.net - Not\u00edcias de Rio Branco\/AC\",\"potentialAction\":[{\"@type\":\"SearchAction\",\"target\":{\"@type\":\"EntryPoint\",\"urlTemplate\":\"https:\/\/nk7-testes.com.br\/agazeta\/?s={search_term_string}\"},\"query-input\":{\"@type\":\"PropertyValueSpecification\",\"valueRequired\":true,\"valueName\":\"search_term_string\"}}],\"inLanguage\":\"pt-BR\"},{\"@type\":\"Person\",\"@id\":\"https:\/\/nk7-testes.com.br\/agazeta\/#\/schema\/person\/6d6e25cb0435eb4a02fd44d30b4e3020\",\"name\":\"Agazeta.Net\",\"url\":\"https:\/\/nk7-testes.com.br\/agazeta\/author\/agazeta\/\"}]}<\/script>\n<!-- \/ Yoast SEO plugin. -->","yoast_head_json":{"title":"Policiais do Batalh\u00e3o Ambiental prenderam tr\u00eas pessoas - Agazeta.net","robots":{"index":"index","follow":"follow","max-snippet":"max-snippet:-1","max-image-preview":"max-image-preview:large","max-video-preview":"max-video-preview:-1"},"canonical":"https:\/\/nk7-testes.com.br\/agazeta\/policiais-do-batalhao-ambiental-prenderam-tres-pessoas-em-senador-guiomard\/","og_locale":"pt_BR","og_type":"article","og_title":"Policiais do Batalh\u00e3o Ambiental prenderam tr\u00eas pessoas - Agazeta.net","og_description":"Tr\u00eas armas tamb\u00e9m foram apreendidas na a\u00e7\u00e3o","og_url":"https:\/\/nk7-testes.com.br\/agazeta\/policiais-do-batalhao-ambiental-prenderam-tres-pessoas-em-senador-guiomard\/","og_site_name":"Agazeta.net","article_published_time":"2021-05-09T17:12:12+00:00","og_image":[{"width":458,"height":340,"url":"https:\/\/nk7-testes.com.br\/agazeta\/wp-content\/uploads\/2021\/05\/09-05-21_policia-prende-tres-pessoas-em-senador-guiomard.jpg","type":"image\/jpeg"}],"author":"Agazeta.Net","twitter_card":"summary_large_image","twitter_misc":{"Escrito por":"Agazeta.Net","Est. tempo de leitura":"1 minuto"},"schema":{"@context":"https:\/\/schema.org","@graph":[{"@type":"WebPage","@id":"https:\/\/nk7-testes.com.br\/agazeta\/policiais-do-batalhao-ambiental-prenderam-tres-pessoas-em-senador-guiomard\/","url":"https:\/\/nk7-testes.com.br\/agazeta\/policiais-do-batalhao-ambiental-prenderam-tres-pessoas-em-senador-guiomard\/","name":"Policiais do Batalh\u00e3o Ambiental prenderam tr\u00eas pessoas - Agazeta.net","isPartOf":{"@id":"https:\/\/nk7-testes.com.br\/agazeta\/#website"},"primaryImageOfPage":{"@id":"https:\/\/nk7-testes.com.br\/agazeta\/policiais-do-batalhao-ambiental-prenderam-tres-pessoas-em-senador-guiomard\/#primaryimage"},"image":{"@id":"https:\/\/nk7-testes.com.br\/agazeta\/policiais-do-batalhao-ambiental-prenderam-tres-pessoas-em-senador-guiomard\/#primaryimage"},"thumbnailUrl":"https:\/\/nk7-testes.com.br\/agazeta\/wp-content\/uploads\/2021\/05\/09-05-21_policia-prende-tres-pessoas-em-senador-guiomard.jpg","datePublished":"2021-05-09T17:12:12+00:00","author":{"@id":"https:\/\/nk7-testes.com.br\/agazeta\/#\/schema\/person\/6d6e25cb0435eb4a02fd44d30b4e3020"},"breadcrumb":{"@id":"https:\/\/nk7-testes.com.br\/agazeta\/policiais-do-batalhao-ambiental-prenderam-tres-pessoas-em-senador-guiomard\/#breadcrumb"},"inLanguage":"pt-BR","potentialAction":[{"@type":"ReadAction","target":["https:\/\/nk7-testes.com.br\/agazeta\/policiais-do-batalhao-ambiental-prenderam-tres-pessoas-em-senador-guiomard\/"]}]},{"@type":"ImageObject","inLanguage":"pt-BR","@id":"https:\/\/nk7-testes.com.br\/agazeta\/policiais-do-batalhao-ambiental-prenderam-tres-pessoas-em-senador-guiomard\/#primaryimage","url":"https:\/\/nk7-testes.com.br\/agazeta\/wp-content\/uploads\/2021\/05\/09-05-21_policia-prende-tres-pessoas-em-senador-guiomard.jpg","contentUrl":"https:\/\/nk7-testes.com.br\/agazeta\/wp-content\/uploads\/2021\/05\/09-05-21_policia-prende-tres-pessoas-em-senador-guiomard.jpg","width":458,"height":340,"caption":"09-05-21 policia-prende-tr\u00eas-pessoas-em-senador-guiomard"},{"@type":"BreadcrumbList","@id":"https:\/\/nk7-testes.com.br\/agazeta\/policiais-do-batalhao-ambiental-prenderam-tres-pessoas-em-senador-guiomard\/#breadcrumb","itemListElement":[{"@type":"ListItem","position":1,"name":"In\u00edcio","item":"https:\/\/nk7-testes.com.br\/agazeta\/"},{"@type":"ListItem","position":2,"name":"Policiais do Batalh\u00e3o Ambiental prenderam tr\u00eas pessoas"}]},{"@type":"WebSite","@id":"https:\/\/nk7-testes.com.br\/agazeta\/#website","url":"https:\/\/nk7-testes.com.br\/agazeta\/","name":"Agazeta.net","description":"Agazeta.net - Not\u00edcias de Rio Branco\/AC","potentialAction":[{"@type":"SearchAction","target":{"@type":"EntryPoint","urlTemplate":"https:\/\/nk7-testes.com.br\/agazeta\/?s={search_term_string}"},"query-input":{"@type":"PropertyValueSpecification","valueRequired":true,"valueName":"search_term_string"}}],"inLanguage":"pt-BR"},{"@type":"Person","@id":"https:\/\/nk7-testes.com.br\/agazeta\/#\/schema\/person\/6d6e25cb0435eb4a02fd44d30b4e3020","name":"Agazeta.Net","url":"https:\/\/nk7-testes.com.br\/agazeta\/author\/agazeta\/"}]}},"_links":{"self":[{"href":"https:\/\/nk7-testes.com.br\/agazeta\/wp-json\/wp\/v2\/posts\/54796","targetHints":{"allow":["GET"]}}],"collection":[{"href":"https:\/\/nk7-testes.com.br\/agazeta\/wp-json\/wp\/v2\/posts"}],"about":[{"href":"https:\/\/nk7-testes.com.br\/agazeta\/wp-json\/wp\/v2\/types\/post"}],"author":[{"embeddable":true,"href":"https:\/\/nk7-testes.com.br\/agazeta\/wp-json\/wp\/v2\/users\/4"}],"replies":[{"embeddable":true,"href":"https:\/\/nk7-testes.com.br\/agazeta\/wp-json\/wp\/v2\/comments?post=54796"}],"version-history":[{"count":0,"href":"https:\/\/nk7-testes.com.br\/agazeta\/wp-json\/wp\/v2\/posts\/54796\/revisions"}],"wp:featuredmedia":[{"embeddable":true,"href":"https:\/\/nk7-testes.com.br\/agazeta\/wp-json\/wp\/v2\/media\/54795"}],"wp:attachment":[{"href":"https:\/\/nk7-testes.com.br\/agazeta\/wp-json\/wp\/v2\/media?parent=54796"}],"wp:term":[{"taxonomy":"category","embeddable":true,"href":"https:\/\/nk7-testes.com.br\/agazeta\/wp-json\/wp\/v2\/categories?post=54796"},{"taxonomy":"post_tag","embeddable":true,"href":"https:\/\/nk7-testes.com.br\/agazeta\/wp-json\/wp\/v2\/tags?post=54796"}],"curies":[{"name":"wp","href":"https:\/\/api.w.org\/{rel}","templated":true}]}}