{"id":54726,"date":"2021-05-06T19:22:41","date_gmt":"2021-05-06T19:22:41","guid":{"rendered":"https:\/\/abarevegan.com.br\/index.php\/2021\/05\/06\/policiamento-ambiental-e-imac-divulgam-resultados-de-operacao\/"},"modified":"2021-05-06T19:22:41","modified_gmt":"2021-05-06T19:22:41","slug":"policiamento-ambiental-e-imac-divulgam-resultados-de-operacao","status":"publish","type":"post","link":"https:\/\/nk7-testes.com.br\/agazeta\/policiamento-ambiental-e-imac-divulgam-resultados-de-operacao\/","title":{"rendered":"Policiamento Ambiental e Imac divulgam resultados de opera\u00e7\u00e3o"},"content":{"rendered":"<p style=\"text-align: justify;\"><span style=\"font-size: 13.2px;\">Opera\u00e7\u00e3o durou 18 dias ininterruptos em Acrel\u00e2ndia<\/span><\/p>\n<p style=\"text-align: justify;\">O Batalh\u00e3o de Policiamento Ambiental junto ao Instituto de Meio Ambiente do Acre (Imac) divulgaram na manh\u00e3 desta quinta-feira (6) os resultados da opera\u00e7\u00e3o realizada em Acrel\u00e2ndia em rela\u00e7\u00e3o ao furto de madeiras.<\/p>\n<p style=\"text-align: justify;\">Foram apreendidos mais de 352m\u00b2 de madeira, al\u00e9m de tratores, motosserras, tr\u00eas pessoas foram presas em flagrante e foram realizadas tr\u00eas multas simples, sendo um total de sete autos de infra\u00e7\u00e3o.<\/p>\n<p style=\"text-align: justify;\">Foram 36 homens que atuaram durante essa opera\u00e7\u00e3o em 18 dias ininterruptos dentro da mata em busca dos criminosos.<\/p>\n<p style=\"text-align: justify;\">O Major Albuquerque \u00e9 o comandante do Batalh\u00e3o de Policiamento Ambiental e considera que essa opera\u00e7\u00e3o causou um preju\u00edzo financeiro naqueles que estavam envolvidos em atividades ilegais.<\/p>\n<p style=\"text-align: justify;\">\u201cAl\u00e9m das apreens\u00f5es de trator e motosserra, a principal foi a madeira, porque foi um golpe na arrecada\u00e7\u00e3o, se analisarmos a madeira sa\u00eda de gra\u00e7a para eles que iam vender e obter tudo em lucro e essa apreens\u00e3o fio uma paulada em quem estava na atividade ilegal\u201d ressaltou o Major Albuquerque.<\/p>\n<p style=\"text-align: justify;\">O Comandante da Pol\u00edcia Militar, Paulo C\u00e9sar ressaltou que foi gra\u00e7as a recursos adquiridos que foi poss\u00edvel conseguir viaturas para o batalh\u00e3o ambiental para os munic\u00edpios de Rio Branco e Cruzeiro do Sul.<\/p>\n<p style=\"text-align: justify;\">\u201cT\u00ednhamos problemas de manuten\u00e7\u00e3o de motores de barco e quadriciclos e isso foi resolvido, esses equipamentos s\u00e3o essenciais para o policiamento sen\u00e3o os policiais n\u00e3o conseguem chegar at\u00e9 o local\u201d disse.<\/p>\n<p style=\"text-align: justify;\">Andr\u00e9 Hassem, presidente do Imac ressaltou a import\u00e2ncia da den\u00fancia feita pelas pessoas.<\/p>\n<p style=\"text-align: justify;\">\u201cAs pessoas que est\u00e3o sendo prejudicadas com essas a\u00e7\u00f5es est\u00e3o tomando coragem e denunciando e isso tem ajudado muito, hoje aumentamos as estruturas e estamos ampliando a estrutura\u00e7\u00e3o do \u00f3rg\u00e3o\u201d concluiu Andr\u00e9 Hassem.<\/p>\n","protected":false},"excerpt":{"rendered":"<p style=\"text-align: justify;\"><span style=\"font-size: 13.2px;\">Opera\u00e7\u00e3o durou 18 dias ininterruptos em Acrel\u00e2ndia<\/span><\/p>\n","protected":false},"author":4,"featured_media":54725,"comment_status":"open","ping_status":"open","sticky":false,"template":"","format":"standard","meta":{"jnews-multi-image_gallery":[],"jnews_single_post":[],"jnews_primary_category":[],"jnews_social_meta":[],"jnews_review":[],"enable_review":"","type":"","name":"","summary":"","brand":"","sku":"","good":[],"bad":[],"score_override":"","override_value":"","rating":[],"price":[],"footnotes":""},"categories":[44],"tags":[],"class_list":["post-54726","post","type-post","status-publish","format-standard","has-post-thumbnail","hentry","category-policia"],"yoast_head":"<!-- This site is optimized with the Yoast SEO plugin v26.5 - https:\/\/yoast.com\/wordpress\/plugins\/seo\/ -->\n<title>Policiamento Ambiental e Imac divulgam resultados de opera\u00e7\u00e3o - Agazeta.net<\/title>\n<meta name=\"robots\" content=\"index, follow, max-snippet:-1, max-image-preview:large, max-video-preview:-1\" \/>\n<link rel=\"canonical\" href=\"https:\/\/nk7-testes.com.br\/agazeta\/policiamento-ambiental-e-imac-divulgam-resultados-de-operacao\/\" \/>\n<meta property=\"og:locale\" content=\"pt_BR\" \/>\n<meta property=\"og:type\" content=\"article\" \/>\n<meta property=\"og:title\" content=\"Policiamento Ambiental e Imac divulgam resultados de opera\u00e7\u00e3o - Agazeta.net\" \/>\n<meta property=\"og:description\" content=\"Opera\u00e7\u00e3o durou 18 dias ininterruptos em Acrel\u00e2ndia\" \/>\n<meta property=\"og:url\" content=\"https:\/\/nk7-testes.com.br\/agazeta\/policiamento-ambiental-e-imac-divulgam-resultados-de-operacao\/\" \/>\n<meta property=\"og:site_name\" content=\"Agazeta.net\" \/>\n<meta property=\"article:published_time\" content=\"2021-05-06T19:22:41+00:00\" \/>\n<meta property=\"og:image\" content=\"https:\/\/nk7-testes.com.br\/agazeta\/wp-content\/uploads\/2021\/05\/06-05-21_batalhao-de-policiamento-ambiental-e-imac-divulgam-resultados-de-operacao-em-acrelandia.png\" \/>\n\t<meta property=\"og:image:width\" content=\"458\" \/>\n\t<meta property=\"og:image:height\" content=\"340\" \/>\n\t<meta property=\"og:image:type\" content=\"image\/png\" \/>\n<meta name=\"author\" content=\"Agazeta.Net\" \/>\n<meta name=\"twitter:card\" content=\"summary_large_image\" \/>\n<meta name=\"twitter:label1\" content=\"Escrito por\" \/>\n\t<meta name=\"twitter:data1\" content=\"Agazeta.Net\" \/>\n\t<meta name=\"twitter:label2\" content=\"Est. tempo de leitura\" \/>\n\t<meta name=\"twitter:data2\" content=\"2 minutos\" \/>\n<script type=\"application\/ld+json\" class=\"yoast-schema-graph\">{\"@context\":\"https:\/\/schema.org\",\"@graph\":[{\"@type\":\"WebPage\",\"@id\":\"https:\/\/nk7-testes.com.br\/agazeta\/policiamento-ambiental-e-imac-divulgam-resultados-de-operacao\/\",\"url\":\"https:\/\/nk7-testes.com.br\/agazeta\/policiamento-ambiental-e-imac-divulgam-resultados-de-operacao\/\",\"name\":\"Policiamento Ambiental e Imac divulgam resultados de opera\u00e7\u00e3o - Agazeta.net\",\"isPartOf\":{\"@id\":\"https:\/\/nk7-testes.com.br\/agazeta\/#website\"},\"primaryImageOfPage\":{\"@id\":\"https:\/\/nk7-testes.com.br\/agazeta\/policiamento-ambiental-e-imac-divulgam-resultados-de-operacao\/#primaryimage\"},\"image\":{\"@id\":\"https:\/\/nk7-testes.com.br\/agazeta\/policiamento-ambiental-e-imac-divulgam-resultados-de-operacao\/#primaryimage\"},\"thumbnailUrl\":\"https:\/\/nk7-testes.com.br\/agazeta\/wp-content\/uploads\/2021\/05\/06-05-21_batalhao-de-policiamento-ambiental-e-imac-divulgam-resultados-de-operacao-em-acrelandia.png\",\"datePublished\":\"2021-05-06T19:22:41+00:00\",\"author\":{\"@id\":\"https:\/\/nk7-testes.com.br\/agazeta\/#\/schema\/person\/6d6e25cb0435eb4a02fd44d30b4e3020\"},\"breadcrumb\":{\"@id\":\"https:\/\/nk7-testes.com.br\/agazeta\/policiamento-ambiental-e-imac-divulgam-resultados-de-operacao\/#breadcrumb\"},\"inLanguage\":\"pt-BR\",\"potentialAction\":[{\"@type\":\"ReadAction\",\"target\":[\"https:\/\/nk7-testes.com.br\/agazeta\/policiamento-ambiental-e-imac-divulgam-resultados-de-operacao\/\"]}]},{\"@type\":\"ImageObject\",\"inLanguage\":\"pt-BR\",\"@id\":\"https:\/\/nk7-testes.com.br\/agazeta\/policiamento-ambiental-e-imac-divulgam-resultados-de-operacao\/#primaryimage\",\"url\":\"https:\/\/nk7-testes.com.br\/agazeta\/wp-content\/uploads\/2021\/05\/06-05-21_batalhao-de-policiamento-ambiental-e-imac-divulgam-resultados-de-operacao-em-acrelandia.png\",\"contentUrl\":\"https:\/\/nk7-testes.com.br\/agazeta\/wp-content\/uploads\/2021\/05\/06-05-21_batalhao-de-policiamento-ambiental-e-imac-divulgam-resultados-de-operacao-em-acrelandia.png\",\"width\":458,\"height\":340,\"caption\":\"06-05-21 batalh\u00e3o-de-policiamento-ambiental-e-imac-divulgam-resultados-de-opera\u00e7\u00e3o-em-acrelandia\"},{\"@type\":\"BreadcrumbList\",\"@id\":\"https:\/\/nk7-testes.com.br\/agazeta\/policiamento-ambiental-e-imac-divulgam-resultados-de-operacao\/#breadcrumb\",\"itemListElement\":[{\"@type\":\"ListItem\",\"position\":1,\"name\":\"In\u00edcio\",\"item\":\"https:\/\/nk7-testes.com.br\/agazeta\/\"},{\"@type\":\"ListItem\",\"position\":2,\"name\":\"Policiamento Ambiental e Imac divulgam resultados de opera\u00e7\u00e3o\"}]},{\"@type\":\"WebSite\",\"@id\":\"https:\/\/nk7-testes.com.br\/agazeta\/#website\",\"url\":\"https:\/\/nk7-testes.com.br\/agazeta\/\",\"name\":\"Agazeta.net\",\"description\":\"Agazeta.net - Not\u00edcias de Rio Branco\/AC\",\"potentialAction\":[{\"@type\":\"SearchAction\",\"target\":{\"@type\":\"EntryPoint\",\"urlTemplate\":\"https:\/\/nk7-testes.com.br\/agazeta\/?s={search_term_string}\"},\"query-input\":{\"@type\":\"PropertyValueSpecification\",\"valueRequired\":true,\"valueName\":\"search_term_string\"}}],\"inLanguage\":\"pt-BR\"},{\"@type\":\"Person\",\"@id\":\"https:\/\/nk7-testes.com.br\/agazeta\/#\/schema\/person\/6d6e25cb0435eb4a02fd44d30b4e3020\",\"name\":\"Agazeta.Net\",\"url\":\"https:\/\/nk7-testes.com.br\/agazeta\/author\/agazeta\/\"}]}<\/script>\n<!-- \/ Yoast SEO plugin. -->","yoast_head_json":{"title":"Policiamento Ambiental e Imac divulgam resultados de opera\u00e7\u00e3o - Agazeta.net","robots":{"index":"index","follow":"follow","max-snippet":"max-snippet:-1","max-image-preview":"max-image-preview:large","max-video-preview":"max-video-preview:-1"},"canonical":"https:\/\/nk7-testes.com.br\/agazeta\/policiamento-ambiental-e-imac-divulgam-resultados-de-operacao\/","og_locale":"pt_BR","og_type":"article","og_title":"Policiamento Ambiental e Imac divulgam resultados de opera\u00e7\u00e3o - Agazeta.net","og_description":"Opera\u00e7\u00e3o durou 18 dias ininterruptos em Acrel\u00e2ndia","og_url":"https:\/\/nk7-testes.com.br\/agazeta\/policiamento-ambiental-e-imac-divulgam-resultados-de-operacao\/","og_site_name":"Agazeta.net","article_published_time":"2021-05-06T19:22:41+00:00","og_image":[{"width":458,"height":340,"url":"https:\/\/nk7-testes.com.br\/agazeta\/wp-content\/uploads\/2021\/05\/06-05-21_batalhao-de-policiamento-ambiental-e-imac-divulgam-resultados-de-operacao-em-acrelandia.png","type":"image\/png"}],"author":"Agazeta.Net","twitter_card":"summary_large_image","twitter_misc":{"Escrito por":"Agazeta.Net","Est. tempo de leitura":"2 minutos"},"schema":{"@context":"https:\/\/schema.org","@graph":[{"@type":"WebPage","@id":"https:\/\/nk7-testes.com.br\/agazeta\/policiamento-ambiental-e-imac-divulgam-resultados-de-operacao\/","url":"https:\/\/nk7-testes.com.br\/agazeta\/policiamento-ambiental-e-imac-divulgam-resultados-de-operacao\/","name":"Policiamento Ambiental e Imac divulgam resultados de opera\u00e7\u00e3o - Agazeta.net","isPartOf":{"@id":"https:\/\/nk7-testes.com.br\/agazeta\/#website"},"primaryImageOfPage":{"@id":"https:\/\/nk7-testes.com.br\/agazeta\/policiamento-ambiental-e-imac-divulgam-resultados-de-operacao\/#primaryimage"},"image":{"@id":"https:\/\/nk7-testes.com.br\/agazeta\/policiamento-ambiental-e-imac-divulgam-resultados-de-operacao\/#primaryimage"},"thumbnailUrl":"https:\/\/nk7-testes.com.br\/agazeta\/wp-content\/uploads\/2021\/05\/06-05-21_batalhao-de-policiamento-ambiental-e-imac-divulgam-resultados-de-operacao-em-acrelandia.png","datePublished":"2021-05-06T19:22:41+00:00","author":{"@id":"https:\/\/nk7-testes.com.br\/agazeta\/#\/schema\/person\/6d6e25cb0435eb4a02fd44d30b4e3020"},"breadcrumb":{"@id":"https:\/\/nk7-testes.com.br\/agazeta\/policiamento-ambiental-e-imac-divulgam-resultados-de-operacao\/#breadcrumb"},"inLanguage":"pt-BR","potentialAction":[{"@type":"ReadAction","target":["https:\/\/nk7-testes.com.br\/agazeta\/policiamento-ambiental-e-imac-divulgam-resultados-de-operacao\/"]}]},{"@type":"ImageObject","inLanguage":"pt-BR","@id":"https:\/\/nk7-testes.com.br\/agazeta\/policiamento-ambiental-e-imac-divulgam-resultados-de-operacao\/#primaryimage","url":"https:\/\/nk7-testes.com.br\/agazeta\/wp-content\/uploads\/2021\/05\/06-05-21_batalhao-de-policiamento-ambiental-e-imac-divulgam-resultados-de-operacao-em-acrelandia.png","contentUrl":"https:\/\/nk7-testes.com.br\/agazeta\/wp-content\/uploads\/2021\/05\/06-05-21_batalhao-de-policiamento-ambiental-e-imac-divulgam-resultados-de-operacao-em-acrelandia.png","width":458,"height":340,"caption":"06-05-21 batalh\u00e3o-de-policiamento-ambiental-e-imac-divulgam-resultados-de-opera\u00e7\u00e3o-em-acrelandia"},{"@type":"BreadcrumbList","@id":"https:\/\/nk7-testes.com.br\/agazeta\/policiamento-ambiental-e-imac-divulgam-resultados-de-operacao\/#breadcrumb","itemListElement":[{"@type":"ListItem","position":1,"name":"In\u00edcio","item":"https:\/\/nk7-testes.com.br\/agazeta\/"},{"@type":"ListItem","position":2,"name":"Policiamento Ambiental e Imac divulgam resultados de opera\u00e7\u00e3o"}]},{"@type":"WebSite","@id":"https:\/\/nk7-testes.com.br\/agazeta\/#website","url":"https:\/\/nk7-testes.com.br\/agazeta\/","name":"Agazeta.net","description":"Agazeta.net - Not\u00edcias de Rio Branco\/AC","potentialAction":[{"@type":"SearchAction","target":{"@type":"EntryPoint","urlTemplate":"https:\/\/nk7-testes.com.br\/agazeta\/?s={search_term_string}"},"query-input":{"@type":"PropertyValueSpecification","valueRequired":true,"valueName":"search_term_string"}}],"inLanguage":"pt-BR"},{"@type":"Person","@id":"https:\/\/nk7-testes.com.br\/agazeta\/#\/schema\/person\/6d6e25cb0435eb4a02fd44d30b4e3020","name":"Agazeta.Net","url":"https:\/\/nk7-testes.com.br\/agazeta\/author\/agazeta\/"}]}},"_links":{"self":[{"href":"https:\/\/nk7-testes.com.br\/agazeta\/wp-json\/wp\/v2\/posts\/54726","targetHints":{"allow":["GET"]}}],"collection":[{"href":"https:\/\/nk7-testes.com.br\/agazeta\/wp-json\/wp\/v2\/posts"}],"about":[{"href":"https:\/\/nk7-testes.com.br\/agazeta\/wp-json\/wp\/v2\/types\/post"}],"author":[{"embeddable":true,"href":"https:\/\/nk7-testes.com.br\/agazeta\/wp-json\/wp\/v2\/users\/4"}],"replies":[{"embeddable":true,"href":"https:\/\/nk7-testes.com.br\/agazeta\/wp-json\/wp\/v2\/comments?post=54726"}],"version-history":[{"count":0,"href":"https:\/\/nk7-testes.com.br\/agazeta\/wp-json\/wp\/v2\/posts\/54726\/revisions"}],"wp:featuredmedia":[{"embeddable":true,"href":"https:\/\/nk7-testes.com.br\/agazeta\/wp-json\/wp\/v2\/media\/54725"}],"wp:attachment":[{"href":"https:\/\/nk7-testes.com.br\/agazeta\/wp-json\/wp\/v2\/media?parent=54726"}],"wp:term":[{"taxonomy":"category","embeddable":true,"href":"https:\/\/nk7-testes.com.br\/agazeta\/wp-json\/wp\/v2\/categories?post=54726"},{"taxonomy":"post_tag","embeddable":true,"href":"https:\/\/nk7-testes.com.br\/agazeta\/wp-json\/wp\/v2\/tags?post=54726"}],"curies":[{"name":"wp","href":"https:\/\/api.w.org\/{rel}","templated":true}]}}