{"id":54695,"date":"2021-05-05T18:51:26","date_gmt":"2021-05-05T18:51:26","guid":{"rendered":"https:\/\/abarevegan.com.br\/index.php\/2021\/05\/05\/homem-suspeito-de-participar-de-tiroteio-na-cidade-do-povo-e-preso\/"},"modified":"2021-05-05T18:51:26","modified_gmt":"2021-05-05T18:51:26","slug":"homem-suspeito-de-participar-de-tiroteio-na-cidade-do-povo-e-preso","status":"publish","type":"post","link":"https:\/\/nk7-testes.com.br\/agazeta\/homem-suspeito-de-participar-de-tiroteio-na-cidade-do-povo-e-preso\/","title":{"rendered":"Homem suspeito de participar de tiroteio na Cidade do Povo \u00e9 preso"},"content":{"rendered":"<p style=\"text-align: justify;\"><span style=\"font-size: 13.2px;\">Segundo a pol\u00edcia, o homem pertence a organiza\u00e7\u00e3o criminosa<\/span><\/p>\n<p style=\"text-align: justify;\">A Pol\u00edcia Civil do Acre prendeu na manh\u00e3 desta quarta-feira (5) no bairro Vit\u00f3ria, um homem de 20 anos que estava sendo investigado por ser o suposto respons\u00e1vel por coordenar ataque a rivais ocorridos no conjunto habitacional Cidade do Povo.<\/p>\n<p style=\"text-align: justify;\">O acusado, segundo a pol\u00edcia tem envolvimento com uma organiza\u00e7\u00e3o criminosa e foi apontando como um dos respons\u00e1veis pelas a\u00e7\u00f5es criminosas ocorridas no conjunto habitacional Cidade do Povo. Al\u00e9m desse suspeito, a pol\u00edcia civil j\u00e1 prendeu outros quatros suspeitos de integrar a organiza\u00e7\u00e3o criminosa que participaram da a\u00e7\u00e3o criminosa na Cidade do Povo.<\/p>\n<p style=\"text-align: justify;\">O investigado foi preso em um resid\u00eancia no bairro Vit\u00f3ria, na parte alta da cidade, onde, de acordo com a pol\u00edcia, estava escondido desde o dia do crime. O local passou por minuciosa revista para coletar elementos que possam comprovar a autoria de outros delitos.<\/p>\n<p style=\"text-align: justify;\">A pol\u00edcia informou que o homem tamb\u00e9m \u00e9 investigado pelo cometimento de v\u00e1rios homic\u00eddios ocorridos antes da data do confronto ocorrido em 5 de abril deste ano.<\/p>\n<p style=\"text-align: justify;\">A pol\u00edcia civil considera o homem como algu\u00e9m de alta periculosidade, j\u00e1 que, de acordo com as investiga\u00e7\u00f5es participou de v\u00e1rias a\u00e7\u00f5es criminosas que aconteceram na capital acreana nos \u00faltimos cinco anos. Um dos casos, para a pol\u00edcia, ele foi um dos autores de disparos de armas de fogo que aconteceu no dia 5 de abril de 2021.<\/p>\n<p style=\"text-align: justify;\">De acordo com a pol\u00edcia quando o ataque aconteceu, os envolvidos no crime roubaram uma caminhonete e uma motocicleta para fuga. Alguns metros depois, eles abandonaram os ve\u00edculos e conseguiram fugir do local. A pol\u00edcia recuperou os ve\u00edculos roubados, mas nenhum dos envolvidos foi preso na \u00e9poca.<\/p>\n<p style=\"text-align: justify;\">Para pol\u00edcia o envolvimento do acusado foi comprovado por sua apari\u00e7\u00e3o em um v\u00eddeo onde o mesmo empunha arma de fogo e realizava disparos, ele foi encaminhado \u00e0 Delegacia de Homic\u00eddio e Prote\u00e7\u00e3o a Pessoa para procedimentos de praxe, onde ser\u00e1 interrogado pelo delegado Cristiano Bastos e em seguida ser\u00e1 colocado \u00e0 disposi\u00e7\u00e3o da justi\u00e7a.<\/p>\n","protected":false},"excerpt":{"rendered":"<p style=\"text-align: justify;\"><span style=\"font-size: 13.2px;\">Segundo a pol\u00edcia, o homem pertence a organiza\u00e7\u00e3o criminosa<\/span><\/p>\n","protected":false},"author":4,"featured_media":54694,"comment_status":"open","ping_status":"open","sticky":false,"template":"","format":"standard","meta":{"jnews-multi-image_gallery":[],"jnews_single_post":[],"jnews_primary_category":[],"jnews_social_meta":[],"jnews_review":[],"enable_review":"","type":"","name":"","summary":"","brand":"","sku":"","good":[],"bad":[],"score_override":"","override_value":"","rating":[],"price":[],"footnotes":""},"categories":[44],"tags":[],"class_list":["post-54695","post","type-post","status-publish","format-standard","has-post-thumbnail","hentry","category-policia"],"yoast_head":"<!-- This site is optimized with the Yoast SEO plugin v26.5 - https:\/\/yoast.com\/wordpress\/plugins\/seo\/ -->\n<title>Homem suspeito de participar de tiroteio na Cidade do Povo \u00e9 preso - Agazeta.net<\/title>\n<meta name=\"robots\" content=\"index, follow, max-snippet:-1, max-image-preview:large, max-video-preview:-1\" \/>\n<link rel=\"canonical\" href=\"https:\/\/nk7-testes.com.br\/agazeta\/homem-suspeito-de-participar-de-tiroteio-na-cidade-do-povo-e-preso\/\" \/>\n<meta property=\"og:locale\" content=\"pt_BR\" \/>\n<meta property=\"og:type\" content=\"article\" \/>\n<meta property=\"og:title\" content=\"Homem suspeito de participar de tiroteio na Cidade do Povo \u00e9 preso - Agazeta.net\" \/>\n<meta property=\"og:description\" content=\"Segundo a pol\u00edcia, o homem pertence a organiza\u00e7\u00e3o criminosa\" \/>\n<meta property=\"og:url\" content=\"https:\/\/nk7-testes.com.br\/agazeta\/homem-suspeito-de-participar-de-tiroteio-na-cidade-do-povo-e-preso\/\" \/>\n<meta property=\"og:site_name\" content=\"Agazeta.net\" \/>\n<meta property=\"article:published_time\" content=\"2021-05-05T18:51:26+00:00\" \/>\n<meta property=\"og:image\" content=\"https:\/\/nk7-testes.com.br\/agazeta\/wp-content\/uploads\/2021\/05\/05-05-21_homem-suspeito-de-participar-de-tiroteiro-na-cidade-do-povo-e-preso.jpeg\" \/>\n\t<meta property=\"og:image:width\" content=\"458\" \/>\n\t<meta property=\"og:image:height\" content=\"340\" \/>\n\t<meta property=\"og:image:type\" content=\"image\/jpeg\" \/>\n<meta name=\"author\" content=\"Agazeta.Net\" \/>\n<meta name=\"twitter:card\" content=\"summary_large_image\" \/>\n<meta name=\"twitter:label1\" content=\"Escrito por\" \/>\n\t<meta name=\"twitter:data1\" content=\"Agazeta.Net\" \/>\n\t<meta name=\"twitter:label2\" content=\"Est. tempo de leitura\" \/>\n\t<meta name=\"twitter:data2\" content=\"2 minutos\" \/>\n<script type=\"application\/ld+json\" class=\"yoast-schema-graph\">{\"@context\":\"https:\/\/schema.org\",\"@graph\":[{\"@type\":\"WebPage\",\"@id\":\"https:\/\/nk7-testes.com.br\/agazeta\/homem-suspeito-de-participar-de-tiroteio-na-cidade-do-povo-e-preso\/\",\"url\":\"https:\/\/nk7-testes.com.br\/agazeta\/homem-suspeito-de-participar-de-tiroteio-na-cidade-do-povo-e-preso\/\",\"name\":\"Homem suspeito de participar de tiroteio na Cidade do Povo \u00e9 preso - Agazeta.net\",\"isPartOf\":{\"@id\":\"https:\/\/nk7-testes.com.br\/agazeta\/#website\"},\"primaryImageOfPage\":{\"@id\":\"https:\/\/nk7-testes.com.br\/agazeta\/homem-suspeito-de-participar-de-tiroteio-na-cidade-do-povo-e-preso\/#primaryimage\"},\"image\":{\"@id\":\"https:\/\/nk7-testes.com.br\/agazeta\/homem-suspeito-de-participar-de-tiroteio-na-cidade-do-povo-e-preso\/#primaryimage\"},\"thumbnailUrl\":\"https:\/\/nk7-testes.com.br\/agazeta\/wp-content\/uploads\/2021\/05\/05-05-21_homem-suspeito-de-participar-de-tiroteiro-na-cidade-do-povo-e-preso.jpeg\",\"datePublished\":\"2021-05-05T18:51:26+00:00\",\"author\":{\"@id\":\"https:\/\/nk7-testes.com.br\/agazeta\/#\/schema\/person\/6d6e25cb0435eb4a02fd44d30b4e3020\"},\"breadcrumb\":{\"@id\":\"https:\/\/nk7-testes.com.br\/agazeta\/homem-suspeito-de-participar-de-tiroteio-na-cidade-do-povo-e-preso\/#breadcrumb\"},\"inLanguage\":\"pt-BR\",\"potentialAction\":[{\"@type\":\"ReadAction\",\"target\":[\"https:\/\/nk7-testes.com.br\/agazeta\/homem-suspeito-de-participar-de-tiroteio-na-cidade-do-povo-e-preso\/\"]}]},{\"@type\":\"ImageObject\",\"inLanguage\":\"pt-BR\",\"@id\":\"https:\/\/nk7-testes.com.br\/agazeta\/homem-suspeito-de-participar-de-tiroteio-na-cidade-do-povo-e-preso\/#primaryimage\",\"url\":\"https:\/\/nk7-testes.com.br\/agazeta\/wp-content\/uploads\/2021\/05\/05-05-21_homem-suspeito-de-participar-de-tiroteiro-na-cidade-do-povo-e-preso.jpeg\",\"contentUrl\":\"https:\/\/nk7-testes.com.br\/agazeta\/wp-content\/uploads\/2021\/05\/05-05-21_homem-suspeito-de-participar-de-tiroteiro-na-cidade-do-povo-e-preso.jpeg\",\"width\":458,\"height\":340,\"caption\":\"05-05-21 homem-suspeito-de-participar-de-tiroteiro-na-cidade-do-povo-e-preso\"},{\"@type\":\"BreadcrumbList\",\"@id\":\"https:\/\/nk7-testes.com.br\/agazeta\/homem-suspeito-de-participar-de-tiroteio-na-cidade-do-povo-e-preso\/#breadcrumb\",\"itemListElement\":[{\"@type\":\"ListItem\",\"position\":1,\"name\":\"In\u00edcio\",\"item\":\"https:\/\/nk7-testes.com.br\/agazeta\/\"},{\"@type\":\"ListItem\",\"position\":2,\"name\":\"Homem suspeito de participar de tiroteio na Cidade do Povo \u00e9 preso\"}]},{\"@type\":\"WebSite\",\"@id\":\"https:\/\/nk7-testes.com.br\/agazeta\/#website\",\"url\":\"https:\/\/nk7-testes.com.br\/agazeta\/\",\"name\":\"Agazeta.net\",\"description\":\"Agazeta.net - Not\u00edcias de Rio Branco\/AC\",\"potentialAction\":[{\"@type\":\"SearchAction\",\"target\":{\"@type\":\"EntryPoint\",\"urlTemplate\":\"https:\/\/nk7-testes.com.br\/agazeta\/?s={search_term_string}\"},\"query-input\":{\"@type\":\"PropertyValueSpecification\",\"valueRequired\":true,\"valueName\":\"search_term_string\"}}],\"inLanguage\":\"pt-BR\"},{\"@type\":\"Person\",\"@id\":\"https:\/\/nk7-testes.com.br\/agazeta\/#\/schema\/person\/6d6e25cb0435eb4a02fd44d30b4e3020\",\"name\":\"Agazeta.Net\",\"url\":\"https:\/\/nk7-testes.com.br\/agazeta\/author\/agazeta\/\"}]}<\/script>\n<!-- \/ Yoast SEO plugin. -->","yoast_head_json":{"title":"Homem suspeito de participar de tiroteio na Cidade do Povo \u00e9 preso - Agazeta.net","robots":{"index":"index","follow":"follow","max-snippet":"max-snippet:-1","max-image-preview":"max-image-preview:large","max-video-preview":"max-video-preview:-1"},"canonical":"https:\/\/nk7-testes.com.br\/agazeta\/homem-suspeito-de-participar-de-tiroteio-na-cidade-do-povo-e-preso\/","og_locale":"pt_BR","og_type":"article","og_title":"Homem suspeito de participar de tiroteio na Cidade do Povo \u00e9 preso - Agazeta.net","og_description":"Segundo a pol\u00edcia, o homem pertence a organiza\u00e7\u00e3o criminosa","og_url":"https:\/\/nk7-testes.com.br\/agazeta\/homem-suspeito-de-participar-de-tiroteio-na-cidade-do-povo-e-preso\/","og_site_name":"Agazeta.net","article_published_time":"2021-05-05T18:51:26+00:00","og_image":[{"width":458,"height":340,"url":"https:\/\/nk7-testes.com.br\/agazeta\/wp-content\/uploads\/2021\/05\/05-05-21_homem-suspeito-de-participar-de-tiroteiro-na-cidade-do-povo-e-preso.jpeg","type":"image\/jpeg"}],"author":"Agazeta.Net","twitter_card":"summary_large_image","twitter_misc":{"Escrito por":"Agazeta.Net","Est. tempo de leitura":"2 minutos"},"schema":{"@context":"https:\/\/schema.org","@graph":[{"@type":"WebPage","@id":"https:\/\/nk7-testes.com.br\/agazeta\/homem-suspeito-de-participar-de-tiroteio-na-cidade-do-povo-e-preso\/","url":"https:\/\/nk7-testes.com.br\/agazeta\/homem-suspeito-de-participar-de-tiroteio-na-cidade-do-povo-e-preso\/","name":"Homem suspeito de participar de tiroteio na Cidade do Povo \u00e9 preso - Agazeta.net","isPartOf":{"@id":"https:\/\/nk7-testes.com.br\/agazeta\/#website"},"primaryImageOfPage":{"@id":"https:\/\/nk7-testes.com.br\/agazeta\/homem-suspeito-de-participar-de-tiroteio-na-cidade-do-povo-e-preso\/#primaryimage"},"image":{"@id":"https:\/\/nk7-testes.com.br\/agazeta\/homem-suspeito-de-participar-de-tiroteio-na-cidade-do-povo-e-preso\/#primaryimage"},"thumbnailUrl":"https:\/\/nk7-testes.com.br\/agazeta\/wp-content\/uploads\/2021\/05\/05-05-21_homem-suspeito-de-participar-de-tiroteiro-na-cidade-do-povo-e-preso.jpeg","datePublished":"2021-05-05T18:51:26+00:00","author":{"@id":"https:\/\/nk7-testes.com.br\/agazeta\/#\/schema\/person\/6d6e25cb0435eb4a02fd44d30b4e3020"},"breadcrumb":{"@id":"https:\/\/nk7-testes.com.br\/agazeta\/homem-suspeito-de-participar-de-tiroteio-na-cidade-do-povo-e-preso\/#breadcrumb"},"inLanguage":"pt-BR","potentialAction":[{"@type":"ReadAction","target":["https:\/\/nk7-testes.com.br\/agazeta\/homem-suspeito-de-participar-de-tiroteio-na-cidade-do-povo-e-preso\/"]}]},{"@type":"ImageObject","inLanguage":"pt-BR","@id":"https:\/\/nk7-testes.com.br\/agazeta\/homem-suspeito-de-participar-de-tiroteio-na-cidade-do-povo-e-preso\/#primaryimage","url":"https:\/\/nk7-testes.com.br\/agazeta\/wp-content\/uploads\/2021\/05\/05-05-21_homem-suspeito-de-participar-de-tiroteiro-na-cidade-do-povo-e-preso.jpeg","contentUrl":"https:\/\/nk7-testes.com.br\/agazeta\/wp-content\/uploads\/2021\/05\/05-05-21_homem-suspeito-de-participar-de-tiroteiro-na-cidade-do-povo-e-preso.jpeg","width":458,"height":340,"caption":"05-05-21 homem-suspeito-de-participar-de-tiroteiro-na-cidade-do-povo-e-preso"},{"@type":"BreadcrumbList","@id":"https:\/\/nk7-testes.com.br\/agazeta\/homem-suspeito-de-participar-de-tiroteio-na-cidade-do-povo-e-preso\/#breadcrumb","itemListElement":[{"@type":"ListItem","position":1,"name":"In\u00edcio","item":"https:\/\/nk7-testes.com.br\/agazeta\/"},{"@type":"ListItem","position":2,"name":"Homem suspeito de participar de tiroteio na Cidade do Povo \u00e9 preso"}]},{"@type":"WebSite","@id":"https:\/\/nk7-testes.com.br\/agazeta\/#website","url":"https:\/\/nk7-testes.com.br\/agazeta\/","name":"Agazeta.net","description":"Agazeta.net - Not\u00edcias de Rio Branco\/AC","potentialAction":[{"@type":"SearchAction","target":{"@type":"EntryPoint","urlTemplate":"https:\/\/nk7-testes.com.br\/agazeta\/?s={search_term_string}"},"query-input":{"@type":"PropertyValueSpecification","valueRequired":true,"valueName":"search_term_string"}}],"inLanguage":"pt-BR"},{"@type":"Person","@id":"https:\/\/nk7-testes.com.br\/agazeta\/#\/schema\/person\/6d6e25cb0435eb4a02fd44d30b4e3020","name":"Agazeta.Net","url":"https:\/\/nk7-testes.com.br\/agazeta\/author\/agazeta\/"}]}},"_links":{"self":[{"href":"https:\/\/nk7-testes.com.br\/agazeta\/wp-json\/wp\/v2\/posts\/54695","targetHints":{"allow":["GET"]}}],"collection":[{"href":"https:\/\/nk7-testes.com.br\/agazeta\/wp-json\/wp\/v2\/posts"}],"about":[{"href":"https:\/\/nk7-testes.com.br\/agazeta\/wp-json\/wp\/v2\/types\/post"}],"author":[{"embeddable":true,"href":"https:\/\/nk7-testes.com.br\/agazeta\/wp-json\/wp\/v2\/users\/4"}],"replies":[{"embeddable":true,"href":"https:\/\/nk7-testes.com.br\/agazeta\/wp-json\/wp\/v2\/comments?post=54695"}],"version-history":[{"count":0,"href":"https:\/\/nk7-testes.com.br\/agazeta\/wp-json\/wp\/v2\/posts\/54695\/revisions"}],"wp:featuredmedia":[{"embeddable":true,"href":"https:\/\/nk7-testes.com.br\/agazeta\/wp-json\/wp\/v2\/media\/54694"}],"wp:attachment":[{"href":"https:\/\/nk7-testes.com.br\/agazeta\/wp-json\/wp\/v2\/media?parent=54695"}],"wp:term":[{"taxonomy":"category","embeddable":true,"href":"https:\/\/nk7-testes.com.br\/agazeta\/wp-json\/wp\/v2\/categories?post=54695"},{"taxonomy":"post_tag","embeddable":true,"href":"https:\/\/nk7-testes.com.br\/agazeta\/wp-json\/wp\/v2\/tags?post=54695"}],"curies":[{"name":"wp","href":"https:\/\/api.w.org\/{rel}","templated":true}]}}