{"id":54693,"date":"2021-05-05T17:59:33","date_gmt":"2021-05-05T17:59:33","guid":{"rendered":"https:\/\/abarevegan.com.br\/index.php\/2021\/05\/05\/policia-federal-deflagra-operacao-portao-fechado\/"},"modified":"2021-05-05T17:59:33","modified_gmt":"2021-05-05T17:59:33","slug":"policia-federal-deflagra-operacao-portao-fechado","status":"publish","type":"post","link":"https:\/\/nk7-testes.com.br\/agazeta\/policia-federal-deflagra-operacao-portao-fechado\/","title":{"rendered":"Pol\u00edcia Federal deflagra Opera\u00e7\u00e3o Port\u00e3o Fechado em Epitaciol\u00e2ndia"},"content":{"rendered":"<p style=\"text-align: justify;\"><span style=\"font-size: 13.2px;\">Objetivo \u00e9 combater contrabando de cigarros na fronteira<\/span><\/p>\n<p style=\"text-align: justify;\">A Pol\u00edcia Federal deflagrou a Opera\u00e7\u00e3o Port\u00e3o Fechado nesta quarta-feira (5), com o objetivo de combater e impedir o contrabando de cigarros na regi\u00e3o de fronteira.<\/p>\n<p style=\"text-align: justify;\">Foram cumpridos mandados judiciais de busca e apreens\u00e3o em diferentes munic\u00edpios do estado do Acre, sendo um na cidade de Senador Guiomard, um em Pl\u00e1cido de Castro, dois em Capixaba, um no munic\u00edpio de Brasil\u00e9ia e um em Rio Branco. Uma arma foi apreendida.<\/p>\n<p style=\"text-align: justify;\">Durante as investiga\u00e7\u00f5es a Pol\u00edcia Federal identificou que os contrabandistas recebem informa\u00e7\u00f5es sobre as movimenta\u00e7\u00f5es das for\u00e7as de seguran\u00e7a da regi\u00e3o. O nome da opera\u00e7\u00e3o faz referencia aos meios de compartimentar a informa\u00e7\u00e3o para preservar o sigilo da investiga\u00e7\u00e3o.<\/p>\n","protected":false},"excerpt":{"rendered":"<p style=\"text-align: justify;\"><span style=\"font-size: 13.2px;\">Objetivo \u00e9 combater contrabando de cigarros na fronteira<\/span><\/p>\n","protected":false},"author":4,"featured_media":54692,"comment_status":"open","ping_status":"open","sticky":false,"template":"","format":"standard","meta":{"jnews-multi-image_gallery":[],"jnews_single_post":[],"jnews_primary_category":[],"jnews_social_meta":[],"jnews_review":[],"enable_review":"","type":"","name":"","summary":"","brand":"","sku":"","good":[],"bad":[],"score_override":"","override_value":"","rating":[],"price":[],"footnotes":""},"categories":[44],"tags":[],"class_list":["post-54693","post","type-post","status-publish","format-standard","has-post-thumbnail","hentry","category-policia"],"yoast_head":"<!-- This site is optimized with the Yoast SEO plugin v26.5 - https:\/\/yoast.com\/wordpress\/plugins\/seo\/ -->\n<title>Pol\u00edcia Federal deflagra Opera\u00e7\u00e3o Port\u00e3o Fechado em Epitaciol\u00e2ndia - Agazeta.net<\/title>\n<meta name=\"robots\" content=\"index, follow, max-snippet:-1, max-image-preview:large, max-video-preview:-1\" \/>\n<link rel=\"canonical\" href=\"https:\/\/nk7-testes.com.br\/agazeta\/policia-federal-deflagra-operacao-portao-fechado\/\" \/>\n<meta property=\"og:locale\" content=\"pt_BR\" \/>\n<meta property=\"og:type\" content=\"article\" \/>\n<meta property=\"og:title\" content=\"Pol\u00edcia Federal deflagra Opera\u00e7\u00e3o Port\u00e3o Fechado em Epitaciol\u00e2ndia - Agazeta.net\" \/>\n<meta property=\"og:description\" content=\"Objetivo \u00e9 combater contrabando de cigarros na fronteira\" \/>\n<meta property=\"og:url\" content=\"https:\/\/nk7-testes.com.br\/agazeta\/policia-federal-deflagra-operacao-portao-fechado\/\" \/>\n<meta property=\"og:site_name\" content=\"Agazeta.net\" \/>\n<meta property=\"article:published_time\" content=\"2021-05-05T17:59:33+00:00\" \/>\n<meta property=\"og:image\" content=\"https:\/\/nk7-testes.com.br\/agazeta\/wp-content\/uploads\/2021\/05\/05-05-21_policia-federal-deflagra-operacao-portao-fechado.jpeg\" \/>\n\t<meta property=\"og:image:width\" content=\"458\" \/>\n\t<meta property=\"og:image:height\" content=\"340\" \/>\n\t<meta property=\"og:image:type\" content=\"image\/jpeg\" \/>\n<meta name=\"author\" content=\"Agazeta.Net\" \/>\n<meta name=\"twitter:card\" content=\"summary_large_image\" \/>\n<meta name=\"twitter:label1\" content=\"Escrito por\" \/>\n\t<meta name=\"twitter:data1\" content=\"Agazeta.Net\" \/>\n\t<meta name=\"twitter:label2\" content=\"Est. tempo de leitura\" \/>\n\t<meta name=\"twitter:data2\" content=\"1 minuto\" \/>\n<script type=\"application\/ld+json\" class=\"yoast-schema-graph\">{\"@context\":\"https:\/\/schema.org\",\"@graph\":[{\"@type\":\"WebPage\",\"@id\":\"https:\/\/nk7-testes.com.br\/agazeta\/policia-federal-deflagra-operacao-portao-fechado\/\",\"url\":\"https:\/\/nk7-testes.com.br\/agazeta\/policia-federal-deflagra-operacao-portao-fechado\/\",\"name\":\"Pol\u00edcia Federal deflagra Opera\u00e7\u00e3o Port\u00e3o Fechado em Epitaciol\u00e2ndia - Agazeta.net\",\"isPartOf\":{\"@id\":\"https:\/\/nk7-testes.com.br\/agazeta\/#website\"},\"primaryImageOfPage\":{\"@id\":\"https:\/\/nk7-testes.com.br\/agazeta\/policia-federal-deflagra-operacao-portao-fechado\/#primaryimage\"},\"image\":{\"@id\":\"https:\/\/nk7-testes.com.br\/agazeta\/policia-federal-deflagra-operacao-portao-fechado\/#primaryimage\"},\"thumbnailUrl\":\"https:\/\/nk7-testes.com.br\/agazeta\/wp-content\/uploads\/2021\/05\/05-05-21_policia-federal-deflagra-operacao-portao-fechado.jpeg\",\"datePublished\":\"2021-05-05T17:59:33+00:00\",\"author\":{\"@id\":\"https:\/\/nk7-testes.com.br\/agazeta\/#\/schema\/person\/6d6e25cb0435eb4a02fd44d30b4e3020\"},\"breadcrumb\":{\"@id\":\"https:\/\/nk7-testes.com.br\/agazeta\/policia-federal-deflagra-operacao-portao-fechado\/#breadcrumb\"},\"inLanguage\":\"pt-BR\",\"potentialAction\":[{\"@type\":\"ReadAction\",\"target\":[\"https:\/\/nk7-testes.com.br\/agazeta\/policia-federal-deflagra-operacao-portao-fechado\/\"]}]},{\"@type\":\"ImageObject\",\"inLanguage\":\"pt-BR\",\"@id\":\"https:\/\/nk7-testes.com.br\/agazeta\/policia-federal-deflagra-operacao-portao-fechado\/#primaryimage\",\"url\":\"https:\/\/nk7-testes.com.br\/agazeta\/wp-content\/uploads\/2021\/05\/05-05-21_policia-federal-deflagra-operacao-portao-fechado.jpeg\",\"contentUrl\":\"https:\/\/nk7-testes.com.br\/agazeta\/wp-content\/uploads\/2021\/05\/05-05-21_policia-federal-deflagra-operacao-portao-fechado.jpeg\",\"width\":458,\"height\":340,\"caption\":\"05-05-21 pol\u00edcia-federal-deflagra-opera\u00e7ao-portao-fechado\"},{\"@type\":\"BreadcrumbList\",\"@id\":\"https:\/\/nk7-testes.com.br\/agazeta\/policia-federal-deflagra-operacao-portao-fechado\/#breadcrumb\",\"itemListElement\":[{\"@type\":\"ListItem\",\"position\":1,\"name\":\"In\u00edcio\",\"item\":\"https:\/\/nk7-testes.com.br\/agazeta\/\"},{\"@type\":\"ListItem\",\"position\":2,\"name\":\"Pol\u00edcia Federal deflagra Opera\u00e7\u00e3o Port\u00e3o Fechado em Epitaciol\u00e2ndia\"}]},{\"@type\":\"WebSite\",\"@id\":\"https:\/\/nk7-testes.com.br\/agazeta\/#website\",\"url\":\"https:\/\/nk7-testes.com.br\/agazeta\/\",\"name\":\"Agazeta.net\",\"description\":\"Agazeta.net - Not\u00edcias de Rio Branco\/AC\",\"potentialAction\":[{\"@type\":\"SearchAction\",\"target\":{\"@type\":\"EntryPoint\",\"urlTemplate\":\"https:\/\/nk7-testes.com.br\/agazeta\/?s={search_term_string}\"},\"query-input\":{\"@type\":\"PropertyValueSpecification\",\"valueRequired\":true,\"valueName\":\"search_term_string\"}}],\"inLanguage\":\"pt-BR\"},{\"@type\":\"Person\",\"@id\":\"https:\/\/nk7-testes.com.br\/agazeta\/#\/schema\/person\/6d6e25cb0435eb4a02fd44d30b4e3020\",\"name\":\"Agazeta.Net\",\"url\":\"https:\/\/nk7-testes.com.br\/agazeta\/author\/agazeta\/\"}]}<\/script>\n<!-- \/ Yoast SEO plugin. -->","yoast_head_json":{"title":"Pol\u00edcia Federal deflagra Opera\u00e7\u00e3o Port\u00e3o Fechado em Epitaciol\u00e2ndia - Agazeta.net","robots":{"index":"index","follow":"follow","max-snippet":"max-snippet:-1","max-image-preview":"max-image-preview:large","max-video-preview":"max-video-preview:-1"},"canonical":"https:\/\/nk7-testes.com.br\/agazeta\/policia-federal-deflagra-operacao-portao-fechado\/","og_locale":"pt_BR","og_type":"article","og_title":"Pol\u00edcia Federal deflagra Opera\u00e7\u00e3o Port\u00e3o Fechado em Epitaciol\u00e2ndia - Agazeta.net","og_description":"Objetivo \u00e9 combater contrabando de cigarros na fronteira","og_url":"https:\/\/nk7-testes.com.br\/agazeta\/policia-federal-deflagra-operacao-portao-fechado\/","og_site_name":"Agazeta.net","article_published_time":"2021-05-05T17:59:33+00:00","og_image":[{"width":458,"height":340,"url":"https:\/\/nk7-testes.com.br\/agazeta\/wp-content\/uploads\/2021\/05\/05-05-21_policia-federal-deflagra-operacao-portao-fechado.jpeg","type":"image\/jpeg"}],"author":"Agazeta.Net","twitter_card":"summary_large_image","twitter_misc":{"Escrito por":"Agazeta.Net","Est. tempo de leitura":"1 minuto"},"schema":{"@context":"https:\/\/schema.org","@graph":[{"@type":"WebPage","@id":"https:\/\/nk7-testes.com.br\/agazeta\/policia-federal-deflagra-operacao-portao-fechado\/","url":"https:\/\/nk7-testes.com.br\/agazeta\/policia-federal-deflagra-operacao-portao-fechado\/","name":"Pol\u00edcia Federal deflagra Opera\u00e7\u00e3o Port\u00e3o Fechado em Epitaciol\u00e2ndia - Agazeta.net","isPartOf":{"@id":"https:\/\/nk7-testes.com.br\/agazeta\/#website"},"primaryImageOfPage":{"@id":"https:\/\/nk7-testes.com.br\/agazeta\/policia-federal-deflagra-operacao-portao-fechado\/#primaryimage"},"image":{"@id":"https:\/\/nk7-testes.com.br\/agazeta\/policia-federal-deflagra-operacao-portao-fechado\/#primaryimage"},"thumbnailUrl":"https:\/\/nk7-testes.com.br\/agazeta\/wp-content\/uploads\/2021\/05\/05-05-21_policia-federal-deflagra-operacao-portao-fechado.jpeg","datePublished":"2021-05-05T17:59:33+00:00","author":{"@id":"https:\/\/nk7-testes.com.br\/agazeta\/#\/schema\/person\/6d6e25cb0435eb4a02fd44d30b4e3020"},"breadcrumb":{"@id":"https:\/\/nk7-testes.com.br\/agazeta\/policia-federal-deflagra-operacao-portao-fechado\/#breadcrumb"},"inLanguage":"pt-BR","potentialAction":[{"@type":"ReadAction","target":["https:\/\/nk7-testes.com.br\/agazeta\/policia-federal-deflagra-operacao-portao-fechado\/"]}]},{"@type":"ImageObject","inLanguage":"pt-BR","@id":"https:\/\/nk7-testes.com.br\/agazeta\/policia-federal-deflagra-operacao-portao-fechado\/#primaryimage","url":"https:\/\/nk7-testes.com.br\/agazeta\/wp-content\/uploads\/2021\/05\/05-05-21_policia-federal-deflagra-operacao-portao-fechado.jpeg","contentUrl":"https:\/\/nk7-testes.com.br\/agazeta\/wp-content\/uploads\/2021\/05\/05-05-21_policia-federal-deflagra-operacao-portao-fechado.jpeg","width":458,"height":340,"caption":"05-05-21 pol\u00edcia-federal-deflagra-opera\u00e7ao-portao-fechado"},{"@type":"BreadcrumbList","@id":"https:\/\/nk7-testes.com.br\/agazeta\/policia-federal-deflagra-operacao-portao-fechado\/#breadcrumb","itemListElement":[{"@type":"ListItem","position":1,"name":"In\u00edcio","item":"https:\/\/nk7-testes.com.br\/agazeta\/"},{"@type":"ListItem","position":2,"name":"Pol\u00edcia Federal deflagra Opera\u00e7\u00e3o Port\u00e3o Fechado em Epitaciol\u00e2ndia"}]},{"@type":"WebSite","@id":"https:\/\/nk7-testes.com.br\/agazeta\/#website","url":"https:\/\/nk7-testes.com.br\/agazeta\/","name":"Agazeta.net","description":"Agazeta.net - Not\u00edcias de Rio Branco\/AC","potentialAction":[{"@type":"SearchAction","target":{"@type":"EntryPoint","urlTemplate":"https:\/\/nk7-testes.com.br\/agazeta\/?s={search_term_string}"},"query-input":{"@type":"PropertyValueSpecification","valueRequired":true,"valueName":"search_term_string"}}],"inLanguage":"pt-BR"},{"@type":"Person","@id":"https:\/\/nk7-testes.com.br\/agazeta\/#\/schema\/person\/6d6e25cb0435eb4a02fd44d30b4e3020","name":"Agazeta.Net","url":"https:\/\/nk7-testes.com.br\/agazeta\/author\/agazeta\/"}]}},"_links":{"self":[{"href":"https:\/\/nk7-testes.com.br\/agazeta\/wp-json\/wp\/v2\/posts\/54693","targetHints":{"allow":["GET"]}}],"collection":[{"href":"https:\/\/nk7-testes.com.br\/agazeta\/wp-json\/wp\/v2\/posts"}],"about":[{"href":"https:\/\/nk7-testes.com.br\/agazeta\/wp-json\/wp\/v2\/types\/post"}],"author":[{"embeddable":true,"href":"https:\/\/nk7-testes.com.br\/agazeta\/wp-json\/wp\/v2\/users\/4"}],"replies":[{"embeddable":true,"href":"https:\/\/nk7-testes.com.br\/agazeta\/wp-json\/wp\/v2\/comments?post=54693"}],"version-history":[{"count":0,"href":"https:\/\/nk7-testes.com.br\/agazeta\/wp-json\/wp\/v2\/posts\/54693\/revisions"}],"wp:featuredmedia":[{"embeddable":true,"href":"https:\/\/nk7-testes.com.br\/agazeta\/wp-json\/wp\/v2\/media\/54692"}],"wp:attachment":[{"href":"https:\/\/nk7-testes.com.br\/agazeta\/wp-json\/wp\/v2\/media?parent=54693"}],"wp:term":[{"taxonomy":"category","embeddable":true,"href":"https:\/\/nk7-testes.com.br\/agazeta\/wp-json\/wp\/v2\/categories?post=54693"},{"taxonomy":"post_tag","embeddable":true,"href":"https:\/\/nk7-testes.com.br\/agazeta\/wp-json\/wp\/v2\/tags?post=54693"}],"curies":[{"name":"wp","href":"https:\/\/api.w.org\/{rel}","templated":true}]}}