{"id":54689,"date":"2021-05-05T15:17:54","date_gmt":"2021-05-05T15:17:54","guid":{"rendered":"https:\/\/abarevegan.com.br\/index.php\/2021\/05\/05\/dois-suspeitos-de-roubo-na-prefeitura-de-placido-de-castro-sao-presos-2\/"},"modified":"2021-05-05T15:17:54","modified_gmt":"2021-05-05T15:17:54","slug":"dois-suspeitos-de-roubo-na-prefeitura-de-placido-de-castro-sao-presos-2","status":"publish","type":"post","link":"https:\/\/nk7-testes.com.br\/agazeta\/dois-suspeitos-de-roubo-na-prefeitura-de-placido-de-castro-sao-presos-2\/","title":{"rendered":"Suspeitos de roubo na Prefeitura de Pl\u00e1cido de Castro s\u00e3o presos"},"content":{"rendered":"<p style=\"text-align: justify;\">Homens seriam l\u00edderes de quadrilha de roubos de ve\u00edculos<\/p>\n<p style=\"text-align: justify;\">A Pol\u00edcia Civil, Militar e Federal realizaram uma a\u00e7\u00e3o conjunta e predem dois suspeitos, nesta ter\u00e7a-feira (5), de serem l\u00edderes de uma quadrilha que roubava caminhonetes no interior do Acre.<\/p>\n<p style=\"text-align: justify;\">Os suspeitos tinham 20 e 47 anos, e foram presos no centro de Pl\u00e1cido de Castro, na Avenida Diamantino Augusto de Macedo, por volta das 18 horas, ap\u00f3s os policiais realizarem um cerco.<\/p>\n<p style=\"text-align: justify;\">Segundo a pol\u00edcia, o jovem de 20 anos, tamb\u00e9m conhecido como \u201cMec\u00e2nico\u201d, foi preso por estar <a href=\"policia\/28646-quatro-pessoas-sao-presas-por-roubo-na-prefeitura-de-placido-de-castro\">envolvido nos roubos das caminhonetes da prefeitura de Pl\u00e1cido de Castro no dia 30 de dezembro de 2020<\/a>.<\/p>\n<p style=\"text-align: justify;\">J\u00e1 o suspeito de 47 anos estava na posse de uma arma de fogo e \u00e9 considero uma das lideran\u00e7as de organiza\u00e7\u00e3o criminosa que atua no Baixo Acre. O homem tamb\u00e9m estaria envolvido nos crimes de recepta\u00e7\u00e3o, roubo e tr\u00e1fico de drogas.<\/p>\n<p style=\"text-align: justify;\">Os suspeitos foram encaminhados \u00e0 Delegacia Geral de Pl\u00e1cido de Castro para procedimentos padr\u00f5es e em seguida foram colocados \u00e0 disposi\u00e7\u00e3o da justi\u00e7a acreana.<\/p>\n","protected":false},"excerpt":{"rendered":"<p style=\"text-align: justify;\">Homens seriam l\u00edderes de quadrilha de roubos de ve\u00edculos<\/p>\n","protected":false},"author":4,"featured_media":54687,"comment_status":"open","ping_status":"open","sticky":false,"template":"","format":"standard","meta":{"jnews-multi-image_gallery":[],"jnews_single_post":[],"jnews_primary_category":[],"jnews_social_meta":[],"jnews_review":[],"enable_review":"","type":"","name":"","summary":"","brand":"","sku":"","good":[],"bad":[],"score_override":"","override_value":"","rating":[],"price":[],"footnotes":""},"categories":[44],"tags":[],"class_list":["post-54689","post","type-post","status-publish","format-standard","has-post-thumbnail","hentry","category-policia"],"yoast_head":"<!-- This site is optimized with the Yoast SEO plugin v26.5 - https:\/\/yoast.com\/wordpress\/plugins\/seo\/ -->\n<title>Suspeitos de roubo na Prefeitura de Pl\u00e1cido de Castro s\u00e3o presos - Agazeta.net<\/title>\n<meta name=\"robots\" content=\"index, follow, max-snippet:-1, max-image-preview:large, max-video-preview:-1\" \/>\n<link rel=\"canonical\" href=\"https:\/\/nk7-testes.com.br\/agazeta\/dois-suspeitos-de-roubo-na-prefeitura-de-placido-de-castro-sao-presos-2\/\" \/>\n<meta property=\"og:locale\" content=\"pt_BR\" \/>\n<meta property=\"og:type\" content=\"article\" \/>\n<meta property=\"og:title\" content=\"Suspeitos de roubo na Prefeitura de Pl\u00e1cido de Castro s\u00e3o presos - Agazeta.net\" \/>\n<meta property=\"og:description\" content=\"Homens seriam l\u00edderes de quadrilha de roubos de ve\u00edculos\" \/>\n<meta property=\"og:url\" content=\"https:\/\/nk7-testes.com.br\/agazeta\/dois-suspeitos-de-roubo-na-prefeitura-de-placido-de-castro-sao-presos-2\/\" \/>\n<meta property=\"og:site_name\" content=\"Agazeta.net\" \/>\n<meta property=\"article:published_time\" content=\"2021-05-05T15:17:54+00:00\" \/>\n<meta property=\"og:image\" content=\"https:\/\/nk7-testes.com.br\/agazeta\/wp-content\/uploads\/2021\/05\/05-05-21-suspeitos_de_roubo_de_caminhonete_da_prefeitura_sao_presos.jpeg\" \/>\n\t<meta property=\"og:image:width\" content=\"458\" \/>\n\t<meta property=\"og:image:height\" content=\"340\" \/>\n\t<meta property=\"og:image:type\" content=\"image\/jpeg\" \/>\n<meta name=\"author\" content=\"Agazeta.Net\" \/>\n<meta name=\"twitter:card\" content=\"summary_large_image\" \/>\n<meta name=\"twitter:label1\" content=\"Escrito por\" \/>\n\t<meta name=\"twitter:data1\" content=\"Agazeta.Net\" \/>\n\t<meta name=\"twitter:label2\" content=\"Est. tempo de leitura\" \/>\n\t<meta name=\"twitter:data2\" content=\"1 minuto\" \/>\n<script type=\"application\/ld+json\" class=\"yoast-schema-graph\">{\"@context\":\"https:\/\/schema.org\",\"@graph\":[{\"@type\":\"WebPage\",\"@id\":\"https:\/\/nk7-testes.com.br\/agazeta\/dois-suspeitos-de-roubo-na-prefeitura-de-placido-de-castro-sao-presos-2\/\",\"url\":\"https:\/\/nk7-testes.com.br\/agazeta\/dois-suspeitos-de-roubo-na-prefeitura-de-placido-de-castro-sao-presos-2\/\",\"name\":\"Suspeitos de roubo na Prefeitura de Pl\u00e1cido de Castro s\u00e3o presos - Agazeta.net\",\"isPartOf\":{\"@id\":\"https:\/\/nk7-testes.com.br\/agazeta\/#website\"},\"primaryImageOfPage\":{\"@id\":\"https:\/\/nk7-testes.com.br\/agazeta\/dois-suspeitos-de-roubo-na-prefeitura-de-placido-de-castro-sao-presos-2\/#primaryimage\"},\"image\":{\"@id\":\"https:\/\/nk7-testes.com.br\/agazeta\/dois-suspeitos-de-roubo-na-prefeitura-de-placido-de-castro-sao-presos-2\/#primaryimage\"},\"thumbnailUrl\":\"https:\/\/nk7-testes.com.br\/agazeta\/wp-content\/uploads\/2021\/05\/05-05-21-suspeitos_de_roubo_de_caminhonete_da_prefeitura_sao_presos.jpeg\",\"datePublished\":\"2021-05-05T15:17:54+00:00\",\"author\":{\"@id\":\"https:\/\/nk7-testes.com.br\/agazeta\/#\/schema\/person\/6d6e25cb0435eb4a02fd44d30b4e3020\"},\"breadcrumb\":{\"@id\":\"https:\/\/nk7-testes.com.br\/agazeta\/dois-suspeitos-de-roubo-na-prefeitura-de-placido-de-castro-sao-presos-2\/#breadcrumb\"},\"inLanguage\":\"pt-BR\",\"potentialAction\":[{\"@type\":\"ReadAction\",\"target\":[\"https:\/\/nk7-testes.com.br\/agazeta\/dois-suspeitos-de-roubo-na-prefeitura-de-placido-de-castro-sao-presos-2\/\"]}]},{\"@type\":\"ImageObject\",\"inLanguage\":\"pt-BR\",\"@id\":\"https:\/\/nk7-testes.com.br\/agazeta\/dois-suspeitos-de-roubo-na-prefeitura-de-placido-de-castro-sao-presos-2\/#primaryimage\",\"url\":\"https:\/\/nk7-testes.com.br\/agazeta\/wp-content\/uploads\/2021\/05\/05-05-21-suspeitos_de_roubo_de_caminhonete_da_prefeitura_sao_presos.jpeg\",\"contentUrl\":\"https:\/\/nk7-testes.com.br\/agazeta\/wp-content\/uploads\/2021\/05\/05-05-21-suspeitos_de_roubo_de_caminhonete_da_prefeitura_sao_presos.jpeg\",\"width\":458,\"height\":340,\"caption\":\"05-05-21-suspeitos de roubo de caminhonete da prefeitura s\u00e3o presos\"},{\"@type\":\"BreadcrumbList\",\"@id\":\"https:\/\/nk7-testes.com.br\/agazeta\/dois-suspeitos-de-roubo-na-prefeitura-de-placido-de-castro-sao-presos-2\/#breadcrumb\",\"itemListElement\":[{\"@type\":\"ListItem\",\"position\":1,\"name\":\"In\u00edcio\",\"item\":\"https:\/\/nk7-testes.com.br\/agazeta\/\"},{\"@type\":\"ListItem\",\"position\":2,\"name\":\"Suspeitos de roubo na Prefeitura de Pl\u00e1cido de Castro s\u00e3o presos\"}]},{\"@type\":\"WebSite\",\"@id\":\"https:\/\/nk7-testes.com.br\/agazeta\/#website\",\"url\":\"https:\/\/nk7-testes.com.br\/agazeta\/\",\"name\":\"Agazeta.net\",\"description\":\"Agazeta.net - Not\u00edcias de Rio Branco\/AC\",\"potentialAction\":[{\"@type\":\"SearchAction\",\"target\":{\"@type\":\"EntryPoint\",\"urlTemplate\":\"https:\/\/nk7-testes.com.br\/agazeta\/?s={search_term_string}\"},\"query-input\":{\"@type\":\"PropertyValueSpecification\",\"valueRequired\":true,\"valueName\":\"search_term_string\"}}],\"inLanguage\":\"pt-BR\"},{\"@type\":\"Person\",\"@id\":\"https:\/\/nk7-testes.com.br\/agazeta\/#\/schema\/person\/6d6e25cb0435eb4a02fd44d30b4e3020\",\"name\":\"Agazeta.Net\",\"url\":\"https:\/\/nk7-testes.com.br\/agazeta\/author\/agazeta\/\"}]}<\/script>\n<!-- \/ Yoast SEO plugin. -->","yoast_head_json":{"title":"Suspeitos de roubo na Prefeitura de Pl\u00e1cido de Castro s\u00e3o presos - Agazeta.net","robots":{"index":"index","follow":"follow","max-snippet":"max-snippet:-1","max-image-preview":"max-image-preview:large","max-video-preview":"max-video-preview:-1"},"canonical":"https:\/\/nk7-testes.com.br\/agazeta\/dois-suspeitos-de-roubo-na-prefeitura-de-placido-de-castro-sao-presos-2\/","og_locale":"pt_BR","og_type":"article","og_title":"Suspeitos de roubo na Prefeitura de Pl\u00e1cido de Castro s\u00e3o presos - Agazeta.net","og_description":"Homens seriam l\u00edderes de quadrilha de roubos de ve\u00edculos","og_url":"https:\/\/nk7-testes.com.br\/agazeta\/dois-suspeitos-de-roubo-na-prefeitura-de-placido-de-castro-sao-presos-2\/","og_site_name":"Agazeta.net","article_published_time":"2021-05-05T15:17:54+00:00","og_image":[{"width":458,"height":340,"url":"https:\/\/nk7-testes.com.br\/agazeta\/wp-content\/uploads\/2021\/05\/05-05-21-suspeitos_de_roubo_de_caminhonete_da_prefeitura_sao_presos.jpeg","type":"image\/jpeg"}],"author":"Agazeta.Net","twitter_card":"summary_large_image","twitter_misc":{"Escrito por":"Agazeta.Net","Est. tempo de leitura":"1 minuto"},"schema":{"@context":"https:\/\/schema.org","@graph":[{"@type":"WebPage","@id":"https:\/\/nk7-testes.com.br\/agazeta\/dois-suspeitos-de-roubo-na-prefeitura-de-placido-de-castro-sao-presos-2\/","url":"https:\/\/nk7-testes.com.br\/agazeta\/dois-suspeitos-de-roubo-na-prefeitura-de-placido-de-castro-sao-presos-2\/","name":"Suspeitos de roubo na Prefeitura de Pl\u00e1cido de Castro s\u00e3o presos - Agazeta.net","isPartOf":{"@id":"https:\/\/nk7-testes.com.br\/agazeta\/#website"},"primaryImageOfPage":{"@id":"https:\/\/nk7-testes.com.br\/agazeta\/dois-suspeitos-de-roubo-na-prefeitura-de-placido-de-castro-sao-presos-2\/#primaryimage"},"image":{"@id":"https:\/\/nk7-testes.com.br\/agazeta\/dois-suspeitos-de-roubo-na-prefeitura-de-placido-de-castro-sao-presos-2\/#primaryimage"},"thumbnailUrl":"https:\/\/nk7-testes.com.br\/agazeta\/wp-content\/uploads\/2021\/05\/05-05-21-suspeitos_de_roubo_de_caminhonete_da_prefeitura_sao_presos.jpeg","datePublished":"2021-05-05T15:17:54+00:00","author":{"@id":"https:\/\/nk7-testes.com.br\/agazeta\/#\/schema\/person\/6d6e25cb0435eb4a02fd44d30b4e3020"},"breadcrumb":{"@id":"https:\/\/nk7-testes.com.br\/agazeta\/dois-suspeitos-de-roubo-na-prefeitura-de-placido-de-castro-sao-presos-2\/#breadcrumb"},"inLanguage":"pt-BR","potentialAction":[{"@type":"ReadAction","target":["https:\/\/nk7-testes.com.br\/agazeta\/dois-suspeitos-de-roubo-na-prefeitura-de-placido-de-castro-sao-presos-2\/"]}]},{"@type":"ImageObject","inLanguage":"pt-BR","@id":"https:\/\/nk7-testes.com.br\/agazeta\/dois-suspeitos-de-roubo-na-prefeitura-de-placido-de-castro-sao-presos-2\/#primaryimage","url":"https:\/\/nk7-testes.com.br\/agazeta\/wp-content\/uploads\/2021\/05\/05-05-21-suspeitos_de_roubo_de_caminhonete_da_prefeitura_sao_presos.jpeg","contentUrl":"https:\/\/nk7-testes.com.br\/agazeta\/wp-content\/uploads\/2021\/05\/05-05-21-suspeitos_de_roubo_de_caminhonete_da_prefeitura_sao_presos.jpeg","width":458,"height":340,"caption":"05-05-21-suspeitos de roubo de caminhonete da prefeitura s\u00e3o presos"},{"@type":"BreadcrumbList","@id":"https:\/\/nk7-testes.com.br\/agazeta\/dois-suspeitos-de-roubo-na-prefeitura-de-placido-de-castro-sao-presos-2\/#breadcrumb","itemListElement":[{"@type":"ListItem","position":1,"name":"In\u00edcio","item":"https:\/\/nk7-testes.com.br\/agazeta\/"},{"@type":"ListItem","position":2,"name":"Suspeitos de roubo na Prefeitura de Pl\u00e1cido de Castro s\u00e3o presos"}]},{"@type":"WebSite","@id":"https:\/\/nk7-testes.com.br\/agazeta\/#website","url":"https:\/\/nk7-testes.com.br\/agazeta\/","name":"Agazeta.net","description":"Agazeta.net - Not\u00edcias de Rio Branco\/AC","potentialAction":[{"@type":"SearchAction","target":{"@type":"EntryPoint","urlTemplate":"https:\/\/nk7-testes.com.br\/agazeta\/?s={search_term_string}"},"query-input":{"@type":"PropertyValueSpecification","valueRequired":true,"valueName":"search_term_string"}}],"inLanguage":"pt-BR"},{"@type":"Person","@id":"https:\/\/nk7-testes.com.br\/agazeta\/#\/schema\/person\/6d6e25cb0435eb4a02fd44d30b4e3020","name":"Agazeta.Net","url":"https:\/\/nk7-testes.com.br\/agazeta\/author\/agazeta\/"}]}},"_links":{"self":[{"href":"https:\/\/nk7-testes.com.br\/agazeta\/wp-json\/wp\/v2\/posts\/54689","targetHints":{"allow":["GET"]}}],"collection":[{"href":"https:\/\/nk7-testes.com.br\/agazeta\/wp-json\/wp\/v2\/posts"}],"about":[{"href":"https:\/\/nk7-testes.com.br\/agazeta\/wp-json\/wp\/v2\/types\/post"}],"author":[{"embeddable":true,"href":"https:\/\/nk7-testes.com.br\/agazeta\/wp-json\/wp\/v2\/users\/4"}],"replies":[{"embeddable":true,"href":"https:\/\/nk7-testes.com.br\/agazeta\/wp-json\/wp\/v2\/comments?post=54689"}],"version-history":[{"count":0,"href":"https:\/\/nk7-testes.com.br\/agazeta\/wp-json\/wp\/v2\/posts\/54689\/revisions"}],"wp:featuredmedia":[{"embeddable":true,"href":"https:\/\/nk7-testes.com.br\/agazeta\/wp-json\/wp\/v2\/media\/54687"}],"wp:attachment":[{"href":"https:\/\/nk7-testes.com.br\/agazeta\/wp-json\/wp\/v2\/media?parent=54689"}],"wp:term":[{"taxonomy":"category","embeddable":true,"href":"https:\/\/nk7-testes.com.br\/agazeta\/wp-json\/wp\/v2\/categories?post=54689"},{"taxonomy":"post_tag","embeddable":true,"href":"https:\/\/nk7-testes.com.br\/agazeta\/wp-json\/wp\/v2\/tags?post=54689"}],"curies":[{"name":"wp","href":"https:\/\/api.w.org\/{rel}","templated":true}]}}