{"id":54619,"date":"2021-05-03T14:14:12","date_gmt":"2021-05-03T14:14:12","guid":{"rendered":"https:\/\/abarevegan.com.br\/index.php\/2021\/05\/03\/homem-e-preso-suspeito-de-matar-o-proprio-sobrinho-no-acre\/"},"modified":"2021-05-03T14:14:12","modified_gmt":"2021-05-03T14:14:12","slug":"homem-e-preso-suspeito-de-matar-o-proprio-sobrinho-no-acre","status":"publish","type":"post","link":"https:\/\/nk7-testes.com.br\/agazeta\/homem-e-preso-suspeito-de-matar-o-proprio-sobrinho-no-acre\/","title":{"rendered":"Homem \u00e9 preso suspeito de matar o pr\u00f3prio sobrinho no Acre"},"content":{"rendered":"<p style=\"text-align: justify;\">Crime ocorreu na comunidade Pav\u00e3ozinho em Rodrigues Alves<\/p>\n<p style=\"text-align: justify;\">Nas primeiras horas da manh\u00e3 do \u00faltimo domingo (2), a Pol\u00edcia Civil cumpriu um mandado de pris\u00e3o contra um homem suspeito de matar o pr\u00f3prio sobrinho na comunidade Pav\u00e3ozinho, zona rural do munic\u00edpio de Rodrigues Alves.<\/p>\n<p style=\"text-align: justify;\">Tendo ci\u00eancia do caso de homic\u00eddio, a Pol\u00edcia Civil representou junto ao Poder Judici\u00e1rio pela pris\u00e3o preventiva do suspeito, sendo decretada pela justi\u00e7a acreana.<\/p>\n<p style=\"text-align: justify;\">A pris\u00e3o do homem de 28 anos, que teria matado S\u00e9rgio Costa da Silva, foi realizada pelos agentes da delegacia de Rodrigues Alves, coordenados pelo delegado Jos\u00e9 Obet\u00e2nio, que responde cumulativamente pelas delegacias de Rodrigues Alves e M\u00e2ncio Lima.<\/p>\n<p style=\"text-align: justify;\">Conforme narrativa do delegado, o suspeito teria fugido para o Estado de Rond\u00f4nia ap\u00f3s cometer o crime, e quatro meses depois retornou \u00e0 comunidade para amea\u00e7ar de morte as testemunhas do caso.<\/p>\n<p style=\"text-align: justify;\">No momento da pris\u00e3o, o homem portava uma arma de fogo, tipo espingarda .36, com alguns cartuchos intactos. Diante desse novo fato, foi feito o flagrante do suspeito por porte ilegal de arma de fogo tamb\u00e9m.<\/p>\n","protected":false},"excerpt":{"rendered":"<p style=\"text-align: justify;\">Crime ocorreu na comunidade Pav\u00e3ozinho em Rodrigues Alves<\/p>\n","protected":false},"author":4,"featured_media":54618,"comment_status":"open","ping_status":"open","sticky":false,"template":"","format":"standard","meta":{"jnews-multi-image_gallery":[],"jnews_single_post":[],"jnews_primary_category":[],"jnews_social_meta":[],"jnews_review":[],"enable_review":"","type":"","name":"","summary":"","brand":"","sku":"","good":[],"bad":[],"score_override":"","override_value":"","rating":[],"price":[],"footnotes":""},"categories":[44],"tags":[],"class_list":["post-54619","post","type-post","status-publish","format-standard","has-post-thumbnail","hentry","category-policia"],"yoast_head":"<!-- This site is optimized with the Yoast SEO plugin v26.5 - https:\/\/yoast.com\/wordpress\/plugins\/seo\/ -->\n<title>Homem \u00e9 preso suspeito de matar o pr\u00f3prio sobrinho no Acre - Agazeta.net<\/title>\n<meta name=\"robots\" content=\"index, follow, max-snippet:-1, max-image-preview:large, max-video-preview:-1\" \/>\n<link rel=\"canonical\" href=\"https:\/\/nk7-testes.com.br\/agazeta\/homem-e-preso-suspeito-de-matar-o-proprio-sobrinho-no-acre\/\" \/>\n<meta property=\"og:locale\" content=\"pt_BR\" \/>\n<meta property=\"og:type\" content=\"article\" \/>\n<meta property=\"og:title\" content=\"Homem \u00e9 preso suspeito de matar o pr\u00f3prio sobrinho no Acre - Agazeta.net\" \/>\n<meta property=\"og:description\" content=\"Crime ocorreu na comunidade Pav\u00e3ozinho em Rodrigues Alves\" \/>\n<meta property=\"og:url\" content=\"https:\/\/nk7-testes.com.br\/agazeta\/homem-e-preso-suspeito-de-matar-o-proprio-sobrinho-no-acre\/\" \/>\n<meta property=\"og:site_name\" content=\"Agazeta.net\" \/>\n<meta property=\"article:published_time\" content=\"2021-05-03T14:14:12+00:00\" \/>\n<meta property=\"og:image\" content=\"https:\/\/nk7-testes.com.br\/agazeta\/wp-content\/uploads\/2021\/05\/03-05-21-crime-rodrigues-alves.jpeg\" \/>\n\t<meta property=\"og:image:width\" content=\"458\" \/>\n\t<meta property=\"og:image:height\" content=\"340\" \/>\n\t<meta property=\"og:image:type\" content=\"image\/jpeg\" \/>\n<meta name=\"author\" content=\"Agazeta.Net\" \/>\n<meta name=\"twitter:card\" content=\"summary_large_image\" \/>\n<meta name=\"twitter:label1\" content=\"Escrito por\" \/>\n\t<meta name=\"twitter:data1\" content=\"Agazeta.Net\" \/>\n\t<meta name=\"twitter:label2\" content=\"Est. tempo de leitura\" \/>\n\t<meta name=\"twitter:data2\" content=\"1 minuto\" \/>\n<script type=\"application\/ld+json\" class=\"yoast-schema-graph\">{\"@context\":\"https:\/\/schema.org\",\"@graph\":[{\"@type\":\"WebPage\",\"@id\":\"https:\/\/nk7-testes.com.br\/agazeta\/homem-e-preso-suspeito-de-matar-o-proprio-sobrinho-no-acre\/\",\"url\":\"https:\/\/nk7-testes.com.br\/agazeta\/homem-e-preso-suspeito-de-matar-o-proprio-sobrinho-no-acre\/\",\"name\":\"Homem \u00e9 preso suspeito de matar o pr\u00f3prio sobrinho no Acre - Agazeta.net\",\"isPartOf\":{\"@id\":\"https:\/\/nk7-testes.com.br\/agazeta\/#website\"},\"primaryImageOfPage\":{\"@id\":\"https:\/\/nk7-testes.com.br\/agazeta\/homem-e-preso-suspeito-de-matar-o-proprio-sobrinho-no-acre\/#primaryimage\"},\"image\":{\"@id\":\"https:\/\/nk7-testes.com.br\/agazeta\/homem-e-preso-suspeito-de-matar-o-proprio-sobrinho-no-acre\/#primaryimage\"},\"thumbnailUrl\":\"https:\/\/nk7-testes.com.br\/agazeta\/wp-content\/uploads\/2021\/05\/03-05-21-crime-rodrigues-alves.jpeg\",\"datePublished\":\"2021-05-03T14:14:12+00:00\",\"author\":{\"@id\":\"https:\/\/nk7-testes.com.br\/agazeta\/#\/schema\/person\/6d6e25cb0435eb4a02fd44d30b4e3020\"},\"breadcrumb\":{\"@id\":\"https:\/\/nk7-testes.com.br\/agazeta\/homem-e-preso-suspeito-de-matar-o-proprio-sobrinho-no-acre\/#breadcrumb\"},\"inLanguage\":\"pt-BR\",\"potentialAction\":[{\"@type\":\"ReadAction\",\"target\":[\"https:\/\/nk7-testes.com.br\/agazeta\/homem-e-preso-suspeito-de-matar-o-proprio-sobrinho-no-acre\/\"]}]},{\"@type\":\"ImageObject\",\"inLanguage\":\"pt-BR\",\"@id\":\"https:\/\/nk7-testes.com.br\/agazeta\/homem-e-preso-suspeito-de-matar-o-proprio-sobrinho-no-acre\/#primaryimage\",\"url\":\"https:\/\/nk7-testes.com.br\/agazeta\/wp-content\/uploads\/2021\/05\/03-05-21-crime-rodrigues-alves.jpeg\",\"contentUrl\":\"https:\/\/nk7-testes.com.br\/agazeta\/wp-content\/uploads\/2021\/05\/03-05-21-crime-rodrigues-alves.jpeg\",\"width\":458,\"height\":340,\"caption\":\"03-05-21-crime-rodrigues-alves\"},{\"@type\":\"BreadcrumbList\",\"@id\":\"https:\/\/nk7-testes.com.br\/agazeta\/homem-e-preso-suspeito-de-matar-o-proprio-sobrinho-no-acre\/#breadcrumb\",\"itemListElement\":[{\"@type\":\"ListItem\",\"position\":1,\"name\":\"In\u00edcio\",\"item\":\"https:\/\/nk7-testes.com.br\/agazeta\/\"},{\"@type\":\"ListItem\",\"position\":2,\"name\":\"Homem \u00e9 preso suspeito de matar o pr\u00f3prio sobrinho no Acre\"}]},{\"@type\":\"WebSite\",\"@id\":\"https:\/\/nk7-testes.com.br\/agazeta\/#website\",\"url\":\"https:\/\/nk7-testes.com.br\/agazeta\/\",\"name\":\"Agazeta.net\",\"description\":\"Agazeta.net - Not\u00edcias de Rio Branco\/AC\",\"potentialAction\":[{\"@type\":\"SearchAction\",\"target\":{\"@type\":\"EntryPoint\",\"urlTemplate\":\"https:\/\/nk7-testes.com.br\/agazeta\/?s={search_term_string}\"},\"query-input\":{\"@type\":\"PropertyValueSpecification\",\"valueRequired\":true,\"valueName\":\"search_term_string\"}}],\"inLanguage\":\"pt-BR\"},{\"@type\":\"Person\",\"@id\":\"https:\/\/nk7-testes.com.br\/agazeta\/#\/schema\/person\/6d6e25cb0435eb4a02fd44d30b4e3020\",\"name\":\"Agazeta.Net\",\"url\":\"https:\/\/nk7-testes.com.br\/agazeta\/author\/agazeta\/\"}]}<\/script>\n<!-- \/ Yoast SEO plugin. -->","yoast_head_json":{"title":"Homem \u00e9 preso suspeito de matar o pr\u00f3prio sobrinho no Acre - Agazeta.net","robots":{"index":"index","follow":"follow","max-snippet":"max-snippet:-1","max-image-preview":"max-image-preview:large","max-video-preview":"max-video-preview:-1"},"canonical":"https:\/\/nk7-testes.com.br\/agazeta\/homem-e-preso-suspeito-de-matar-o-proprio-sobrinho-no-acre\/","og_locale":"pt_BR","og_type":"article","og_title":"Homem \u00e9 preso suspeito de matar o pr\u00f3prio sobrinho no Acre - Agazeta.net","og_description":"Crime ocorreu na comunidade Pav\u00e3ozinho em Rodrigues Alves","og_url":"https:\/\/nk7-testes.com.br\/agazeta\/homem-e-preso-suspeito-de-matar-o-proprio-sobrinho-no-acre\/","og_site_name":"Agazeta.net","article_published_time":"2021-05-03T14:14:12+00:00","og_image":[{"width":458,"height":340,"url":"https:\/\/nk7-testes.com.br\/agazeta\/wp-content\/uploads\/2021\/05\/03-05-21-crime-rodrigues-alves.jpeg","type":"image\/jpeg"}],"author":"Agazeta.Net","twitter_card":"summary_large_image","twitter_misc":{"Escrito por":"Agazeta.Net","Est. tempo de leitura":"1 minuto"},"schema":{"@context":"https:\/\/schema.org","@graph":[{"@type":"WebPage","@id":"https:\/\/nk7-testes.com.br\/agazeta\/homem-e-preso-suspeito-de-matar-o-proprio-sobrinho-no-acre\/","url":"https:\/\/nk7-testes.com.br\/agazeta\/homem-e-preso-suspeito-de-matar-o-proprio-sobrinho-no-acre\/","name":"Homem \u00e9 preso suspeito de matar o pr\u00f3prio sobrinho no Acre - Agazeta.net","isPartOf":{"@id":"https:\/\/nk7-testes.com.br\/agazeta\/#website"},"primaryImageOfPage":{"@id":"https:\/\/nk7-testes.com.br\/agazeta\/homem-e-preso-suspeito-de-matar-o-proprio-sobrinho-no-acre\/#primaryimage"},"image":{"@id":"https:\/\/nk7-testes.com.br\/agazeta\/homem-e-preso-suspeito-de-matar-o-proprio-sobrinho-no-acre\/#primaryimage"},"thumbnailUrl":"https:\/\/nk7-testes.com.br\/agazeta\/wp-content\/uploads\/2021\/05\/03-05-21-crime-rodrigues-alves.jpeg","datePublished":"2021-05-03T14:14:12+00:00","author":{"@id":"https:\/\/nk7-testes.com.br\/agazeta\/#\/schema\/person\/6d6e25cb0435eb4a02fd44d30b4e3020"},"breadcrumb":{"@id":"https:\/\/nk7-testes.com.br\/agazeta\/homem-e-preso-suspeito-de-matar-o-proprio-sobrinho-no-acre\/#breadcrumb"},"inLanguage":"pt-BR","potentialAction":[{"@type":"ReadAction","target":["https:\/\/nk7-testes.com.br\/agazeta\/homem-e-preso-suspeito-de-matar-o-proprio-sobrinho-no-acre\/"]}]},{"@type":"ImageObject","inLanguage":"pt-BR","@id":"https:\/\/nk7-testes.com.br\/agazeta\/homem-e-preso-suspeito-de-matar-o-proprio-sobrinho-no-acre\/#primaryimage","url":"https:\/\/nk7-testes.com.br\/agazeta\/wp-content\/uploads\/2021\/05\/03-05-21-crime-rodrigues-alves.jpeg","contentUrl":"https:\/\/nk7-testes.com.br\/agazeta\/wp-content\/uploads\/2021\/05\/03-05-21-crime-rodrigues-alves.jpeg","width":458,"height":340,"caption":"03-05-21-crime-rodrigues-alves"},{"@type":"BreadcrumbList","@id":"https:\/\/nk7-testes.com.br\/agazeta\/homem-e-preso-suspeito-de-matar-o-proprio-sobrinho-no-acre\/#breadcrumb","itemListElement":[{"@type":"ListItem","position":1,"name":"In\u00edcio","item":"https:\/\/nk7-testes.com.br\/agazeta\/"},{"@type":"ListItem","position":2,"name":"Homem \u00e9 preso suspeito de matar o pr\u00f3prio sobrinho no Acre"}]},{"@type":"WebSite","@id":"https:\/\/nk7-testes.com.br\/agazeta\/#website","url":"https:\/\/nk7-testes.com.br\/agazeta\/","name":"Agazeta.net","description":"Agazeta.net - Not\u00edcias de Rio Branco\/AC","potentialAction":[{"@type":"SearchAction","target":{"@type":"EntryPoint","urlTemplate":"https:\/\/nk7-testes.com.br\/agazeta\/?s={search_term_string}"},"query-input":{"@type":"PropertyValueSpecification","valueRequired":true,"valueName":"search_term_string"}}],"inLanguage":"pt-BR"},{"@type":"Person","@id":"https:\/\/nk7-testes.com.br\/agazeta\/#\/schema\/person\/6d6e25cb0435eb4a02fd44d30b4e3020","name":"Agazeta.Net","url":"https:\/\/nk7-testes.com.br\/agazeta\/author\/agazeta\/"}]}},"_links":{"self":[{"href":"https:\/\/nk7-testes.com.br\/agazeta\/wp-json\/wp\/v2\/posts\/54619","targetHints":{"allow":["GET"]}}],"collection":[{"href":"https:\/\/nk7-testes.com.br\/agazeta\/wp-json\/wp\/v2\/posts"}],"about":[{"href":"https:\/\/nk7-testes.com.br\/agazeta\/wp-json\/wp\/v2\/types\/post"}],"author":[{"embeddable":true,"href":"https:\/\/nk7-testes.com.br\/agazeta\/wp-json\/wp\/v2\/users\/4"}],"replies":[{"embeddable":true,"href":"https:\/\/nk7-testes.com.br\/agazeta\/wp-json\/wp\/v2\/comments?post=54619"}],"version-history":[{"count":0,"href":"https:\/\/nk7-testes.com.br\/agazeta\/wp-json\/wp\/v2\/posts\/54619\/revisions"}],"wp:featuredmedia":[{"embeddable":true,"href":"https:\/\/nk7-testes.com.br\/agazeta\/wp-json\/wp\/v2\/media\/54618"}],"wp:attachment":[{"href":"https:\/\/nk7-testes.com.br\/agazeta\/wp-json\/wp\/v2\/media?parent=54619"}],"wp:term":[{"taxonomy":"category","embeddable":true,"href":"https:\/\/nk7-testes.com.br\/agazeta\/wp-json\/wp\/v2\/categories?post=54619"},{"taxonomy":"post_tag","embeddable":true,"href":"https:\/\/nk7-testes.com.br\/agazeta\/wp-json\/wp\/v2\/tags?post=54619"}],"curies":[{"name":"wp","href":"https:\/\/api.w.org\/{rel}","templated":true}]}}