{"id":52654,"date":"2021-02-03T13:25:39","date_gmt":"2021-02-03T13:25:39","guid":{"rendered":"https:\/\/abarevegan.com.br\/index.php\/2021\/02\/03\/policia-federal-cumpre-sete-mandados-de-prisao-na-fronteira\/"},"modified":"2021-02-03T13:25:39","modified_gmt":"2021-02-03T13:25:39","slug":"policia-federal-cumpre-sete-mandados-de-prisao-na-fronteira","status":"publish","type":"post","link":"https:\/\/nk7-testes.com.br\/agazeta\/policia-federal-cumpre-sete-mandados-de-prisao-na-fronteira\/","title":{"rendered":"Pol\u00edcia Federal cumpre sete mandados de pris\u00e3o na fronteira"},"content":{"rendered":"<p style=\"text-align: justify;\">No Acre, opera\u00e7\u00e3o desarticula organiza\u00e7\u00f5es criminosas<\/p>\n<p style=\"text-align: justify;\">A Pol\u00edcia Federal deflagrou na manh\u00e3 desta quarta-feira (3) a Opera\u00e7\u00e3o \u2018Dictum\u2019, com o objetivo de desarticular associa\u00e7\u00e3o criminosa destinada ao tr\u00e1fico de drogas nas cidades de Assis Brasil, fronteira do Brasil com o Peru, e Rio Branco.<\/p>\n<p style=\"text-align: justify;\">A a\u00e7\u00e3o conta com 24 policiais federais, que cumprem oito ordens judiciais de busca e apreens\u00e3o domiciliar e sete mandados de pris\u00e3o preventiva de integrantes de associa\u00e7\u00e3o criminosa destinada ao tr\u00e1fico de drogas.<\/p>\n<p style=\"text-align: justify;\">As investiga\u00e7\u00f5es revelaram que os criminosos carregavam entorpecentes, mais especificamente coca\u00edna e skunk, na \u00e1rea da fronteira e os transportavam por meio de ve\u00edculos de transporte de passageiros para a capital acreana, al\u00e9m do abastecimento dos traficantes locais.<\/p>\n<p style=\"text-align: justify;\">A Pol\u00edcia Federal refor\u00e7a que a atual pandemia n\u00e3o afetou as investiga\u00e7\u00f5es e a\u00e7\u00f5es da institui\u00e7\u00e3o nos crimes de sua atribui\u00e7\u00e3o, mas que esta dilig\u00eancia policial foi cumprida em total observ\u00e2ncia \u00e0s orienta\u00e7\u00f5es da Ag\u00eancia Nacional de Vigil\u00e2ncia Sanit\u00e1ria (Anvisa), sobretudo o uso de equipamentos de prote\u00e7\u00e3o individual para resguardar a sa\u00fade dos policiais e dos investigados.<\/p>\n<p style=\"text-align: justify;\">A investiga\u00e7\u00e3o foi chamada de \u201cDictum\u201d \u2013 que quer dizer limpeza em latim, em alus\u00e3o ao objetivo de limpar as \u00e1reas onde se instala o tr\u00e1fico de drogas e seus delitos correlacionados.<\/p>\n","protected":false},"excerpt":{"rendered":"<p style=\"text-align: justify;\">No Acre, opera\u00e7\u00e3o desarticula organiza\u00e7\u00f5es criminosas<\/p>\n","protected":false},"author":4,"featured_media":52653,"comment_status":"open","ping_status":"open","sticky":false,"template":"","format":"standard","meta":{"jnews-multi-image_gallery":[],"jnews_single_post":[],"jnews_primary_category":[],"jnews_social_meta":[],"jnews_review":[],"enable_review":"","type":"","name":"","summary":"","brand":"","sku":"","good":[],"bad":[],"score_override":"","override_value":"","rating":[],"price":[],"footnotes":""},"categories":[44],"tags":[],"class_list":["post-52654","post","type-post","status-publish","format-standard","has-post-thumbnail","hentry","category-policia"],"yoast_head":"<!-- This site is optimized with the Yoast SEO plugin v26.5 - https:\/\/yoast.com\/wordpress\/plugins\/seo\/ -->\n<title>Pol\u00edcia Federal cumpre sete mandados de pris\u00e3o na fronteira - Agazeta.net<\/title>\n<meta name=\"robots\" content=\"index, follow, max-snippet:-1, max-image-preview:large, max-video-preview:-1\" \/>\n<link rel=\"canonical\" href=\"https:\/\/nk7-testes.com.br\/agazeta\/policia-federal-cumpre-sete-mandados-de-prisao-na-fronteira\/\" \/>\n<meta property=\"og:locale\" content=\"pt_BR\" \/>\n<meta property=\"og:type\" content=\"article\" \/>\n<meta property=\"og:title\" content=\"Pol\u00edcia Federal cumpre sete mandados de pris\u00e3o na fronteira - Agazeta.net\" \/>\n<meta property=\"og:description\" content=\"No Acre, opera\u00e7\u00e3o desarticula organiza\u00e7\u00f5es criminosas\" \/>\n<meta property=\"og:url\" content=\"https:\/\/nk7-testes.com.br\/agazeta\/policia-federal-cumpre-sete-mandados-de-prisao-na-fronteira\/\" \/>\n<meta property=\"og:site_name\" content=\"Agazeta.net\" \/>\n<meta property=\"article:published_time\" content=\"2021-02-03T13:25:39+00:00\" \/>\n<meta property=\"og:image\" content=\"https:\/\/nk7-testes.com.br\/agazeta\/wp-content\/uploads\/2021\/02\/03-02-21-operacao-policia-federal.jpeg\" \/>\n\t<meta property=\"og:image:width\" content=\"458\" \/>\n\t<meta property=\"og:image:height\" content=\"340\" \/>\n\t<meta property=\"og:image:type\" content=\"image\/jpeg\" \/>\n<meta name=\"author\" content=\"Agazeta.Net\" \/>\n<meta name=\"twitter:card\" content=\"summary_large_image\" \/>\n<meta name=\"twitter:label1\" content=\"Escrito por\" \/>\n\t<meta name=\"twitter:data1\" content=\"Agazeta.Net\" \/>\n\t<meta name=\"twitter:label2\" content=\"Est. tempo de leitura\" \/>\n\t<meta name=\"twitter:data2\" content=\"1 minuto\" \/>\n<script type=\"application\/ld+json\" class=\"yoast-schema-graph\">{\"@context\":\"https:\/\/schema.org\",\"@graph\":[{\"@type\":\"WebPage\",\"@id\":\"https:\/\/nk7-testes.com.br\/agazeta\/policia-federal-cumpre-sete-mandados-de-prisao-na-fronteira\/\",\"url\":\"https:\/\/nk7-testes.com.br\/agazeta\/policia-federal-cumpre-sete-mandados-de-prisao-na-fronteira\/\",\"name\":\"Pol\u00edcia Federal cumpre sete mandados de pris\u00e3o na fronteira - Agazeta.net\",\"isPartOf\":{\"@id\":\"https:\/\/nk7-testes.com.br\/agazeta\/#website\"},\"primaryImageOfPage\":{\"@id\":\"https:\/\/nk7-testes.com.br\/agazeta\/policia-federal-cumpre-sete-mandados-de-prisao-na-fronteira\/#primaryimage\"},\"image\":{\"@id\":\"https:\/\/nk7-testes.com.br\/agazeta\/policia-federal-cumpre-sete-mandados-de-prisao-na-fronteira\/#primaryimage\"},\"thumbnailUrl\":\"https:\/\/nk7-testes.com.br\/agazeta\/wp-content\/uploads\/2021\/02\/03-02-21-operacao-policia-federal.jpeg\",\"datePublished\":\"2021-02-03T13:25:39+00:00\",\"author\":{\"@id\":\"https:\/\/nk7-testes.com.br\/agazeta\/#\/schema\/person\/6d6e25cb0435eb4a02fd44d30b4e3020\"},\"breadcrumb\":{\"@id\":\"https:\/\/nk7-testes.com.br\/agazeta\/policia-federal-cumpre-sete-mandados-de-prisao-na-fronteira\/#breadcrumb\"},\"inLanguage\":\"pt-BR\",\"potentialAction\":[{\"@type\":\"ReadAction\",\"target\":[\"https:\/\/nk7-testes.com.br\/agazeta\/policia-federal-cumpre-sete-mandados-de-prisao-na-fronteira\/\"]}]},{\"@type\":\"ImageObject\",\"inLanguage\":\"pt-BR\",\"@id\":\"https:\/\/nk7-testes.com.br\/agazeta\/policia-federal-cumpre-sete-mandados-de-prisao-na-fronteira\/#primaryimage\",\"url\":\"https:\/\/nk7-testes.com.br\/agazeta\/wp-content\/uploads\/2021\/02\/03-02-21-operacao-policia-federal.jpeg\",\"contentUrl\":\"https:\/\/nk7-testes.com.br\/agazeta\/wp-content\/uploads\/2021\/02\/03-02-21-operacao-policia-federal.jpeg\",\"width\":458,\"height\":340,\"caption\":\"03-02-21-opera\u00e7\u00e3o-policia-federal\"},{\"@type\":\"BreadcrumbList\",\"@id\":\"https:\/\/nk7-testes.com.br\/agazeta\/policia-federal-cumpre-sete-mandados-de-prisao-na-fronteira\/#breadcrumb\",\"itemListElement\":[{\"@type\":\"ListItem\",\"position\":1,\"name\":\"In\u00edcio\",\"item\":\"https:\/\/nk7-testes.com.br\/agazeta\/\"},{\"@type\":\"ListItem\",\"position\":2,\"name\":\"Pol\u00edcia Federal cumpre sete mandados de pris\u00e3o na fronteira\"}]},{\"@type\":\"WebSite\",\"@id\":\"https:\/\/nk7-testes.com.br\/agazeta\/#website\",\"url\":\"https:\/\/nk7-testes.com.br\/agazeta\/\",\"name\":\"Agazeta.net\",\"description\":\"Agazeta.net - Not\u00edcias de Rio Branco\/AC\",\"potentialAction\":[{\"@type\":\"SearchAction\",\"target\":{\"@type\":\"EntryPoint\",\"urlTemplate\":\"https:\/\/nk7-testes.com.br\/agazeta\/?s={search_term_string}\"},\"query-input\":{\"@type\":\"PropertyValueSpecification\",\"valueRequired\":true,\"valueName\":\"search_term_string\"}}],\"inLanguage\":\"pt-BR\"},{\"@type\":\"Person\",\"@id\":\"https:\/\/nk7-testes.com.br\/agazeta\/#\/schema\/person\/6d6e25cb0435eb4a02fd44d30b4e3020\",\"name\":\"Agazeta.Net\",\"url\":\"https:\/\/nk7-testes.com.br\/agazeta\/author\/agazeta\/\"}]}<\/script>\n<!-- \/ Yoast SEO plugin. -->","yoast_head_json":{"title":"Pol\u00edcia Federal cumpre sete mandados de pris\u00e3o na fronteira - Agazeta.net","robots":{"index":"index","follow":"follow","max-snippet":"max-snippet:-1","max-image-preview":"max-image-preview:large","max-video-preview":"max-video-preview:-1"},"canonical":"https:\/\/nk7-testes.com.br\/agazeta\/policia-federal-cumpre-sete-mandados-de-prisao-na-fronteira\/","og_locale":"pt_BR","og_type":"article","og_title":"Pol\u00edcia Federal cumpre sete mandados de pris\u00e3o na fronteira - Agazeta.net","og_description":"No Acre, opera\u00e7\u00e3o desarticula organiza\u00e7\u00f5es criminosas","og_url":"https:\/\/nk7-testes.com.br\/agazeta\/policia-federal-cumpre-sete-mandados-de-prisao-na-fronteira\/","og_site_name":"Agazeta.net","article_published_time":"2021-02-03T13:25:39+00:00","og_image":[{"width":458,"height":340,"url":"https:\/\/nk7-testes.com.br\/agazeta\/wp-content\/uploads\/2021\/02\/03-02-21-operacao-policia-federal.jpeg","type":"image\/jpeg"}],"author":"Agazeta.Net","twitter_card":"summary_large_image","twitter_misc":{"Escrito por":"Agazeta.Net","Est. tempo de leitura":"1 minuto"},"schema":{"@context":"https:\/\/schema.org","@graph":[{"@type":"WebPage","@id":"https:\/\/nk7-testes.com.br\/agazeta\/policia-federal-cumpre-sete-mandados-de-prisao-na-fronteira\/","url":"https:\/\/nk7-testes.com.br\/agazeta\/policia-federal-cumpre-sete-mandados-de-prisao-na-fronteira\/","name":"Pol\u00edcia Federal cumpre sete mandados de pris\u00e3o na fronteira - Agazeta.net","isPartOf":{"@id":"https:\/\/nk7-testes.com.br\/agazeta\/#website"},"primaryImageOfPage":{"@id":"https:\/\/nk7-testes.com.br\/agazeta\/policia-federal-cumpre-sete-mandados-de-prisao-na-fronteira\/#primaryimage"},"image":{"@id":"https:\/\/nk7-testes.com.br\/agazeta\/policia-federal-cumpre-sete-mandados-de-prisao-na-fronteira\/#primaryimage"},"thumbnailUrl":"https:\/\/nk7-testes.com.br\/agazeta\/wp-content\/uploads\/2021\/02\/03-02-21-operacao-policia-federal.jpeg","datePublished":"2021-02-03T13:25:39+00:00","author":{"@id":"https:\/\/nk7-testes.com.br\/agazeta\/#\/schema\/person\/6d6e25cb0435eb4a02fd44d30b4e3020"},"breadcrumb":{"@id":"https:\/\/nk7-testes.com.br\/agazeta\/policia-federal-cumpre-sete-mandados-de-prisao-na-fronteira\/#breadcrumb"},"inLanguage":"pt-BR","potentialAction":[{"@type":"ReadAction","target":["https:\/\/nk7-testes.com.br\/agazeta\/policia-federal-cumpre-sete-mandados-de-prisao-na-fronteira\/"]}]},{"@type":"ImageObject","inLanguage":"pt-BR","@id":"https:\/\/nk7-testes.com.br\/agazeta\/policia-federal-cumpre-sete-mandados-de-prisao-na-fronteira\/#primaryimage","url":"https:\/\/nk7-testes.com.br\/agazeta\/wp-content\/uploads\/2021\/02\/03-02-21-operacao-policia-federal.jpeg","contentUrl":"https:\/\/nk7-testes.com.br\/agazeta\/wp-content\/uploads\/2021\/02\/03-02-21-operacao-policia-federal.jpeg","width":458,"height":340,"caption":"03-02-21-opera\u00e7\u00e3o-policia-federal"},{"@type":"BreadcrumbList","@id":"https:\/\/nk7-testes.com.br\/agazeta\/policia-federal-cumpre-sete-mandados-de-prisao-na-fronteira\/#breadcrumb","itemListElement":[{"@type":"ListItem","position":1,"name":"In\u00edcio","item":"https:\/\/nk7-testes.com.br\/agazeta\/"},{"@type":"ListItem","position":2,"name":"Pol\u00edcia Federal cumpre sete mandados de pris\u00e3o na fronteira"}]},{"@type":"WebSite","@id":"https:\/\/nk7-testes.com.br\/agazeta\/#website","url":"https:\/\/nk7-testes.com.br\/agazeta\/","name":"Agazeta.net","description":"Agazeta.net - Not\u00edcias de Rio Branco\/AC","potentialAction":[{"@type":"SearchAction","target":{"@type":"EntryPoint","urlTemplate":"https:\/\/nk7-testes.com.br\/agazeta\/?s={search_term_string}"},"query-input":{"@type":"PropertyValueSpecification","valueRequired":true,"valueName":"search_term_string"}}],"inLanguage":"pt-BR"},{"@type":"Person","@id":"https:\/\/nk7-testes.com.br\/agazeta\/#\/schema\/person\/6d6e25cb0435eb4a02fd44d30b4e3020","name":"Agazeta.Net","url":"https:\/\/nk7-testes.com.br\/agazeta\/author\/agazeta\/"}]}},"_links":{"self":[{"href":"https:\/\/nk7-testes.com.br\/agazeta\/wp-json\/wp\/v2\/posts\/52654","targetHints":{"allow":["GET"]}}],"collection":[{"href":"https:\/\/nk7-testes.com.br\/agazeta\/wp-json\/wp\/v2\/posts"}],"about":[{"href":"https:\/\/nk7-testes.com.br\/agazeta\/wp-json\/wp\/v2\/types\/post"}],"author":[{"embeddable":true,"href":"https:\/\/nk7-testes.com.br\/agazeta\/wp-json\/wp\/v2\/users\/4"}],"replies":[{"embeddable":true,"href":"https:\/\/nk7-testes.com.br\/agazeta\/wp-json\/wp\/v2\/comments?post=52654"}],"version-history":[{"count":0,"href":"https:\/\/nk7-testes.com.br\/agazeta\/wp-json\/wp\/v2\/posts\/52654\/revisions"}],"wp:featuredmedia":[{"embeddable":true,"href":"https:\/\/nk7-testes.com.br\/agazeta\/wp-json\/wp\/v2\/media\/52653"}],"wp:attachment":[{"href":"https:\/\/nk7-testes.com.br\/agazeta\/wp-json\/wp\/v2\/media?parent=52654"}],"wp:term":[{"taxonomy":"category","embeddable":true,"href":"https:\/\/nk7-testes.com.br\/agazeta\/wp-json\/wp\/v2\/categories?post=52654"},{"taxonomy":"post_tag","embeddable":true,"href":"https:\/\/nk7-testes.com.br\/agazeta\/wp-json\/wp\/v2\/tags?post=52654"}],"curies":[{"name":"wp","href":"https:\/\/api.w.org\/{rel}","templated":true}]}}