{"id":52650,"date":"2021-02-03T12:32:56","date_gmt":"2021-02-03T12:32:56","guid":{"rendered":"https:\/\/abarevegan.com.br\/index.php\/2021\/02\/03\/operacao-mira-chefoes-de-organizacoes-crimonosas-em-rio-branco\/"},"modified":"2021-02-03T12:32:56","modified_gmt":"2021-02-03T12:32:56","slug":"operacao-mira-chefoes-de-organizacoes-crimonosas-em-rio-branco","status":"publish","type":"post","link":"https:\/\/nk7-testes.com.br\/agazeta\/operacao-mira-chefoes-de-organizacoes-crimonosas-em-rio-branco\/","title":{"rendered":"Em Rio Branco, opera\u00e7\u00e3o mira chefes de fac\u00e7\u00f5es criminosas"},"content":{"rendered":"<p style=\"text-align: justify;\">Gaeco do MPAC deve cumprir 18 mandados de pris\u00e3o<\/p>\n<p style=\"text-align: justify;\">No in\u00edcio da manh\u00e3 desta quarta-feira (3), o Grupo de Atua\u00e7\u00e3o Especial no Combate ao Crime Organizado (Gaeco) do Minist\u00e9rio P\u00fablico do Estado do Acre (MPAC) em parceria com a Pol\u00edcia Militar deflagrou a segunda fase da Opera\u00e7\u00e3o Livro Caixa.<\/p>\n<p style=\"text-align: justify;\">A partir da an\u00e1lise dos documentos apreendidos na primeira etapa foram identificadas lideran\u00e7as de duas organiza\u00e7\u00f5es criminosas com alto grau hier\u00e1rquico, respons\u00e1veis pelos n\u00facleos de cadastramento, contabilidade, disciplina e \u201cgerais\u201d de tr\u00eas bairros de Rio Branco, inclusive uma lideran\u00e7a do n\u00facleo feminino dessas fac\u00e7\u00f5es.<\/p>\n<p style=\"text-align: justify;\">Est\u00e3o sendo cumpridos 32 mandados judiciais, sendo 18 de pris\u00e3o e 14 de busca e apreens\u00e3o nos bairros Cidade do Povo, Santa In\u00eas e Boa Uni\u00e3o, em Rio Branco, bem como nos munic\u00edpios de Boca do Acre (AM) e Dourados (MS), al\u00e9m de tr\u00eas cumprimentos na Unidade Prisional Francisco d\u2019Oliveira Conde, na capital.<\/p>\n<p style=\"text-align: justify;\">Ao todo mais de 100 policiais militares foram empregados na opera\u00e7\u00e3o, al\u00e9m de promotores de Justi\u00e7a do Gaeco e servidores do Minist\u00e9rio P\u00fablico do Estado do Acre.<\/p>\n<p style=\"text-align: justify;\"><strong>Opera\u00e7\u00e3o Livro Caixa<\/strong><\/p>\n<p style=\"text-align: justify;\">A primeira fase da Opera\u00e7\u00e3o Livro Caixa foi deflagrada em 5 de agosto de 2020 e teve por objetivo desarticular os n\u00facleos financeiros, respons\u00e1veis por realizar a contabilidade do crime da fac\u00e7\u00e3o na Cidade de Povo e outras regi\u00f5es, inclusive quanto \u00e0 extors\u00e3o de comerciantes locais que eram obrigados a pagar contribui\u00e7\u00e3o para a organiza\u00e7\u00e3o criminosa. Na ocasi\u00e3o foram cumpridos 18 mandados judiciais, sendo 13 mandados de pris\u00e3o e cinco de busca e apreens\u00e3o.<\/p>\n","protected":false},"excerpt":{"rendered":"<p style=\"text-align: justify;\">Gaeco do MPAC deve cumprir 18 mandados de pris\u00e3o<\/p>\n","protected":false},"author":4,"featured_media":52649,"comment_status":"open","ping_status":"open","sticky":false,"template":"","format":"standard","meta":{"jnews-multi-image_gallery":[],"jnews_single_post":[],"jnews_primary_category":[],"jnews_social_meta":[],"jnews_review":[],"enable_review":"","type":"","name":"","summary":"","brand":"","sku":"","good":[],"bad":[],"score_override":"","override_value":"","rating":[],"price":[],"footnotes":""},"categories":[44],"tags":[],"class_list":["post-52650","post","type-post","status-publish","format-standard","has-post-thumbnail","hentry","category-policia"],"yoast_head":"<!-- This site is optimized with the Yoast SEO plugin v26.5 - https:\/\/yoast.com\/wordpress\/plugins\/seo\/ -->\n<title>Em Rio Branco, opera\u00e7\u00e3o mira chefes de fac\u00e7\u00f5es criminosas - Agazeta.net<\/title>\n<meta name=\"robots\" content=\"index, follow, max-snippet:-1, max-image-preview:large, max-video-preview:-1\" \/>\n<link rel=\"canonical\" href=\"https:\/\/nk7-testes.com.br\/agazeta\/operacao-mira-chefoes-de-organizacoes-crimonosas-em-rio-branco\/\" \/>\n<meta property=\"og:locale\" content=\"pt_BR\" \/>\n<meta property=\"og:type\" content=\"article\" \/>\n<meta property=\"og:title\" content=\"Em Rio Branco, opera\u00e7\u00e3o mira chefes de fac\u00e7\u00f5es criminosas - Agazeta.net\" \/>\n<meta property=\"og:description\" content=\"Gaeco do MPAC deve cumprir 18 mandados de pris\u00e3o\" \/>\n<meta property=\"og:url\" content=\"https:\/\/nk7-testes.com.br\/agazeta\/operacao-mira-chefoes-de-organizacoes-crimonosas-em-rio-branco\/\" \/>\n<meta property=\"og:site_name\" content=\"Agazeta.net\" \/>\n<meta property=\"article:published_time\" content=\"2021-02-03T12:32:56+00:00\" \/>\n<meta property=\"og:image\" content=\"https:\/\/nk7-testes.com.br\/agazeta\/wp-content\/uploads\/2021\/02\/03-02-21-mpac-operacao.jpeg\" \/>\n\t<meta property=\"og:image:width\" content=\"458\" \/>\n\t<meta property=\"og:image:height\" content=\"340\" \/>\n\t<meta property=\"og:image:type\" content=\"image\/jpeg\" \/>\n<meta name=\"author\" content=\"Agazeta.Net\" \/>\n<meta name=\"twitter:card\" content=\"summary_large_image\" \/>\n<meta name=\"twitter:label1\" content=\"Escrito por\" \/>\n\t<meta name=\"twitter:data1\" content=\"Agazeta.Net\" \/>\n\t<meta name=\"twitter:label2\" content=\"Est. tempo de leitura\" \/>\n\t<meta name=\"twitter:data2\" content=\"1 minuto\" \/>\n<script type=\"application\/ld+json\" class=\"yoast-schema-graph\">{\"@context\":\"https:\/\/schema.org\",\"@graph\":[{\"@type\":\"WebPage\",\"@id\":\"https:\/\/nk7-testes.com.br\/agazeta\/operacao-mira-chefoes-de-organizacoes-crimonosas-em-rio-branco\/\",\"url\":\"https:\/\/nk7-testes.com.br\/agazeta\/operacao-mira-chefoes-de-organizacoes-crimonosas-em-rio-branco\/\",\"name\":\"Em Rio Branco, opera\u00e7\u00e3o mira chefes de fac\u00e7\u00f5es criminosas - Agazeta.net\",\"isPartOf\":{\"@id\":\"https:\/\/nk7-testes.com.br\/agazeta\/#website\"},\"primaryImageOfPage\":{\"@id\":\"https:\/\/nk7-testes.com.br\/agazeta\/operacao-mira-chefoes-de-organizacoes-crimonosas-em-rio-branco\/#primaryimage\"},\"image\":{\"@id\":\"https:\/\/nk7-testes.com.br\/agazeta\/operacao-mira-chefoes-de-organizacoes-crimonosas-em-rio-branco\/#primaryimage\"},\"thumbnailUrl\":\"https:\/\/nk7-testes.com.br\/agazeta\/wp-content\/uploads\/2021\/02\/03-02-21-mpac-operacao.jpeg\",\"datePublished\":\"2021-02-03T12:32:56+00:00\",\"author\":{\"@id\":\"https:\/\/nk7-testes.com.br\/agazeta\/#\/schema\/person\/6d6e25cb0435eb4a02fd44d30b4e3020\"},\"breadcrumb\":{\"@id\":\"https:\/\/nk7-testes.com.br\/agazeta\/operacao-mira-chefoes-de-organizacoes-crimonosas-em-rio-branco\/#breadcrumb\"},\"inLanguage\":\"pt-BR\",\"potentialAction\":[{\"@type\":\"ReadAction\",\"target\":[\"https:\/\/nk7-testes.com.br\/agazeta\/operacao-mira-chefoes-de-organizacoes-crimonosas-em-rio-branco\/\"]}]},{\"@type\":\"ImageObject\",\"inLanguage\":\"pt-BR\",\"@id\":\"https:\/\/nk7-testes.com.br\/agazeta\/operacao-mira-chefoes-de-organizacoes-crimonosas-em-rio-branco\/#primaryimage\",\"url\":\"https:\/\/nk7-testes.com.br\/agazeta\/wp-content\/uploads\/2021\/02\/03-02-21-mpac-operacao.jpeg\",\"contentUrl\":\"https:\/\/nk7-testes.com.br\/agazeta\/wp-content\/uploads\/2021\/02\/03-02-21-mpac-operacao.jpeg\",\"width\":458,\"height\":340,\"caption\":\"03-02-21-mpac-opera\u00e7\u00e3o\"},{\"@type\":\"BreadcrumbList\",\"@id\":\"https:\/\/nk7-testes.com.br\/agazeta\/operacao-mira-chefoes-de-organizacoes-crimonosas-em-rio-branco\/#breadcrumb\",\"itemListElement\":[{\"@type\":\"ListItem\",\"position\":1,\"name\":\"In\u00edcio\",\"item\":\"https:\/\/nk7-testes.com.br\/agazeta\/\"},{\"@type\":\"ListItem\",\"position\":2,\"name\":\"Em Rio Branco, opera\u00e7\u00e3o mira chefes de fac\u00e7\u00f5es criminosas\"}]},{\"@type\":\"WebSite\",\"@id\":\"https:\/\/nk7-testes.com.br\/agazeta\/#website\",\"url\":\"https:\/\/nk7-testes.com.br\/agazeta\/\",\"name\":\"Agazeta.net\",\"description\":\"Agazeta.net - Not\u00edcias de Rio Branco\/AC\",\"potentialAction\":[{\"@type\":\"SearchAction\",\"target\":{\"@type\":\"EntryPoint\",\"urlTemplate\":\"https:\/\/nk7-testes.com.br\/agazeta\/?s={search_term_string}\"},\"query-input\":{\"@type\":\"PropertyValueSpecification\",\"valueRequired\":true,\"valueName\":\"search_term_string\"}}],\"inLanguage\":\"pt-BR\"},{\"@type\":\"Person\",\"@id\":\"https:\/\/nk7-testes.com.br\/agazeta\/#\/schema\/person\/6d6e25cb0435eb4a02fd44d30b4e3020\",\"name\":\"Agazeta.Net\",\"url\":\"https:\/\/nk7-testes.com.br\/agazeta\/author\/agazeta\/\"}]}<\/script>\n<!-- \/ Yoast SEO plugin. -->","yoast_head_json":{"title":"Em Rio Branco, opera\u00e7\u00e3o mira chefes de fac\u00e7\u00f5es criminosas - Agazeta.net","robots":{"index":"index","follow":"follow","max-snippet":"max-snippet:-1","max-image-preview":"max-image-preview:large","max-video-preview":"max-video-preview:-1"},"canonical":"https:\/\/nk7-testes.com.br\/agazeta\/operacao-mira-chefoes-de-organizacoes-crimonosas-em-rio-branco\/","og_locale":"pt_BR","og_type":"article","og_title":"Em Rio Branco, opera\u00e7\u00e3o mira chefes de fac\u00e7\u00f5es criminosas - Agazeta.net","og_description":"Gaeco do MPAC deve cumprir 18 mandados de pris\u00e3o","og_url":"https:\/\/nk7-testes.com.br\/agazeta\/operacao-mira-chefoes-de-organizacoes-crimonosas-em-rio-branco\/","og_site_name":"Agazeta.net","article_published_time":"2021-02-03T12:32:56+00:00","og_image":[{"width":458,"height":340,"url":"https:\/\/nk7-testes.com.br\/agazeta\/wp-content\/uploads\/2021\/02\/03-02-21-mpac-operacao.jpeg","type":"image\/jpeg"}],"author":"Agazeta.Net","twitter_card":"summary_large_image","twitter_misc":{"Escrito por":"Agazeta.Net","Est. tempo de leitura":"1 minuto"},"schema":{"@context":"https:\/\/schema.org","@graph":[{"@type":"WebPage","@id":"https:\/\/nk7-testes.com.br\/agazeta\/operacao-mira-chefoes-de-organizacoes-crimonosas-em-rio-branco\/","url":"https:\/\/nk7-testes.com.br\/agazeta\/operacao-mira-chefoes-de-organizacoes-crimonosas-em-rio-branco\/","name":"Em Rio Branco, opera\u00e7\u00e3o mira chefes de fac\u00e7\u00f5es criminosas - Agazeta.net","isPartOf":{"@id":"https:\/\/nk7-testes.com.br\/agazeta\/#website"},"primaryImageOfPage":{"@id":"https:\/\/nk7-testes.com.br\/agazeta\/operacao-mira-chefoes-de-organizacoes-crimonosas-em-rio-branco\/#primaryimage"},"image":{"@id":"https:\/\/nk7-testes.com.br\/agazeta\/operacao-mira-chefoes-de-organizacoes-crimonosas-em-rio-branco\/#primaryimage"},"thumbnailUrl":"https:\/\/nk7-testes.com.br\/agazeta\/wp-content\/uploads\/2021\/02\/03-02-21-mpac-operacao.jpeg","datePublished":"2021-02-03T12:32:56+00:00","author":{"@id":"https:\/\/nk7-testes.com.br\/agazeta\/#\/schema\/person\/6d6e25cb0435eb4a02fd44d30b4e3020"},"breadcrumb":{"@id":"https:\/\/nk7-testes.com.br\/agazeta\/operacao-mira-chefoes-de-organizacoes-crimonosas-em-rio-branco\/#breadcrumb"},"inLanguage":"pt-BR","potentialAction":[{"@type":"ReadAction","target":["https:\/\/nk7-testes.com.br\/agazeta\/operacao-mira-chefoes-de-organizacoes-crimonosas-em-rio-branco\/"]}]},{"@type":"ImageObject","inLanguage":"pt-BR","@id":"https:\/\/nk7-testes.com.br\/agazeta\/operacao-mira-chefoes-de-organizacoes-crimonosas-em-rio-branco\/#primaryimage","url":"https:\/\/nk7-testes.com.br\/agazeta\/wp-content\/uploads\/2021\/02\/03-02-21-mpac-operacao.jpeg","contentUrl":"https:\/\/nk7-testes.com.br\/agazeta\/wp-content\/uploads\/2021\/02\/03-02-21-mpac-operacao.jpeg","width":458,"height":340,"caption":"03-02-21-mpac-opera\u00e7\u00e3o"},{"@type":"BreadcrumbList","@id":"https:\/\/nk7-testes.com.br\/agazeta\/operacao-mira-chefoes-de-organizacoes-crimonosas-em-rio-branco\/#breadcrumb","itemListElement":[{"@type":"ListItem","position":1,"name":"In\u00edcio","item":"https:\/\/nk7-testes.com.br\/agazeta\/"},{"@type":"ListItem","position":2,"name":"Em Rio Branco, opera\u00e7\u00e3o mira chefes de fac\u00e7\u00f5es criminosas"}]},{"@type":"WebSite","@id":"https:\/\/nk7-testes.com.br\/agazeta\/#website","url":"https:\/\/nk7-testes.com.br\/agazeta\/","name":"Agazeta.net","description":"Agazeta.net - Not\u00edcias de Rio Branco\/AC","potentialAction":[{"@type":"SearchAction","target":{"@type":"EntryPoint","urlTemplate":"https:\/\/nk7-testes.com.br\/agazeta\/?s={search_term_string}"},"query-input":{"@type":"PropertyValueSpecification","valueRequired":true,"valueName":"search_term_string"}}],"inLanguage":"pt-BR"},{"@type":"Person","@id":"https:\/\/nk7-testes.com.br\/agazeta\/#\/schema\/person\/6d6e25cb0435eb4a02fd44d30b4e3020","name":"Agazeta.Net","url":"https:\/\/nk7-testes.com.br\/agazeta\/author\/agazeta\/"}]}},"_links":{"self":[{"href":"https:\/\/nk7-testes.com.br\/agazeta\/wp-json\/wp\/v2\/posts\/52650","targetHints":{"allow":["GET"]}}],"collection":[{"href":"https:\/\/nk7-testes.com.br\/agazeta\/wp-json\/wp\/v2\/posts"}],"about":[{"href":"https:\/\/nk7-testes.com.br\/agazeta\/wp-json\/wp\/v2\/types\/post"}],"author":[{"embeddable":true,"href":"https:\/\/nk7-testes.com.br\/agazeta\/wp-json\/wp\/v2\/users\/4"}],"replies":[{"embeddable":true,"href":"https:\/\/nk7-testes.com.br\/agazeta\/wp-json\/wp\/v2\/comments?post=52650"}],"version-history":[{"count":0,"href":"https:\/\/nk7-testes.com.br\/agazeta\/wp-json\/wp\/v2\/posts\/52650\/revisions"}],"wp:featuredmedia":[{"embeddable":true,"href":"https:\/\/nk7-testes.com.br\/agazeta\/wp-json\/wp\/v2\/media\/52649"}],"wp:attachment":[{"href":"https:\/\/nk7-testes.com.br\/agazeta\/wp-json\/wp\/v2\/media?parent=52650"}],"wp:term":[{"taxonomy":"category","embeddable":true,"href":"https:\/\/nk7-testes.com.br\/agazeta\/wp-json\/wp\/v2\/categories?post=52650"},{"taxonomy":"post_tag","embeddable":true,"href":"https:\/\/nk7-testes.com.br\/agazeta\/wp-json\/wp\/v2\/tags?post=52650"}],"curies":[{"name":"wp","href":"https:\/\/api.w.org\/{rel}","templated":true}]}}