{"id":52618,"date":"2021-02-01T20:01:31","date_gmt":"2021-02-01T20:01:31","guid":{"rendered":"https:\/\/abarevegan.com.br\/index.php\/2021\/02\/01\/adolescente-morta-teria-sido-julgado-pelo-tribunal-do-crime\/"},"modified":"2021-02-01T20:01:31","modified_gmt":"2021-02-01T20:01:31","slug":"adolescente-morta-teria-sido-julgado-pelo-tribunal-do-crime","status":"publish","type":"post","link":"https:\/\/nk7-testes.com.br\/agazeta\/adolescente-morta-teria-sido-julgado-pelo-tribunal-do-crime\/","title":{"rendered":"Adolescente morta teria sido julgada pelo tribunal do crime"},"content":{"rendered":"<p style=\"text-align: justify;\"><span style=\"font-size: 13.2px;\">Tia da v\u00edtima havia sido morta quatro meses antes<\/span><\/p>\n<p style=\"text-align: justify;\">O corpo de uma adolescente de 13 anos identificada como Raquel Melo de Lima foi encontrado em uma cova rasa no Ramal do Pica Pau, na regi\u00e3o do Amap\u00e1, no domingo (31). Segundo informa\u00e7\u00f5es da fam\u00edlia, ela teria sido julgada pelo tribunal do crime por fazer cr\u00edticas \u00e0 organiza\u00e7\u00e3o criminosa que comanda a regi\u00e3o.<\/p>\n<p style=\"text-align: justify;\">Ainda segundo informa\u00e7\u00f5es da fam\u00edlia, Raquel era inconformada com o assassinato de sua tia Lindinalva Melo Viana, tamb\u00e9m de 13 anos, que ocorreu quatro meses antes por integrantes da mesma fac\u00e7\u00e3o. Lindinalva teria sido julgada pelo tribunal do crime pela acusa\u00e7\u00e3o de trai\u00e7\u00e3o. A fam\u00edlia com medo n\u00e3o denunciou esse crime e at\u00e9 o momento seu corpo n\u00e3o foi encontrado.<\/p>\n<p style=\"text-align: justify;\">Junto da m\u00e3e, Raquel sa\u00eda de um culto quando as duas foram raptadas e levadas ao local do julgamento, em uma casa abandonada.<\/p>\n<p style=\"text-align: justify;\">Alguns minutos depois a m\u00e3e foi liberada pelos membros da organiza\u00e7\u00e3o criminosa e Raquel ficou no local para receber sua senten\u00e7a. Com medo, a m\u00e3e n\u00e3o procurou a pol\u00edcia, pois acreditava que a filha ainda poderia estar viva, mesmo nas m\u00e3os dos membros da organiza\u00e7\u00e3o criminosa.<\/p>\n<p style=\"text-align: justify;\">Segundo a Pol\u00edcia Militar, que encontrou o corpo da adolescente, ela foi assassinada com facadas e tiros e provavelmente torturada.<\/p>\n<p style=\"text-align: justify;\">Os militares conseguiram prender dois irm\u00e3os, Tyago da Silva Sabino, de 18 anos, e Yago da Silva Sabino, de 20 anos, que eram vizinhos das v\u00edtimas e confessaram a participa\u00e7\u00e3o no crime, contando onde esconderam o corpo de Raquel.<\/p>\n<p style=\"text-align: justify;\">A Pol\u00edcia recebeu a informa\u00e7\u00e3o de que existem outras covas na regi\u00e3o do Ramal do Pica Pau, que \u00e9 conhecido como \u201cCemit\u00e9rio do Crime\u201d.<\/p>\n<p style=\"text-align: justify;\">Segundo o delegado Carlos Cabral nas primeiras buscas nada foi encontrado, pois o ramal fica as margens do Rio Acre, \u00e9 muito extenso e tem uma vegeta\u00e7\u00e3o abundante.<\/p>\n<p style=\"text-align: justify;\">\u201cA pol\u00edcia faz buscas pelos envolvidos no crime, mas \u00e9 dif\u00edcil fazer o trabalho com a mata a favor dos suspeitos. Vamos chegar at\u00e9 eles e quem saber descobrir mais sobre a a\u00e7\u00e3o da organiza\u00e7\u00e3o criminosa naquela regi\u00e3o\u201d, concluiu o delegado.<\/p>\n","protected":false},"excerpt":{"rendered":"<p style=\"text-align: justify;\"><span style=\"font-size: 13.2px;\">Tia da v\u00edtima havia sido morta quatro meses antes<\/span><\/p>\n","protected":false},"author":4,"featured_media":52617,"comment_status":"open","ping_status":"open","sticky":false,"template":"","format":"standard","meta":{"jnews-multi-image_gallery":[],"jnews_single_post":[],"jnews_primary_category":[],"jnews_social_meta":[],"jnews_review":[],"enable_review":"","type":"","name":"","summary":"","brand":"","sku":"","good":[],"bad":[],"score_override":"","override_value":"","rating":[],"price":[],"footnotes":""},"categories":[44],"tags":[],"class_list":["post-52618","post","type-post","status-publish","format-standard","has-post-thumbnail","hentry","category-policia"],"yoast_head":"<!-- This site is optimized with the Yoast SEO plugin v26.5 - https:\/\/yoast.com\/wordpress\/plugins\/seo\/ -->\n<title>Adolescente morta teria sido julgada pelo tribunal do crime - Agazeta.net<\/title>\n<meta name=\"robots\" content=\"index, follow, max-snippet:-1, max-image-preview:large, max-video-preview:-1\" \/>\n<link rel=\"canonical\" href=\"https:\/\/nk7-testes.com.br\/agazeta\/adolescente-morta-teria-sido-julgado-pelo-tribunal-do-crime\/\" \/>\n<meta property=\"og:locale\" content=\"pt_BR\" \/>\n<meta property=\"og:type\" content=\"article\" \/>\n<meta property=\"og:title\" content=\"Adolescente morta teria sido julgada pelo tribunal do crime - Agazeta.net\" \/>\n<meta property=\"og:description\" content=\"Tia da v\u00edtima havia sido morta quatro meses antes\" \/>\n<meta property=\"og:url\" content=\"https:\/\/nk7-testes.com.br\/agazeta\/adolescente-morta-teria-sido-julgado-pelo-tribunal-do-crime\/\" \/>\n<meta property=\"og:site_name\" content=\"Agazeta.net\" \/>\n<meta property=\"article:published_time\" content=\"2021-02-01T20:01:31+00:00\" \/>\n<meta property=\"og:image\" content=\"https:\/\/nk7-testes.com.br\/agazeta\/wp-content\/uploads\/2021\/02\/01-02-21_Adolescente-morta-teria-sido-julgado-pelo-tribunal-do-crime.jpeg\" \/>\n\t<meta property=\"og:image:width\" content=\"458\" \/>\n\t<meta property=\"og:image:height\" content=\"340\" \/>\n\t<meta property=\"og:image:type\" content=\"image\/jpeg\" \/>\n<meta name=\"author\" content=\"Agazeta.Net\" \/>\n<meta name=\"twitter:card\" content=\"summary_large_image\" \/>\n<meta name=\"twitter:label1\" content=\"Escrito por\" \/>\n\t<meta name=\"twitter:data1\" content=\"Agazeta.Net\" \/>\n\t<meta name=\"twitter:label2\" content=\"Est. tempo de leitura\" \/>\n\t<meta name=\"twitter:data2\" content=\"2 minutos\" \/>\n<script type=\"application\/ld+json\" class=\"yoast-schema-graph\">{\"@context\":\"https:\/\/schema.org\",\"@graph\":[{\"@type\":\"WebPage\",\"@id\":\"https:\/\/nk7-testes.com.br\/agazeta\/adolescente-morta-teria-sido-julgado-pelo-tribunal-do-crime\/\",\"url\":\"https:\/\/nk7-testes.com.br\/agazeta\/adolescente-morta-teria-sido-julgado-pelo-tribunal-do-crime\/\",\"name\":\"Adolescente morta teria sido julgada pelo tribunal do crime - Agazeta.net\",\"isPartOf\":{\"@id\":\"https:\/\/nk7-testes.com.br\/agazeta\/#website\"},\"primaryImageOfPage\":{\"@id\":\"https:\/\/nk7-testes.com.br\/agazeta\/adolescente-morta-teria-sido-julgado-pelo-tribunal-do-crime\/#primaryimage\"},\"image\":{\"@id\":\"https:\/\/nk7-testes.com.br\/agazeta\/adolescente-morta-teria-sido-julgado-pelo-tribunal-do-crime\/#primaryimage\"},\"thumbnailUrl\":\"https:\/\/nk7-testes.com.br\/agazeta\/wp-content\/uploads\/2021\/02\/01-02-21_Adolescente-morta-teria-sido-julgado-pelo-tribunal-do-crime.jpeg\",\"datePublished\":\"2021-02-01T20:01:31+00:00\",\"author\":{\"@id\":\"https:\/\/nk7-testes.com.br\/agazeta\/#\/schema\/person\/6d6e25cb0435eb4a02fd44d30b4e3020\"},\"breadcrumb\":{\"@id\":\"https:\/\/nk7-testes.com.br\/agazeta\/adolescente-morta-teria-sido-julgado-pelo-tribunal-do-crime\/#breadcrumb\"},\"inLanguage\":\"pt-BR\",\"potentialAction\":[{\"@type\":\"ReadAction\",\"target\":[\"https:\/\/nk7-testes.com.br\/agazeta\/adolescente-morta-teria-sido-julgado-pelo-tribunal-do-crime\/\"]}]},{\"@type\":\"ImageObject\",\"inLanguage\":\"pt-BR\",\"@id\":\"https:\/\/nk7-testes.com.br\/agazeta\/adolescente-morta-teria-sido-julgado-pelo-tribunal-do-crime\/#primaryimage\",\"url\":\"https:\/\/nk7-testes.com.br\/agazeta\/wp-content\/uploads\/2021\/02\/01-02-21_Adolescente-morta-teria-sido-julgado-pelo-tribunal-do-crime.jpeg\",\"contentUrl\":\"https:\/\/nk7-testes.com.br\/agazeta\/wp-content\/uploads\/2021\/02\/01-02-21_Adolescente-morta-teria-sido-julgado-pelo-tribunal-do-crime.jpeg\",\"width\":458,\"height\":340,\"caption\":\"01-02-21 Adolescente-morta-teria-sido-julgado-pelo-tribunal-do-crime\"},{\"@type\":\"BreadcrumbList\",\"@id\":\"https:\/\/nk7-testes.com.br\/agazeta\/adolescente-morta-teria-sido-julgado-pelo-tribunal-do-crime\/#breadcrumb\",\"itemListElement\":[{\"@type\":\"ListItem\",\"position\":1,\"name\":\"In\u00edcio\",\"item\":\"https:\/\/nk7-testes.com.br\/agazeta\/\"},{\"@type\":\"ListItem\",\"position\":2,\"name\":\"Adolescente morta teria sido julgada pelo tribunal do crime\"}]},{\"@type\":\"WebSite\",\"@id\":\"https:\/\/nk7-testes.com.br\/agazeta\/#website\",\"url\":\"https:\/\/nk7-testes.com.br\/agazeta\/\",\"name\":\"Agazeta.net\",\"description\":\"Agazeta.net - Not\u00edcias de Rio Branco\/AC\",\"potentialAction\":[{\"@type\":\"SearchAction\",\"target\":{\"@type\":\"EntryPoint\",\"urlTemplate\":\"https:\/\/nk7-testes.com.br\/agazeta\/?s={search_term_string}\"},\"query-input\":{\"@type\":\"PropertyValueSpecification\",\"valueRequired\":true,\"valueName\":\"search_term_string\"}}],\"inLanguage\":\"pt-BR\"},{\"@type\":\"Person\",\"@id\":\"https:\/\/nk7-testes.com.br\/agazeta\/#\/schema\/person\/6d6e25cb0435eb4a02fd44d30b4e3020\",\"name\":\"Agazeta.Net\",\"url\":\"https:\/\/nk7-testes.com.br\/agazeta\/author\/agazeta\/\"}]}<\/script>\n<!-- \/ Yoast SEO plugin. -->","yoast_head_json":{"title":"Adolescente morta teria sido julgada pelo tribunal do crime - Agazeta.net","robots":{"index":"index","follow":"follow","max-snippet":"max-snippet:-1","max-image-preview":"max-image-preview:large","max-video-preview":"max-video-preview:-1"},"canonical":"https:\/\/nk7-testes.com.br\/agazeta\/adolescente-morta-teria-sido-julgado-pelo-tribunal-do-crime\/","og_locale":"pt_BR","og_type":"article","og_title":"Adolescente morta teria sido julgada pelo tribunal do crime - Agazeta.net","og_description":"Tia da v\u00edtima havia sido morta quatro meses antes","og_url":"https:\/\/nk7-testes.com.br\/agazeta\/adolescente-morta-teria-sido-julgado-pelo-tribunal-do-crime\/","og_site_name":"Agazeta.net","article_published_time":"2021-02-01T20:01:31+00:00","og_image":[{"width":458,"height":340,"url":"https:\/\/nk7-testes.com.br\/agazeta\/wp-content\/uploads\/2021\/02\/01-02-21_Adolescente-morta-teria-sido-julgado-pelo-tribunal-do-crime.jpeg","type":"image\/jpeg"}],"author":"Agazeta.Net","twitter_card":"summary_large_image","twitter_misc":{"Escrito por":"Agazeta.Net","Est. tempo de leitura":"2 minutos"},"schema":{"@context":"https:\/\/schema.org","@graph":[{"@type":"WebPage","@id":"https:\/\/nk7-testes.com.br\/agazeta\/adolescente-morta-teria-sido-julgado-pelo-tribunal-do-crime\/","url":"https:\/\/nk7-testes.com.br\/agazeta\/adolescente-morta-teria-sido-julgado-pelo-tribunal-do-crime\/","name":"Adolescente morta teria sido julgada pelo tribunal do crime - Agazeta.net","isPartOf":{"@id":"https:\/\/nk7-testes.com.br\/agazeta\/#website"},"primaryImageOfPage":{"@id":"https:\/\/nk7-testes.com.br\/agazeta\/adolescente-morta-teria-sido-julgado-pelo-tribunal-do-crime\/#primaryimage"},"image":{"@id":"https:\/\/nk7-testes.com.br\/agazeta\/adolescente-morta-teria-sido-julgado-pelo-tribunal-do-crime\/#primaryimage"},"thumbnailUrl":"https:\/\/nk7-testes.com.br\/agazeta\/wp-content\/uploads\/2021\/02\/01-02-21_Adolescente-morta-teria-sido-julgado-pelo-tribunal-do-crime.jpeg","datePublished":"2021-02-01T20:01:31+00:00","author":{"@id":"https:\/\/nk7-testes.com.br\/agazeta\/#\/schema\/person\/6d6e25cb0435eb4a02fd44d30b4e3020"},"breadcrumb":{"@id":"https:\/\/nk7-testes.com.br\/agazeta\/adolescente-morta-teria-sido-julgado-pelo-tribunal-do-crime\/#breadcrumb"},"inLanguage":"pt-BR","potentialAction":[{"@type":"ReadAction","target":["https:\/\/nk7-testes.com.br\/agazeta\/adolescente-morta-teria-sido-julgado-pelo-tribunal-do-crime\/"]}]},{"@type":"ImageObject","inLanguage":"pt-BR","@id":"https:\/\/nk7-testes.com.br\/agazeta\/adolescente-morta-teria-sido-julgado-pelo-tribunal-do-crime\/#primaryimage","url":"https:\/\/nk7-testes.com.br\/agazeta\/wp-content\/uploads\/2021\/02\/01-02-21_Adolescente-morta-teria-sido-julgado-pelo-tribunal-do-crime.jpeg","contentUrl":"https:\/\/nk7-testes.com.br\/agazeta\/wp-content\/uploads\/2021\/02\/01-02-21_Adolescente-morta-teria-sido-julgado-pelo-tribunal-do-crime.jpeg","width":458,"height":340,"caption":"01-02-21 Adolescente-morta-teria-sido-julgado-pelo-tribunal-do-crime"},{"@type":"BreadcrumbList","@id":"https:\/\/nk7-testes.com.br\/agazeta\/adolescente-morta-teria-sido-julgado-pelo-tribunal-do-crime\/#breadcrumb","itemListElement":[{"@type":"ListItem","position":1,"name":"In\u00edcio","item":"https:\/\/nk7-testes.com.br\/agazeta\/"},{"@type":"ListItem","position":2,"name":"Adolescente morta teria sido julgada pelo tribunal do crime"}]},{"@type":"WebSite","@id":"https:\/\/nk7-testes.com.br\/agazeta\/#website","url":"https:\/\/nk7-testes.com.br\/agazeta\/","name":"Agazeta.net","description":"Agazeta.net - Not\u00edcias de Rio Branco\/AC","potentialAction":[{"@type":"SearchAction","target":{"@type":"EntryPoint","urlTemplate":"https:\/\/nk7-testes.com.br\/agazeta\/?s={search_term_string}"},"query-input":{"@type":"PropertyValueSpecification","valueRequired":true,"valueName":"search_term_string"}}],"inLanguage":"pt-BR"},{"@type":"Person","@id":"https:\/\/nk7-testes.com.br\/agazeta\/#\/schema\/person\/6d6e25cb0435eb4a02fd44d30b4e3020","name":"Agazeta.Net","url":"https:\/\/nk7-testes.com.br\/agazeta\/author\/agazeta\/"}]}},"_links":{"self":[{"href":"https:\/\/nk7-testes.com.br\/agazeta\/wp-json\/wp\/v2\/posts\/52618","targetHints":{"allow":["GET"]}}],"collection":[{"href":"https:\/\/nk7-testes.com.br\/agazeta\/wp-json\/wp\/v2\/posts"}],"about":[{"href":"https:\/\/nk7-testes.com.br\/agazeta\/wp-json\/wp\/v2\/types\/post"}],"author":[{"embeddable":true,"href":"https:\/\/nk7-testes.com.br\/agazeta\/wp-json\/wp\/v2\/users\/4"}],"replies":[{"embeddable":true,"href":"https:\/\/nk7-testes.com.br\/agazeta\/wp-json\/wp\/v2\/comments?post=52618"}],"version-history":[{"count":0,"href":"https:\/\/nk7-testes.com.br\/agazeta\/wp-json\/wp\/v2\/posts\/52618\/revisions"}],"wp:featuredmedia":[{"embeddable":true,"href":"https:\/\/nk7-testes.com.br\/agazeta\/wp-json\/wp\/v2\/media\/52617"}],"wp:attachment":[{"href":"https:\/\/nk7-testes.com.br\/agazeta\/wp-json\/wp\/v2\/media?parent=52618"}],"wp:term":[{"taxonomy":"category","embeddable":true,"href":"https:\/\/nk7-testes.com.br\/agazeta\/wp-json\/wp\/v2\/categories?post=52618"},{"taxonomy":"post_tag","embeddable":true,"href":"https:\/\/nk7-testes.com.br\/agazeta\/wp-json\/wp\/v2\/tags?post=52618"}],"curies":[{"name":"wp","href":"https:\/\/api.w.org\/{rel}","templated":true}]}}