{"id":52600,"date":"2021-01-30T18:32:26","date_gmt":"2021-01-30T18:32:26","guid":{"rendered":"https:\/\/abarevegan.com.br\/index.php\/2021\/01\/30\/jovens-de-19-e-20-anos-sao-presos-por-trafico-em-manoel-urbano\/"},"modified":"2021-01-30T18:32:26","modified_gmt":"2021-01-30T18:32:26","slug":"jovens-de-19-e-20-anos-sao-presos-por-trafico-em-manoel-urbano","status":"publish","type":"post","link":"https:\/\/nk7-testes.com.br\/agazeta\/jovens-de-19-e-20-anos-sao-presos-por-trafico-em-manoel-urbano\/","title":{"rendered":"Dois jovens s\u00e3o presos por tr\u00e1fico em Manoel Urbano"},"content":{"rendered":"<p style=\"text-align: justify;\">Suspeitos estavam com drogas, dinheiro e celulares no flagrante<\/p>\n<p style=\"text-align: justify;\">Trabalho integrado das For\u00e7as de Seguran\u00e7a cumpriram um de pris\u00e3o preventiva na manh\u00e3 deste s\u00e1bado (30), contra um jovem de 19 anos, na Travessa 5, em Manoel Urbano, em posse de 15 tabletes de maconha e algumas por\u00e7\u00f5es de pasta base de coca\u00edna.<\/p>\n<p style=\"text-align: justify;\">No momento da pris\u00e3o, o suspeito estava com um amigo de 20 anos, drogas, dinheiro e celulares, o que terminou tamb\u00e9m na pris\u00e3o em flagrante do comparsa por tr\u00e1fico de drogas.<\/p>\n<p style=\"text-align: justify;\">A opera\u00e7\u00e3o foi realizada pela Pol\u00edcia Civil de Manoel Urbano e contou com o apoio da Pol\u00edcia Militar.<\/p>\n","protected":false},"excerpt":{"rendered":"<p style=\"text-align: justify;\">Suspeitos estavam com drogas, dinheiro e celulares no flagrante<\/p>\n","protected":false},"author":4,"featured_media":52599,"comment_status":"open","ping_status":"open","sticky":false,"template":"","format":"standard","meta":{"jnews-multi-image_gallery":[],"jnews_single_post":[],"jnews_primary_category":[],"jnews_social_meta":[],"jnews_review":[],"enable_review":"","type":"","name":"","summary":"","brand":"","sku":"","good":[],"bad":[],"score_override":"","override_value":"","rating":[],"price":[],"footnotes":""},"categories":[44],"tags":[],"class_list":["post-52600","post","type-post","status-publish","format-standard","has-post-thumbnail","hentry","category-policia"],"yoast_head":"<!-- This site is optimized with the Yoast SEO plugin v26.5 - https:\/\/yoast.com\/wordpress\/plugins\/seo\/ -->\n<title>Dois jovens s\u00e3o presos por tr\u00e1fico em Manoel Urbano - Agazeta.net<\/title>\n<meta name=\"robots\" content=\"index, follow, max-snippet:-1, max-image-preview:large, max-video-preview:-1\" \/>\n<link rel=\"canonical\" href=\"https:\/\/nk7-testes.com.br\/agazeta\/jovens-de-19-e-20-anos-sao-presos-por-trafico-em-manoel-urbano\/\" \/>\n<meta property=\"og:locale\" content=\"pt_BR\" \/>\n<meta property=\"og:type\" content=\"article\" \/>\n<meta property=\"og:title\" content=\"Dois jovens s\u00e3o presos por tr\u00e1fico em Manoel Urbano - Agazeta.net\" \/>\n<meta property=\"og:description\" content=\"Suspeitos estavam com drogas, dinheiro e celulares no flagrante\" \/>\n<meta property=\"og:url\" content=\"https:\/\/nk7-testes.com.br\/agazeta\/jovens-de-19-e-20-anos-sao-presos-por-trafico-em-manoel-urbano\/\" \/>\n<meta property=\"og:site_name\" content=\"Agazeta.net\" \/>\n<meta property=\"article:published_time\" content=\"2021-01-30T18:32:26+00:00\" \/>\n<meta property=\"og:image\" content=\"https:\/\/nk7-testes.com.br\/agazeta\/wp-content\/uploads\/2021\/01\/30-01-21-policia-civil-prisao-interior.jpeg\" \/>\n\t<meta property=\"og:image:width\" content=\"458\" \/>\n\t<meta property=\"og:image:height\" content=\"340\" \/>\n\t<meta property=\"og:image:type\" content=\"image\/jpeg\" \/>\n<meta name=\"author\" content=\"Agazeta.Net\" \/>\n<meta name=\"twitter:card\" content=\"summary_large_image\" \/>\n<meta name=\"twitter:label1\" content=\"Escrito por\" \/>\n\t<meta name=\"twitter:data1\" content=\"Agazeta.Net\" \/>\n\t<meta name=\"twitter:label2\" content=\"Est. tempo de leitura\" \/>\n\t<meta name=\"twitter:data2\" content=\"1 minuto\" \/>\n<script type=\"application\/ld+json\" class=\"yoast-schema-graph\">{\"@context\":\"https:\/\/schema.org\",\"@graph\":[{\"@type\":\"WebPage\",\"@id\":\"https:\/\/nk7-testes.com.br\/agazeta\/jovens-de-19-e-20-anos-sao-presos-por-trafico-em-manoel-urbano\/\",\"url\":\"https:\/\/nk7-testes.com.br\/agazeta\/jovens-de-19-e-20-anos-sao-presos-por-trafico-em-manoel-urbano\/\",\"name\":\"Dois jovens s\u00e3o presos por tr\u00e1fico em Manoel Urbano - Agazeta.net\",\"isPartOf\":{\"@id\":\"https:\/\/nk7-testes.com.br\/agazeta\/#website\"},\"primaryImageOfPage\":{\"@id\":\"https:\/\/nk7-testes.com.br\/agazeta\/jovens-de-19-e-20-anos-sao-presos-por-trafico-em-manoel-urbano\/#primaryimage\"},\"image\":{\"@id\":\"https:\/\/nk7-testes.com.br\/agazeta\/jovens-de-19-e-20-anos-sao-presos-por-trafico-em-manoel-urbano\/#primaryimage\"},\"thumbnailUrl\":\"https:\/\/nk7-testes.com.br\/agazeta\/wp-content\/uploads\/2021\/01\/30-01-21-policia-civil-prisao-interior.jpeg\",\"datePublished\":\"2021-01-30T18:32:26+00:00\",\"author\":{\"@id\":\"https:\/\/nk7-testes.com.br\/agazeta\/#\/schema\/person\/6d6e25cb0435eb4a02fd44d30b4e3020\"},\"breadcrumb\":{\"@id\":\"https:\/\/nk7-testes.com.br\/agazeta\/jovens-de-19-e-20-anos-sao-presos-por-trafico-em-manoel-urbano\/#breadcrumb\"},\"inLanguage\":\"pt-BR\",\"potentialAction\":[{\"@type\":\"ReadAction\",\"target\":[\"https:\/\/nk7-testes.com.br\/agazeta\/jovens-de-19-e-20-anos-sao-presos-por-trafico-em-manoel-urbano\/\"]}]},{\"@type\":\"ImageObject\",\"inLanguage\":\"pt-BR\",\"@id\":\"https:\/\/nk7-testes.com.br\/agazeta\/jovens-de-19-e-20-anos-sao-presos-por-trafico-em-manoel-urbano\/#primaryimage\",\"url\":\"https:\/\/nk7-testes.com.br\/agazeta\/wp-content\/uploads\/2021\/01\/30-01-21-policia-civil-prisao-interior.jpeg\",\"contentUrl\":\"https:\/\/nk7-testes.com.br\/agazeta\/wp-content\/uploads\/2021\/01\/30-01-21-policia-civil-prisao-interior.jpeg\",\"width\":458,\"height\":340,\"caption\":\"30-01-21-policia-civil-prisao-interior\"},{\"@type\":\"BreadcrumbList\",\"@id\":\"https:\/\/nk7-testes.com.br\/agazeta\/jovens-de-19-e-20-anos-sao-presos-por-trafico-em-manoel-urbano\/#breadcrumb\",\"itemListElement\":[{\"@type\":\"ListItem\",\"position\":1,\"name\":\"In\u00edcio\",\"item\":\"https:\/\/nk7-testes.com.br\/agazeta\/\"},{\"@type\":\"ListItem\",\"position\":2,\"name\":\"Dois jovens s\u00e3o presos por tr\u00e1fico em Manoel Urbano\"}]},{\"@type\":\"WebSite\",\"@id\":\"https:\/\/nk7-testes.com.br\/agazeta\/#website\",\"url\":\"https:\/\/nk7-testes.com.br\/agazeta\/\",\"name\":\"Agazeta.net\",\"description\":\"Agazeta.net - Not\u00edcias de Rio Branco\/AC\",\"potentialAction\":[{\"@type\":\"SearchAction\",\"target\":{\"@type\":\"EntryPoint\",\"urlTemplate\":\"https:\/\/nk7-testes.com.br\/agazeta\/?s={search_term_string}\"},\"query-input\":{\"@type\":\"PropertyValueSpecification\",\"valueRequired\":true,\"valueName\":\"search_term_string\"}}],\"inLanguage\":\"pt-BR\"},{\"@type\":\"Person\",\"@id\":\"https:\/\/nk7-testes.com.br\/agazeta\/#\/schema\/person\/6d6e25cb0435eb4a02fd44d30b4e3020\",\"name\":\"Agazeta.Net\",\"url\":\"https:\/\/nk7-testes.com.br\/agazeta\/author\/agazeta\/\"}]}<\/script>\n<!-- \/ Yoast SEO plugin. -->","yoast_head_json":{"title":"Dois jovens s\u00e3o presos por tr\u00e1fico em Manoel Urbano - Agazeta.net","robots":{"index":"index","follow":"follow","max-snippet":"max-snippet:-1","max-image-preview":"max-image-preview:large","max-video-preview":"max-video-preview:-1"},"canonical":"https:\/\/nk7-testes.com.br\/agazeta\/jovens-de-19-e-20-anos-sao-presos-por-trafico-em-manoel-urbano\/","og_locale":"pt_BR","og_type":"article","og_title":"Dois jovens s\u00e3o presos por tr\u00e1fico em Manoel Urbano - Agazeta.net","og_description":"Suspeitos estavam com drogas, dinheiro e celulares no flagrante","og_url":"https:\/\/nk7-testes.com.br\/agazeta\/jovens-de-19-e-20-anos-sao-presos-por-trafico-em-manoel-urbano\/","og_site_name":"Agazeta.net","article_published_time":"2021-01-30T18:32:26+00:00","og_image":[{"width":458,"height":340,"url":"https:\/\/nk7-testes.com.br\/agazeta\/wp-content\/uploads\/2021\/01\/30-01-21-policia-civil-prisao-interior.jpeg","type":"image\/jpeg"}],"author":"Agazeta.Net","twitter_card":"summary_large_image","twitter_misc":{"Escrito por":"Agazeta.Net","Est. tempo de leitura":"1 minuto"},"schema":{"@context":"https:\/\/schema.org","@graph":[{"@type":"WebPage","@id":"https:\/\/nk7-testes.com.br\/agazeta\/jovens-de-19-e-20-anos-sao-presos-por-trafico-em-manoel-urbano\/","url":"https:\/\/nk7-testes.com.br\/agazeta\/jovens-de-19-e-20-anos-sao-presos-por-trafico-em-manoel-urbano\/","name":"Dois jovens s\u00e3o presos por tr\u00e1fico em Manoel Urbano - Agazeta.net","isPartOf":{"@id":"https:\/\/nk7-testes.com.br\/agazeta\/#website"},"primaryImageOfPage":{"@id":"https:\/\/nk7-testes.com.br\/agazeta\/jovens-de-19-e-20-anos-sao-presos-por-trafico-em-manoel-urbano\/#primaryimage"},"image":{"@id":"https:\/\/nk7-testes.com.br\/agazeta\/jovens-de-19-e-20-anos-sao-presos-por-trafico-em-manoel-urbano\/#primaryimage"},"thumbnailUrl":"https:\/\/nk7-testes.com.br\/agazeta\/wp-content\/uploads\/2021\/01\/30-01-21-policia-civil-prisao-interior.jpeg","datePublished":"2021-01-30T18:32:26+00:00","author":{"@id":"https:\/\/nk7-testes.com.br\/agazeta\/#\/schema\/person\/6d6e25cb0435eb4a02fd44d30b4e3020"},"breadcrumb":{"@id":"https:\/\/nk7-testes.com.br\/agazeta\/jovens-de-19-e-20-anos-sao-presos-por-trafico-em-manoel-urbano\/#breadcrumb"},"inLanguage":"pt-BR","potentialAction":[{"@type":"ReadAction","target":["https:\/\/nk7-testes.com.br\/agazeta\/jovens-de-19-e-20-anos-sao-presos-por-trafico-em-manoel-urbano\/"]}]},{"@type":"ImageObject","inLanguage":"pt-BR","@id":"https:\/\/nk7-testes.com.br\/agazeta\/jovens-de-19-e-20-anos-sao-presos-por-trafico-em-manoel-urbano\/#primaryimage","url":"https:\/\/nk7-testes.com.br\/agazeta\/wp-content\/uploads\/2021\/01\/30-01-21-policia-civil-prisao-interior.jpeg","contentUrl":"https:\/\/nk7-testes.com.br\/agazeta\/wp-content\/uploads\/2021\/01\/30-01-21-policia-civil-prisao-interior.jpeg","width":458,"height":340,"caption":"30-01-21-policia-civil-prisao-interior"},{"@type":"BreadcrumbList","@id":"https:\/\/nk7-testes.com.br\/agazeta\/jovens-de-19-e-20-anos-sao-presos-por-trafico-em-manoel-urbano\/#breadcrumb","itemListElement":[{"@type":"ListItem","position":1,"name":"In\u00edcio","item":"https:\/\/nk7-testes.com.br\/agazeta\/"},{"@type":"ListItem","position":2,"name":"Dois jovens s\u00e3o presos por tr\u00e1fico em Manoel Urbano"}]},{"@type":"WebSite","@id":"https:\/\/nk7-testes.com.br\/agazeta\/#website","url":"https:\/\/nk7-testes.com.br\/agazeta\/","name":"Agazeta.net","description":"Agazeta.net - Not\u00edcias de Rio Branco\/AC","potentialAction":[{"@type":"SearchAction","target":{"@type":"EntryPoint","urlTemplate":"https:\/\/nk7-testes.com.br\/agazeta\/?s={search_term_string}"},"query-input":{"@type":"PropertyValueSpecification","valueRequired":true,"valueName":"search_term_string"}}],"inLanguage":"pt-BR"},{"@type":"Person","@id":"https:\/\/nk7-testes.com.br\/agazeta\/#\/schema\/person\/6d6e25cb0435eb4a02fd44d30b4e3020","name":"Agazeta.Net","url":"https:\/\/nk7-testes.com.br\/agazeta\/author\/agazeta\/"}]}},"_links":{"self":[{"href":"https:\/\/nk7-testes.com.br\/agazeta\/wp-json\/wp\/v2\/posts\/52600","targetHints":{"allow":["GET"]}}],"collection":[{"href":"https:\/\/nk7-testes.com.br\/agazeta\/wp-json\/wp\/v2\/posts"}],"about":[{"href":"https:\/\/nk7-testes.com.br\/agazeta\/wp-json\/wp\/v2\/types\/post"}],"author":[{"embeddable":true,"href":"https:\/\/nk7-testes.com.br\/agazeta\/wp-json\/wp\/v2\/users\/4"}],"replies":[{"embeddable":true,"href":"https:\/\/nk7-testes.com.br\/agazeta\/wp-json\/wp\/v2\/comments?post=52600"}],"version-history":[{"count":0,"href":"https:\/\/nk7-testes.com.br\/agazeta\/wp-json\/wp\/v2\/posts\/52600\/revisions"}],"wp:featuredmedia":[{"embeddable":true,"href":"https:\/\/nk7-testes.com.br\/agazeta\/wp-json\/wp\/v2\/media\/52599"}],"wp:attachment":[{"href":"https:\/\/nk7-testes.com.br\/agazeta\/wp-json\/wp\/v2\/media?parent=52600"}],"wp:term":[{"taxonomy":"category","embeddable":true,"href":"https:\/\/nk7-testes.com.br\/agazeta\/wp-json\/wp\/v2\/categories?post=52600"},{"taxonomy":"post_tag","embeddable":true,"href":"https:\/\/nk7-testes.com.br\/agazeta\/wp-json\/wp\/v2\/tags?post=52600"}],"curies":[{"name":"wp","href":"https:\/\/api.w.org\/{rel}","templated":true}]}}