{"id":52570,"date":"2021-01-28T19:52:28","date_gmt":"2021-01-28T19:52:28","guid":{"rendered":"https:\/\/abarevegan.com.br\/index.php\/2021\/01\/28\/delegacia-do-idoso-conclui-investigacao-sobre-roubo-no-lar-dos-vicentinos\/"},"modified":"2021-01-28T19:52:28","modified_gmt":"2021-01-28T19:52:28","slug":"delegacia-do-idoso-conclui-investigacao-sobre-roubo-no-lar-dos-vicentinos","status":"publish","type":"post","link":"https:\/\/nk7-testes.com.br\/agazeta\/delegacia-do-idoso-conclui-investigacao-sobre-roubo-no-lar-dos-vicentinos\/","title":{"rendered":"Delegacia conclui investiga\u00e7\u00e3o sobre roubo no Lar dos Vicentinos"},"content":{"rendered":"<p style=\"text-align: justify;\"><span style=\"font-size: 13.2px;\">Dois autores est\u00e3o presos e quatro pessoas indiciadas<\/span><\/p>\n<p style=\"text-align: justify;\">A Delegacia de Atendimento ao Idoso concluiu as investiga\u00e7\u00f5es sobre os v\u00e1rios roubos e furtos que ocorreram no abrigo Lar dos Vicentinos.<\/p>\n<p style=\"text-align: justify;\">Relembrando o caso: no final do ano de 2020, por v\u00e1rias vezes, o abrigo dos idosos foi invadido e os autores subtra\u00edram diversos objetos durante as a\u00e7\u00f5es: aparelho de TV, aparelhos de ar condicionado, cadeiras e bens pessoais dos idosos.<\/p>\n<p style=\"text-align: justify;\">Em uma dessas situa\u00e7\u00f5es, uma idosa foi gravemente agredida com socos no rosto e apert\u00f5es em seu pesco\u00e7o, simplesmente pelo fato de ter visto o autor subtraindo os objetos.<\/p>\n<p style=\"text-align: justify;\">Ap\u00f3s a instaura\u00e7\u00e3o de um inqu\u00e9rito policial, a pol\u00edcia civil do Acre conseguiu identificar os autores do roubo, bem como as pessoas que supostamente teriam comprado os objetos provenientes do crime.<\/p>\n<p style=\"text-align: justify;\">Pela Delegacia do Idoso foi feito pedido de pris\u00e3o preventiva dos autores, os quais foram deferidos pelo Poder Judici\u00e1rio e cumpridos pela Pol\u00edcia Civil, estando dois homens um de 39 anos e um de 35 j\u00e1 presos. As pessoas que compraram os objetos ser\u00e3o indicadas pelo crime de recepta\u00e7\u00e3o.<\/p>\n<p style=\"text-align: justify;\">Conforme informa\u00e7\u00f5es do Delegado Samuel Mendes, os autores responder\u00e3o por roubo e furto e as pessoas que compraram os objetos por recepta\u00e7\u00e3o.<\/p>\n<p style=\"text-align: justify;\">O inqu\u00e9rito policial foi conclu\u00eddo e ser\u00e1 encaminhado ao Poder Judici\u00e1rio.<\/p>\n","protected":false},"excerpt":{"rendered":"<p style=\"text-align: justify;\"><span style=\"font-size: 13.2px;\">Dois autores est\u00e3o presos e quatro pessoas indiciadas<\/span><\/p>\n","protected":false},"author":4,"featured_media":52569,"comment_status":"open","ping_status":"open","sticky":false,"template":"","format":"standard","meta":{"jnews-multi-image_gallery":[],"jnews_single_post":[],"jnews_primary_category":[],"jnews_social_meta":[],"jnews_review":[],"enable_review":"","type":"","name":"","summary":"","brand":"","sku":"","good":[],"bad":[],"score_override":"","override_value":"","rating":[],"price":[],"footnotes":""},"categories":[44],"tags":[],"class_list":["post-52570","post","type-post","status-publish","format-standard","has-post-thumbnail","hentry","category-policia"],"yoast_head":"<!-- This site is optimized with the Yoast SEO plugin v26.5 - https:\/\/yoast.com\/wordpress\/plugins\/seo\/ -->\n<title>Delegacia conclui investiga\u00e7\u00e3o sobre roubo no Lar dos Vicentinos - Agazeta.net<\/title>\n<meta name=\"robots\" content=\"index, follow, max-snippet:-1, max-image-preview:large, max-video-preview:-1\" \/>\n<link rel=\"canonical\" href=\"https:\/\/nk7-testes.com.br\/agazeta\/delegacia-do-idoso-conclui-investigacao-sobre-roubo-no-lar-dos-vicentinos\/\" \/>\n<meta property=\"og:locale\" content=\"pt_BR\" \/>\n<meta property=\"og:type\" content=\"article\" \/>\n<meta property=\"og:title\" content=\"Delegacia conclui investiga\u00e7\u00e3o sobre roubo no Lar dos Vicentinos - Agazeta.net\" \/>\n<meta property=\"og:description\" content=\"Dois autores est\u00e3o presos e quatro pessoas indiciadas\" \/>\n<meta property=\"og:url\" content=\"https:\/\/nk7-testes.com.br\/agazeta\/delegacia-do-idoso-conclui-investigacao-sobre-roubo-no-lar-dos-vicentinos\/\" \/>\n<meta property=\"og:site_name\" content=\"Agazeta.net\" \/>\n<meta property=\"article:published_time\" content=\"2021-01-28T19:52:28+00:00\" \/>\n<meta property=\"og:image\" content=\"https:\/\/nk7-testes.com.br\/agazeta\/wp-content\/uploads\/2021\/01\/28-01-21_Delegacia-do-Idoso-conclui-investigacao-sobre-Roubo-no-Lar-dos-Vicentinos.png\" \/>\n\t<meta property=\"og:image:width\" content=\"458\" \/>\n\t<meta property=\"og:image:height\" content=\"340\" \/>\n\t<meta property=\"og:image:type\" content=\"image\/png\" \/>\n<meta name=\"author\" content=\"Agazeta.Net\" \/>\n<meta name=\"twitter:card\" content=\"summary_large_image\" \/>\n<meta name=\"twitter:label1\" content=\"Escrito por\" \/>\n\t<meta name=\"twitter:data1\" content=\"Agazeta.Net\" \/>\n\t<meta name=\"twitter:label2\" content=\"Est. tempo de leitura\" \/>\n\t<meta name=\"twitter:data2\" content=\"1 minuto\" \/>\n<script type=\"application\/ld+json\" class=\"yoast-schema-graph\">{\"@context\":\"https:\/\/schema.org\",\"@graph\":[{\"@type\":\"WebPage\",\"@id\":\"https:\/\/nk7-testes.com.br\/agazeta\/delegacia-do-idoso-conclui-investigacao-sobre-roubo-no-lar-dos-vicentinos\/\",\"url\":\"https:\/\/nk7-testes.com.br\/agazeta\/delegacia-do-idoso-conclui-investigacao-sobre-roubo-no-lar-dos-vicentinos\/\",\"name\":\"Delegacia conclui investiga\u00e7\u00e3o sobre roubo no Lar dos Vicentinos - Agazeta.net\",\"isPartOf\":{\"@id\":\"https:\/\/nk7-testes.com.br\/agazeta\/#website\"},\"primaryImageOfPage\":{\"@id\":\"https:\/\/nk7-testes.com.br\/agazeta\/delegacia-do-idoso-conclui-investigacao-sobre-roubo-no-lar-dos-vicentinos\/#primaryimage\"},\"image\":{\"@id\":\"https:\/\/nk7-testes.com.br\/agazeta\/delegacia-do-idoso-conclui-investigacao-sobre-roubo-no-lar-dos-vicentinos\/#primaryimage\"},\"thumbnailUrl\":\"https:\/\/nk7-testes.com.br\/agazeta\/wp-content\/uploads\/2021\/01\/28-01-21_Delegacia-do-Idoso-conclui-investigacao-sobre-Roubo-no-Lar-dos-Vicentinos.png\",\"datePublished\":\"2021-01-28T19:52:28+00:00\",\"author\":{\"@id\":\"https:\/\/nk7-testes.com.br\/agazeta\/#\/schema\/person\/6d6e25cb0435eb4a02fd44d30b4e3020\"},\"breadcrumb\":{\"@id\":\"https:\/\/nk7-testes.com.br\/agazeta\/delegacia-do-idoso-conclui-investigacao-sobre-roubo-no-lar-dos-vicentinos\/#breadcrumb\"},\"inLanguage\":\"pt-BR\",\"potentialAction\":[{\"@type\":\"ReadAction\",\"target\":[\"https:\/\/nk7-testes.com.br\/agazeta\/delegacia-do-idoso-conclui-investigacao-sobre-roubo-no-lar-dos-vicentinos\/\"]}]},{\"@type\":\"ImageObject\",\"inLanguage\":\"pt-BR\",\"@id\":\"https:\/\/nk7-testes.com.br\/agazeta\/delegacia-do-idoso-conclui-investigacao-sobre-roubo-no-lar-dos-vicentinos\/#primaryimage\",\"url\":\"https:\/\/nk7-testes.com.br\/agazeta\/wp-content\/uploads\/2021\/01\/28-01-21_Delegacia-do-Idoso-conclui-investigacao-sobre-Roubo-no-Lar-dos-Vicentinos.png\",\"contentUrl\":\"https:\/\/nk7-testes.com.br\/agazeta\/wp-content\/uploads\/2021\/01\/28-01-21_Delegacia-do-Idoso-conclui-investigacao-sobre-Roubo-no-Lar-dos-Vicentinos.png\",\"width\":458,\"height\":340,\"caption\":\"28-01-21 Delegacia-do-Idoso-conclui-investiga\u00e7\u00e3o-sobre-Roubo-no-Lar-dos-Vicentinos\"},{\"@type\":\"BreadcrumbList\",\"@id\":\"https:\/\/nk7-testes.com.br\/agazeta\/delegacia-do-idoso-conclui-investigacao-sobre-roubo-no-lar-dos-vicentinos\/#breadcrumb\",\"itemListElement\":[{\"@type\":\"ListItem\",\"position\":1,\"name\":\"In\u00edcio\",\"item\":\"https:\/\/nk7-testes.com.br\/agazeta\/\"},{\"@type\":\"ListItem\",\"position\":2,\"name\":\"Delegacia conclui investiga\u00e7\u00e3o sobre roubo no Lar dos Vicentinos\"}]},{\"@type\":\"WebSite\",\"@id\":\"https:\/\/nk7-testes.com.br\/agazeta\/#website\",\"url\":\"https:\/\/nk7-testes.com.br\/agazeta\/\",\"name\":\"Agazeta.net\",\"description\":\"Agazeta.net - Not\u00edcias de Rio Branco\/AC\",\"potentialAction\":[{\"@type\":\"SearchAction\",\"target\":{\"@type\":\"EntryPoint\",\"urlTemplate\":\"https:\/\/nk7-testes.com.br\/agazeta\/?s={search_term_string}\"},\"query-input\":{\"@type\":\"PropertyValueSpecification\",\"valueRequired\":true,\"valueName\":\"search_term_string\"}}],\"inLanguage\":\"pt-BR\"},{\"@type\":\"Person\",\"@id\":\"https:\/\/nk7-testes.com.br\/agazeta\/#\/schema\/person\/6d6e25cb0435eb4a02fd44d30b4e3020\",\"name\":\"Agazeta.Net\",\"url\":\"https:\/\/nk7-testes.com.br\/agazeta\/author\/agazeta\/\"}]}<\/script>\n<!-- \/ Yoast SEO plugin. -->","yoast_head_json":{"title":"Delegacia conclui investiga\u00e7\u00e3o sobre roubo no Lar dos Vicentinos - Agazeta.net","robots":{"index":"index","follow":"follow","max-snippet":"max-snippet:-1","max-image-preview":"max-image-preview:large","max-video-preview":"max-video-preview:-1"},"canonical":"https:\/\/nk7-testes.com.br\/agazeta\/delegacia-do-idoso-conclui-investigacao-sobre-roubo-no-lar-dos-vicentinos\/","og_locale":"pt_BR","og_type":"article","og_title":"Delegacia conclui investiga\u00e7\u00e3o sobre roubo no Lar dos Vicentinos - Agazeta.net","og_description":"Dois autores est\u00e3o presos e quatro pessoas indiciadas","og_url":"https:\/\/nk7-testes.com.br\/agazeta\/delegacia-do-idoso-conclui-investigacao-sobre-roubo-no-lar-dos-vicentinos\/","og_site_name":"Agazeta.net","article_published_time":"2021-01-28T19:52:28+00:00","og_image":[{"width":458,"height":340,"url":"https:\/\/nk7-testes.com.br\/agazeta\/wp-content\/uploads\/2021\/01\/28-01-21_Delegacia-do-Idoso-conclui-investigacao-sobre-Roubo-no-Lar-dos-Vicentinos.png","type":"image\/png"}],"author":"Agazeta.Net","twitter_card":"summary_large_image","twitter_misc":{"Escrito por":"Agazeta.Net","Est. tempo de leitura":"1 minuto"},"schema":{"@context":"https:\/\/schema.org","@graph":[{"@type":"WebPage","@id":"https:\/\/nk7-testes.com.br\/agazeta\/delegacia-do-idoso-conclui-investigacao-sobre-roubo-no-lar-dos-vicentinos\/","url":"https:\/\/nk7-testes.com.br\/agazeta\/delegacia-do-idoso-conclui-investigacao-sobre-roubo-no-lar-dos-vicentinos\/","name":"Delegacia conclui investiga\u00e7\u00e3o sobre roubo no Lar dos Vicentinos - Agazeta.net","isPartOf":{"@id":"https:\/\/nk7-testes.com.br\/agazeta\/#website"},"primaryImageOfPage":{"@id":"https:\/\/nk7-testes.com.br\/agazeta\/delegacia-do-idoso-conclui-investigacao-sobre-roubo-no-lar-dos-vicentinos\/#primaryimage"},"image":{"@id":"https:\/\/nk7-testes.com.br\/agazeta\/delegacia-do-idoso-conclui-investigacao-sobre-roubo-no-lar-dos-vicentinos\/#primaryimage"},"thumbnailUrl":"https:\/\/nk7-testes.com.br\/agazeta\/wp-content\/uploads\/2021\/01\/28-01-21_Delegacia-do-Idoso-conclui-investigacao-sobre-Roubo-no-Lar-dos-Vicentinos.png","datePublished":"2021-01-28T19:52:28+00:00","author":{"@id":"https:\/\/nk7-testes.com.br\/agazeta\/#\/schema\/person\/6d6e25cb0435eb4a02fd44d30b4e3020"},"breadcrumb":{"@id":"https:\/\/nk7-testes.com.br\/agazeta\/delegacia-do-idoso-conclui-investigacao-sobre-roubo-no-lar-dos-vicentinos\/#breadcrumb"},"inLanguage":"pt-BR","potentialAction":[{"@type":"ReadAction","target":["https:\/\/nk7-testes.com.br\/agazeta\/delegacia-do-idoso-conclui-investigacao-sobre-roubo-no-lar-dos-vicentinos\/"]}]},{"@type":"ImageObject","inLanguage":"pt-BR","@id":"https:\/\/nk7-testes.com.br\/agazeta\/delegacia-do-idoso-conclui-investigacao-sobre-roubo-no-lar-dos-vicentinos\/#primaryimage","url":"https:\/\/nk7-testes.com.br\/agazeta\/wp-content\/uploads\/2021\/01\/28-01-21_Delegacia-do-Idoso-conclui-investigacao-sobre-Roubo-no-Lar-dos-Vicentinos.png","contentUrl":"https:\/\/nk7-testes.com.br\/agazeta\/wp-content\/uploads\/2021\/01\/28-01-21_Delegacia-do-Idoso-conclui-investigacao-sobre-Roubo-no-Lar-dos-Vicentinos.png","width":458,"height":340,"caption":"28-01-21 Delegacia-do-Idoso-conclui-investiga\u00e7\u00e3o-sobre-Roubo-no-Lar-dos-Vicentinos"},{"@type":"BreadcrumbList","@id":"https:\/\/nk7-testes.com.br\/agazeta\/delegacia-do-idoso-conclui-investigacao-sobre-roubo-no-lar-dos-vicentinos\/#breadcrumb","itemListElement":[{"@type":"ListItem","position":1,"name":"In\u00edcio","item":"https:\/\/nk7-testes.com.br\/agazeta\/"},{"@type":"ListItem","position":2,"name":"Delegacia conclui investiga\u00e7\u00e3o sobre roubo no Lar dos Vicentinos"}]},{"@type":"WebSite","@id":"https:\/\/nk7-testes.com.br\/agazeta\/#website","url":"https:\/\/nk7-testes.com.br\/agazeta\/","name":"Agazeta.net","description":"Agazeta.net - Not\u00edcias de Rio Branco\/AC","potentialAction":[{"@type":"SearchAction","target":{"@type":"EntryPoint","urlTemplate":"https:\/\/nk7-testes.com.br\/agazeta\/?s={search_term_string}"},"query-input":{"@type":"PropertyValueSpecification","valueRequired":true,"valueName":"search_term_string"}}],"inLanguage":"pt-BR"},{"@type":"Person","@id":"https:\/\/nk7-testes.com.br\/agazeta\/#\/schema\/person\/6d6e25cb0435eb4a02fd44d30b4e3020","name":"Agazeta.Net","url":"https:\/\/nk7-testes.com.br\/agazeta\/author\/agazeta\/"}]}},"_links":{"self":[{"href":"https:\/\/nk7-testes.com.br\/agazeta\/wp-json\/wp\/v2\/posts\/52570","targetHints":{"allow":["GET"]}}],"collection":[{"href":"https:\/\/nk7-testes.com.br\/agazeta\/wp-json\/wp\/v2\/posts"}],"about":[{"href":"https:\/\/nk7-testes.com.br\/agazeta\/wp-json\/wp\/v2\/types\/post"}],"author":[{"embeddable":true,"href":"https:\/\/nk7-testes.com.br\/agazeta\/wp-json\/wp\/v2\/users\/4"}],"replies":[{"embeddable":true,"href":"https:\/\/nk7-testes.com.br\/agazeta\/wp-json\/wp\/v2\/comments?post=52570"}],"version-history":[{"count":0,"href":"https:\/\/nk7-testes.com.br\/agazeta\/wp-json\/wp\/v2\/posts\/52570\/revisions"}],"wp:featuredmedia":[{"embeddable":true,"href":"https:\/\/nk7-testes.com.br\/agazeta\/wp-json\/wp\/v2\/media\/52569"}],"wp:attachment":[{"href":"https:\/\/nk7-testes.com.br\/agazeta\/wp-json\/wp\/v2\/media?parent=52570"}],"wp:term":[{"taxonomy":"category","embeddable":true,"href":"https:\/\/nk7-testes.com.br\/agazeta\/wp-json\/wp\/v2\/categories?post=52570"},{"taxonomy":"post_tag","embeddable":true,"href":"https:\/\/nk7-testes.com.br\/agazeta\/wp-json\/wp\/v2\/tags?post=52570"}],"curies":[{"name":"wp","href":"https:\/\/api.w.org\/{rel}","templated":true}]}}