{"id":52500,"date":"2021-01-25T20:33:24","date_gmt":"2021-01-25T20:33:24","guid":{"rendered":"https:\/\/abarevegan.com.br\/index.php\/2021\/01\/25\/homem-que-agrediu-esposa-e-filha-e-condenado-ha-quatro-meses-em-regime-aberto\/"},"modified":"2021-01-25T20:33:24","modified_gmt":"2021-01-25T20:33:24","slug":"homem-que-agrediu-esposa-e-filha-e-condenado-ha-quatro-meses-em-regime-aberto","status":"publish","type":"post","link":"https:\/\/nk7-testes.com.br\/agazeta\/homem-que-agrediu-esposa-e-filha-e-condenado-ha-quatro-meses-em-regime-aberto\/","title":{"rendered":"Homem \u00e9 condenado h\u00e1 quatro meses por viol\u00eancia dom\u00e9stica"},"content":{"rendered":"<p style=\"text-align: justify;\"><span style=\"font-size: 13.2px;\">Agress\u00f5es aconteceram no munic\u00edpio de Assis Brasil<\/span><\/p>\n<p style=\"text-align: justify;\">Um homem agrediu sua esposa e filha de nove anos de idade em Assis Brasil e utilizou uma faca para amea\u00e7ar a vida da mulher, ele foi condenado pelo Ju\u00edzo da Vara Criminal de Assis Brasil a quatro meses e 15 dias de deten\u00e7\u00e3o em regime aberto, al\u00e9m do pagamento de dez dias-multas, por viol\u00eancia dom\u00e9stica.<\/p>\n<p style=\"text-align: justify;\">A v\u00edtima relatou que atualmente est\u00e3o separados, mas que conviveram juntos por 19 anos, ela conseguiu por um fim ao ciclo de viol\u00eancia que era composto de agress\u00f5es, xingamentos e outras formas de viol\u00eancia psicol\u00f3gica, segundo a v\u00edtima essas atitudes eram agravadas pelo v\u00edcio em bebida alco\u00f3lica. \u201cEle chegava bebido e brigava com todo mundo\u201d, resumiu.<\/p>\n<p style=\"text-align: justify;\">O homem confessou os fatos na audi\u00eancia e o juiz de Direito Alex Oivane assinalou que a ofensa \u00e0 integridade f\u00edsica est\u00e1 comprovada pelo Exame de Corpo de Delito e depoimentos, bem como est\u00e1 claro que as condutas se derem por preval\u00eancia das rela\u00e7\u00f5es dom\u00e9sticas.<\/p>\n<p style=\"text-align: justify;\">Deste modo, a senten\u00e7a considerou o concurso material de crimes, somando a pena dosada pela ofensa a integridade f\u00edsica e psicol\u00f3gica com a pena pelo crime de amea\u00e7a. \u201cA pr\u00e1tica desse tipo de delito assola a vida familiar e social, redundando em a\u00e7\u00f5es cada vez mais frequentes de viol\u00eancia contra a mulher\u201d, concluiu o magistrado.<\/p>\n","protected":false},"excerpt":{"rendered":"<p style=\"text-align: justify;\"><span style=\"font-size: 13.2px;\">Agress\u00f5es aconteceram no munic\u00edpio de Assis Brasil<\/span><\/p>\n","protected":false},"author":4,"featured_media":52499,"comment_status":"open","ping_status":"open","sticky":false,"template":"","format":"standard","meta":{"jnews-multi-image_gallery":[],"jnews_single_post":[],"jnews_primary_category":[],"jnews_social_meta":[],"jnews_review":[],"enable_review":"","type":"","name":"","summary":"","brand":"","sku":"","good":[],"bad":[],"score_override":"","override_value":"","rating":[],"price":[],"footnotes":""},"categories":[44],"tags":[],"class_list":["post-52500","post","type-post","status-publish","format-standard","has-post-thumbnail","hentry","category-policia"],"yoast_head":"<!-- This site is optimized with the Yoast SEO plugin v26.5 - https:\/\/yoast.com\/wordpress\/plugins\/seo\/ -->\n<title>Homem \u00e9 condenado h\u00e1 quatro meses por viol\u00eancia dom\u00e9stica - Agazeta.net<\/title>\n<meta name=\"robots\" content=\"index, follow, max-snippet:-1, max-image-preview:large, max-video-preview:-1\" \/>\n<link rel=\"canonical\" href=\"https:\/\/nk7-testes.com.br\/agazeta\/homem-que-agrediu-esposa-e-filha-e-condenado-ha-quatro-meses-em-regime-aberto\/\" \/>\n<meta property=\"og:locale\" content=\"pt_BR\" \/>\n<meta property=\"og:type\" content=\"article\" \/>\n<meta property=\"og:title\" content=\"Homem \u00e9 condenado h\u00e1 quatro meses por viol\u00eancia dom\u00e9stica - Agazeta.net\" \/>\n<meta property=\"og:description\" content=\"Agress\u00f5es aconteceram no munic\u00edpio de Assis Brasil\" \/>\n<meta property=\"og:url\" content=\"https:\/\/nk7-testes.com.br\/agazeta\/homem-que-agrediu-esposa-e-filha-e-condenado-ha-quatro-meses-em-regime-aberto\/\" \/>\n<meta property=\"og:site_name\" content=\"Agazeta.net\" \/>\n<meta property=\"article:published_time\" content=\"2021-01-25T20:33:24+00:00\" \/>\n<meta property=\"og:image\" content=\"https:\/\/nk7-testes.com.br\/agazeta\/wp-content\/uploads\/2021\/01\/25-01-21_homem-e-condenado-a-quatro-meses-por-agressao-domestica2.jpg\" \/>\n\t<meta property=\"og:image:width\" content=\"458\" \/>\n\t<meta property=\"og:image:height\" content=\"340\" \/>\n\t<meta property=\"og:image:type\" content=\"image\/jpeg\" \/>\n<meta name=\"author\" content=\"Agazeta.Net\" \/>\n<meta name=\"twitter:card\" content=\"summary_large_image\" \/>\n<meta name=\"twitter:label1\" content=\"Escrito por\" \/>\n\t<meta name=\"twitter:data1\" content=\"Agazeta.Net\" \/>\n\t<meta name=\"twitter:label2\" content=\"Est. tempo de leitura\" \/>\n\t<meta name=\"twitter:data2\" content=\"1 minuto\" \/>\n<script type=\"application\/ld+json\" class=\"yoast-schema-graph\">{\"@context\":\"https:\/\/schema.org\",\"@graph\":[{\"@type\":\"WebPage\",\"@id\":\"https:\/\/nk7-testes.com.br\/agazeta\/homem-que-agrediu-esposa-e-filha-e-condenado-ha-quatro-meses-em-regime-aberto\/\",\"url\":\"https:\/\/nk7-testes.com.br\/agazeta\/homem-que-agrediu-esposa-e-filha-e-condenado-ha-quatro-meses-em-regime-aberto\/\",\"name\":\"Homem \u00e9 condenado h\u00e1 quatro meses por viol\u00eancia dom\u00e9stica - Agazeta.net\",\"isPartOf\":{\"@id\":\"https:\/\/nk7-testes.com.br\/agazeta\/#website\"},\"primaryImageOfPage\":{\"@id\":\"https:\/\/nk7-testes.com.br\/agazeta\/homem-que-agrediu-esposa-e-filha-e-condenado-ha-quatro-meses-em-regime-aberto\/#primaryimage\"},\"image\":{\"@id\":\"https:\/\/nk7-testes.com.br\/agazeta\/homem-que-agrediu-esposa-e-filha-e-condenado-ha-quatro-meses-em-regime-aberto\/#primaryimage\"},\"thumbnailUrl\":\"https:\/\/nk7-testes.com.br\/agazeta\/wp-content\/uploads\/2021\/01\/25-01-21_homem-e-condenado-a-quatro-meses-por-agressao-domestica2.jpg\",\"datePublished\":\"2021-01-25T20:33:24+00:00\",\"author\":{\"@id\":\"https:\/\/nk7-testes.com.br\/agazeta\/#\/schema\/person\/6d6e25cb0435eb4a02fd44d30b4e3020\"},\"breadcrumb\":{\"@id\":\"https:\/\/nk7-testes.com.br\/agazeta\/homem-que-agrediu-esposa-e-filha-e-condenado-ha-quatro-meses-em-regime-aberto\/#breadcrumb\"},\"inLanguage\":\"pt-BR\",\"potentialAction\":[{\"@type\":\"ReadAction\",\"target\":[\"https:\/\/nk7-testes.com.br\/agazeta\/homem-que-agrediu-esposa-e-filha-e-condenado-ha-quatro-meses-em-regime-aberto\/\"]}]},{\"@type\":\"ImageObject\",\"inLanguage\":\"pt-BR\",\"@id\":\"https:\/\/nk7-testes.com.br\/agazeta\/homem-que-agrediu-esposa-e-filha-e-condenado-ha-quatro-meses-em-regime-aberto\/#primaryimage\",\"url\":\"https:\/\/nk7-testes.com.br\/agazeta\/wp-content\/uploads\/2021\/01\/25-01-21_homem-e-condenado-a-quatro-meses-por-agressao-domestica2.jpg\",\"contentUrl\":\"https:\/\/nk7-testes.com.br\/agazeta\/wp-content\/uploads\/2021\/01\/25-01-21_homem-e-condenado-a-quatro-meses-por-agressao-domestica2.jpg\",\"width\":458,\"height\":340,\"caption\":\"25-01-21 homem-e-condenado-a-quatro-meses-por-agress\u00e3o-domestica2\"},{\"@type\":\"BreadcrumbList\",\"@id\":\"https:\/\/nk7-testes.com.br\/agazeta\/homem-que-agrediu-esposa-e-filha-e-condenado-ha-quatro-meses-em-regime-aberto\/#breadcrumb\",\"itemListElement\":[{\"@type\":\"ListItem\",\"position\":1,\"name\":\"In\u00edcio\",\"item\":\"https:\/\/nk7-testes.com.br\/agazeta\/\"},{\"@type\":\"ListItem\",\"position\":2,\"name\":\"Homem \u00e9 condenado h\u00e1 quatro meses por viol\u00eancia dom\u00e9stica\"}]},{\"@type\":\"WebSite\",\"@id\":\"https:\/\/nk7-testes.com.br\/agazeta\/#website\",\"url\":\"https:\/\/nk7-testes.com.br\/agazeta\/\",\"name\":\"Agazeta.net\",\"description\":\"Agazeta.net - Not\u00edcias de Rio Branco\/AC\",\"potentialAction\":[{\"@type\":\"SearchAction\",\"target\":{\"@type\":\"EntryPoint\",\"urlTemplate\":\"https:\/\/nk7-testes.com.br\/agazeta\/?s={search_term_string}\"},\"query-input\":{\"@type\":\"PropertyValueSpecification\",\"valueRequired\":true,\"valueName\":\"search_term_string\"}}],\"inLanguage\":\"pt-BR\"},{\"@type\":\"Person\",\"@id\":\"https:\/\/nk7-testes.com.br\/agazeta\/#\/schema\/person\/6d6e25cb0435eb4a02fd44d30b4e3020\",\"name\":\"Agazeta.Net\",\"url\":\"https:\/\/nk7-testes.com.br\/agazeta\/author\/agazeta\/\"}]}<\/script>\n<!-- \/ Yoast SEO plugin. -->","yoast_head_json":{"title":"Homem \u00e9 condenado h\u00e1 quatro meses por viol\u00eancia dom\u00e9stica - Agazeta.net","robots":{"index":"index","follow":"follow","max-snippet":"max-snippet:-1","max-image-preview":"max-image-preview:large","max-video-preview":"max-video-preview:-1"},"canonical":"https:\/\/nk7-testes.com.br\/agazeta\/homem-que-agrediu-esposa-e-filha-e-condenado-ha-quatro-meses-em-regime-aberto\/","og_locale":"pt_BR","og_type":"article","og_title":"Homem \u00e9 condenado h\u00e1 quatro meses por viol\u00eancia dom\u00e9stica - Agazeta.net","og_description":"Agress\u00f5es aconteceram no munic\u00edpio de Assis Brasil","og_url":"https:\/\/nk7-testes.com.br\/agazeta\/homem-que-agrediu-esposa-e-filha-e-condenado-ha-quatro-meses-em-regime-aberto\/","og_site_name":"Agazeta.net","article_published_time":"2021-01-25T20:33:24+00:00","og_image":[{"width":458,"height":340,"url":"https:\/\/nk7-testes.com.br\/agazeta\/wp-content\/uploads\/2021\/01\/25-01-21_homem-e-condenado-a-quatro-meses-por-agressao-domestica2.jpg","type":"image\/jpeg"}],"author":"Agazeta.Net","twitter_card":"summary_large_image","twitter_misc":{"Escrito por":"Agazeta.Net","Est. tempo de leitura":"1 minuto"},"schema":{"@context":"https:\/\/schema.org","@graph":[{"@type":"WebPage","@id":"https:\/\/nk7-testes.com.br\/agazeta\/homem-que-agrediu-esposa-e-filha-e-condenado-ha-quatro-meses-em-regime-aberto\/","url":"https:\/\/nk7-testes.com.br\/agazeta\/homem-que-agrediu-esposa-e-filha-e-condenado-ha-quatro-meses-em-regime-aberto\/","name":"Homem \u00e9 condenado h\u00e1 quatro meses por viol\u00eancia dom\u00e9stica - Agazeta.net","isPartOf":{"@id":"https:\/\/nk7-testes.com.br\/agazeta\/#website"},"primaryImageOfPage":{"@id":"https:\/\/nk7-testes.com.br\/agazeta\/homem-que-agrediu-esposa-e-filha-e-condenado-ha-quatro-meses-em-regime-aberto\/#primaryimage"},"image":{"@id":"https:\/\/nk7-testes.com.br\/agazeta\/homem-que-agrediu-esposa-e-filha-e-condenado-ha-quatro-meses-em-regime-aberto\/#primaryimage"},"thumbnailUrl":"https:\/\/nk7-testes.com.br\/agazeta\/wp-content\/uploads\/2021\/01\/25-01-21_homem-e-condenado-a-quatro-meses-por-agressao-domestica2.jpg","datePublished":"2021-01-25T20:33:24+00:00","author":{"@id":"https:\/\/nk7-testes.com.br\/agazeta\/#\/schema\/person\/6d6e25cb0435eb4a02fd44d30b4e3020"},"breadcrumb":{"@id":"https:\/\/nk7-testes.com.br\/agazeta\/homem-que-agrediu-esposa-e-filha-e-condenado-ha-quatro-meses-em-regime-aberto\/#breadcrumb"},"inLanguage":"pt-BR","potentialAction":[{"@type":"ReadAction","target":["https:\/\/nk7-testes.com.br\/agazeta\/homem-que-agrediu-esposa-e-filha-e-condenado-ha-quatro-meses-em-regime-aberto\/"]}]},{"@type":"ImageObject","inLanguage":"pt-BR","@id":"https:\/\/nk7-testes.com.br\/agazeta\/homem-que-agrediu-esposa-e-filha-e-condenado-ha-quatro-meses-em-regime-aberto\/#primaryimage","url":"https:\/\/nk7-testes.com.br\/agazeta\/wp-content\/uploads\/2021\/01\/25-01-21_homem-e-condenado-a-quatro-meses-por-agressao-domestica2.jpg","contentUrl":"https:\/\/nk7-testes.com.br\/agazeta\/wp-content\/uploads\/2021\/01\/25-01-21_homem-e-condenado-a-quatro-meses-por-agressao-domestica2.jpg","width":458,"height":340,"caption":"25-01-21 homem-e-condenado-a-quatro-meses-por-agress\u00e3o-domestica2"},{"@type":"BreadcrumbList","@id":"https:\/\/nk7-testes.com.br\/agazeta\/homem-que-agrediu-esposa-e-filha-e-condenado-ha-quatro-meses-em-regime-aberto\/#breadcrumb","itemListElement":[{"@type":"ListItem","position":1,"name":"In\u00edcio","item":"https:\/\/nk7-testes.com.br\/agazeta\/"},{"@type":"ListItem","position":2,"name":"Homem \u00e9 condenado h\u00e1 quatro meses por viol\u00eancia dom\u00e9stica"}]},{"@type":"WebSite","@id":"https:\/\/nk7-testes.com.br\/agazeta\/#website","url":"https:\/\/nk7-testes.com.br\/agazeta\/","name":"Agazeta.net","description":"Agazeta.net - Not\u00edcias de Rio Branco\/AC","potentialAction":[{"@type":"SearchAction","target":{"@type":"EntryPoint","urlTemplate":"https:\/\/nk7-testes.com.br\/agazeta\/?s={search_term_string}"},"query-input":{"@type":"PropertyValueSpecification","valueRequired":true,"valueName":"search_term_string"}}],"inLanguage":"pt-BR"},{"@type":"Person","@id":"https:\/\/nk7-testes.com.br\/agazeta\/#\/schema\/person\/6d6e25cb0435eb4a02fd44d30b4e3020","name":"Agazeta.Net","url":"https:\/\/nk7-testes.com.br\/agazeta\/author\/agazeta\/"}]}},"_links":{"self":[{"href":"https:\/\/nk7-testes.com.br\/agazeta\/wp-json\/wp\/v2\/posts\/52500","targetHints":{"allow":["GET"]}}],"collection":[{"href":"https:\/\/nk7-testes.com.br\/agazeta\/wp-json\/wp\/v2\/posts"}],"about":[{"href":"https:\/\/nk7-testes.com.br\/agazeta\/wp-json\/wp\/v2\/types\/post"}],"author":[{"embeddable":true,"href":"https:\/\/nk7-testes.com.br\/agazeta\/wp-json\/wp\/v2\/users\/4"}],"replies":[{"embeddable":true,"href":"https:\/\/nk7-testes.com.br\/agazeta\/wp-json\/wp\/v2\/comments?post=52500"}],"version-history":[{"count":0,"href":"https:\/\/nk7-testes.com.br\/agazeta\/wp-json\/wp\/v2\/posts\/52500\/revisions"}],"wp:featuredmedia":[{"embeddable":true,"href":"https:\/\/nk7-testes.com.br\/agazeta\/wp-json\/wp\/v2\/media\/52499"}],"wp:attachment":[{"href":"https:\/\/nk7-testes.com.br\/agazeta\/wp-json\/wp\/v2\/media?parent=52500"}],"wp:term":[{"taxonomy":"category","embeddable":true,"href":"https:\/\/nk7-testes.com.br\/agazeta\/wp-json\/wp\/v2\/categories?post=52500"},{"taxonomy":"post_tag","embeddable":true,"href":"https:\/\/nk7-testes.com.br\/agazeta\/wp-json\/wp\/v2\/tags?post=52500"}],"curies":[{"name":"wp","href":"https:\/\/api.w.org\/{rel}","templated":true}]}}