{"id":52472,"date":"2021-01-23T16:56:34","date_gmt":"2021-01-23T16:56:34","guid":{"rendered":"https:\/\/abarevegan.com.br\/index.php\/2021\/01\/23\/policia-prende-suspeito-de-roubo-e-recupera-produtos\/"},"modified":"2021-01-23T16:56:34","modified_gmt":"2021-01-23T16:56:34","slug":"policia-prende-suspeito-de-roubo-e-recupera-produtos","status":"publish","type":"post","link":"https:\/\/nk7-testes.com.br\/agazeta\/policia-prende-suspeito-de-roubo-e-recupera-produtos\/","title":{"rendered":"Pol\u00edcias prendem suspeito de roubo e recupera produtos no interior"},"content":{"rendered":"<p style=\"text-align: justify;\">A\u00e7\u00e3o integrada aconteceu no munic\u00edpio de M\u00e2ncio Urbano<\/p>\n<p style=\"text-align: justify;\">As pol\u00edcias Civil e Militar prenderam na manh\u00e3 deste s\u00e1bado (23), um jovem de 18 anos, suspeito de roubo no munic\u00edpio de Manoel Urbano.<\/p>\n<p style=\"text-align: justify;\">Ap\u00f3s a investiga\u00e7\u00e3o, a Pol\u00edcia Civil chegou ao poss\u00edvel autor do roubo de dois celulares da marca iPhone e uma alian\u00e7a de ouro.&nbsp;<\/p>\n<p style=\"text-align: justify;\">Segundo o delegado R\u00f4mulo Carvalho, durante o interrogat\u00f3rio de um dos suspeitos foi poss\u00edvel colher elementos de autoria e materialidade do crime, al\u00e9m de recuperar parte dos produtos roubados.<\/p>\n<p style=\"text-align: justify;\">Ap\u00f3s o interrogat\u00f3rio o autor foi liberado, pois estava em estado de flagrante. A pris\u00e3o foi efetuada pela Pol\u00edcia Militar, ap\u00f3s a autoridade policial representar contra o suspeito a emiss\u00e3o do mandado pelo Tribunal de Justi\u00e7a do Estado do Acre.<\/p>\n","protected":false},"excerpt":{"rendered":"<p style=\"text-align: justify;\">A\u00e7\u00e3o integrada aconteceu no munic\u00edpio de M\u00e2ncio Urbano<\/p>\n","protected":false},"author":4,"featured_media":52471,"comment_status":"open","ping_status":"open","sticky":false,"template":"","format":"standard","meta":{"jnews-multi-image_gallery":[],"jnews_single_post":[],"jnews_primary_category":[],"jnews_social_meta":[],"jnews_review":[],"enable_review":"","type":"","name":"","summary":"","brand":"","sku":"","good":[],"bad":[],"score_override":"","override_value":"","rating":[],"price":[],"footnotes":""},"categories":[44],"tags":[],"class_list":["post-52472","post","type-post","status-publish","format-standard","has-post-thumbnail","hentry","category-policia"],"yoast_head":"<!-- This site is optimized with the Yoast SEO plugin v26.5 - https:\/\/yoast.com\/wordpress\/plugins\/seo\/ -->\n<title>Pol\u00edcias prendem suspeito de roubo e recupera produtos no interior - Agazeta.net<\/title>\n<meta name=\"robots\" content=\"index, follow, max-snippet:-1, max-image-preview:large, max-video-preview:-1\" \/>\n<link rel=\"canonical\" href=\"https:\/\/nk7-testes.com.br\/agazeta\/policia-prende-suspeito-de-roubo-e-recupera-produtos\/\" \/>\n<meta property=\"og:locale\" content=\"pt_BR\" \/>\n<meta property=\"og:type\" content=\"article\" \/>\n<meta property=\"og:title\" content=\"Pol\u00edcias prendem suspeito de roubo e recupera produtos no interior - Agazeta.net\" \/>\n<meta property=\"og:description\" content=\"A\u00e7\u00e3o integrada aconteceu no munic\u00edpio de M\u00e2ncio Urbano\" \/>\n<meta property=\"og:url\" content=\"https:\/\/nk7-testes.com.br\/agazeta\/policia-prende-suspeito-de-roubo-e-recupera-produtos\/\" \/>\n<meta property=\"og:site_name\" content=\"Agazeta.net\" \/>\n<meta property=\"article:published_time\" content=\"2021-01-23T16:56:34+00:00\" \/>\n<meta property=\"og:image\" content=\"https:\/\/nk7-testes.com.br\/agazeta\/wp-content\/uploads\/2021\/01\/23-01-21_roubo-de-celulares-e-alianca.jpeg\" \/>\n\t<meta property=\"og:image:width\" content=\"458\" \/>\n\t<meta property=\"og:image:height\" content=\"340\" \/>\n\t<meta property=\"og:image:type\" content=\"image\/jpeg\" \/>\n<meta name=\"author\" content=\"Agazeta.Net\" \/>\n<meta name=\"twitter:card\" content=\"summary_large_image\" \/>\n<meta name=\"twitter:label1\" content=\"Escrito por\" \/>\n\t<meta name=\"twitter:data1\" content=\"Agazeta.Net\" \/>\n\t<meta name=\"twitter:label2\" content=\"Est. tempo de leitura\" \/>\n\t<meta name=\"twitter:data2\" content=\"1 minuto\" \/>\n<script type=\"application\/ld+json\" class=\"yoast-schema-graph\">{\"@context\":\"https:\/\/schema.org\",\"@graph\":[{\"@type\":\"WebPage\",\"@id\":\"https:\/\/nk7-testes.com.br\/agazeta\/policia-prende-suspeito-de-roubo-e-recupera-produtos\/\",\"url\":\"https:\/\/nk7-testes.com.br\/agazeta\/policia-prende-suspeito-de-roubo-e-recupera-produtos\/\",\"name\":\"Pol\u00edcias prendem suspeito de roubo e recupera produtos no interior - Agazeta.net\",\"isPartOf\":{\"@id\":\"https:\/\/nk7-testes.com.br\/agazeta\/#website\"},\"primaryImageOfPage\":{\"@id\":\"https:\/\/nk7-testes.com.br\/agazeta\/policia-prende-suspeito-de-roubo-e-recupera-produtos\/#primaryimage\"},\"image\":{\"@id\":\"https:\/\/nk7-testes.com.br\/agazeta\/policia-prende-suspeito-de-roubo-e-recupera-produtos\/#primaryimage\"},\"thumbnailUrl\":\"https:\/\/nk7-testes.com.br\/agazeta\/wp-content\/uploads\/2021\/01\/23-01-21_roubo-de-celulares-e-alianca.jpeg\",\"datePublished\":\"2021-01-23T16:56:34+00:00\",\"author\":{\"@id\":\"https:\/\/nk7-testes.com.br\/agazeta\/#\/schema\/person\/6d6e25cb0435eb4a02fd44d30b4e3020\"},\"breadcrumb\":{\"@id\":\"https:\/\/nk7-testes.com.br\/agazeta\/policia-prende-suspeito-de-roubo-e-recupera-produtos\/#breadcrumb\"},\"inLanguage\":\"pt-BR\",\"potentialAction\":[{\"@type\":\"ReadAction\",\"target\":[\"https:\/\/nk7-testes.com.br\/agazeta\/policia-prende-suspeito-de-roubo-e-recupera-produtos\/\"]}]},{\"@type\":\"ImageObject\",\"inLanguage\":\"pt-BR\",\"@id\":\"https:\/\/nk7-testes.com.br\/agazeta\/policia-prende-suspeito-de-roubo-e-recupera-produtos\/#primaryimage\",\"url\":\"https:\/\/nk7-testes.com.br\/agazeta\/wp-content\/uploads\/2021\/01\/23-01-21_roubo-de-celulares-e-alianca.jpeg\",\"contentUrl\":\"https:\/\/nk7-testes.com.br\/agazeta\/wp-content\/uploads\/2021\/01\/23-01-21_roubo-de-celulares-e-alianca.jpeg\",\"width\":458,\"height\":340,\"caption\":\"23-01-21 roubo-de-celulares-e-alian\u00e7a\"},{\"@type\":\"BreadcrumbList\",\"@id\":\"https:\/\/nk7-testes.com.br\/agazeta\/policia-prende-suspeito-de-roubo-e-recupera-produtos\/#breadcrumb\",\"itemListElement\":[{\"@type\":\"ListItem\",\"position\":1,\"name\":\"In\u00edcio\",\"item\":\"https:\/\/nk7-testes.com.br\/agazeta\/\"},{\"@type\":\"ListItem\",\"position\":2,\"name\":\"Pol\u00edcias prendem suspeito de roubo e recupera produtos no interior\"}]},{\"@type\":\"WebSite\",\"@id\":\"https:\/\/nk7-testes.com.br\/agazeta\/#website\",\"url\":\"https:\/\/nk7-testes.com.br\/agazeta\/\",\"name\":\"Agazeta.net\",\"description\":\"Agazeta.net - Not\u00edcias de Rio Branco\/AC\",\"potentialAction\":[{\"@type\":\"SearchAction\",\"target\":{\"@type\":\"EntryPoint\",\"urlTemplate\":\"https:\/\/nk7-testes.com.br\/agazeta\/?s={search_term_string}\"},\"query-input\":{\"@type\":\"PropertyValueSpecification\",\"valueRequired\":true,\"valueName\":\"search_term_string\"}}],\"inLanguage\":\"pt-BR\"},{\"@type\":\"Person\",\"@id\":\"https:\/\/nk7-testes.com.br\/agazeta\/#\/schema\/person\/6d6e25cb0435eb4a02fd44d30b4e3020\",\"name\":\"Agazeta.Net\",\"url\":\"https:\/\/nk7-testes.com.br\/agazeta\/author\/agazeta\/\"}]}<\/script>\n<!-- \/ Yoast SEO plugin. -->","yoast_head_json":{"title":"Pol\u00edcias prendem suspeito de roubo e recupera produtos no interior - Agazeta.net","robots":{"index":"index","follow":"follow","max-snippet":"max-snippet:-1","max-image-preview":"max-image-preview:large","max-video-preview":"max-video-preview:-1"},"canonical":"https:\/\/nk7-testes.com.br\/agazeta\/policia-prende-suspeito-de-roubo-e-recupera-produtos\/","og_locale":"pt_BR","og_type":"article","og_title":"Pol\u00edcias prendem suspeito de roubo e recupera produtos no interior - Agazeta.net","og_description":"A\u00e7\u00e3o integrada aconteceu no munic\u00edpio de M\u00e2ncio Urbano","og_url":"https:\/\/nk7-testes.com.br\/agazeta\/policia-prende-suspeito-de-roubo-e-recupera-produtos\/","og_site_name":"Agazeta.net","article_published_time":"2021-01-23T16:56:34+00:00","og_image":[{"width":458,"height":340,"url":"https:\/\/nk7-testes.com.br\/agazeta\/wp-content\/uploads\/2021\/01\/23-01-21_roubo-de-celulares-e-alianca.jpeg","type":"image\/jpeg"}],"author":"Agazeta.Net","twitter_card":"summary_large_image","twitter_misc":{"Escrito por":"Agazeta.Net","Est. tempo de leitura":"1 minuto"},"schema":{"@context":"https:\/\/schema.org","@graph":[{"@type":"WebPage","@id":"https:\/\/nk7-testes.com.br\/agazeta\/policia-prende-suspeito-de-roubo-e-recupera-produtos\/","url":"https:\/\/nk7-testes.com.br\/agazeta\/policia-prende-suspeito-de-roubo-e-recupera-produtos\/","name":"Pol\u00edcias prendem suspeito de roubo e recupera produtos no interior - Agazeta.net","isPartOf":{"@id":"https:\/\/nk7-testes.com.br\/agazeta\/#website"},"primaryImageOfPage":{"@id":"https:\/\/nk7-testes.com.br\/agazeta\/policia-prende-suspeito-de-roubo-e-recupera-produtos\/#primaryimage"},"image":{"@id":"https:\/\/nk7-testes.com.br\/agazeta\/policia-prende-suspeito-de-roubo-e-recupera-produtos\/#primaryimage"},"thumbnailUrl":"https:\/\/nk7-testes.com.br\/agazeta\/wp-content\/uploads\/2021\/01\/23-01-21_roubo-de-celulares-e-alianca.jpeg","datePublished":"2021-01-23T16:56:34+00:00","author":{"@id":"https:\/\/nk7-testes.com.br\/agazeta\/#\/schema\/person\/6d6e25cb0435eb4a02fd44d30b4e3020"},"breadcrumb":{"@id":"https:\/\/nk7-testes.com.br\/agazeta\/policia-prende-suspeito-de-roubo-e-recupera-produtos\/#breadcrumb"},"inLanguage":"pt-BR","potentialAction":[{"@type":"ReadAction","target":["https:\/\/nk7-testes.com.br\/agazeta\/policia-prende-suspeito-de-roubo-e-recupera-produtos\/"]}]},{"@type":"ImageObject","inLanguage":"pt-BR","@id":"https:\/\/nk7-testes.com.br\/agazeta\/policia-prende-suspeito-de-roubo-e-recupera-produtos\/#primaryimage","url":"https:\/\/nk7-testes.com.br\/agazeta\/wp-content\/uploads\/2021\/01\/23-01-21_roubo-de-celulares-e-alianca.jpeg","contentUrl":"https:\/\/nk7-testes.com.br\/agazeta\/wp-content\/uploads\/2021\/01\/23-01-21_roubo-de-celulares-e-alianca.jpeg","width":458,"height":340,"caption":"23-01-21 roubo-de-celulares-e-alian\u00e7a"},{"@type":"BreadcrumbList","@id":"https:\/\/nk7-testes.com.br\/agazeta\/policia-prende-suspeito-de-roubo-e-recupera-produtos\/#breadcrumb","itemListElement":[{"@type":"ListItem","position":1,"name":"In\u00edcio","item":"https:\/\/nk7-testes.com.br\/agazeta\/"},{"@type":"ListItem","position":2,"name":"Pol\u00edcias prendem suspeito de roubo e recupera produtos no interior"}]},{"@type":"WebSite","@id":"https:\/\/nk7-testes.com.br\/agazeta\/#website","url":"https:\/\/nk7-testes.com.br\/agazeta\/","name":"Agazeta.net","description":"Agazeta.net - Not\u00edcias de Rio Branco\/AC","potentialAction":[{"@type":"SearchAction","target":{"@type":"EntryPoint","urlTemplate":"https:\/\/nk7-testes.com.br\/agazeta\/?s={search_term_string}"},"query-input":{"@type":"PropertyValueSpecification","valueRequired":true,"valueName":"search_term_string"}}],"inLanguage":"pt-BR"},{"@type":"Person","@id":"https:\/\/nk7-testes.com.br\/agazeta\/#\/schema\/person\/6d6e25cb0435eb4a02fd44d30b4e3020","name":"Agazeta.Net","url":"https:\/\/nk7-testes.com.br\/agazeta\/author\/agazeta\/"}]}},"_links":{"self":[{"href":"https:\/\/nk7-testes.com.br\/agazeta\/wp-json\/wp\/v2\/posts\/52472","targetHints":{"allow":["GET"]}}],"collection":[{"href":"https:\/\/nk7-testes.com.br\/agazeta\/wp-json\/wp\/v2\/posts"}],"about":[{"href":"https:\/\/nk7-testes.com.br\/agazeta\/wp-json\/wp\/v2\/types\/post"}],"author":[{"embeddable":true,"href":"https:\/\/nk7-testes.com.br\/agazeta\/wp-json\/wp\/v2\/users\/4"}],"replies":[{"embeddable":true,"href":"https:\/\/nk7-testes.com.br\/agazeta\/wp-json\/wp\/v2\/comments?post=52472"}],"version-history":[{"count":0,"href":"https:\/\/nk7-testes.com.br\/agazeta\/wp-json\/wp\/v2\/posts\/52472\/revisions"}],"wp:featuredmedia":[{"embeddable":true,"href":"https:\/\/nk7-testes.com.br\/agazeta\/wp-json\/wp\/v2\/media\/52471"}],"wp:attachment":[{"href":"https:\/\/nk7-testes.com.br\/agazeta\/wp-json\/wp\/v2\/media?parent=52472"}],"wp:term":[{"taxonomy":"category","embeddable":true,"href":"https:\/\/nk7-testes.com.br\/agazeta\/wp-json\/wp\/v2\/categories?post=52472"},{"taxonomy":"post_tag","embeddable":true,"href":"https:\/\/nk7-testes.com.br\/agazeta\/wp-json\/wp\/v2\/tags?post=52472"}],"curies":[{"name":"wp","href":"https:\/\/api.w.org\/{rel}","templated":true}]}}