{"id":52386,"date":"2021-01-19T21:09:11","date_gmt":"2021-01-19T21:09:11","guid":{"rendered":"https:\/\/abarevegan.com.br\/index.php\/2021\/01\/19\/policia-civil-prende-tres-homens-acusados-de-estupro-de-vulneravel\/"},"modified":"2021-01-19T21:09:11","modified_gmt":"2021-01-19T21:09:11","slug":"policia-civil-prende-tres-homens-acusados-de-estupro-de-vulneravel","status":"publish","type":"post","link":"https:\/\/nk7-testes.com.br\/agazeta\/policia-civil-prende-tres-homens-acusados-de-estupro-de-vulneravel\/","title":{"rendered":"Homens suspeitos de estupro de vulner\u00e1vel s\u00e3o presos no Acre"},"content":{"rendered":"<p style=\"text-align: justify;\"><span style=\"font-size: 13.2px;\">Tr\u00eas pris\u00f5es aconteceram no munic\u00edpio de M\u00e2ncio Lima<\/span><\/p>\n<p style=\"text-align: justify;\">A Pol\u00edcia Civil, por meio da Delegacia do munic\u00edpio de M\u00e2ncio Lima prendeu tr\u00eas homens acusados de estupro de vulner\u00e1vel. As pris\u00f5es ocorreram na quarta-feira (14); domingo (17) e na segunda-feira (18).<\/p>\n<p style=\"text-align: justify;\">O \u00faltimo foi um homem de 30 anos preso pela Pol\u00edcia Civil em flagrante, enquanto trabalhava em com\u00e9rcio local.<\/p>\n<p style=\"text-align: justify;\">A den\u00fancia partiu do Conselho Tutelar da cidade de M\u00e2ncio Lima, respons\u00e1vel por salvaguardar os direitos das crian\u00e7as e adolescentes.<\/p>\n<p style=\"text-align: justify;\">Diante das informa\u00e7\u00f5es oriundas dos \u00f3rg\u00e3os respons\u00e1veis pela prote\u00e7\u00e3o da Crian\u00e7a e do Adolescente, bem como de not\u00edcias an\u00f4nimas de qualquer pessoa da sociedade, a Pol\u00edcia Civil faz a investiga\u00e7\u00e3o e com base nos elementos de informa\u00e7\u00e3o s\u00e3o feitos os procedimentos, que podem levar a pris\u00e3o em flagrante do suspeito ou a instaura\u00e7\u00e3o de um inqu\u00e9rito policial.<\/p>\n<p style=\"text-align: justify;\">O crime de estupro de vulner\u00e1vel \u00e9 tipificado no art. 217-A do C\u00f3digo Penal, cuja pena \u00e9 reclus\u00e3o, que varia de 8 a 15 anos.<\/p>\n<p style=\"text-align: justify;\">De acordo com o delegado Jos\u00e9 Obet\u00e2nio, titular da delegacia de M\u00e2ncio Lima, as pris\u00f5es em decorr\u00eancia dessa tipifica\u00e7\u00e3o penal tem aumentado no munic\u00edpio. \u201cMais pessoas poder\u00e3o ser presas nos pr\u00f3ximos dias, independentemente do status social que ocupem. O crime de estupro de vulner\u00e1vel deixa sequelas f\u00edsicas e psicol\u00f3gicas por toda a vida da v\u00edtima, que em sua maioria s\u00e3o adolescentes e crian\u00e7as\u201d, destacou o delegado.<\/p>\n<p style=\"text-align: justify;\">Obet\u00e2nio ressaltou que as pessoas de M\u00e2ncio Lima est\u00e3o se encorajando a fazerem o registro desse tipo crime na delegacia do munic\u00edpio ou por meio do disk-den\u00fancia: (68 9 9281-9889) Que ap\u00f3s as informa\u00e7\u00f5es prestadas pelas v\u00edtimas e seus familiares, os agentes iniciam a investiga\u00e7\u00e3o e colhem elementos comprobat\u00f3rios para embasar a den\u00fancia do Minist\u00e9rio P\u00fablico, possibilitando que o acusado seja condenado pelo Poder Judici\u00e1rio e cumpra sua senten\u00e7a criminal no pres\u00eddio, longe do conv\u00edvio social.<\/p>\n","protected":false},"excerpt":{"rendered":"<p style=\"text-align: justify;\"><span style=\"font-size: 13.2px;\">Tr\u00eas pris\u00f5es aconteceram no munic\u00edpio de M\u00e2ncio Lima<\/span><\/p>\n","protected":false},"author":4,"featured_media":52385,"comment_status":"open","ping_status":"open","sticky":false,"template":"","format":"standard","meta":{"jnews-multi-image_gallery":[],"jnews_single_post":[],"jnews_primary_category":[],"jnews_social_meta":[],"jnews_review":[],"enable_review":"","type":"","name":"","summary":"","brand":"","sku":"","good":[],"bad":[],"score_override":"","override_value":"","rating":[],"price":[],"footnotes":""},"categories":[44],"tags":[],"class_list":["post-52386","post","type-post","status-publish","format-standard","has-post-thumbnail","hentry","category-policia"],"yoast_head":"<!-- This site is optimized with the Yoast SEO plugin v26.5 - https:\/\/yoast.com\/wordpress\/plugins\/seo\/ -->\n<title>Homens suspeitos de estupro de vulner\u00e1vel s\u00e3o presos no Acre - Agazeta.net<\/title>\n<meta name=\"robots\" content=\"index, follow, max-snippet:-1, max-image-preview:large, max-video-preview:-1\" \/>\n<link rel=\"canonical\" href=\"https:\/\/nk7-testes.com.br\/agazeta\/policia-civil-prende-tres-homens-acusados-de-estupro-de-vulneravel\/\" \/>\n<meta property=\"og:locale\" content=\"pt_BR\" \/>\n<meta property=\"og:type\" content=\"article\" \/>\n<meta property=\"og:title\" content=\"Homens suspeitos de estupro de vulner\u00e1vel s\u00e3o presos no Acre - Agazeta.net\" \/>\n<meta property=\"og:description\" content=\"Tr\u00eas pris\u00f5es aconteceram no munic\u00edpio de M\u00e2ncio Lima\" \/>\n<meta property=\"og:url\" content=\"https:\/\/nk7-testes.com.br\/agazeta\/policia-civil-prende-tres-homens-acusados-de-estupro-de-vulneravel\/\" \/>\n<meta property=\"og:site_name\" content=\"Agazeta.net\" \/>\n<meta property=\"article:published_time\" content=\"2021-01-19T21:09:11+00:00\" \/>\n<meta property=\"og:image\" content=\"https:\/\/nk7-testes.com.br\/agazeta\/wp-content\/uploads\/2021\/01\/19-01-21_policia-civil-prende-tres-homens-acusados-de-estupro-de-vulneravel.jpg\" \/>\n\t<meta property=\"og:image:width\" content=\"458\" \/>\n\t<meta property=\"og:image:height\" content=\"340\" \/>\n\t<meta property=\"og:image:type\" content=\"image\/jpeg\" \/>\n<meta name=\"author\" content=\"Agazeta.Net\" \/>\n<meta name=\"twitter:card\" content=\"summary_large_image\" \/>\n<meta name=\"twitter:label1\" content=\"Escrito por\" \/>\n\t<meta name=\"twitter:data1\" content=\"Agazeta.Net\" \/>\n\t<meta name=\"twitter:label2\" content=\"Est. tempo de leitura\" \/>\n\t<meta name=\"twitter:data2\" content=\"2 minutos\" \/>\n<script type=\"application\/ld+json\" class=\"yoast-schema-graph\">{\"@context\":\"https:\/\/schema.org\",\"@graph\":[{\"@type\":\"WebPage\",\"@id\":\"https:\/\/nk7-testes.com.br\/agazeta\/policia-civil-prende-tres-homens-acusados-de-estupro-de-vulneravel\/\",\"url\":\"https:\/\/nk7-testes.com.br\/agazeta\/policia-civil-prende-tres-homens-acusados-de-estupro-de-vulneravel\/\",\"name\":\"Homens suspeitos de estupro de vulner\u00e1vel s\u00e3o presos no Acre - Agazeta.net\",\"isPartOf\":{\"@id\":\"https:\/\/nk7-testes.com.br\/agazeta\/#website\"},\"primaryImageOfPage\":{\"@id\":\"https:\/\/nk7-testes.com.br\/agazeta\/policia-civil-prende-tres-homens-acusados-de-estupro-de-vulneravel\/#primaryimage\"},\"image\":{\"@id\":\"https:\/\/nk7-testes.com.br\/agazeta\/policia-civil-prende-tres-homens-acusados-de-estupro-de-vulneravel\/#primaryimage\"},\"thumbnailUrl\":\"https:\/\/nk7-testes.com.br\/agazeta\/wp-content\/uploads\/2021\/01\/19-01-21_policia-civil-prende-tres-homens-acusados-de-estupro-de-vulneravel.jpg\",\"datePublished\":\"2021-01-19T21:09:11+00:00\",\"author\":{\"@id\":\"https:\/\/nk7-testes.com.br\/agazeta\/#\/schema\/person\/6d6e25cb0435eb4a02fd44d30b4e3020\"},\"breadcrumb\":{\"@id\":\"https:\/\/nk7-testes.com.br\/agazeta\/policia-civil-prende-tres-homens-acusados-de-estupro-de-vulneravel\/#breadcrumb\"},\"inLanguage\":\"pt-BR\",\"potentialAction\":[{\"@type\":\"ReadAction\",\"target\":[\"https:\/\/nk7-testes.com.br\/agazeta\/policia-civil-prende-tres-homens-acusados-de-estupro-de-vulneravel\/\"]}]},{\"@type\":\"ImageObject\",\"inLanguage\":\"pt-BR\",\"@id\":\"https:\/\/nk7-testes.com.br\/agazeta\/policia-civil-prende-tres-homens-acusados-de-estupro-de-vulneravel\/#primaryimage\",\"url\":\"https:\/\/nk7-testes.com.br\/agazeta\/wp-content\/uploads\/2021\/01\/19-01-21_policia-civil-prende-tres-homens-acusados-de-estupro-de-vulneravel.jpg\",\"contentUrl\":\"https:\/\/nk7-testes.com.br\/agazeta\/wp-content\/uploads\/2021\/01\/19-01-21_policia-civil-prende-tres-homens-acusados-de-estupro-de-vulneravel.jpg\",\"width\":458,\"height\":340,\"caption\":\"19-01-21 policia-civil-prende-tr\u00eas-homens-acusados-de-estupro-de-vulner\u00e1vel\"},{\"@type\":\"BreadcrumbList\",\"@id\":\"https:\/\/nk7-testes.com.br\/agazeta\/policia-civil-prende-tres-homens-acusados-de-estupro-de-vulneravel\/#breadcrumb\",\"itemListElement\":[{\"@type\":\"ListItem\",\"position\":1,\"name\":\"In\u00edcio\",\"item\":\"https:\/\/nk7-testes.com.br\/agazeta\/\"},{\"@type\":\"ListItem\",\"position\":2,\"name\":\"Homens suspeitos de estupro de vulner\u00e1vel s\u00e3o presos no Acre\"}]},{\"@type\":\"WebSite\",\"@id\":\"https:\/\/nk7-testes.com.br\/agazeta\/#website\",\"url\":\"https:\/\/nk7-testes.com.br\/agazeta\/\",\"name\":\"Agazeta.net\",\"description\":\"Agazeta.net - Not\u00edcias de Rio Branco\/AC\",\"potentialAction\":[{\"@type\":\"SearchAction\",\"target\":{\"@type\":\"EntryPoint\",\"urlTemplate\":\"https:\/\/nk7-testes.com.br\/agazeta\/?s={search_term_string}\"},\"query-input\":{\"@type\":\"PropertyValueSpecification\",\"valueRequired\":true,\"valueName\":\"search_term_string\"}}],\"inLanguage\":\"pt-BR\"},{\"@type\":\"Person\",\"@id\":\"https:\/\/nk7-testes.com.br\/agazeta\/#\/schema\/person\/6d6e25cb0435eb4a02fd44d30b4e3020\",\"name\":\"Agazeta.Net\",\"url\":\"https:\/\/nk7-testes.com.br\/agazeta\/author\/agazeta\/\"}]}<\/script>\n<!-- \/ Yoast SEO plugin. -->","yoast_head_json":{"title":"Homens suspeitos de estupro de vulner\u00e1vel s\u00e3o presos no Acre - Agazeta.net","robots":{"index":"index","follow":"follow","max-snippet":"max-snippet:-1","max-image-preview":"max-image-preview:large","max-video-preview":"max-video-preview:-1"},"canonical":"https:\/\/nk7-testes.com.br\/agazeta\/policia-civil-prende-tres-homens-acusados-de-estupro-de-vulneravel\/","og_locale":"pt_BR","og_type":"article","og_title":"Homens suspeitos de estupro de vulner\u00e1vel s\u00e3o presos no Acre - Agazeta.net","og_description":"Tr\u00eas pris\u00f5es aconteceram no munic\u00edpio de M\u00e2ncio Lima","og_url":"https:\/\/nk7-testes.com.br\/agazeta\/policia-civil-prende-tres-homens-acusados-de-estupro-de-vulneravel\/","og_site_name":"Agazeta.net","article_published_time":"2021-01-19T21:09:11+00:00","og_image":[{"width":458,"height":340,"url":"https:\/\/nk7-testes.com.br\/agazeta\/wp-content\/uploads\/2021\/01\/19-01-21_policia-civil-prende-tres-homens-acusados-de-estupro-de-vulneravel.jpg","type":"image\/jpeg"}],"author":"Agazeta.Net","twitter_card":"summary_large_image","twitter_misc":{"Escrito por":"Agazeta.Net","Est. tempo de leitura":"2 minutos"},"schema":{"@context":"https:\/\/schema.org","@graph":[{"@type":"WebPage","@id":"https:\/\/nk7-testes.com.br\/agazeta\/policia-civil-prende-tres-homens-acusados-de-estupro-de-vulneravel\/","url":"https:\/\/nk7-testes.com.br\/agazeta\/policia-civil-prende-tres-homens-acusados-de-estupro-de-vulneravel\/","name":"Homens suspeitos de estupro de vulner\u00e1vel s\u00e3o presos no Acre - Agazeta.net","isPartOf":{"@id":"https:\/\/nk7-testes.com.br\/agazeta\/#website"},"primaryImageOfPage":{"@id":"https:\/\/nk7-testes.com.br\/agazeta\/policia-civil-prende-tres-homens-acusados-de-estupro-de-vulneravel\/#primaryimage"},"image":{"@id":"https:\/\/nk7-testes.com.br\/agazeta\/policia-civil-prende-tres-homens-acusados-de-estupro-de-vulneravel\/#primaryimage"},"thumbnailUrl":"https:\/\/nk7-testes.com.br\/agazeta\/wp-content\/uploads\/2021\/01\/19-01-21_policia-civil-prende-tres-homens-acusados-de-estupro-de-vulneravel.jpg","datePublished":"2021-01-19T21:09:11+00:00","author":{"@id":"https:\/\/nk7-testes.com.br\/agazeta\/#\/schema\/person\/6d6e25cb0435eb4a02fd44d30b4e3020"},"breadcrumb":{"@id":"https:\/\/nk7-testes.com.br\/agazeta\/policia-civil-prende-tres-homens-acusados-de-estupro-de-vulneravel\/#breadcrumb"},"inLanguage":"pt-BR","potentialAction":[{"@type":"ReadAction","target":["https:\/\/nk7-testes.com.br\/agazeta\/policia-civil-prende-tres-homens-acusados-de-estupro-de-vulneravel\/"]}]},{"@type":"ImageObject","inLanguage":"pt-BR","@id":"https:\/\/nk7-testes.com.br\/agazeta\/policia-civil-prende-tres-homens-acusados-de-estupro-de-vulneravel\/#primaryimage","url":"https:\/\/nk7-testes.com.br\/agazeta\/wp-content\/uploads\/2021\/01\/19-01-21_policia-civil-prende-tres-homens-acusados-de-estupro-de-vulneravel.jpg","contentUrl":"https:\/\/nk7-testes.com.br\/agazeta\/wp-content\/uploads\/2021\/01\/19-01-21_policia-civil-prende-tres-homens-acusados-de-estupro-de-vulneravel.jpg","width":458,"height":340,"caption":"19-01-21 policia-civil-prende-tr\u00eas-homens-acusados-de-estupro-de-vulner\u00e1vel"},{"@type":"BreadcrumbList","@id":"https:\/\/nk7-testes.com.br\/agazeta\/policia-civil-prende-tres-homens-acusados-de-estupro-de-vulneravel\/#breadcrumb","itemListElement":[{"@type":"ListItem","position":1,"name":"In\u00edcio","item":"https:\/\/nk7-testes.com.br\/agazeta\/"},{"@type":"ListItem","position":2,"name":"Homens suspeitos de estupro de vulner\u00e1vel s\u00e3o presos no Acre"}]},{"@type":"WebSite","@id":"https:\/\/nk7-testes.com.br\/agazeta\/#website","url":"https:\/\/nk7-testes.com.br\/agazeta\/","name":"Agazeta.net","description":"Agazeta.net - Not\u00edcias de Rio Branco\/AC","potentialAction":[{"@type":"SearchAction","target":{"@type":"EntryPoint","urlTemplate":"https:\/\/nk7-testes.com.br\/agazeta\/?s={search_term_string}"},"query-input":{"@type":"PropertyValueSpecification","valueRequired":true,"valueName":"search_term_string"}}],"inLanguage":"pt-BR"},{"@type":"Person","@id":"https:\/\/nk7-testes.com.br\/agazeta\/#\/schema\/person\/6d6e25cb0435eb4a02fd44d30b4e3020","name":"Agazeta.Net","url":"https:\/\/nk7-testes.com.br\/agazeta\/author\/agazeta\/"}]}},"_links":{"self":[{"href":"https:\/\/nk7-testes.com.br\/agazeta\/wp-json\/wp\/v2\/posts\/52386","targetHints":{"allow":["GET"]}}],"collection":[{"href":"https:\/\/nk7-testes.com.br\/agazeta\/wp-json\/wp\/v2\/posts"}],"about":[{"href":"https:\/\/nk7-testes.com.br\/agazeta\/wp-json\/wp\/v2\/types\/post"}],"author":[{"embeddable":true,"href":"https:\/\/nk7-testes.com.br\/agazeta\/wp-json\/wp\/v2\/users\/4"}],"replies":[{"embeddable":true,"href":"https:\/\/nk7-testes.com.br\/agazeta\/wp-json\/wp\/v2\/comments?post=52386"}],"version-history":[{"count":0,"href":"https:\/\/nk7-testes.com.br\/agazeta\/wp-json\/wp\/v2\/posts\/52386\/revisions"}],"wp:featuredmedia":[{"embeddable":true,"href":"https:\/\/nk7-testes.com.br\/agazeta\/wp-json\/wp\/v2\/media\/52385"}],"wp:attachment":[{"href":"https:\/\/nk7-testes.com.br\/agazeta\/wp-json\/wp\/v2\/media?parent=52386"}],"wp:term":[{"taxonomy":"category","embeddable":true,"href":"https:\/\/nk7-testes.com.br\/agazeta\/wp-json\/wp\/v2\/categories?post=52386"},{"taxonomy":"post_tag","embeddable":true,"href":"https:\/\/nk7-testes.com.br\/agazeta\/wp-json\/wp\/v2\/tags?post=52386"}],"curies":[{"name":"wp","href":"https:\/\/api.w.org\/{rel}","templated":true}]}}