{"id":52346,"date":"2021-01-18T14:29:42","date_gmt":"2021-01-18T14:29:42","guid":{"rendered":"https:\/\/abarevegan.com.br\/index.php\/2021\/01\/18\/homem-de-35-anos-e-morto-com-tres-tiros-na-vila-betel-ii\/"},"modified":"2021-01-18T14:29:42","modified_gmt":"2021-01-18T14:29:42","slug":"homem-de-35-anos-e-morto-com-tres-tiros-na-vila-betel-ii","status":"publish","type":"post","link":"https:\/\/nk7-testes.com.br\/agazeta\/homem-de-35-anos-e-morto-com-tres-tiros-na-vila-betel-ii\/","title":{"rendered":"Homem de 35 anos \u00e9 morto com tr\u00eas tiros na Vila B\u00e9tel II"},"content":{"rendered":"<p style=\"text-align: justify;\">Corpo da v\u00edtima foi encaminhado ao Instituto M\u00e9dico Legal<\/p>\n<p style=\"text-align: justify;\">Mais um homic\u00eddio foi registrado na noite deste domingo (17). Dessa vez na rua Lili Cadaxo, Conjunto Habitacional Vila B\u00e9tel II, em Rio Branco.<\/p>\n<p style=\"text-align: justify;\">Segundo informa\u00e7\u00f5es da Pol\u00edcia Militar, tr\u00eas suspeitos em um ve\u00edculo modelo Siena branco efetuaram disparos contra Wemerson Carlos Cardoso, de 35 anos.<\/p>\n<p style=\"text-align: justify;\">Foram tr\u00eas disparos que atingiram a cabe\u00e7a e o peito da v\u00edtima. O Servi\u00e7o de Atendimento M\u00f3vel de Urg\u00eancia (Samu) foi acionado, mas s\u00f3 pode confirmar o \u00f3bito.<\/p>\n<p style=\"text-align: justify;\">O corpo da v\u00edtima foi encaminhado ao Instituto M\u00e9dico Legal (IML) de Rio Branco e deve passar por per\u00edcia criminal nos pr\u00f3ximos dias.<\/p>\n<p style=\"text-align: justify;\">At\u00e9 a publica\u00e7\u00e3o da mat\u00e9ria nenhum suspeito havia sido preso ou identificado, e o caso agora deve ser investigado pela Delegacia de Homic\u00eddios e Prote\u00e7\u00e3o \u00e0 Pessoa (DHPP).<\/p>\n","protected":false},"excerpt":{"rendered":"<p style=\"text-align: justify;\">Corpo da v\u00edtima foi encaminhado ao Instituto M\u00e9dico Legal<\/p>\n","protected":false},"author":4,"featured_media":52345,"comment_status":"open","ping_status":"open","sticky":false,"template":"","format":"standard","meta":{"jnews-multi-image_gallery":[],"jnews_single_post":[],"jnews_primary_category":[],"jnews_social_meta":[],"jnews_review":[],"enable_review":"","type":"","name":"","summary":"","brand":"","sku":"","good":[],"bad":[],"score_override":"","override_value":"","rating":[],"price":[],"footnotes":""},"categories":[44],"tags":[],"class_list":["post-52346","post","type-post","status-publish","format-standard","has-post-thumbnail","hentry","category-policia"],"yoast_head":"<!-- This site is optimized with the Yoast SEO plugin v26.5 - https:\/\/yoast.com\/wordpress\/plugins\/seo\/ -->\n<title>Homem de 35 anos \u00e9 morto com tr\u00eas tiros na Vila B\u00e9tel II - Agazeta.net<\/title>\n<meta name=\"robots\" content=\"index, follow, max-snippet:-1, max-image-preview:large, max-video-preview:-1\" \/>\n<link rel=\"canonical\" href=\"https:\/\/nk7-testes.com.br\/agazeta\/homem-de-35-anos-e-morto-com-tres-tiros-na-vila-betel-ii\/\" \/>\n<meta property=\"og:locale\" content=\"pt_BR\" \/>\n<meta property=\"og:type\" content=\"article\" \/>\n<meta property=\"og:title\" content=\"Homem de 35 anos \u00e9 morto com tr\u00eas tiros na Vila B\u00e9tel II - Agazeta.net\" \/>\n<meta property=\"og:description\" content=\"Corpo da v\u00edtima foi encaminhado ao Instituto M\u00e9dico Legal\" \/>\n<meta property=\"og:url\" content=\"https:\/\/nk7-testes.com.br\/agazeta\/homem-de-35-anos-e-morto-com-tres-tiros-na-vila-betel-ii\/\" \/>\n<meta property=\"og:site_name\" content=\"Agazeta.net\" \/>\n<meta property=\"article:published_time\" content=\"2021-01-18T14:29:42+00:00\" \/>\n<meta property=\"og:image\" content=\"https:\/\/nk7-testes.com.br\/agazeta\/wp-content\/uploads\/2021\/01\/18-01-21-Homem_35_anos_e_morto_na_Vila_Betel.jpeg\" \/>\n\t<meta property=\"og:image:width\" content=\"458\" \/>\n\t<meta property=\"og:image:height\" content=\"340\" \/>\n\t<meta property=\"og:image:type\" content=\"image\/jpeg\" \/>\n<meta name=\"author\" content=\"Agazeta.Net\" \/>\n<meta name=\"twitter:card\" content=\"summary_large_image\" \/>\n<meta name=\"twitter:label1\" content=\"Escrito por\" \/>\n\t<meta name=\"twitter:data1\" content=\"Agazeta.Net\" \/>\n\t<meta name=\"twitter:label2\" content=\"Est. tempo de leitura\" \/>\n\t<meta name=\"twitter:data2\" content=\"1 minuto\" \/>\n<script type=\"application\/ld+json\" class=\"yoast-schema-graph\">{\"@context\":\"https:\/\/schema.org\",\"@graph\":[{\"@type\":\"WebPage\",\"@id\":\"https:\/\/nk7-testes.com.br\/agazeta\/homem-de-35-anos-e-morto-com-tres-tiros-na-vila-betel-ii\/\",\"url\":\"https:\/\/nk7-testes.com.br\/agazeta\/homem-de-35-anos-e-morto-com-tres-tiros-na-vila-betel-ii\/\",\"name\":\"Homem de 35 anos \u00e9 morto com tr\u00eas tiros na Vila B\u00e9tel II - Agazeta.net\",\"isPartOf\":{\"@id\":\"https:\/\/nk7-testes.com.br\/agazeta\/#website\"},\"primaryImageOfPage\":{\"@id\":\"https:\/\/nk7-testes.com.br\/agazeta\/homem-de-35-anos-e-morto-com-tres-tiros-na-vila-betel-ii\/#primaryimage\"},\"image\":{\"@id\":\"https:\/\/nk7-testes.com.br\/agazeta\/homem-de-35-anos-e-morto-com-tres-tiros-na-vila-betel-ii\/#primaryimage\"},\"thumbnailUrl\":\"https:\/\/nk7-testes.com.br\/agazeta\/wp-content\/uploads\/2021\/01\/18-01-21-Homem_35_anos_e_morto_na_Vila_Betel.jpeg\",\"datePublished\":\"2021-01-18T14:29:42+00:00\",\"author\":{\"@id\":\"https:\/\/nk7-testes.com.br\/agazeta\/#\/schema\/person\/6d6e25cb0435eb4a02fd44d30b4e3020\"},\"breadcrumb\":{\"@id\":\"https:\/\/nk7-testes.com.br\/agazeta\/homem-de-35-anos-e-morto-com-tres-tiros-na-vila-betel-ii\/#breadcrumb\"},\"inLanguage\":\"pt-BR\",\"potentialAction\":[{\"@type\":\"ReadAction\",\"target\":[\"https:\/\/nk7-testes.com.br\/agazeta\/homem-de-35-anos-e-morto-com-tres-tiros-na-vila-betel-ii\/\"]}]},{\"@type\":\"ImageObject\",\"inLanguage\":\"pt-BR\",\"@id\":\"https:\/\/nk7-testes.com.br\/agazeta\/homem-de-35-anos-e-morto-com-tres-tiros-na-vila-betel-ii\/#primaryimage\",\"url\":\"https:\/\/nk7-testes.com.br\/agazeta\/wp-content\/uploads\/2021\/01\/18-01-21-Homem_35_anos_e_morto_na_Vila_Betel.jpeg\",\"contentUrl\":\"https:\/\/nk7-testes.com.br\/agazeta\/wp-content\/uploads\/2021\/01\/18-01-21-Homem_35_anos_e_morto_na_Vila_Betel.jpeg\",\"width\":458,\"height\":340,\"caption\":\"18-01-21-Homem 35 anos \u00e9 morto na Vila B\u00e9tel\"},{\"@type\":\"BreadcrumbList\",\"@id\":\"https:\/\/nk7-testes.com.br\/agazeta\/homem-de-35-anos-e-morto-com-tres-tiros-na-vila-betel-ii\/#breadcrumb\",\"itemListElement\":[{\"@type\":\"ListItem\",\"position\":1,\"name\":\"In\u00edcio\",\"item\":\"https:\/\/nk7-testes.com.br\/agazeta\/\"},{\"@type\":\"ListItem\",\"position\":2,\"name\":\"Homem de 35 anos \u00e9 morto com tr\u00eas tiros na Vila B\u00e9tel II\"}]},{\"@type\":\"WebSite\",\"@id\":\"https:\/\/nk7-testes.com.br\/agazeta\/#website\",\"url\":\"https:\/\/nk7-testes.com.br\/agazeta\/\",\"name\":\"Agazeta.net\",\"description\":\"Agazeta.net - Not\u00edcias de Rio Branco\/AC\",\"potentialAction\":[{\"@type\":\"SearchAction\",\"target\":{\"@type\":\"EntryPoint\",\"urlTemplate\":\"https:\/\/nk7-testes.com.br\/agazeta\/?s={search_term_string}\"},\"query-input\":{\"@type\":\"PropertyValueSpecification\",\"valueRequired\":true,\"valueName\":\"search_term_string\"}}],\"inLanguage\":\"pt-BR\"},{\"@type\":\"Person\",\"@id\":\"https:\/\/nk7-testes.com.br\/agazeta\/#\/schema\/person\/6d6e25cb0435eb4a02fd44d30b4e3020\",\"name\":\"Agazeta.Net\",\"url\":\"https:\/\/nk7-testes.com.br\/agazeta\/author\/agazeta\/\"}]}<\/script>\n<!-- \/ Yoast SEO plugin. -->","yoast_head_json":{"title":"Homem de 35 anos \u00e9 morto com tr\u00eas tiros na Vila B\u00e9tel II - Agazeta.net","robots":{"index":"index","follow":"follow","max-snippet":"max-snippet:-1","max-image-preview":"max-image-preview:large","max-video-preview":"max-video-preview:-1"},"canonical":"https:\/\/nk7-testes.com.br\/agazeta\/homem-de-35-anos-e-morto-com-tres-tiros-na-vila-betel-ii\/","og_locale":"pt_BR","og_type":"article","og_title":"Homem de 35 anos \u00e9 morto com tr\u00eas tiros na Vila B\u00e9tel II - Agazeta.net","og_description":"Corpo da v\u00edtima foi encaminhado ao Instituto M\u00e9dico Legal","og_url":"https:\/\/nk7-testes.com.br\/agazeta\/homem-de-35-anos-e-morto-com-tres-tiros-na-vila-betel-ii\/","og_site_name":"Agazeta.net","article_published_time":"2021-01-18T14:29:42+00:00","og_image":[{"width":458,"height":340,"url":"https:\/\/nk7-testes.com.br\/agazeta\/wp-content\/uploads\/2021\/01\/18-01-21-Homem_35_anos_e_morto_na_Vila_Betel.jpeg","type":"image\/jpeg"}],"author":"Agazeta.Net","twitter_card":"summary_large_image","twitter_misc":{"Escrito por":"Agazeta.Net","Est. tempo de leitura":"1 minuto"},"schema":{"@context":"https:\/\/schema.org","@graph":[{"@type":"WebPage","@id":"https:\/\/nk7-testes.com.br\/agazeta\/homem-de-35-anos-e-morto-com-tres-tiros-na-vila-betel-ii\/","url":"https:\/\/nk7-testes.com.br\/agazeta\/homem-de-35-anos-e-morto-com-tres-tiros-na-vila-betel-ii\/","name":"Homem de 35 anos \u00e9 morto com tr\u00eas tiros na Vila B\u00e9tel II - Agazeta.net","isPartOf":{"@id":"https:\/\/nk7-testes.com.br\/agazeta\/#website"},"primaryImageOfPage":{"@id":"https:\/\/nk7-testes.com.br\/agazeta\/homem-de-35-anos-e-morto-com-tres-tiros-na-vila-betel-ii\/#primaryimage"},"image":{"@id":"https:\/\/nk7-testes.com.br\/agazeta\/homem-de-35-anos-e-morto-com-tres-tiros-na-vila-betel-ii\/#primaryimage"},"thumbnailUrl":"https:\/\/nk7-testes.com.br\/agazeta\/wp-content\/uploads\/2021\/01\/18-01-21-Homem_35_anos_e_morto_na_Vila_Betel.jpeg","datePublished":"2021-01-18T14:29:42+00:00","author":{"@id":"https:\/\/nk7-testes.com.br\/agazeta\/#\/schema\/person\/6d6e25cb0435eb4a02fd44d30b4e3020"},"breadcrumb":{"@id":"https:\/\/nk7-testes.com.br\/agazeta\/homem-de-35-anos-e-morto-com-tres-tiros-na-vila-betel-ii\/#breadcrumb"},"inLanguage":"pt-BR","potentialAction":[{"@type":"ReadAction","target":["https:\/\/nk7-testes.com.br\/agazeta\/homem-de-35-anos-e-morto-com-tres-tiros-na-vila-betel-ii\/"]}]},{"@type":"ImageObject","inLanguage":"pt-BR","@id":"https:\/\/nk7-testes.com.br\/agazeta\/homem-de-35-anos-e-morto-com-tres-tiros-na-vila-betel-ii\/#primaryimage","url":"https:\/\/nk7-testes.com.br\/agazeta\/wp-content\/uploads\/2021\/01\/18-01-21-Homem_35_anos_e_morto_na_Vila_Betel.jpeg","contentUrl":"https:\/\/nk7-testes.com.br\/agazeta\/wp-content\/uploads\/2021\/01\/18-01-21-Homem_35_anos_e_morto_na_Vila_Betel.jpeg","width":458,"height":340,"caption":"18-01-21-Homem 35 anos \u00e9 morto na Vila B\u00e9tel"},{"@type":"BreadcrumbList","@id":"https:\/\/nk7-testes.com.br\/agazeta\/homem-de-35-anos-e-morto-com-tres-tiros-na-vila-betel-ii\/#breadcrumb","itemListElement":[{"@type":"ListItem","position":1,"name":"In\u00edcio","item":"https:\/\/nk7-testes.com.br\/agazeta\/"},{"@type":"ListItem","position":2,"name":"Homem de 35 anos \u00e9 morto com tr\u00eas tiros na Vila B\u00e9tel II"}]},{"@type":"WebSite","@id":"https:\/\/nk7-testes.com.br\/agazeta\/#website","url":"https:\/\/nk7-testes.com.br\/agazeta\/","name":"Agazeta.net","description":"Agazeta.net - Not\u00edcias de Rio Branco\/AC","potentialAction":[{"@type":"SearchAction","target":{"@type":"EntryPoint","urlTemplate":"https:\/\/nk7-testes.com.br\/agazeta\/?s={search_term_string}"},"query-input":{"@type":"PropertyValueSpecification","valueRequired":true,"valueName":"search_term_string"}}],"inLanguage":"pt-BR"},{"@type":"Person","@id":"https:\/\/nk7-testes.com.br\/agazeta\/#\/schema\/person\/6d6e25cb0435eb4a02fd44d30b4e3020","name":"Agazeta.Net","url":"https:\/\/nk7-testes.com.br\/agazeta\/author\/agazeta\/"}]}},"_links":{"self":[{"href":"https:\/\/nk7-testes.com.br\/agazeta\/wp-json\/wp\/v2\/posts\/52346","targetHints":{"allow":["GET"]}}],"collection":[{"href":"https:\/\/nk7-testes.com.br\/agazeta\/wp-json\/wp\/v2\/posts"}],"about":[{"href":"https:\/\/nk7-testes.com.br\/agazeta\/wp-json\/wp\/v2\/types\/post"}],"author":[{"embeddable":true,"href":"https:\/\/nk7-testes.com.br\/agazeta\/wp-json\/wp\/v2\/users\/4"}],"replies":[{"embeddable":true,"href":"https:\/\/nk7-testes.com.br\/agazeta\/wp-json\/wp\/v2\/comments?post=52346"}],"version-history":[{"count":0,"href":"https:\/\/nk7-testes.com.br\/agazeta\/wp-json\/wp\/v2\/posts\/52346\/revisions"}],"wp:featuredmedia":[{"embeddable":true,"href":"https:\/\/nk7-testes.com.br\/agazeta\/wp-json\/wp\/v2\/media\/52345"}],"wp:attachment":[{"href":"https:\/\/nk7-testes.com.br\/agazeta\/wp-json\/wp\/v2\/media?parent=52346"}],"wp:term":[{"taxonomy":"category","embeddable":true,"href":"https:\/\/nk7-testes.com.br\/agazeta\/wp-json\/wp\/v2\/categories?post=52346"},{"taxonomy":"post_tag","embeddable":true,"href":"https:\/\/nk7-testes.com.br\/agazeta\/wp-json\/wp\/v2\/tags?post=52346"}],"curies":[{"name":"wp","href":"https:\/\/api.w.org\/{rel}","templated":true}]}}