{"id":52316,"date":"2021-01-15T14:46:31","date_gmt":"2021-01-15T14:46:31","guid":{"rendered":"https:\/\/abarevegan.com.br\/index.php\/2021\/01\/15\/bombeiro-civil-e-morto-com-tiro-na-cabeca-na-baixada-da-sobral\/"},"modified":"2021-01-15T14:46:31","modified_gmt":"2021-01-15T14:46:31","slug":"bombeiro-civil-e-morto-com-tiro-na-cabeca-na-baixada-da-sobral","status":"publish","type":"post","link":"https:\/\/nk7-testes.com.br\/agazeta\/bombeiro-civil-e-morto-com-tiro-na-cabeca-na-baixada-da-sobral\/","title":{"rendered":"Bombeiro civil \u00e9 morto com tiro na cabe\u00e7a na Baixada da Sobral"},"content":{"rendered":"<p style=\"text-align: justify;\">Criminosos estariam \u00e0 procura de uma arma de fogo<\/p>\n<p style=\"text-align: justify;\">O bombeiro civil Kemerson Ramon Oliveira Barroso, de 33 anos, foi morto com um tiro na cabe\u00e7a na noite desta quinta-feira (14), na rua Mendes S\u00e1, bairro Bahia Velha, regi\u00e3o da Baixada da Sobral, em Rio Branco.<\/p>\n<p style=\"text-align: justify;\">Segundo informa\u00e7\u00f5es da Pol\u00edcia Militar, Kemerson estava saindo da casa da m\u00e3e quando foi rendido por homens armados. A v\u00edtima ainda tentou fechar o port\u00e3o, mas os suspeitos conseguiram entrar.<\/p>\n<p style=\"text-align: justify;\">O grupo estava atr\u00e1s de uma arma de fogo, pensando que a v\u00edtima se tratava de um bombeiro militar e possu\u00eda posse. Como n\u00e3o encontraram, atiraram na cabe\u00e7a de Kemerson.<\/p>\n<p style=\"text-align: justify;\">O Servi\u00e7o de Atendimento M\u00f3vel de Urg\u00eancia (Samu) foi acionado pela fam\u00edlia, conseguiu prestar os primeiros socorros \u00e0 v\u00edtima e encaminhar ao Pronto-Socorro de Rio Branco.<\/p>\n<p style=\"text-align: justify;\">\u201cO quadro cl\u00ednico dele \u00e9 grave, por causa do ferimento por arma de fogo na cabe\u00e7a, mas se encontra est\u00e1vel, ap\u00f3s ter sido entubado. Ele foi encaminhado \u00e0 sala de cirurgia e deve passar por avalia\u00e7\u00e3o neurol\u00f3gica\u201d, explicou a m\u00e9dica do Samu, Michelle Melo.<\/p>\n<p style=\"text-align: justify;\">Durante a madrugada Kemerson acabou n\u00e3o resistindo, e morreu no Pronto-Socorro. O caso agora deve ser investigado pela Delegacia de Homic\u00eddios e Prote\u00e7\u00e3o \u00e0 Pessoa (DHPP).<\/p>\n<p style=\"text-align: justify;\">At\u00e9 o fechamento da mat\u00e9ria nenhum suspeito havia sido preso ou identificado.<\/p>\n","protected":false},"excerpt":{"rendered":"<p style=\"text-align: justify;\">Criminosos estariam \u00e0 procura de uma arma de fogo<\/p>\n","protected":false},"author":4,"featured_media":52315,"comment_status":"open","ping_status":"open","sticky":false,"template":"","format":"standard","meta":{"jnews-multi-image_gallery":[],"jnews_single_post":[],"jnews_primary_category":[],"jnews_social_meta":[],"jnews_review":[],"enable_review":"","type":"","name":"","summary":"","brand":"","sku":"","good":[],"bad":[],"score_override":"","override_value":"","rating":[],"price":[],"footnotes":""},"categories":[44],"tags":[],"class_list":["post-52316","post","type-post","status-publish","format-standard","has-post-thumbnail","hentry","category-policia"],"yoast_head":"<!-- This site is optimized with the Yoast SEO plugin v26.5 - https:\/\/yoast.com\/wordpress\/plugins\/seo\/ -->\n<title>Bombeiro civil \u00e9 morto com tiro na cabe\u00e7a na Baixada da Sobral - Agazeta.net<\/title>\n<meta name=\"robots\" content=\"index, follow, max-snippet:-1, max-image-preview:large, max-video-preview:-1\" \/>\n<link rel=\"canonical\" href=\"https:\/\/nk7-testes.com.br\/agazeta\/bombeiro-civil-e-morto-com-tiro-na-cabeca-na-baixada-da-sobral\/\" \/>\n<meta property=\"og:locale\" content=\"pt_BR\" \/>\n<meta property=\"og:type\" content=\"article\" \/>\n<meta property=\"og:title\" content=\"Bombeiro civil \u00e9 morto com tiro na cabe\u00e7a na Baixada da Sobral - Agazeta.net\" \/>\n<meta property=\"og:description\" content=\"Criminosos estariam \u00e0 procura de uma arma de fogo\" \/>\n<meta property=\"og:url\" content=\"https:\/\/nk7-testes.com.br\/agazeta\/bombeiro-civil-e-morto-com-tiro-na-cabeca-na-baixada-da-sobral\/\" \/>\n<meta property=\"og:site_name\" content=\"Agazeta.net\" \/>\n<meta property=\"article:published_time\" content=\"2021-01-15T14:46:31+00:00\" \/>\n<meta property=\"og:image\" content=\"https:\/\/nk7-testes.com.br\/agazeta\/wp-content\/uploads\/2021\/01\/15-01-21-bombeiro-civil-morto.png\" \/>\n\t<meta property=\"og:image:width\" content=\"458\" \/>\n\t<meta property=\"og:image:height\" content=\"340\" \/>\n\t<meta property=\"og:image:type\" content=\"image\/png\" \/>\n<meta name=\"author\" content=\"Agazeta.Net\" \/>\n<meta name=\"twitter:card\" content=\"summary_large_image\" \/>\n<meta name=\"twitter:label1\" content=\"Escrito por\" \/>\n\t<meta name=\"twitter:data1\" content=\"Agazeta.Net\" \/>\n\t<meta name=\"twitter:label2\" content=\"Est. tempo de leitura\" \/>\n\t<meta name=\"twitter:data2\" content=\"1 minuto\" \/>\n<script type=\"application\/ld+json\" class=\"yoast-schema-graph\">{\"@context\":\"https:\/\/schema.org\",\"@graph\":[{\"@type\":\"WebPage\",\"@id\":\"https:\/\/nk7-testes.com.br\/agazeta\/bombeiro-civil-e-morto-com-tiro-na-cabeca-na-baixada-da-sobral\/\",\"url\":\"https:\/\/nk7-testes.com.br\/agazeta\/bombeiro-civil-e-morto-com-tiro-na-cabeca-na-baixada-da-sobral\/\",\"name\":\"Bombeiro civil \u00e9 morto com tiro na cabe\u00e7a na Baixada da Sobral - Agazeta.net\",\"isPartOf\":{\"@id\":\"https:\/\/nk7-testes.com.br\/agazeta\/#website\"},\"primaryImageOfPage\":{\"@id\":\"https:\/\/nk7-testes.com.br\/agazeta\/bombeiro-civil-e-morto-com-tiro-na-cabeca-na-baixada-da-sobral\/#primaryimage\"},\"image\":{\"@id\":\"https:\/\/nk7-testes.com.br\/agazeta\/bombeiro-civil-e-morto-com-tiro-na-cabeca-na-baixada-da-sobral\/#primaryimage\"},\"thumbnailUrl\":\"https:\/\/nk7-testes.com.br\/agazeta\/wp-content\/uploads\/2021\/01\/15-01-21-bombeiro-civil-morto.png\",\"datePublished\":\"2021-01-15T14:46:31+00:00\",\"author\":{\"@id\":\"https:\/\/nk7-testes.com.br\/agazeta\/#\/schema\/person\/6d6e25cb0435eb4a02fd44d30b4e3020\"},\"breadcrumb\":{\"@id\":\"https:\/\/nk7-testes.com.br\/agazeta\/bombeiro-civil-e-morto-com-tiro-na-cabeca-na-baixada-da-sobral\/#breadcrumb\"},\"inLanguage\":\"pt-BR\",\"potentialAction\":[{\"@type\":\"ReadAction\",\"target\":[\"https:\/\/nk7-testes.com.br\/agazeta\/bombeiro-civil-e-morto-com-tiro-na-cabeca-na-baixada-da-sobral\/\"]}]},{\"@type\":\"ImageObject\",\"inLanguage\":\"pt-BR\",\"@id\":\"https:\/\/nk7-testes.com.br\/agazeta\/bombeiro-civil-e-morto-com-tiro-na-cabeca-na-baixada-da-sobral\/#primaryimage\",\"url\":\"https:\/\/nk7-testes.com.br\/agazeta\/wp-content\/uploads\/2021\/01\/15-01-21-bombeiro-civil-morto.png\",\"contentUrl\":\"https:\/\/nk7-testes.com.br\/agazeta\/wp-content\/uploads\/2021\/01\/15-01-21-bombeiro-civil-morto.png\",\"width\":458,\"height\":340,\"caption\":\"15-01-21-bombeiro-civil-morto\"},{\"@type\":\"BreadcrumbList\",\"@id\":\"https:\/\/nk7-testes.com.br\/agazeta\/bombeiro-civil-e-morto-com-tiro-na-cabeca-na-baixada-da-sobral\/#breadcrumb\",\"itemListElement\":[{\"@type\":\"ListItem\",\"position\":1,\"name\":\"In\u00edcio\",\"item\":\"https:\/\/nk7-testes.com.br\/agazeta\/\"},{\"@type\":\"ListItem\",\"position\":2,\"name\":\"Bombeiro civil \u00e9 morto com tiro na cabe\u00e7a na Baixada da Sobral\"}]},{\"@type\":\"WebSite\",\"@id\":\"https:\/\/nk7-testes.com.br\/agazeta\/#website\",\"url\":\"https:\/\/nk7-testes.com.br\/agazeta\/\",\"name\":\"Agazeta.net\",\"description\":\"Agazeta.net - Not\u00edcias de Rio Branco\/AC\",\"potentialAction\":[{\"@type\":\"SearchAction\",\"target\":{\"@type\":\"EntryPoint\",\"urlTemplate\":\"https:\/\/nk7-testes.com.br\/agazeta\/?s={search_term_string}\"},\"query-input\":{\"@type\":\"PropertyValueSpecification\",\"valueRequired\":true,\"valueName\":\"search_term_string\"}}],\"inLanguage\":\"pt-BR\"},{\"@type\":\"Person\",\"@id\":\"https:\/\/nk7-testes.com.br\/agazeta\/#\/schema\/person\/6d6e25cb0435eb4a02fd44d30b4e3020\",\"name\":\"Agazeta.Net\",\"url\":\"https:\/\/nk7-testes.com.br\/agazeta\/author\/agazeta\/\"}]}<\/script>\n<!-- \/ Yoast SEO plugin. -->","yoast_head_json":{"title":"Bombeiro civil \u00e9 morto com tiro na cabe\u00e7a na Baixada da Sobral - Agazeta.net","robots":{"index":"index","follow":"follow","max-snippet":"max-snippet:-1","max-image-preview":"max-image-preview:large","max-video-preview":"max-video-preview:-1"},"canonical":"https:\/\/nk7-testes.com.br\/agazeta\/bombeiro-civil-e-morto-com-tiro-na-cabeca-na-baixada-da-sobral\/","og_locale":"pt_BR","og_type":"article","og_title":"Bombeiro civil \u00e9 morto com tiro na cabe\u00e7a na Baixada da Sobral - Agazeta.net","og_description":"Criminosos estariam \u00e0 procura de uma arma de fogo","og_url":"https:\/\/nk7-testes.com.br\/agazeta\/bombeiro-civil-e-morto-com-tiro-na-cabeca-na-baixada-da-sobral\/","og_site_name":"Agazeta.net","article_published_time":"2021-01-15T14:46:31+00:00","og_image":[{"width":458,"height":340,"url":"https:\/\/nk7-testes.com.br\/agazeta\/wp-content\/uploads\/2021\/01\/15-01-21-bombeiro-civil-morto.png","type":"image\/png"}],"author":"Agazeta.Net","twitter_card":"summary_large_image","twitter_misc":{"Escrito por":"Agazeta.Net","Est. tempo de leitura":"1 minuto"},"schema":{"@context":"https:\/\/schema.org","@graph":[{"@type":"WebPage","@id":"https:\/\/nk7-testes.com.br\/agazeta\/bombeiro-civil-e-morto-com-tiro-na-cabeca-na-baixada-da-sobral\/","url":"https:\/\/nk7-testes.com.br\/agazeta\/bombeiro-civil-e-morto-com-tiro-na-cabeca-na-baixada-da-sobral\/","name":"Bombeiro civil \u00e9 morto com tiro na cabe\u00e7a na Baixada da Sobral - Agazeta.net","isPartOf":{"@id":"https:\/\/nk7-testes.com.br\/agazeta\/#website"},"primaryImageOfPage":{"@id":"https:\/\/nk7-testes.com.br\/agazeta\/bombeiro-civil-e-morto-com-tiro-na-cabeca-na-baixada-da-sobral\/#primaryimage"},"image":{"@id":"https:\/\/nk7-testes.com.br\/agazeta\/bombeiro-civil-e-morto-com-tiro-na-cabeca-na-baixada-da-sobral\/#primaryimage"},"thumbnailUrl":"https:\/\/nk7-testes.com.br\/agazeta\/wp-content\/uploads\/2021\/01\/15-01-21-bombeiro-civil-morto.png","datePublished":"2021-01-15T14:46:31+00:00","author":{"@id":"https:\/\/nk7-testes.com.br\/agazeta\/#\/schema\/person\/6d6e25cb0435eb4a02fd44d30b4e3020"},"breadcrumb":{"@id":"https:\/\/nk7-testes.com.br\/agazeta\/bombeiro-civil-e-morto-com-tiro-na-cabeca-na-baixada-da-sobral\/#breadcrumb"},"inLanguage":"pt-BR","potentialAction":[{"@type":"ReadAction","target":["https:\/\/nk7-testes.com.br\/agazeta\/bombeiro-civil-e-morto-com-tiro-na-cabeca-na-baixada-da-sobral\/"]}]},{"@type":"ImageObject","inLanguage":"pt-BR","@id":"https:\/\/nk7-testes.com.br\/agazeta\/bombeiro-civil-e-morto-com-tiro-na-cabeca-na-baixada-da-sobral\/#primaryimage","url":"https:\/\/nk7-testes.com.br\/agazeta\/wp-content\/uploads\/2021\/01\/15-01-21-bombeiro-civil-morto.png","contentUrl":"https:\/\/nk7-testes.com.br\/agazeta\/wp-content\/uploads\/2021\/01\/15-01-21-bombeiro-civil-morto.png","width":458,"height":340,"caption":"15-01-21-bombeiro-civil-morto"},{"@type":"BreadcrumbList","@id":"https:\/\/nk7-testes.com.br\/agazeta\/bombeiro-civil-e-morto-com-tiro-na-cabeca-na-baixada-da-sobral\/#breadcrumb","itemListElement":[{"@type":"ListItem","position":1,"name":"In\u00edcio","item":"https:\/\/nk7-testes.com.br\/agazeta\/"},{"@type":"ListItem","position":2,"name":"Bombeiro civil \u00e9 morto com tiro na cabe\u00e7a na Baixada da Sobral"}]},{"@type":"WebSite","@id":"https:\/\/nk7-testes.com.br\/agazeta\/#website","url":"https:\/\/nk7-testes.com.br\/agazeta\/","name":"Agazeta.net","description":"Agazeta.net - Not\u00edcias de Rio Branco\/AC","potentialAction":[{"@type":"SearchAction","target":{"@type":"EntryPoint","urlTemplate":"https:\/\/nk7-testes.com.br\/agazeta\/?s={search_term_string}"},"query-input":{"@type":"PropertyValueSpecification","valueRequired":true,"valueName":"search_term_string"}}],"inLanguage":"pt-BR"},{"@type":"Person","@id":"https:\/\/nk7-testes.com.br\/agazeta\/#\/schema\/person\/6d6e25cb0435eb4a02fd44d30b4e3020","name":"Agazeta.Net","url":"https:\/\/nk7-testes.com.br\/agazeta\/author\/agazeta\/"}]}},"_links":{"self":[{"href":"https:\/\/nk7-testes.com.br\/agazeta\/wp-json\/wp\/v2\/posts\/52316","targetHints":{"allow":["GET"]}}],"collection":[{"href":"https:\/\/nk7-testes.com.br\/agazeta\/wp-json\/wp\/v2\/posts"}],"about":[{"href":"https:\/\/nk7-testes.com.br\/agazeta\/wp-json\/wp\/v2\/types\/post"}],"author":[{"embeddable":true,"href":"https:\/\/nk7-testes.com.br\/agazeta\/wp-json\/wp\/v2\/users\/4"}],"replies":[{"embeddable":true,"href":"https:\/\/nk7-testes.com.br\/agazeta\/wp-json\/wp\/v2\/comments?post=52316"}],"version-history":[{"count":0,"href":"https:\/\/nk7-testes.com.br\/agazeta\/wp-json\/wp\/v2\/posts\/52316\/revisions"}],"wp:featuredmedia":[{"embeddable":true,"href":"https:\/\/nk7-testes.com.br\/agazeta\/wp-json\/wp\/v2\/media\/52315"}],"wp:attachment":[{"href":"https:\/\/nk7-testes.com.br\/agazeta\/wp-json\/wp\/v2\/media?parent=52316"}],"wp:term":[{"taxonomy":"category","embeddable":true,"href":"https:\/\/nk7-testes.com.br\/agazeta\/wp-json\/wp\/v2\/categories?post=52316"},{"taxonomy":"post_tag","embeddable":true,"href":"https:\/\/nk7-testes.com.br\/agazeta\/wp-json\/wp\/v2\/tags?post=52316"}],"curies":[{"name":"wp","href":"https:\/\/api.w.org\/{rel}","templated":true}]}}