{"id":52283,"date":"2021-01-14T13:00:42","date_gmt":"2021-01-14T13:00:42","guid":{"rendered":"https:\/\/abarevegan.com.br\/index.php\/2021\/01\/14\/policia-federal-prende-suspeito-de-abuso-sexual-de-crianca-no-acre\/"},"modified":"2021-01-14T13:00:42","modified_gmt":"2021-01-14T13:00:42","slug":"policia-federal-prende-suspeito-de-abuso-sexual-de-crianca-no-acre","status":"publish","type":"post","link":"https:\/\/nk7-testes.com.br\/agazeta\/policia-federal-prende-suspeito-de-abuso-sexual-de-crianca-no-acre\/","title":{"rendered":"Pol\u00edcia Federal prende suspeito de abuso sexual de crian\u00e7a no Acre"},"content":{"rendered":"<p style=\"text-align: justify;\">Homem teria ainda publicado v\u00eddeo nas redes sociais<\/p>\n<p style=\"text-align: justify;\">A Pol\u00edcia Federal deflagrou na manh\u00e3 desta quinta-feira (14), em Rio Branco, a &#8220;Opera\u00e7\u00e3o Despudor&#8221;, a fim de cumprir dois mandados de busca e apreens\u00e3o, expedidos pela Justi\u00e7a Federal, contra um suspeito de abusar sexualmente de uma crian\u00e7a e publicar em redes sociais.<\/p>\n<p style=\"text-align: justify;\">As investiga\u00e7\u00f5es se iniciaram no N\u00facleo de Repress\u00e3o aos Crimes de \u00d3dio e Pornografia Infantil pela Internet (NURCOP), da Divis\u00e3o de Repress\u00e3o a Crimes Cibern\u00e9ticos (DRCC), situado em Bras\u00edlia, e trata acerca das condutas de: estupro de vulner\u00e1vel; produ\u00e7\u00e3o de v\u00eddeo contendo pornografia infantil; e armazenamento e compartilhamento desse material.<\/p>\n<p style=\"text-align: justify;\">No Nurcop foi produzido um relat\u00f3rio, a partir de informa\u00e7\u00f5es enviadas pelo National Center for Missing fnd Exploited Children &#8211; organiza\u00e7\u00e3o n\u00e3o governamental, sem fins lucrativos, que recebeu apoio do Governo estadunidense para estabelecer um mecanismo centralizado de recebimento de \u201cden\u00fancias\u201d sobre crimes relacionados a abuso sexual infantil e desaparecimento de crian\u00e7as &#8211; a qual recebe alerta de prestadores de servi\u00e7os de conex\u00e3o e internet de suspeita de explora\u00e7\u00e3o sexual infantil que trafeguem em suas redes.<\/p>\n<p>Os casos suspeitos s\u00e3o encaminhados \u00e0 Pol\u00edcia Federal para investiga\u00e7\u00e3o. Esse em espec\u00edfico foi denominado \u201cDespudor\u201d, pois o suspeito sem nenhum receio ou vergonha publicou abertamente em rede sociais o abuso sexual praticado em face de uma crian\u00e7a.<\/p>\n<p style=\"text-align: justify;\">Durante a opera\u00e7\u00e3o foi encontrado material pedopornogr\u00e1fico no celular do suspeito. O homem deve responder conforme previsto nos artigos 217-A do C\u00f3digo Penal e 240, \u00a72\u00ba, inciso III e 241-A e 241-B do Estatuto da Crian\u00e7a e Adolescente.<\/p>\n","protected":false},"excerpt":{"rendered":"<p style=\"text-align: justify;\">Homem teria ainda publicado v\u00eddeo nas redes sociais<\/p>\n","protected":false},"author":4,"featured_media":52282,"comment_status":"open","ping_status":"open","sticky":false,"template":"","format":"standard","meta":{"jnews-multi-image_gallery":[],"jnews_single_post":[],"jnews_primary_category":[],"jnews_social_meta":[],"jnews_review":[],"enable_review":"","type":"","name":"","summary":"","brand":"","sku":"","good":[],"bad":[],"score_override":"","override_value":"","rating":[],"price":[],"footnotes":""},"categories":[44],"tags":[],"class_list":["post-52283","post","type-post","status-publish","format-standard","has-post-thumbnail","hentry","category-policia"],"yoast_head":"<!-- This site is optimized with the Yoast SEO plugin v26.5 - https:\/\/yoast.com\/wordpress\/plugins\/seo\/ -->\n<title>Pol\u00edcia Federal prende suspeito de abuso sexual de crian\u00e7a no Acre - Agazeta.net<\/title>\n<meta name=\"robots\" content=\"index, follow, max-snippet:-1, max-image-preview:large, max-video-preview:-1\" \/>\n<link rel=\"canonical\" href=\"https:\/\/nk7-testes.com.br\/agazeta\/policia-federal-prende-suspeito-de-abuso-sexual-de-crianca-no-acre\/\" \/>\n<meta property=\"og:locale\" content=\"pt_BR\" \/>\n<meta property=\"og:type\" content=\"article\" \/>\n<meta property=\"og:title\" content=\"Pol\u00edcia Federal prende suspeito de abuso sexual de crian\u00e7a no Acre - Agazeta.net\" \/>\n<meta property=\"og:description\" content=\"Homem teria ainda publicado v\u00eddeo nas redes sociais\" \/>\n<meta property=\"og:url\" content=\"https:\/\/nk7-testes.com.br\/agazeta\/policia-federal-prende-suspeito-de-abuso-sexual-de-crianca-no-acre\/\" \/>\n<meta property=\"og:site_name\" content=\"Agazeta.net\" \/>\n<meta property=\"article:published_time\" content=\"2021-01-14T13:00:42+00:00\" \/>\n<meta property=\"og:image\" content=\"https:\/\/nk7-testes.com.br\/agazeta\/wp-content\/uploads\/2021\/01\/14-01-21-operacao-policia-federal.jpeg\" \/>\n\t<meta property=\"og:image:width\" content=\"458\" \/>\n\t<meta property=\"og:image:height\" content=\"340\" \/>\n\t<meta property=\"og:image:type\" content=\"image\/jpeg\" \/>\n<meta name=\"author\" content=\"Agazeta.Net\" \/>\n<meta name=\"twitter:card\" content=\"summary_large_image\" \/>\n<meta name=\"twitter:label1\" content=\"Escrito por\" \/>\n\t<meta name=\"twitter:data1\" content=\"Agazeta.Net\" \/>\n\t<meta name=\"twitter:label2\" content=\"Est. tempo de leitura\" \/>\n\t<meta name=\"twitter:data2\" content=\"1 minuto\" \/>\n<script type=\"application\/ld+json\" class=\"yoast-schema-graph\">{\"@context\":\"https:\/\/schema.org\",\"@graph\":[{\"@type\":\"WebPage\",\"@id\":\"https:\/\/nk7-testes.com.br\/agazeta\/policia-federal-prende-suspeito-de-abuso-sexual-de-crianca-no-acre\/\",\"url\":\"https:\/\/nk7-testes.com.br\/agazeta\/policia-federal-prende-suspeito-de-abuso-sexual-de-crianca-no-acre\/\",\"name\":\"Pol\u00edcia Federal prende suspeito de abuso sexual de crian\u00e7a no Acre - Agazeta.net\",\"isPartOf\":{\"@id\":\"https:\/\/nk7-testes.com.br\/agazeta\/#website\"},\"primaryImageOfPage\":{\"@id\":\"https:\/\/nk7-testes.com.br\/agazeta\/policia-federal-prende-suspeito-de-abuso-sexual-de-crianca-no-acre\/#primaryimage\"},\"image\":{\"@id\":\"https:\/\/nk7-testes.com.br\/agazeta\/policia-federal-prende-suspeito-de-abuso-sexual-de-crianca-no-acre\/#primaryimage\"},\"thumbnailUrl\":\"https:\/\/nk7-testes.com.br\/agazeta\/wp-content\/uploads\/2021\/01\/14-01-21-operacao-policia-federal.jpeg\",\"datePublished\":\"2021-01-14T13:00:42+00:00\",\"author\":{\"@id\":\"https:\/\/nk7-testes.com.br\/agazeta\/#\/schema\/person\/6d6e25cb0435eb4a02fd44d30b4e3020\"},\"breadcrumb\":{\"@id\":\"https:\/\/nk7-testes.com.br\/agazeta\/policia-federal-prende-suspeito-de-abuso-sexual-de-crianca-no-acre\/#breadcrumb\"},\"inLanguage\":\"pt-BR\",\"potentialAction\":[{\"@type\":\"ReadAction\",\"target\":[\"https:\/\/nk7-testes.com.br\/agazeta\/policia-federal-prende-suspeito-de-abuso-sexual-de-crianca-no-acre\/\"]}]},{\"@type\":\"ImageObject\",\"inLanguage\":\"pt-BR\",\"@id\":\"https:\/\/nk7-testes.com.br\/agazeta\/policia-federal-prende-suspeito-de-abuso-sexual-de-crianca-no-acre\/#primaryimage\",\"url\":\"https:\/\/nk7-testes.com.br\/agazeta\/wp-content\/uploads\/2021\/01\/14-01-21-operacao-policia-federal.jpeg\",\"contentUrl\":\"https:\/\/nk7-testes.com.br\/agazeta\/wp-content\/uploads\/2021\/01\/14-01-21-operacao-policia-federal.jpeg\",\"width\":458,\"height\":340,\"caption\":\"14-01-21-opera\u00e7\u00e3o-policia-federal\"},{\"@type\":\"BreadcrumbList\",\"@id\":\"https:\/\/nk7-testes.com.br\/agazeta\/policia-federal-prende-suspeito-de-abuso-sexual-de-crianca-no-acre\/#breadcrumb\",\"itemListElement\":[{\"@type\":\"ListItem\",\"position\":1,\"name\":\"In\u00edcio\",\"item\":\"https:\/\/nk7-testes.com.br\/agazeta\/\"},{\"@type\":\"ListItem\",\"position\":2,\"name\":\"Pol\u00edcia Federal prende suspeito de abuso sexual de crian\u00e7a no Acre\"}]},{\"@type\":\"WebSite\",\"@id\":\"https:\/\/nk7-testes.com.br\/agazeta\/#website\",\"url\":\"https:\/\/nk7-testes.com.br\/agazeta\/\",\"name\":\"Agazeta.net\",\"description\":\"Agazeta.net - Not\u00edcias de Rio Branco\/AC\",\"potentialAction\":[{\"@type\":\"SearchAction\",\"target\":{\"@type\":\"EntryPoint\",\"urlTemplate\":\"https:\/\/nk7-testes.com.br\/agazeta\/?s={search_term_string}\"},\"query-input\":{\"@type\":\"PropertyValueSpecification\",\"valueRequired\":true,\"valueName\":\"search_term_string\"}}],\"inLanguage\":\"pt-BR\"},{\"@type\":\"Person\",\"@id\":\"https:\/\/nk7-testes.com.br\/agazeta\/#\/schema\/person\/6d6e25cb0435eb4a02fd44d30b4e3020\",\"name\":\"Agazeta.Net\",\"url\":\"https:\/\/nk7-testes.com.br\/agazeta\/author\/agazeta\/\"}]}<\/script>\n<!-- \/ Yoast SEO plugin. -->","yoast_head_json":{"title":"Pol\u00edcia Federal prende suspeito de abuso sexual de crian\u00e7a no Acre - Agazeta.net","robots":{"index":"index","follow":"follow","max-snippet":"max-snippet:-1","max-image-preview":"max-image-preview:large","max-video-preview":"max-video-preview:-1"},"canonical":"https:\/\/nk7-testes.com.br\/agazeta\/policia-federal-prende-suspeito-de-abuso-sexual-de-crianca-no-acre\/","og_locale":"pt_BR","og_type":"article","og_title":"Pol\u00edcia Federal prende suspeito de abuso sexual de crian\u00e7a no Acre - Agazeta.net","og_description":"Homem teria ainda publicado v\u00eddeo nas redes sociais","og_url":"https:\/\/nk7-testes.com.br\/agazeta\/policia-federal-prende-suspeito-de-abuso-sexual-de-crianca-no-acre\/","og_site_name":"Agazeta.net","article_published_time":"2021-01-14T13:00:42+00:00","og_image":[{"width":458,"height":340,"url":"https:\/\/nk7-testes.com.br\/agazeta\/wp-content\/uploads\/2021\/01\/14-01-21-operacao-policia-federal.jpeg","type":"image\/jpeg"}],"author":"Agazeta.Net","twitter_card":"summary_large_image","twitter_misc":{"Escrito por":"Agazeta.Net","Est. tempo de leitura":"1 minuto"},"schema":{"@context":"https:\/\/schema.org","@graph":[{"@type":"WebPage","@id":"https:\/\/nk7-testes.com.br\/agazeta\/policia-federal-prende-suspeito-de-abuso-sexual-de-crianca-no-acre\/","url":"https:\/\/nk7-testes.com.br\/agazeta\/policia-federal-prende-suspeito-de-abuso-sexual-de-crianca-no-acre\/","name":"Pol\u00edcia Federal prende suspeito de abuso sexual de crian\u00e7a no Acre - Agazeta.net","isPartOf":{"@id":"https:\/\/nk7-testes.com.br\/agazeta\/#website"},"primaryImageOfPage":{"@id":"https:\/\/nk7-testes.com.br\/agazeta\/policia-federal-prende-suspeito-de-abuso-sexual-de-crianca-no-acre\/#primaryimage"},"image":{"@id":"https:\/\/nk7-testes.com.br\/agazeta\/policia-federal-prende-suspeito-de-abuso-sexual-de-crianca-no-acre\/#primaryimage"},"thumbnailUrl":"https:\/\/nk7-testes.com.br\/agazeta\/wp-content\/uploads\/2021\/01\/14-01-21-operacao-policia-federal.jpeg","datePublished":"2021-01-14T13:00:42+00:00","author":{"@id":"https:\/\/nk7-testes.com.br\/agazeta\/#\/schema\/person\/6d6e25cb0435eb4a02fd44d30b4e3020"},"breadcrumb":{"@id":"https:\/\/nk7-testes.com.br\/agazeta\/policia-federal-prende-suspeito-de-abuso-sexual-de-crianca-no-acre\/#breadcrumb"},"inLanguage":"pt-BR","potentialAction":[{"@type":"ReadAction","target":["https:\/\/nk7-testes.com.br\/agazeta\/policia-federal-prende-suspeito-de-abuso-sexual-de-crianca-no-acre\/"]}]},{"@type":"ImageObject","inLanguage":"pt-BR","@id":"https:\/\/nk7-testes.com.br\/agazeta\/policia-federal-prende-suspeito-de-abuso-sexual-de-crianca-no-acre\/#primaryimage","url":"https:\/\/nk7-testes.com.br\/agazeta\/wp-content\/uploads\/2021\/01\/14-01-21-operacao-policia-federal.jpeg","contentUrl":"https:\/\/nk7-testes.com.br\/agazeta\/wp-content\/uploads\/2021\/01\/14-01-21-operacao-policia-federal.jpeg","width":458,"height":340,"caption":"14-01-21-opera\u00e7\u00e3o-policia-federal"},{"@type":"BreadcrumbList","@id":"https:\/\/nk7-testes.com.br\/agazeta\/policia-federal-prende-suspeito-de-abuso-sexual-de-crianca-no-acre\/#breadcrumb","itemListElement":[{"@type":"ListItem","position":1,"name":"In\u00edcio","item":"https:\/\/nk7-testes.com.br\/agazeta\/"},{"@type":"ListItem","position":2,"name":"Pol\u00edcia Federal prende suspeito de abuso sexual de crian\u00e7a no Acre"}]},{"@type":"WebSite","@id":"https:\/\/nk7-testes.com.br\/agazeta\/#website","url":"https:\/\/nk7-testes.com.br\/agazeta\/","name":"Agazeta.net","description":"Agazeta.net - Not\u00edcias de Rio Branco\/AC","potentialAction":[{"@type":"SearchAction","target":{"@type":"EntryPoint","urlTemplate":"https:\/\/nk7-testes.com.br\/agazeta\/?s={search_term_string}"},"query-input":{"@type":"PropertyValueSpecification","valueRequired":true,"valueName":"search_term_string"}}],"inLanguage":"pt-BR"},{"@type":"Person","@id":"https:\/\/nk7-testes.com.br\/agazeta\/#\/schema\/person\/6d6e25cb0435eb4a02fd44d30b4e3020","name":"Agazeta.Net","url":"https:\/\/nk7-testes.com.br\/agazeta\/author\/agazeta\/"}]}},"_links":{"self":[{"href":"https:\/\/nk7-testes.com.br\/agazeta\/wp-json\/wp\/v2\/posts\/52283","targetHints":{"allow":["GET"]}}],"collection":[{"href":"https:\/\/nk7-testes.com.br\/agazeta\/wp-json\/wp\/v2\/posts"}],"about":[{"href":"https:\/\/nk7-testes.com.br\/agazeta\/wp-json\/wp\/v2\/types\/post"}],"author":[{"embeddable":true,"href":"https:\/\/nk7-testes.com.br\/agazeta\/wp-json\/wp\/v2\/users\/4"}],"replies":[{"embeddable":true,"href":"https:\/\/nk7-testes.com.br\/agazeta\/wp-json\/wp\/v2\/comments?post=52283"}],"version-history":[{"count":0,"href":"https:\/\/nk7-testes.com.br\/agazeta\/wp-json\/wp\/v2\/posts\/52283\/revisions"}],"wp:featuredmedia":[{"embeddable":true,"href":"https:\/\/nk7-testes.com.br\/agazeta\/wp-json\/wp\/v2\/media\/52282"}],"wp:attachment":[{"href":"https:\/\/nk7-testes.com.br\/agazeta\/wp-json\/wp\/v2\/media?parent=52283"}],"wp:term":[{"taxonomy":"category","embeddable":true,"href":"https:\/\/nk7-testes.com.br\/agazeta\/wp-json\/wp\/v2\/categories?post=52283"},{"taxonomy":"post_tag","embeddable":true,"href":"https:\/\/nk7-testes.com.br\/agazeta\/wp-json\/wp\/v2\/tags?post=52283"}],"curies":[{"name":"wp","href":"https:\/\/api.w.org\/{rel}","templated":true}]}}