{"id":52250,"date":"2021-01-12T16:33:09","date_gmt":"2021-01-12T16:33:09","guid":{"rendered":"https:\/\/abarevegan.com.br\/index.php\/2021\/01\/12\/suspeito-de-tentativa-de-homicidio-e-preso-em-rio-branco\/"},"modified":"2021-01-12T16:33:09","modified_gmt":"2021-01-12T16:33:09","slug":"suspeito-de-tentativa-de-homicidio-e-preso-em-rio-branco","status":"publish","type":"post","link":"https:\/\/nk7-testes.com.br\/agazeta\/suspeito-de-tentativa-de-homicidio-e-preso-em-rio-branco\/","title":{"rendered":"Suspeito de tentativa de homic\u00eddio \u00e9 preso em Rio Branco"},"content":{"rendered":"<p style=\"text-align: justify;\">Pol\u00edcia civil cumpriu mandado de pris\u00e3o no 2\u00ba Distrito<\/p>\n<p style=\"text-align: justify;\">Na manh\u00e3 desta ter\u00e7a-feira (12), agentes de Pol\u00edcia Civil deram cumprimento a um mandado de pris\u00e3o e prenderam um jovem, de 24 anos, suspeito de tentativa de homic\u00eddio.<\/p>\n<p style=\"text-align: justify;\">De acordo com a investiga\u00e7\u00e3o, o suspeito j\u00e1 possui hist\u00f3rico de viol\u00eancia e responde por outras tentativas de homic\u00eddios e fazia arrua\u00e7as pela vizinhan\u00e7a onde era temido por todos por amea\u00e7ar, roubar e furtar.<\/p>\n<p style=\"text-align: justify;\">A pris\u00e3o ocorreu na Rua Boulevard Augusto Monteiro, bairro Cidade Nova, 2\u00ba Distrito da capital.<\/p>\n<p style=\"text-align: justify;\">O suspeito foi encaminhado \u00e0 delegacia para procedimento padr\u00e3o e ser\u00e1 colocado \u00e0 disposi\u00e7\u00e3o da justi\u00e7a.<\/p>\n","protected":false},"excerpt":{"rendered":"<p style=\"text-align: justify;\">Pol\u00edcia civil cumpriu mandado de pris\u00e3o no 2\u00ba Distrito<\/p>\n","protected":false},"author":4,"featured_media":52249,"comment_status":"open","ping_status":"open","sticky":false,"template":"","format":"standard","meta":{"jnews-multi-image_gallery":[],"jnews_single_post":[],"jnews_primary_category":[],"jnews_social_meta":[],"jnews_review":[],"enable_review":"","type":"","name":"","summary":"","brand":"","sku":"","good":[],"bad":[],"score_override":"","override_value":"","rating":[],"price":[],"footnotes":""},"categories":[44],"tags":[],"class_list":["post-52250","post","type-post","status-publish","format-standard","has-post-thumbnail","hentry","category-policia"],"yoast_head":"<!-- This site is optimized with the Yoast SEO plugin v26.5 - https:\/\/yoast.com\/wordpress\/plugins\/seo\/ -->\n<title>Suspeito de tentativa de homic\u00eddio \u00e9 preso em Rio Branco - Agazeta.net<\/title>\n<meta name=\"robots\" content=\"index, follow, max-snippet:-1, max-image-preview:large, max-video-preview:-1\" \/>\n<link rel=\"canonical\" href=\"https:\/\/nk7-testes.com.br\/agazeta\/suspeito-de-tentativa-de-homicidio-e-preso-em-rio-branco\/\" \/>\n<meta property=\"og:locale\" content=\"pt_BR\" \/>\n<meta property=\"og:type\" content=\"article\" \/>\n<meta property=\"og:title\" content=\"Suspeito de tentativa de homic\u00eddio \u00e9 preso em Rio Branco - Agazeta.net\" \/>\n<meta property=\"og:description\" content=\"Pol\u00edcia civil cumpriu mandado de pris\u00e3o no 2\u00ba Distrito\" \/>\n<meta property=\"og:url\" content=\"https:\/\/nk7-testes.com.br\/agazeta\/suspeito-de-tentativa-de-homicidio-e-preso-em-rio-branco\/\" \/>\n<meta property=\"og:site_name\" content=\"Agazeta.net\" \/>\n<meta property=\"article:published_time\" content=\"2021-01-12T16:33:09+00:00\" \/>\n<meta property=\"og:image\" content=\"https:\/\/nk7-testes.com.br\/agazeta\/wp-content\/uploads\/2021\/01\/12-01-21-Policia_prende_suspeito_de_tentativa_de_homicidio.jpeg\" \/>\n\t<meta property=\"og:image:width\" content=\"458\" \/>\n\t<meta property=\"og:image:height\" content=\"340\" \/>\n\t<meta property=\"og:image:type\" content=\"image\/jpeg\" \/>\n<meta name=\"author\" content=\"Agazeta.Net\" \/>\n<meta name=\"twitter:card\" content=\"summary_large_image\" \/>\n<meta name=\"twitter:label1\" content=\"Escrito por\" \/>\n\t<meta name=\"twitter:data1\" content=\"Agazeta.Net\" \/>\n\t<meta name=\"twitter:label2\" content=\"Est. tempo de leitura\" \/>\n\t<meta name=\"twitter:data2\" content=\"1 minuto\" \/>\n<script type=\"application\/ld+json\" class=\"yoast-schema-graph\">{\"@context\":\"https:\/\/schema.org\",\"@graph\":[{\"@type\":\"WebPage\",\"@id\":\"https:\/\/nk7-testes.com.br\/agazeta\/suspeito-de-tentativa-de-homicidio-e-preso-em-rio-branco\/\",\"url\":\"https:\/\/nk7-testes.com.br\/agazeta\/suspeito-de-tentativa-de-homicidio-e-preso-em-rio-branco\/\",\"name\":\"Suspeito de tentativa de homic\u00eddio \u00e9 preso em Rio Branco - Agazeta.net\",\"isPartOf\":{\"@id\":\"https:\/\/nk7-testes.com.br\/agazeta\/#website\"},\"primaryImageOfPage\":{\"@id\":\"https:\/\/nk7-testes.com.br\/agazeta\/suspeito-de-tentativa-de-homicidio-e-preso-em-rio-branco\/#primaryimage\"},\"image\":{\"@id\":\"https:\/\/nk7-testes.com.br\/agazeta\/suspeito-de-tentativa-de-homicidio-e-preso-em-rio-branco\/#primaryimage\"},\"thumbnailUrl\":\"https:\/\/nk7-testes.com.br\/agazeta\/wp-content\/uploads\/2021\/01\/12-01-21-Policia_prende_suspeito_de_tentativa_de_homicidio.jpeg\",\"datePublished\":\"2021-01-12T16:33:09+00:00\",\"author\":{\"@id\":\"https:\/\/nk7-testes.com.br\/agazeta\/#\/schema\/person\/6d6e25cb0435eb4a02fd44d30b4e3020\"},\"breadcrumb\":{\"@id\":\"https:\/\/nk7-testes.com.br\/agazeta\/suspeito-de-tentativa-de-homicidio-e-preso-em-rio-branco\/#breadcrumb\"},\"inLanguage\":\"pt-BR\",\"potentialAction\":[{\"@type\":\"ReadAction\",\"target\":[\"https:\/\/nk7-testes.com.br\/agazeta\/suspeito-de-tentativa-de-homicidio-e-preso-em-rio-branco\/\"]}]},{\"@type\":\"ImageObject\",\"inLanguage\":\"pt-BR\",\"@id\":\"https:\/\/nk7-testes.com.br\/agazeta\/suspeito-de-tentativa-de-homicidio-e-preso-em-rio-branco\/#primaryimage\",\"url\":\"https:\/\/nk7-testes.com.br\/agazeta\/wp-content\/uploads\/2021\/01\/12-01-21-Policia_prende_suspeito_de_tentativa_de_homicidio.jpeg\",\"contentUrl\":\"https:\/\/nk7-testes.com.br\/agazeta\/wp-content\/uploads\/2021\/01\/12-01-21-Policia_prende_suspeito_de_tentativa_de_homicidio.jpeg\",\"width\":458,\"height\":340,\"caption\":\"12-01-21-Policia prende suspeito de tentativa de homicidio\"},{\"@type\":\"BreadcrumbList\",\"@id\":\"https:\/\/nk7-testes.com.br\/agazeta\/suspeito-de-tentativa-de-homicidio-e-preso-em-rio-branco\/#breadcrumb\",\"itemListElement\":[{\"@type\":\"ListItem\",\"position\":1,\"name\":\"In\u00edcio\",\"item\":\"https:\/\/nk7-testes.com.br\/agazeta\/\"},{\"@type\":\"ListItem\",\"position\":2,\"name\":\"Suspeito de tentativa de homic\u00eddio \u00e9 preso em Rio Branco\"}]},{\"@type\":\"WebSite\",\"@id\":\"https:\/\/nk7-testes.com.br\/agazeta\/#website\",\"url\":\"https:\/\/nk7-testes.com.br\/agazeta\/\",\"name\":\"Agazeta.net\",\"description\":\"Agazeta.net - Not\u00edcias de Rio Branco\/AC\",\"potentialAction\":[{\"@type\":\"SearchAction\",\"target\":{\"@type\":\"EntryPoint\",\"urlTemplate\":\"https:\/\/nk7-testes.com.br\/agazeta\/?s={search_term_string}\"},\"query-input\":{\"@type\":\"PropertyValueSpecification\",\"valueRequired\":true,\"valueName\":\"search_term_string\"}}],\"inLanguage\":\"pt-BR\"},{\"@type\":\"Person\",\"@id\":\"https:\/\/nk7-testes.com.br\/agazeta\/#\/schema\/person\/6d6e25cb0435eb4a02fd44d30b4e3020\",\"name\":\"Agazeta.Net\",\"url\":\"https:\/\/nk7-testes.com.br\/agazeta\/author\/agazeta\/\"}]}<\/script>\n<!-- \/ Yoast SEO plugin. -->","yoast_head_json":{"title":"Suspeito de tentativa de homic\u00eddio \u00e9 preso em Rio Branco - Agazeta.net","robots":{"index":"index","follow":"follow","max-snippet":"max-snippet:-1","max-image-preview":"max-image-preview:large","max-video-preview":"max-video-preview:-1"},"canonical":"https:\/\/nk7-testes.com.br\/agazeta\/suspeito-de-tentativa-de-homicidio-e-preso-em-rio-branco\/","og_locale":"pt_BR","og_type":"article","og_title":"Suspeito de tentativa de homic\u00eddio \u00e9 preso em Rio Branco - Agazeta.net","og_description":"Pol\u00edcia civil cumpriu mandado de pris\u00e3o no 2\u00ba Distrito","og_url":"https:\/\/nk7-testes.com.br\/agazeta\/suspeito-de-tentativa-de-homicidio-e-preso-em-rio-branco\/","og_site_name":"Agazeta.net","article_published_time":"2021-01-12T16:33:09+00:00","og_image":[{"width":458,"height":340,"url":"https:\/\/nk7-testes.com.br\/agazeta\/wp-content\/uploads\/2021\/01\/12-01-21-Policia_prende_suspeito_de_tentativa_de_homicidio.jpeg","type":"image\/jpeg"}],"author":"Agazeta.Net","twitter_card":"summary_large_image","twitter_misc":{"Escrito por":"Agazeta.Net","Est. tempo de leitura":"1 minuto"},"schema":{"@context":"https:\/\/schema.org","@graph":[{"@type":"WebPage","@id":"https:\/\/nk7-testes.com.br\/agazeta\/suspeito-de-tentativa-de-homicidio-e-preso-em-rio-branco\/","url":"https:\/\/nk7-testes.com.br\/agazeta\/suspeito-de-tentativa-de-homicidio-e-preso-em-rio-branco\/","name":"Suspeito de tentativa de homic\u00eddio \u00e9 preso em Rio Branco - Agazeta.net","isPartOf":{"@id":"https:\/\/nk7-testes.com.br\/agazeta\/#website"},"primaryImageOfPage":{"@id":"https:\/\/nk7-testes.com.br\/agazeta\/suspeito-de-tentativa-de-homicidio-e-preso-em-rio-branco\/#primaryimage"},"image":{"@id":"https:\/\/nk7-testes.com.br\/agazeta\/suspeito-de-tentativa-de-homicidio-e-preso-em-rio-branco\/#primaryimage"},"thumbnailUrl":"https:\/\/nk7-testes.com.br\/agazeta\/wp-content\/uploads\/2021\/01\/12-01-21-Policia_prende_suspeito_de_tentativa_de_homicidio.jpeg","datePublished":"2021-01-12T16:33:09+00:00","author":{"@id":"https:\/\/nk7-testes.com.br\/agazeta\/#\/schema\/person\/6d6e25cb0435eb4a02fd44d30b4e3020"},"breadcrumb":{"@id":"https:\/\/nk7-testes.com.br\/agazeta\/suspeito-de-tentativa-de-homicidio-e-preso-em-rio-branco\/#breadcrumb"},"inLanguage":"pt-BR","potentialAction":[{"@type":"ReadAction","target":["https:\/\/nk7-testes.com.br\/agazeta\/suspeito-de-tentativa-de-homicidio-e-preso-em-rio-branco\/"]}]},{"@type":"ImageObject","inLanguage":"pt-BR","@id":"https:\/\/nk7-testes.com.br\/agazeta\/suspeito-de-tentativa-de-homicidio-e-preso-em-rio-branco\/#primaryimage","url":"https:\/\/nk7-testes.com.br\/agazeta\/wp-content\/uploads\/2021\/01\/12-01-21-Policia_prende_suspeito_de_tentativa_de_homicidio.jpeg","contentUrl":"https:\/\/nk7-testes.com.br\/agazeta\/wp-content\/uploads\/2021\/01\/12-01-21-Policia_prende_suspeito_de_tentativa_de_homicidio.jpeg","width":458,"height":340,"caption":"12-01-21-Policia prende suspeito de tentativa de homicidio"},{"@type":"BreadcrumbList","@id":"https:\/\/nk7-testes.com.br\/agazeta\/suspeito-de-tentativa-de-homicidio-e-preso-em-rio-branco\/#breadcrumb","itemListElement":[{"@type":"ListItem","position":1,"name":"In\u00edcio","item":"https:\/\/nk7-testes.com.br\/agazeta\/"},{"@type":"ListItem","position":2,"name":"Suspeito de tentativa de homic\u00eddio \u00e9 preso em Rio Branco"}]},{"@type":"WebSite","@id":"https:\/\/nk7-testes.com.br\/agazeta\/#website","url":"https:\/\/nk7-testes.com.br\/agazeta\/","name":"Agazeta.net","description":"Agazeta.net - Not\u00edcias de Rio Branco\/AC","potentialAction":[{"@type":"SearchAction","target":{"@type":"EntryPoint","urlTemplate":"https:\/\/nk7-testes.com.br\/agazeta\/?s={search_term_string}"},"query-input":{"@type":"PropertyValueSpecification","valueRequired":true,"valueName":"search_term_string"}}],"inLanguage":"pt-BR"},{"@type":"Person","@id":"https:\/\/nk7-testes.com.br\/agazeta\/#\/schema\/person\/6d6e25cb0435eb4a02fd44d30b4e3020","name":"Agazeta.Net","url":"https:\/\/nk7-testes.com.br\/agazeta\/author\/agazeta\/"}]}},"_links":{"self":[{"href":"https:\/\/nk7-testes.com.br\/agazeta\/wp-json\/wp\/v2\/posts\/52250","targetHints":{"allow":["GET"]}}],"collection":[{"href":"https:\/\/nk7-testes.com.br\/agazeta\/wp-json\/wp\/v2\/posts"}],"about":[{"href":"https:\/\/nk7-testes.com.br\/agazeta\/wp-json\/wp\/v2\/types\/post"}],"author":[{"embeddable":true,"href":"https:\/\/nk7-testes.com.br\/agazeta\/wp-json\/wp\/v2\/users\/4"}],"replies":[{"embeddable":true,"href":"https:\/\/nk7-testes.com.br\/agazeta\/wp-json\/wp\/v2\/comments?post=52250"}],"version-history":[{"count":0,"href":"https:\/\/nk7-testes.com.br\/agazeta\/wp-json\/wp\/v2\/posts\/52250\/revisions"}],"wp:featuredmedia":[{"embeddable":true,"href":"https:\/\/nk7-testes.com.br\/agazeta\/wp-json\/wp\/v2\/media\/52249"}],"wp:attachment":[{"href":"https:\/\/nk7-testes.com.br\/agazeta\/wp-json\/wp\/v2\/media?parent=52250"}],"wp:term":[{"taxonomy":"category","embeddable":true,"href":"https:\/\/nk7-testes.com.br\/agazeta\/wp-json\/wp\/v2\/categories?post=52250"},{"taxonomy":"post_tag","embeddable":true,"href":"https:\/\/nk7-testes.com.br\/agazeta\/wp-json\/wp\/v2\/tags?post=52250"}],"curies":[{"name":"wp","href":"https:\/\/api.w.org\/{rel}","templated":true}]}}