{"id":52186,"date":"2021-01-08T12:09:31","date_gmt":"2021-01-08T12:09:31","guid":{"rendered":"https:\/\/abarevegan.com.br\/index.php\/2021\/01\/08\/seguranca-publica-se-reune-para-discutir-combate-a-criminalidade\/"},"modified":"2021-01-08T12:09:31","modified_gmt":"2021-01-08T12:09:31","slug":"seguranca-publica-se-reune-para-discutir-combate-a-criminalidade","status":"publish","type":"post","link":"https:\/\/nk7-testes.com.br\/agazeta\/seguranca-publica-se-reune-para-discutir-combate-a-criminalidade\/","title":{"rendered":"Seguran\u00e7a P\u00fablica se re\u00fane para discutir combate \u00e0 criminalidade"},"content":{"rendered":"<p style=\"text-align: justify;\">Plano tem dura\u00e7\u00e3o de 10 anos e revis\u00e3o a cada 24 meses<\/p>\n<p style=\"text-align: justify;\">Na manh\u00e3 desta quinta-feira (7), representantes de setores estrat\u00e9gicos do Sistema Integrado de Seguran\u00e7a P\u00fablica (Sisp), se reuniram no audit\u00f3rio da Dire\u00e7\u00e3o Geral de Pol\u00edcia Civil do Acre para tra\u00e7ar estrat\u00e9gias de combate \u00e0 criminalidade e an\u00e1lise das a\u00e7\u00f5es desenvolvidas pelas for\u00e7as de seguran\u00e7a do Estado j\u00e1 no in\u00edcio deste ano dentro do Plano Estadual de Seguran\u00e7a P\u00fablica e Defesa Social (PESPSD), que tem como principal objetivo tra\u00e7ar a\u00e7\u00f5es e metas para atua\u00e7\u00e3o das for\u00e7as de seguran\u00e7a do Acre.<\/p>\n<p style=\"text-align: justify;\">Durante o encontro o secret\u00e1rio-adjunto de Seguran\u00e7a P\u00fablica, Maur\u00edcio Pinheiro, fez explana\u00e7\u00e3o dos trabalhos desenvolvidos pelas for\u00e7as de seguran\u00e7a de forma integrada o que vem resultando no declive nos \u00edndices de criminalidade.<\/p>\n<p style=\"text-align: justify;\">\u201cPor meio da expertise das for\u00e7as policiais, entendemos que as a\u00e7\u00f5es preventivas s\u00e3o mais eficazes do que as repressivas, gerando uma maior sensa\u00e7\u00e3o de seguran\u00e7a \u00e0 sociedade e inibindo as a\u00e7\u00f5es criminosas que tiram vidas e dilapidam o patrim\u00f4nio das pessoas\u201d, disse Pinheiro.<\/p>\n<p style=\"text-align: justify;\">Representando a Pol\u00edcia Civil, o delegado Martin Hessel fez quest\u00e3o de ressaltar o fator positivo da integra\u00e7\u00e3o das for\u00e7as estaduais. \u201cEssa interlocu\u00e7\u00e3o entre as demais institui\u00e7\u00f5es \u00e9 primordial para alcan\u00e7ar as metas do plano, cabendo ao setor de intelig\u00eancia da Pol\u00edcia Civil, respaldado nas informa\u00e7\u00f5es e nos estudos anal\u00edticos subsidiar as a\u00e7\u00f5es operacionais\u201d.<\/p>\n<p style=\"text-align: justify;\">Utilizado de maneira estrat\u00e9gica e reunindo todas as for\u00e7as da seguran\u00e7a p\u00fablica, o Grupo Especial de Fronteira (Gefron) ir\u00e1 atuar conforme as diretrizes estabelecidas em locais mapeados pelo setor de intelig\u00eancia da Sejusp.<\/p>\n<p><img decoding=\"async\" class=\" size-full wp-image-52185\" src=\"https:\/\/nk7-testes.com.br\/wp-content\/uploads\/2021\/01\/08-01-21-reuniao-seguranca-publica.jpeg\" width=\"700\" height=\"525\" alt=\"08-01-21-reuniao-seguran\u00e7a-publica\" style=\"display: block; margin-left: auto; margin-right: auto;\" srcset=\"https:\/\/nk7-testes.com.br\/agazeta\/wp-content\/uploads\/2021\/01\/08-01-21-reuniao-seguranca-publica.jpeg 1032w, https:\/\/nk7-testes.com.br\/agazeta\/wp-content\/uploads\/2021\/01\/08-01-21-reuniao-seguranca-publica-300x225.jpeg 300w, https:\/\/nk7-testes.com.br\/agazeta\/wp-content\/uploads\/2021\/01\/08-01-21-reuniao-seguranca-publica-1024x768.jpeg 1024w, https:\/\/nk7-testes.com.br\/agazeta\/wp-content\/uploads\/2021\/01\/08-01-21-reuniao-seguranca-publica-768x576.jpeg 768w\" sizes=\"(max-width: 700px) 100vw, 700px\" \/><\/p>\n<p style=\"text-align: justify;\">Conforme o coronel Souza Filho, coordenador do grupamento, o Gefron est\u00e1 capacitado para agir 24 horas por dia e em qualquer lugar do Acre, se assim for solicitado, al\u00e9m de cumprir com o seu trabalho principal, que s\u00e3o os crimes transfronteiri\u00e7os.<\/p>\n<p style=\"text-align: justify;\">O plano, com dura\u00e7\u00e3o de 10 anos e revis\u00e3o a cada 24 meses, tem como objetivo a promo\u00e7\u00e3o da preserva\u00e7\u00e3o da ordem p\u00fablica, a prote\u00e7\u00e3o das pessoas e do patrim\u00f4nio, por meio de a\u00e7\u00e3o conjunta, coordenada, sist\u00eamica e integrada dos \u00f3rg\u00e3os de seguran\u00e7a p\u00fablica.<\/p>\n<p style=\"text-align: justify;\">Dispon\u00edvel para consulta p\u00fablica nas plataformas digitais do governo do Estado, na p\u00e1gina do Di\u00e1rio Oficial, o plano traz 17 propostas para dentro da identidade organizacional, que lista as principais a\u00e7\u00f5es a serem desenvolvidas pelas for\u00e7as de seguran\u00e7a do Acre ao longo dos pr\u00f3ximos dois anos.<\/p>\n<p style=\"text-align: justify;\">\n","protected":false},"excerpt":{"rendered":"<p style=\"text-align: justify;\">Plano tem dura\u00e7\u00e3o de 10 anos e revis\u00e3o a cada 24 meses<\/p>\n","protected":false},"author":4,"featured_media":52184,"comment_status":"open","ping_status":"open","sticky":false,"template":"","format":"standard","meta":{"jnews-multi-image_gallery":[],"jnews_single_post":[],"jnews_primary_category":[],"jnews_social_meta":[],"jnews_review":[],"enable_review":"","type":"","name":"","summary":"","brand":"","sku":"","good":[],"bad":[],"score_override":"","override_value":"","rating":[],"price":[],"footnotes":""},"categories":[44],"tags":[],"class_list":["post-52186","post","type-post","status-publish","format-standard","has-post-thumbnail","hentry","category-policia"],"yoast_head":"<!-- This site is optimized with the Yoast SEO plugin v26.5 - https:\/\/yoast.com\/wordpress\/plugins\/seo\/ -->\n<title>Seguran\u00e7a P\u00fablica se re\u00fane para discutir combate \u00e0 criminalidade - Agazeta.net<\/title>\n<meta name=\"robots\" content=\"index, follow, max-snippet:-1, max-image-preview:large, max-video-preview:-1\" \/>\n<link rel=\"canonical\" href=\"https:\/\/nk7-testes.com.br\/agazeta\/seguranca-publica-se-reune-para-discutir-combate-a-criminalidade\/\" \/>\n<meta property=\"og:locale\" content=\"pt_BR\" \/>\n<meta property=\"og:type\" content=\"article\" \/>\n<meta property=\"og:title\" content=\"Seguran\u00e7a P\u00fablica se re\u00fane para discutir combate \u00e0 criminalidade - Agazeta.net\" \/>\n<meta property=\"og:description\" content=\"Plano tem dura\u00e7\u00e3o de 10 anos e revis\u00e3o a cada 24 meses\" \/>\n<meta property=\"og:url\" content=\"https:\/\/nk7-testes.com.br\/agazeta\/seguranca-publica-se-reune-para-discutir-combate-a-criminalidade\/\" \/>\n<meta property=\"og:site_name\" content=\"Agazeta.net\" \/>\n<meta property=\"article:published_time\" content=\"2021-01-08T12:09:31+00:00\" \/>\n<meta property=\"og:image\" content=\"https:\/\/nk7-testes.com.br\/agazeta\/wp-content\/uploads\/2021\/01\/08-01-21-sejusp-reuniao-foto-de-capa.jpeg\" \/>\n\t<meta property=\"og:image:width\" content=\"458\" \/>\n\t<meta property=\"og:image:height\" content=\"340\" \/>\n\t<meta property=\"og:image:type\" content=\"image\/jpeg\" \/>\n<meta name=\"author\" content=\"Agazeta.Net\" \/>\n<meta name=\"twitter:card\" content=\"summary_large_image\" \/>\n<meta name=\"twitter:label1\" content=\"Escrito por\" \/>\n\t<meta name=\"twitter:data1\" content=\"Agazeta.Net\" \/>\n\t<meta name=\"twitter:label2\" content=\"Est. tempo de leitura\" \/>\n\t<meta name=\"twitter:data2\" content=\"2 minutos\" \/>\n<script type=\"application\/ld+json\" class=\"yoast-schema-graph\">{\"@context\":\"https:\/\/schema.org\",\"@graph\":[{\"@type\":\"WebPage\",\"@id\":\"https:\/\/nk7-testes.com.br\/agazeta\/seguranca-publica-se-reune-para-discutir-combate-a-criminalidade\/\",\"url\":\"https:\/\/nk7-testes.com.br\/agazeta\/seguranca-publica-se-reune-para-discutir-combate-a-criminalidade\/\",\"name\":\"Seguran\u00e7a P\u00fablica se re\u00fane para discutir combate \u00e0 criminalidade - Agazeta.net\",\"isPartOf\":{\"@id\":\"https:\/\/nk7-testes.com.br\/agazeta\/#website\"},\"primaryImageOfPage\":{\"@id\":\"https:\/\/nk7-testes.com.br\/agazeta\/seguranca-publica-se-reune-para-discutir-combate-a-criminalidade\/#primaryimage\"},\"image\":{\"@id\":\"https:\/\/nk7-testes.com.br\/agazeta\/seguranca-publica-se-reune-para-discutir-combate-a-criminalidade\/#primaryimage\"},\"thumbnailUrl\":\"https:\/\/nk7-testes.com.br\/agazeta\/wp-content\/uploads\/2021\/01\/08-01-21-sejusp-reuniao-foto-de-capa.jpeg\",\"datePublished\":\"2021-01-08T12:09:31+00:00\",\"author\":{\"@id\":\"https:\/\/nk7-testes.com.br\/agazeta\/#\/schema\/person\/6d6e25cb0435eb4a02fd44d30b4e3020\"},\"breadcrumb\":{\"@id\":\"https:\/\/nk7-testes.com.br\/agazeta\/seguranca-publica-se-reune-para-discutir-combate-a-criminalidade\/#breadcrumb\"},\"inLanguage\":\"pt-BR\",\"potentialAction\":[{\"@type\":\"ReadAction\",\"target\":[\"https:\/\/nk7-testes.com.br\/agazeta\/seguranca-publica-se-reune-para-discutir-combate-a-criminalidade\/\"]}]},{\"@type\":\"ImageObject\",\"inLanguage\":\"pt-BR\",\"@id\":\"https:\/\/nk7-testes.com.br\/agazeta\/seguranca-publica-se-reune-para-discutir-combate-a-criminalidade\/#primaryimage\",\"url\":\"https:\/\/nk7-testes.com.br\/agazeta\/wp-content\/uploads\/2021\/01\/08-01-21-sejusp-reuniao-foto-de-capa.jpeg\",\"contentUrl\":\"https:\/\/nk7-testes.com.br\/agazeta\/wp-content\/uploads\/2021\/01\/08-01-21-sejusp-reuniao-foto-de-capa.jpeg\",\"width\":458,\"height\":340,\"caption\":\"08-01-21-sejusp-reuniao-foto-de-capa\"},{\"@type\":\"BreadcrumbList\",\"@id\":\"https:\/\/nk7-testes.com.br\/agazeta\/seguranca-publica-se-reune-para-discutir-combate-a-criminalidade\/#breadcrumb\",\"itemListElement\":[{\"@type\":\"ListItem\",\"position\":1,\"name\":\"In\u00edcio\",\"item\":\"https:\/\/nk7-testes.com.br\/agazeta\/\"},{\"@type\":\"ListItem\",\"position\":2,\"name\":\"Seguran\u00e7a P\u00fablica se re\u00fane para discutir combate \u00e0 criminalidade\"}]},{\"@type\":\"WebSite\",\"@id\":\"https:\/\/nk7-testes.com.br\/agazeta\/#website\",\"url\":\"https:\/\/nk7-testes.com.br\/agazeta\/\",\"name\":\"Agazeta.net\",\"description\":\"Agazeta.net - Not\u00edcias de Rio Branco\/AC\",\"potentialAction\":[{\"@type\":\"SearchAction\",\"target\":{\"@type\":\"EntryPoint\",\"urlTemplate\":\"https:\/\/nk7-testes.com.br\/agazeta\/?s={search_term_string}\"},\"query-input\":{\"@type\":\"PropertyValueSpecification\",\"valueRequired\":true,\"valueName\":\"search_term_string\"}}],\"inLanguage\":\"pt-BR\"},{\"@type\":\"Person\",\"@id\":\"https:\/\/nk7-testes.com.br\/agazeta\/#\/schema\/person\/6d6e25cb0435eb4a02fd44d30b4e3020\",\"name\":\"Agazeta.Net\",\"url\":\"https:\/\/nk7-testes.com.br\/agazeta\/author\/agazeta\/\"}]}<\/script>\n<!-- \/ Yoast SEO plugin. -->","yoast_head_json":{"title":"Seguran\u00e7a P\u00fablica se re\u00fane para discutir combate \u00e0 criminalidade - Agazeta.net","robots":{"index":"index","follow":"follow","max-snippet":"max-snippet:-1","max-image-preview":"max-image-preview:large","max-video-preview":"max-video-preview:-1"},"canonical":"https:\/\/nk7-testes.com.br\/agazeta\/seguranca-publica-se-reune-para-discutir-combate-a-criminalidade\/","og_locale":"pt_BR","og_type":"article","og_title":"Seguran\u00e7a P\u00fablica se re\u00fane para discutir combate \u00e0 criminalidade - Agazeta.net","og_description":"Plano tem dura\u00e7\u00e3o de 10 anos e revis\u00e3o a cada 24 meses","og_url":"https:\/\/nk7-testes.com.br\/agazeta\/seguranca-publica-se-reune-para-discutir-combate-a-criminalidade\/","og_site_name":"Agazeta.net","article_published_time":"2021-01-08T12:09:31+00:00","og_image":[{"width":458,"height":340,"url":"https:\/\/nk7-testes.com.br\/agazeta\/wp-content\/uploads\/2021\/01\/08-01-21-sejusp-reuniao-foto-de-capa.jpeg","type":"image\/jpeg"}],"author":"Agazeta.Net","twitter_card":"summary_large_image","twitter_misc":{"Escrito por":"Agazeta.Net","Est. tempo de leitura":"2 minutos"},"schema":{"@context":"https:\/\/schema.org","@graph":[{"@type":"WebPage","@id":"https:\/\/nk7-testes.com.br\/agazeta\/seguranca-publica-se-reune-para-discutir-combate-a-criminalidade\/","url":"https:\/\/nk7-testes.com.br\/agazeta\/seguranca-publica-se-reune-para-discutir-combate-a-criminalidade\/","name":"Seguran\u00e7a P\u00fablica se re\u00fane para discutir combate \u00e0 criminalidade - Agazeta.net","isPartOf":{"@id":"https:\/\/nk7-testes.com.br\/agazeta\/#website"},"primaryImageOfPage":{"@id":"https:\/\/nk7-testes.com.br\/agazeta\/seguranca-publica-se-reune-para-discutir-combate-a-criminalidade\/#primaryimage"},"image":{"@id":"https:\/\/nk7-testes.com.br\/agazeta\/seguranca-publica-se-reune-para-discutir-combate-a-criminalidade\/#primaryimage"},"thumbnailUrl":"https:\/\/nk7-testes.com.br\/agazeta\/wp-content\/uploads\/2021\/01\/08-01-21-sejusp-reuniao-foto-de-capa.jpeg","datePublished":"2021-01-08T12:09:31+00:00","author":{"@id":"https:\/\/nk7-testes.com.br\/agazeta\/#\/schema\/person\/6d6e25cb0435eb4a02fd44d30b4e3020"},"breadcrumb":{"@id":"https:\/\/nk7-testes.com.br\/agazeta\/seguranca-publica-se-reune-para-discutir-combate-a-criminalidade\/#breadcrumb"},"inLanguage":"pt-BR","potentialAction":[{"@type":"ReadAction","target":["https:\/\/nk7-testes.com.br\/agazeta\/seguranca-publica-se-reune-para-discutir-combate-a-criminalidade\/"]}]},{"@type":"ImageObject","inLanguage":"pt-BR","@id":"https:\/\/nk7-testes.com.br\/agazeta\/seguranca-publica-se-reune-para-discutir-combate-a-criminalidade\/#primaryimage","url":"https:\/\/nk7-testes.com.br\/agazeta\/wp-content\/uploads\/2021\/01\/08-01-21-sejusp-reuniao-foto-de-capa.jpeg","contentUrl":"https:\/\/nk7-testes.com.br\/agazeta\/wp-content\/uploads\/2021\/01\/08-01-21-sejusp-reuniao-foto-de-capa.jpeg","width":458,"height":340,"caption":"08-01-21-sejusp-reuniao-foto-de-capa"},{"@type":"BreadcrumbList","@id":"https:\/\/nk7-testes.com.br\/agazeta\/seguranca-publica-se-reune-para-discutir-combate-a-criminalidade\/#breadcrumb","itemListElement":[{"@type":"ListItem","position":1,"name":"In\u00edcio","item":"https:\/\/nk7-testes.com.br\/agazeta\/"},{"@type":"ListItem","position":2,"name":"Seguran\u00e7a P\u00fablica se re\u00fane para discutir combate \u00e0 criminalidade"}]},{"@type":"WebSite","@id":"https:\/\/nk7-testes.com.br\/agazeta\/#website","url":"https:\/\/nk7-testes.com.br\/agazeta\/","name":"Agazeta.net","description":"Agazeta.net - Not\u00edcias de Rio Branco\/AC","potentialAction":[{"@type":"SearchAction","target":{"@type":"EntryPoint","urlTemplate":"https:\/\/nk7-testes.com.br\/agazeta\/?s={search_term_string}"},"query-input":{"@type":"PropertyValueSpecification","valueRequired":true,"valueName":"search_term_string"}}],"inLanguage":"pt-BR"},{"@type":"Person","@id":"https:\/\/nk7-testes.com.br\/agazeta\/#\/schema\/person\/6d6e25cb0435eb4a02fd44d30b4e3020","name":"Agazeta.Net","url":"https:\/\/nk7-testes.com.br\/agazeta\/author\/agazeta\/"}]}},"_links":{"self":[{"href":"https:\/\/nk7-testes.com.br\/agazeta\/wp-json\/wp\/v2\/posts\/52186","targetHints":{"allow":["GET"]}}],"collection":[{"href":"https:\/\/nk7-testes.com.br\/agazeta\/wp-json\/wp\/v2\/posts"}],"about":[{"href":"https:\/\/nk7-testes.com.br\/agazeta\/wp-json\/wp\/v2\/types\/post"}],"author":[{"embeddable":true,"href":"https:\/\/nk7-testes.com.br\/agazeta\/wp-json\/wp\/v2\/users\/4"}],"replies":[{"embeddable":true,"href":"https:\/\/nk7-testes.com.br\/agazeta\/wp-json\/wp\/v2\/comments?post=52186"}],"version-history":[{"count":0,"href":"https:\/\/nk7-testes.com.br\/agazeta\/wp-json\/wp\/v2\/posts\/52186\/revisions"}],"wp:featuredmedia":[{"embeddable":true,"href":"https:\/\/nk7-testes.com.br\/agazeta\/wp-json\/wp\/v2\/media\/52184"}],"wp:attachment":[{"href":"https:\/\/nk7-testes.com.br\/agazeta\/wp-json\/wp\/v2\/media?parent=52186"}],"wp:term":[{"taxonomy":"category","embeddable":true,"href":"https:\/\/nk7-testes.com.br\/agazeta\/wp-json\/wp\/v2\/categories?post=52186"},{"taxonomy":"post_tag","embeddable":true,"href":"https:\/\/nk7-testes.com.br\/agazeta\/wp-json\/wp\/v2\/tags?post=52186"}],"curies":[{"name":"wp","href":"https:\/\/api.w.org\/{rel}","templated":true}]}}