{"id":52164,"date":"2021-01-07T15:34:19","date_gmt":"2021-01-07T15:34:19","guid":{"rendered":"https:\/\/abarevegan.com.br\/index.php\/2021\/01\/07\/monitorado-e-morto-em-operacao-policial-na-baixada-da-sobral\/"},"modified":"2021-01-07T15:34:19","modified_gmt":"2021-01-07T15:34:19","slug":"monitorado-e-morto-em-operacao-policial-na-baixada-da-sobral","status":"publish","type":"post","link":"https:\/\/nk7-testes.com.br\/agazeta\/monitorado-e-morto-em-operacao-policial-na-baixada-da-sobral\/","title":{"rendered":"Monitorado \u00e9 morto em opera\u00e7\u00e3o policial na Baixada da Sobral"},"content":{"rendered":"<p style=\"text-align: justify;\">A\u00e7\u00e3o ocorreu conjunta entra a Pol\u00edcia Militar e Penal<\/p>\n<p style=\"text-align: justify;\">O reeducando monitorado por tornozeleira eletr\u00f4nica, Severino Ricardo de Lima, de 37 anos, foi morto a tiros na tarde desta quarta-feira (6), na Oito de Dezembro, no bairro Boa Uni\u00e3o, na regi\u00e3o da Baixada da Sobral, em Rio Branco.<\/p>\n<p style=\"text-align: justify;\">Segundo informa\u00e7\u00f5es da Pol\u00edcia Militar, Lima era uma das lideran\u00e7as de uma organiza\u00e7\u00e3o criminosa na Baixada da Sobral.<\/p>\n<p style=\"text-align: justify;\">A equipe policial foi acionada para realizar fiscaliza\u00e7\u00e3o em uma resid\u00eancia no bairro Boa Uni\u00e3o, onde foram informados que a casa seria utilizada como dep\u00f3sito de armas da organiza\u00e7\u00e3o.<\/p>\n<p style=\"text-align: justify;\">No local indicado foi encontrada uma escopeta calibre 12, de fabrica\u00e7\u00e3o caseira, no quintal da casa, bem como uma pistola 9 mil\u00edmetros, de fabrica\u00e7\u00e3o argentina, que teria sido usada por Severino no confronto com a pol\u00edcia.<\/p>\n<p style=\"text-align: justify;\">Dentro da resid\u00eancia foram encontrados: 60 trouxinhas de coca\u00edna; sete tabletes de maconha; carregador com quatro muni\u00e7\u00f5es intactas da pistola; e cinco cartuchos calibre 12.<\/p>\n<p style=\"text-align: justify;\">O Servi\u00e7o de Atendimento M\u00f3vel de Urg\u00eancia (Samu) ainda foi acionado para socorrer Severino, mas chegando \u00e0 casa s\u00f3 pode confirmar o \u00f3bito. A pol\u00edcia isolou o local para que populares e a imprensa n\u00e3o se aproximassem.<\/p>\n<p style=\"text-align: justify;\">A opera\u00e7\u00e3o envolveu a Pol\u00edcia Penal, do sistema de monitoramento eletr\u00f4nico, o grupo Rondas Ostensivas T\u00e1ticas Metropolitanas (Rotam) e o 1\u00b0 Batalh\u00e3o da Pol\u00edcia Militar.<\/p>\n<p style=\"text-align: justify;\">\n<p><img decoding=\"async\" class=\" size-full wp-image-52163\" src=\"https:\/\/nk7-testes.com.br\/wp-content\/uploads\/2021\/01\/07-01-21-policia-isolamento-local.png\" width=\"700\" height=\"471\" alt=\"07-01-21-policia-isolamento-local\" style=\"display: block; margin-left: auto; margin-right: auto;\" srcset=\"https:\/\/nk7-testes.com.br\/agazeta\/wp-content\/uploads\/2021\/01\/07-01-21-policia-isolamento-local.png 800w, https:\/\/nk7-testes.com.br\/agazeta\/wp-content\/uploads\/2021\/01\/07-01-21-policia-isolamento-local-300x202.png 300w, https:\/\/nk7-testes.com.br\/agazeta\/wp-content\/uploads\/2021\/01\/07-01-21-policia-isolamento-local-768x516.png 768w\" sizes=\"(max-width: 700px) 100vw, 700px\" \/><\/p>\n","protected":false},"excerpt":{"rendered":"<p style=\"text-align: justify;\">A\u00e7\u00e3o ocorreu conjunta entra a Pol\u00edcia Militar e Penal<\/p>\n","protected":false},"author":4,"featured_media":52162,"comment_status":"open","ping_status":"open","sticky":false,"template":"","format":"standard","meta":{"jnews-multi-image_gallery":[],"jnews_single_post":[],"jnews_primary_category":[],"jnews_social_meta":[],"jnews_review":[],"enable_review":"","type":"","name":"","summary":"","brand":"","sku":"","good":[],"bad":[],"score_override":"","override_value":"","rating":[],"price":[],"footnotes":""},"categories":[44],"tags":[],"class_list":["post-52164","post","type-post","status-publish","format-standard","has-post-thumbnail","hentry","category-policia"],"yoast_head":"<!-- This site is optimized with the Yoast SEO plugin v26.5 - https:\/\/yoast.com\/wordpress\/plugins\/seo\/ -->\n<title>Monitorado \u00e9 morto em opera\u00e7\u00e3o policial na Baixada da Sobral - Agazeta.net<\/title>\n<meta name=\"robots\" content=\"index, follow, max-snippet:-1, max-image-preview:large, max-video-preview:-1\" \/>\n<link rel=\"canonical\" href=\"https:\/\/nk7-testes.com.br\/agazeta\/monitorado-e-morto-em-operacao-policial-na-baixada-da-sobral\/\" \/>\n<meta property=\"og:locale\" content=\"pt_BR\" \/>\n<meta property=\"og:type\" content=\"article\" \/>\n<meta property=\"og:title\" content=\"Monitorado \u00e9 morto em opera\u00e7\u00e3o policial na Baixada da Sobral - Agazeta.net\" \/>\n<meta property=\"og:description\" content=\"A\u00e7\u00e3o ocorreu conjunta entra a Pol\u00edcia Militar e Penal\" \/>\n<meta property=\"og:url\" content=\"https:\/\/nk7-testes.com.br\/agazeta\/monitorado-e-morto-em-operacao-policial-na-baixada-da-sobral\/\" \/>\n<meta property=\"og:site_name\" content=\"Agazeta.net\" \/>\n<meta property=\"article:published_time\" content=\"2021-01-07T15:34:19+00:00\" \/>\n<meta property=\"og:image\" content=\"https:\/\/nk7-testes.com.br\/agazeta\/wp-content\/uploads\/2021\/01\/07-01-21-monitorado-morto-operacao-policial.png\" \/>\n\t<meta property=\"og:image:width\" content=\"458\" \/>\n\t<meta property=\"og:image:height\" content=\"340\" \/>\n\t<meta property=\"og:image:type\" content=\"image\/png\" \/>\n<meta name=\"author\" content=\"Agazeta.Net\" \/>\n<meta name=\"twitter:card\" content=\"summary_large_image\" \/>\n<meta name=\"twitter:label1\" content=\"Escrito por\" \/>\n\t<meta name=\"twitter:data1\" content=\"Agazeta.Net\" \/>\n\t<meta name=\"twitter:label2\" content=\"Est. tempo de leitura\" \/>\n\t<meta name=\"twitter:data2\" content=\"1 minuto\" \/>\n<script type=\"application\/ld+json\" class=\"yoast-schema-graph\">{\"@context\":\"https:\/\/schema.org\",\"@graph\":[{\"@type\":\"WebPage\",\"@id\":\"https:\/\/nk7-testes.com.br\/agazeta\/monitorado-e-morto-em-operacao-policial-na-baixada-da-sobral\/\",\"url\":\"https:\/\/nk7-testes.com.br\/agazeta\/monitorado-e-morto-em-operacao-policial-na-baixada-da-sobral\/\",\"name\":\"Monitorado \u00e9 morto em opera\u00e7\u00e3o policial na Baixada da Sobral - Agazeta.net\",\"isPartOf\":{\"@id\":\"https:\/\/nk7-testes.com.br\/agazeta\/#website\"},\"primaryImageOfPage\":{\"@id\":\"https:\/\/nk7-testes.com.br\/agazeta\/monitorado-e-morto-em-operacao-policial-na-baixada-da-sobral\/#primaryimage\"},\"image\":{\"@id\":\"https:\/\/nk7-testes.com.br\/agazeta\/monitorado-e-morto-em-operacao-policial-na-baixada-da-sobral\/#primaryimage\"},\"thumbnailUrl\":\"https:\/\/nk7-testes.com.br\/agazeta\/wp-content\/uploads\/2021\/01\/07-01-21-monitorado-morto-operacao-policial.png\",\"datePublished\":\"2021-01-07T15:34:19+00:00\",\"author\":{\"@id\":\"https:\/\/nk7-testes.com.br\/agazeta\/#\/schema\/person\/6d6e25cb0435eb4a02fd44d30b4e3020\"},\"breadcrumb\":{\"@id\":\"https:\/\/nk7-testes.com.br\/agazeta\/monitorado-e-morto-em-operacao-policial-na-baixada-da-sobral\/#breadcrumb\"},\"inLanguage\":\"pt-BR\",\"potentialAction\":[{\"@type\":\"ReadAction\",\"target\":[\"https:\/\/nk7-testes.com.br\/agazeta\/monitorado-e-morto-em-operacao-policial-na-baixada-da-sobral\/\"]}]},{\"@type\":\"ImageObject\",\"inLanguage\":\"pt-BR\",\"@id\":\"https:\/\/nk7-testes.com.br\/agazeta\/monitorado-e-morto-em-operacao-policial-na-baixada-da-sobral\/#primaryimage\",\"url\":\"https:\/\/nk7-testes.com.br\/agazeta\/wp-content\/uploads\/2021\/01\/07-01-21-monitorado-morto-operacao-policial.png\",\"contentUrl\":\"https:\/\/nk7-testes.com.br\/agazeta\/wp-content\/uploads\/2021\/01\/07-01-21-monitorado-morto-operacao-policial.png\",\"width\":458,\"height\":340,\"caption\":\"07-01-21-monitorado-morto-opera\u00e7\u00e3o-policial\"},{\"@type\":\"BreadcrumbList\",\"@id\":\"https:\/\/nk7-testes.com.br\/agazeta\/monitorado-e-morto-em-operacao-policial-na-baixada-da-sobral\/#breadcrumb\",\"itemListElement\":[{\"@type\":\"ListItem\",\"position\":1,\"name\":\"In\u00edcio\",\"item\":\"https:\/\/nk7-testes.com.br\/agazeta\/\"},{\"@type\":\"ListItem\",\"position\":2,\"name\":\"Monitorado \u00e9 morto em opera\u00e7\u00e3o policial na Baixada da Sobral\"}]},{\"@type\":\"WebSite\",\"@id\":\"https:\/\/nk7-testes.com.br\/agazeta\/#website\",\"url\":\"https:\/\/nk7-testes.com.br\/agazeta\/\",\"name\":\"Agazeta.net\",\"description\":\"Agazeta.net - Not\u00edcias de Rio Branco\/AC\",\"potentialAction\":[{\"@type\":\"SearchAction\",\"target\":{\"@type\":\"EntryPoint\",\"urlTemplate\":\"https:\/\/nk7-testes.com.br\/agazeta\/?s={search_term_string}\"},\"query-input\":{\"@type\":\"PropertyValueSpecification\",\"valueRequired\":true,\"valueName\":\"search_term_string\"}}],\"inLanguage\":\"pt-BR\"},{\"@type\":\"Person\",\"@id\":\"https:\/\/nk7-testes.com.br\/agazeta\/#\/schema\/person\/6d6e25cb0435eb4a02fd44d30b4e3020\",\"name\":\"Agazeta.Net\",\"url\":\"https:\/\/nk7-testes.com.br\/agazeta\/author\/agazeta\/\"}]}<\/script>\n<!-- \/ Yoast SEO plugin. -->","yoast_head_json":{"title":"Monitorado \u00e9 morto em opera\u00e7\u00e3o policial na Baixada da Sobral - Agazeta.net","robots":{"index":"index","follow":"follow","max-snippet":"max-snippet:-1","max-image-preview":"max-image-preview:large","max-video-preview":"max-video-preview:-1"},"canonical":"https:\/\/nk7-testes.com.br\/agazeta\/monitorado-e-morto-em-operacao-policial-na-baixada-da-sobral\/","og_locale":"pt_BR","og_type":"article","og_title":"Monitorado \u00e9 morto em opera\u00e7\u00e3o policial na Baixada da Sobral - Agazeta.net","og_description":"A\u00e7\u00e3o ocorreu conjunta entra a Pol\u00edcia Militar e Penal","og_url":"https:\/\/nk7-testes.com.br\/agazeta\/monitorado-e-morto-em-operacao-policial-na-baixada-da-sobral\/","og_site_name":"Agazeta.net","article_published_time":"2021-01-07T15:34:19+00:00","og_image":[{"width":458,"height":340,"url":"https:\/\/nk7-testes.com.br\/agazeta\/wp-content\/uploads\/2021\/01\/07-01-21-monitorado-morto-operacao-policial.png","type":"image\/png"}],"author":"Agazeta.Net","twitter_card":"summary_large_image","twitter_misc":{"Escrito por":"Agazeta.Net","Est. tempo de leitura":"1 minuto"},"schema":{"@context":"https:\/\/schema.org","@graph":[{"@type":"WebPage","@id":"https:\/\/nk7-testes.com.br\/agazeta\/monitorado-e-morto-em-operacao-policial-na-baixada-da-sobral\/","url":"https:\/\/nk7-testes.com.br\/agazeta\/monitorado-e-morto-em-operacao-policial-na-baixada-da-sobral\/","name":"Monitorado \u00e9 morto em opera\u00e7\u00e3o policial na Baixada da Sobral - Agazeta.net","isPartOf":{"@id":"https:\/\/nk7-testes.com.br\/agazeta\/#website"},"primaryImageOfPage":{"@id":"https:\/\/nk7-testes.com.br\/agazeta\/monitorado-e-morto-em-operacao-policial-na-baixada-da-sobral\/#primaryimage"},"image":{"@id":"https:\/\/nk7-testes.com.br\/agazeta\/monitorado-e-morto-em-operacao-policial-na-baixada-da-sobral\/#primaryimage"},"thumbnailUrl":"https:\/\/nk7-testes.com.br\/agazeta\/wp-content\/uploads\/2021\/01\/07-01-21-monitorado-morto-operacao-policial.png","datePublished":"2021-01-07T15:34:19+00:00","author":{"@id":"https:\/\/nk7-testes.com.br\/agazeta\/#\/schema\/person\/6d6e25cb0435eb4a02fd44d30b4e3020"},"breadcrumb":{"@id":"https:\/\/nk7-testes.com.br\/agazeta\/monitorado-e-morto-em-operacao-policial-na-baixada-da-sobral\/#breadcrumb"},"inLanguage":"pt-BR","potentialAction":[{"@type":"ReadAction","target":["https:\/\/nk7-testes.com.br\/agazeta\/monitorado-e-morto-em-operacao-policial-na-baixada-da-sobral\/"]}]},{"@type":"ImageObject","inLanguage":"pt-BR","@id":"https:\/\/nk7-testes.com.br\/agazeta\/monitorado-e-morto-em-operacao-policial-na-baixada-da-sobral\/#primaryimage","url":"https:\/\/nk7-testes.com.br\/agazeta\/wp-content\/uploads\/2021\/01\/07-01-21-monitorado-morto-operacao-policial.png","contentUrl":"https:\/\/nk7-testes.com.br\/agazeta\/wp-content\/uploads\/2021\/01\/07-01-21-monitorado-morto-operacao-policial.png","width":458,"height":340,"caption":"07-01-21-monitorado-morto-opera\u00e7\u00e3o-policial"},{"@type":"BreadcrumbList","@id":"https:\/\/nk7-testes.com.br\/agazeta\/monitorado-e-morto-em-operacao-policial-na-baixada-da-sobral\/#breadcrumb","itemListElement":[{"@type":"ListItem","position":1,"name":"In\u00edcio","item":"https:\/\/nk7-testes.com.br\/agazeta\/"},{"@type":"ListItem","position":2,"name":"Monitorado \u00e9 morto em opera\u00e7\u00e3o policial na Baixada da Sobral"}]},{"@type":"WebSite","@id":"https:\/\/nk7-testes.com.br\/agazeta\/#website","url":"https:\/\/nk7-testes.com.br\/agazeta\/","name":"Agazeta.net","description":"Agazeta.net - Not\u00edcias de Rio Branco\/AC","potentialAction":[{"@type":"SearchAction","target":{"@type":"EntryPoint","urlTemplate":"https:\/\/nk7-testes.com.br\/agazeta\/?s={search_term_string}"},"query-input":{"@type":"PropertyValueSpecification","valueRequired":true,"valueName":"search_term_string"}}],"inLanguage":"pt-BR"},{"@type":"Person","@id":"https:\/\/nk7-testes.com.br\/agazeta\/#\/schema\/person\/6d6e25cb0435eb4a02fd44d30b4e3020","name":"Agazeta.Net","url":"https:\/\/nk7-testes.com.br\/agazeta\/author\/agazeta\/"}]}},"_links":{"self":[{"href":"https:\/\/nk7-testes.com.br\/agazeta\/wp-json\/wp\/v2\/posts\/52164","targetHints":{"allow":["GET"]}}],"collection":[{"href":"https:\/\/nk7-testes.com.br\/agazeta\/wp-json\/wp\/v2\/posts"}],"about":[{"href":"https:\/\/nk7-testes.com.br\/agazeta\/wp-json\/wp\/v2\/types\/post"}],"author":[{"embeddable":true,"href":"https:\/\/nk7-testes.com.br\/agazeta\/wp-json\/wp\/v2\/users\/4"}],"replies":[{"embeddable":true,"href":"https:\/\/nk7-testes.com.br\/agazeta\/wp-json\/wp\/v2\/comments?post=52164"}],"version-history":[{"count":0,"href":"https:\/\/nk7-testes.com.br\/agazeta\/wp-json\/wp\/v2\/posts\/52164\/revisions"}],"wp:featuredmedia":[{"embeddable":true,"href":"https:\/\/nk7-testes.com.br\/agazeta\/wp-json\/wp\/v2\/media\/52162"}],"wp:attachment":[{"href":"https:\/\/nk7-testes.com.br\/agazeta\/wp-json\/wp\/v2\/media?parent=52164"}],"wp:term":[{"taxonomy":"category","embeddable":true,"href":"https:\/\/nk7-testes.com.br\/agazeta\/wp-json\/wp\/v2\/categories?post=52164"},{"taxonomy":"post_tag","embeddable":true,"href":"https:\/\/nk7-testes.com.br\/agazeta\/wp-json\/wp\/v2\/tags?post=52164"}],"curies":[{"name":"wp","href":"https:\/\/api.w.org\/{rel}","templated":true}]}}