{"id":52155,"date":"2021-01-07T12:28:48","date_gmt":"2021-01-07T12:28:48","guid":{"rendered":"https:\/\/abarevegan.com.br\/index.php\/2021\/01\/07\/novo-plano-de-fuga-e-frustrado-no-francisco-d-oliveira-conde\/"},"modified":"2021-01-07T12:28:48","modified_gmt":"2021-01-07T12:28:48","slug":"novo-plano-de-fuga-e-frustrado-no-francisco-d-oliveira-conde","status":"publish","type":"post","link":"https:\/\/nk7-testes.com.br\/agazeta\/novo-plano-de-fuga-e-frustrado-no-francisco-d-oliveira-conde\/","title":{"rendered":"Novo plano de fuga \u00e9 frustrado no Francisco d\u2019Oliveira Conde"},"content":{"rendered":"<p style=\"text-align: justify;\">Tentativa fracassada ocorreu nas celas 9 e 10 do pavilh\u00e3o K<\/p>\n<p style=\"text-align: justify;\">O Instituto de Administra\u00e7\u00e3o Penitenci\u00e1ria do Acre (Iapen\/AC) frustrou mais um plano de fuga nesta quarta-feira (6), na Unidade de Regime Fechado, tamb\u00e9m conhecida como Chap\u00e3o, do Complexo Penitenci\u00e1rio Francisco d\u2019Oliveira Conde, em Rio Branco.<\/p>\n<p style=\"text-align: justify;\">O fato aconteceu no pavilh\u00e3o K da unidade, onde os profissionais encontraram, dentro de uma das camas de alvenaria da cela 9, uma corda e uma escada produzidas com len\u00e7\u00f3is e, ainda, identificaram que a estrutura de ferro da ventila\u00e7\u00e3o lateral da cela 10 estava danificada.<\/p>\n<p style=\"text-align: justify;\">De acordo com a equipe de plant\u00e3o, havia a informa\u00e7\u00e3o de que detentos desse pavilh\u00e3o planejavam uma fuga em massa por meio de um buraco. Com isso os profissionais realizaram revista estrutural e identificaram que os presos da cela 9 haviam iniciado um buraco que dava acesso ao banho de sol.<\/p>\n<p style=\"text-align: justify;\">Dando prosseguimento \u00e0 revista, os policiais encontraram a corda e a escada artesanal em uma das camas de alvenaria da cela, e identificaram que a ventila\u00e7\u00e3o lateral da cela 10 estava quebrada. Ao revistar o local que d\u00e1 acesso \u00e0 laje do pavilh\u00e3o, um dos policiais identificou pegadas humanas.<\/p>\n<p style=\"text-align: justify;\">Diante dos fatos, os detentos foram realocados em outras celas e um procedimento administrativo ser\u00e1 aberto para apurar os fatos e a falta cometida por cada um eles.<\/p>\n<p style=\"text-align: justify;\">\n<p><img decoding=\"async\" class=\" size-full wp-image-52154\" src=\"https:\/\/nk7-testes.com.br\/wp-content\/uploads\/2021\/01\/07-01-21-tentativa-de-fuga-foc-foto-do-meio.jpeg\" width=\"400\" height=\"546\" alt=\"07-01-21-tentativa-de-fuga-foc-foto-do-meio\" style=\"display: block; margin-left: auto; margin-right: auto;\" srcset=\"https:\/\/nk7-testes.com.br\/agazeta\/wp-content\/uploads\/2021\/01\/07-01-21-tentativa-de-fuga-foc-foto-do-meio.jpeg 472w, https:\/\/nk7-testes.com.br\/agazeta\/wp-content\/uploads\/2021\/01\/07-01-21-tentativa-de-fuga-foc-foto-do-meio-220x300.jpeg 220w\" sizes=\"(max-width: 400px) 100vw, 400px\" \/><\/p>\n","protected":false},"excerpt":{"rendered":"<p style=\"text-align: justify;\">Tentativa fracassada ocorreu nas celas 9 e 10 do pavilh\u00e3o K<\/p>\n","protected":false},"author":4,"featured_media":52153,"comment_status":"open","ping_status":"open","sticky":false,"template":"","format":"standard","meta":{"jnews-multi-image_gallery":[],"jnews_single_post":[],"jnews_primary_category":[],"jnews_social_meta":[],"jnews_review":[],"enable_review":"","type":"","name":"","summary":"","brand":"","sku":"","good":[],"bad":[],"score_override":"","override_value":"","rating":[],"price":[],"footnotes":""},"categories":[44],"tags":[],"class_list":["post-52155","post","type-post","status-publish","format-standard","has-post-thumbnail","hentry","category-policia"],"yoast_head":"<!-- This site is optimized with the Yoast SEO plugin v26.5 - https:\/\/yoast.com\/wordpress\/plugins\/seo\/ -->\n<title>Novo plano de fuga \u00e9 frustrado no Francisco d\u2019Oliveira Conde - Agazeta.net<\/title>\n<meta name=\"robots\" content=\"index, follow, max-snippet:-1, max-image-preview:large, max-video-preview:-1\" \/>\n<link rel=\"canonical\" href=\"https:\/\/nk7-testes.com.br\/agazeta\/novo-plano-de-fuga-e-frustrado-no-francisco-d-oliveira-conde\/\" \/>\n<meta property=\"og:locale\" content=\"pt_BR\" \/>\n<meta property=\"og:type\" content=\"article\" \/>\n<meta property=\"og:title\" content=\"Novo plano de fuga \u00e9 frustrado no Francisco d\u2019Oliveira Conde - Agazeta.net\" \/>\n<meta property=\"og:description\" content=\"Tentativa fracassada ocorreu nas celas 9 e 10 do pavilh\u00e3o K\" \/>\n<meta property=\"og:url\" content=\"https:\/\/nk7-testes.com.br\/agazeta\/novo-plano-de-fuga-e-frustrado-no-francisco-d-oliveira-conde\/\" \/>\n<meta property=\"og:site_name\" content=\"Agazeta.net\" \/>\n<meta property=\"article:published_time\" content=\"2021-01-07T12:28:48+00:00\" \/>\n<meta property=\"og:image\" content=\"https:\/\/nk7-testes.com.br\/agazeta\/wp-content\/uploads\/2021\/01\/07-01-21-tentativa-de-fuga-foc.jpeg\" \/>\n\t<meta property=\"og:image:width\" content=\"458\" \/>\n\t<meta property=\"og:image:height\" content=\"340\" \/>\n\t<meta property=\"og:image:type\" content=\"image\/jpeg\" \/>\n<meta name=\"author\" content=\"Agazeta.Net\" \/>\n<meta name=\"twitter:card\" content=\"summary_large_image\" \/>\n<meta name=\"twitter:label1\" content=\"Escrito por\" \/>\n\t<meta name=\"twitter:data1\" content=\"Agazeta.Net\" \/>\n\t<meta name=\"twitter:label2\" content=\"Est. tempo de leitura\" \/>\n\t<meta name=\"twitter:data2\" content=\"1 minuto\" \/>\n<script type=\"application\/ld+json\" class=\"yoast-schema-graph\">{\"@context\":\"https:\/\/schema.org\",\"@graph\":[{\"@type\":\"WebPage\",\"@id\":\"https:\/\/nk7-testes.com.br\/agazeta\/novo-plano-de-fuga-e-frustrado-no-francisco-d-oliveira-conde\/\",\"url\":\"https:\/\/nk7-testes.com.br\/agazeta\/novo-plano-de-fuga-e-frustrado-no-francisco-d-oliveira-conde\/\",\"name\":\"Novo plano de fuga \u00e9 frustrado no Francisco d\u2019Oliveira Conde - Agazeta.net\",\"isPartOf\":{\"@id\":\"https:\/\/nk7-testes.com.br\/agazeta\/#website\"},\"primaryImageOfPage\":{\"@id\":\"https:\/\/nk7-testes.com.br\/agazeta\/novo-plano-de-fuga-e-frustrado-no-francisco-d-oliveira-conde\/#primaryimage\"},\"image\":{\"@id\":\"https:\/\/nk7-testes.com.br\/agazeta\/novo-plano-de-fuga-e-frustrado-no-francisco-d-oliveira-conde\/#primaryimage\"},\"thumbnailUrl\":\"https:\/\/nk7-testes.com.br\/agazeta\/wp-content\/uploads\/2021\/01\/07-01-21-tentativa-de-fuga-foc.jpeg\",\"datePublished\":\"2021-01-07T12:28:48+00:00\",\"author\":{\"@id\":\"https:\/\/nk7-testes.com.br\/agazeta\/#\/schema\/person\/6d6e25cb0435eb4a02fd44d30b4e3020\"},\"breadcrumb\":{\"@id\":\"https:\/\/nk7-testes.com.br\/agazeta\/novo-plano-de-fuga-e-frustrado-no-francisco-d-oliveira-conde\/#breadcrumb\"},\"inLanguage\":\"pt-BR\",\"potentialAction\":[{\"@type\":\"ReadAction\",\"target\":[\"https:\/\/nk7-testes.com.br\/agazeta\/novo-plano-de-fuga-e-frustrado-no-francisco-d-oliveira-conde\/\"]}]},{\"@type\":\"ImageObject\",\"inLanguage\":\"pt-BR\",\"@id\":\"https:\/\/nk7-testes.com.br\/agazeta\/novo-plano-de-fuga-e-frustrado-no-francisco-d-oliveira-conde\/#primaryimage\",\"url\":\"https:\/\/nk7-testes.com.br\/agazeta\/wp-content\/uploads\/2021\/01\/07-01-21-tentativa-de-fuga-foc.jpeg\",\"contentUrl\":\"https:\/\/nk7-testes.com.br\/agazeta\/wp-content\/uploads\/2021\/01\/07-01-21-tentativa-de-fuga-foc.jpeg\",\"width\":458,\"height\":340,\"caption\":\"07-01-21-tentativa-de-fuga-foc\"},{\"@type\":\"BreadcrumbList\",\"@id\":\"https:\/\/nk7-testes.com.br\/agazeta\/novo-plano-de-fuga-e-frustrado-no-francisco-d-oliveira-conde\/#breadcrumb\",\"itemListElement\":[{\"@type\":\"ListItem\",\"position\":1,\"name\":\"In\u00edcio\",\"item\":\"https:\/\/nk7-testes.com.br\/agazeta\/\"},{\"@type\":\"ListItem\",\"position\":2,\"name\":\"Novo plano de fuga \u00e9 frustrado no Francisco d\u2019Oliveira Conde\"}]},{\"@type\":\"WebSite\",\"@id\":\"https:\/\/nk7-testes.com.br\/agazeta\/#website\",\"url\":\"https:\/\/nk7-testes.com.br\/agazeta\/\",\"name\":\"Agazeta.net\",\"description\":\"Agazeta.net - Not\u00edcias de Rio Branco\/AC\",\"potentialAction\":[{\"@type\":\"SearchAction\",\"target\":{\"@type\":\"EntryPoint\",\"urlTemplate\":\"https:\/\/nk7-testes.com.br\/agazeta\/?s={search_term_string}\"},\"query-input\":{\"@type\":\"PropertyValueSpecification\",\"valueRequired\":true,\"valueName\":\"search_term_string\"}}],\"inLanguage\":\"pt-BR\"},{\"@type\":\"Person\",\"@id\":\"https:\/\/nk7-testes.com.br\/agazeta\/#\/schema\/person\/6d6e25cb0435eb4a02fd44d30b4e3020\",\"name\":\"Agazeta.Net\",\"url\":\"https:\/\/nk7-testes.com.br\/agazeta\/author\/agazeta\/\"}]}<\/script>\n<!-- \/ Yoast SEO plugin. -->","yoast_head_json":{"title":"Novo plano de fuga \u00e9 frustrado no Francisco d\u2019Oliveira Conde - Agazeta.net","robots":{"index":"index","follow":"follow","max-snippet":"max-snippet:-1","max-image-preview":"max-image-preview:large","max-video-preview":"max-video-preview:-1"},"canonical":"https:\/\/nk7-testes.com.br\/agazeta\/novo-plano-de-fuga-e-frustrado-no-francisco-d-oliveira-conde\/","og_locale":"pt_BR","og_type":"article","og_title":"Novo plano de fuga \u00e9 frustrado no Francisco d\u2019Oliveira Conde - Agazeta.net","og_description":"Tentativa fracassada ocorreu nas celas 9 e 10 do pavilh\u00e3o K","og_url":"https:\/\/nk7-testes.com.br\/agazeta\/novo-plano-de-fuga-e-frustrado-no-francisco-d-oliveira-conde\/","og_site_name":"Agazeta.net","article_published_time":"2021-01-07T12:28:48+00:00","og_image":[{"width":458,"height":340,"url":"https:\/\/nk7-testes.com.br\/agazeta\/wp-content\/uploads\/2021\/01\/07-01-21-tentativa-de-fuga-foc.jpeg","type":"image\/jpeg"}],"author":"Agazeta.Net","twitter_card":"summary_large_image","twitter_misc":{"Escrito por":"Agazeta.Net","Est. tempo de leitura":"1 minuto"},"schema":{"@context":"https:\/\/schema.org","@graph":[{"@type":"WebPage","@id":"https:\/\/nk7-testes.com.br\/agazeta\/novo-plano-de-fuga-e-frustrado-no-francisco-d-oliveira-conde\/","url":"https:\/\/nk7-testes.com.br\/agazeta\/novo-plano-de-fuga-e-frustrado-no-francisco-d-oliveira-conde\/","name":"Novo plano de fuga \u00e9 frustrado no Francisco d\u2019Oliveira Conde - Agazeta.net","isPartOf":{"@id":"https:\/\/nk7-testes.com.br\/agazeta\/#website"},"primaryImageOfPage":{"@id":"https:\/\/nk7-testes.com.br\/agazeta\/novo-plano-de-fuga-e-frustrado-no-francisco-d-oliveira-conde\/#primaryimage"},"image":{"@id":"https:\/\/nk7-testes.com.br\/agazeta\/novo-plano-de-fuga-e-frustrado-no-francisco-d-oliveira-conde\/#primaryimage"},"thumbnailUrl":"https:\/\/nk7-testes.com.br\/agazeta\/wp-content\/uploads\/2021\/01\/07-01-21-tentativa-de-fuga-foc.jpeg","datePublished":"2021-01-07T12:28:48+00:00","author":{"@id":"https:\/\/nk7-testes.com.br\/agazeta\/#\/schema\/person\/6d6e25cb0435eb4a02fd44d30b4e3020"},"breadcrumb":{"@id":"https:\/\/nk7-testes.com.br\/agazeta\/novo-plano-de-fuga-e-frustrado-no-francisco-d-oliveira-conde\/#breadcrumb"},"inLanguage":"pt-BR","potentialAction":[{"@type":"ReadAction","target":["https:\/\/nk7-testes.com.br\/agazeta\/novo-plano-de-fuga-e-frustrado-no-francisco-d-oliveira-conde\/"]}]},{"@type":"ImageObject","inLanguage":"pt-BR","@id":"https:\/\/nk7-testes.com.br\/agazeta\/novo-plano-de-fuga-e-frustrado-no-francisco-d-oliveira-conde\/#primaryimage","url":"https:\/\/nk7-testes.com.br\/agazeta\/wp-content\/uploads\/2021\/01\/07-01-21-tentativa-de-fuga-foc.jpeg","contentUrl":"https:\/\/nk7-testes.com.br\/agazeta\/wp-content\/uploads\/2021\/01\/07-01-21-tentativa-de-fuga-foc.jpeg","width":458,"height":340,"caption":"07-01-21-tentativa-de-fuga-foc"},{"@type":"BreadcrumbList","@id":"https:\/\/nk7-testes.com.br\/agazeta\/novo-plano-de-fuga-e-frustrado-no-francisco-d-oliveira-conde\/#breadcrumb","itemListElement":[{"@type":"ListItem","position":1,"name":"In\u00edcio","item":"https:\/\/nk7-testes.com.br\/agazeta\/"},{"@type":"ListItem","position":2,"name":"Novo plano de fuga \u00e9 frustrado no Francisco d\u2019Oliveira Conde"}]},{"@type":"WebSite","@id":"https:\/\/nk7-testes.com.br\/agazeta\/#website","url":"https:\/\/nk7-testes.com.br\/agazeta\/","name":"Agazeta.net","description":"Agazeta.net - Not\u00edcias de Rio Branco\/AC","potentialAction":[{"@type":"SearchAction","target":{"@type":"EntryPoint","urlTemplate":"https:\/\/nk7-testes.com.br\/agazeta\/?s={search_term_string}"},"query-input":{"@type":"PropertyValueSpecification","valueRequired":true,"valueName":"search_term_string"}}],"inLanguage":"pt-BR"},{"@type":"Person","@id":"https:\/\/nk7-testes.com.br\/agazeta\/#\/schema\/person\/6d6e25cb0435eb4a02fd44d30b4e3020","name":"Agazeta.Net","url":"https:\/\/nk7-testes.com.br\/agazeta\/author\/agazeta\/"}]}},"_links":{"self":[{"href":"https:\/\/nk7-testes.com.br\/agazeta\/wp-json\/wp\/v2\/posts\/52155","targetHints":{"allow":["GET"]}}],"collection":[{"href":"https:\/\/nk7-testes.com.br\/agazeta\/wp-json\/wp\/v2\/posts"}],"about":[{"href":"https:\/\/nk7-testes.com.br\/agazeta\/wp-json\/wp\/v2\/types\/post"}],"author":[{"embeddable":true,"href":"https:\/\/nk7-testes.com.br\/agazeta\/wp-json\/wp\/v2\/users\/4"}],"replies":[{"embeddable":true,"href":"https:\/\/nk7-testes.com.br\/agazeta\/wp-json\/wp\/v2\/comments?post=52155"}],"version-history":[{"count":0,"href":"https:\/\/nk7-testes.com.br\/agazeta\/wp-json\/wp\/v2\/posts\/52155\/revisions"}],"wp:featuredmedia":[{"embeddable":true,"href":"https:\/\/nk7-testes.com.br\/agazeta\/wp-json\/wp\/v2\/media\/52153"}],"wp:attachment":[{"href":"https:\/\/nk7-testes.com.br\/agazeta\/wp-json\/wp\/v2\/media?parent=52155"}],"wp:term":[{"taxonomy":"category","embeddable":true,"href":"https:\/\/nk7-testes.com.br\/agazeta\/wp-json\/wp\/v2\/categories?post=52155"},{"taxonomy":"post_tag","embeddable":true,"href":"https:\/\/nk7-testes.com.br\/agazeta\/wp-json\/wp\/v2\/tags?post=52155"}],"curies":[{"name":"wp","href":"https:\/\/api.w.org\/{rel}","templated":true}]}}