{"id":52105,"date":"2021-01-05T13:02:14","date_gmt":"2021-01-05T13:02:14","guid":{"rendered":"https:\/\/abarevegan.com.br\/index.php\/2021\/01\/05\/homem-e-preso-pela-pf-vendendo-materiais-arqueologicos-no-acre\/"},"modified":"2021-01-05T13:02:14","modified_gmt":"2021-01-05T13:02:14","slug":"homem-e-preso-pela-pf-vendendo-materiais-arqueologicos-no-acre","status":"publish","type":"post","link":"https:\/\/nk7-testes.com.br\/agazeta\/homem-e-preso-pela-pf-vendendo-materiais-arqueologicos-no-acre\/","title":{"rendered":"Homem \u00e9 preso pela PF vendendo materiais arqueol\u00f3gicos no Acre"},"content":{"rendered":"<p style=\"text-align: justify;\">Rel\u00edquias s\u00e3o provenientes da Europa h\u00e1 mais de 100 anos<\/p>\n<p style=\"text-align: justify;\">A Pol\u00edcia Federal deflagrou nesta ter\u00e7a feira (5), a <strong>Opera\u00e7\u00e3o Elona*<\/strong>, que investiga poss\u00edvel pr\u00e1tica dos crimes ambientais, tais como: alterar local especialmente protegido por lei, em raz\u00e3o de seu valor arqueol\u00f3gico, sem autoriza\u00e7\u00e3o da autoridade competente; e venda de materiais arqueol\u00f3gicos como pr\u00f3pria.<\/p>\n<p style=\"text-align: justify;\">Nesse sentido, as investiga\u00e7\u00f5es tiveram in\u00edcio a partir de not\u00edcia de crime informando a poss\u00edvel comercializa\u00e7\u00e3o de materiais arqueol\u00f3gicos na internet pela plataforma OLX e pela rede social Facebook.<\/p>\n<p style=\"text-align: justify;\">De acordo com a investiga\u00e7\u00e3o, o suspeito que se auto intitula \u201cca\u00e7ador de rel\u00edquias\u201d, retira do rio Acre, precisamente, na altura do estir\u00e3o da Gameleira, materiais arqueol\u00f3gicos, sem autoriza\u00e7\u00e3o para o ato.<\/p>\n<p style=\"text-align: justify;\">Segundo a divis\u00e3o t\u00e9cnica do Instituto do Patrim\u00f4nio Hist\u00f3rico e Art\u00edstico Nacional (Iphan), os objetos e rel\u00edquias seriam &#8220;garrafas de stoneware (Gr\u00e9s) do s\u00e9culo XIX, al\u00e9m de garrafas de vidro provenientes da Holanda, Irlanda, Inglaterra e Portugal, s\u00e3o garrafas de diversos tamanhos e tipologia, que foram trazidas para a regi\u00e3o na \u00e9poca da Revolu\u00e7\u00e3o Acreana e, sobretudo, durante os Ciclos da Borracha, possuindo, portanto mais de 100 anos e, consequentemente, um grande valor hist\u00f3rico&#8221;.<\/p>\n<p style=\"text-align: justify;\">Foram cumpridos mandados de busca e apreens\u00e3o em Rio Branco na resid\u00eancia do suspeito, onde foram localizados grande parte do material arqueol\u00f3gico sob investiga\u00e7\u00e3o. Foi realizada a pris\u00e3o em flagrante de um homem na posse das rel\u00edquias.<\/p>\n<p style=\"text-align: justify;\">Os materiais arqueol\u00f3gicos resgatados foram encaminhados ao Iphan, a qual far\u00e1 a destina\u00e7\u00e3o adequada para a conserva\u00e7\u00e3o das rel\u00edquias. De acordo com a Pol\u00edcia Federal, as investiga\u00e7\u00f5es continuar\u00e3o em andamento para identificar outros envolvidos no esquema de comercializa\u00e7\u00e3o ilegal de rel\u00edquias arqueol\u00f3gicas.<\/p>\n<p style=\"text-align: justify;\"><em><strong>*<\/strong>O nome da opera\u00e7\u00e3o faz refer\u00eancia a um mosteiro na Gr\u00e9cia, que em meados do s\u00e9culo XIX, ladr\u00f5es retiraram materiais arqueol\u00f3gicos e rel\u00edquias sagradas do mosteiro.<\/em><\/p>\n","protected":false},"excerpt":{"rendered":"<p style=\"text-align: justify;\">Rel\u00edquias s\u00e3o provenientes da Europa h\u00e1 mais de 100 anos<\/p>\n","protected":false},"author":4,"featured_media":52104,"comment_status":"open","ping_status":"open","sticky":false,"template":"","format":"standard","meta":{"jnews-multi-image_gallery":[],"jnews_single_post":[],"jnews_primary_category":[],"jnews_social_meta":[],"jnews_review":[],"enable_review":"","type":"","name":"","summary":"","brand":"","sku":"","good":[],"bad":[],"score_override":"","override_value":"","rating":[],"price":[],"footnotes":""},"categories":[44],"tags":[],"class_list":["post-52105","post","type-post","status-publish","format-standard","has-post-thumbnail","hentry","category-policia"],"yoast_head":"<!-- This site is optimized with the Yoast SEO plugin v26.5 - https:\/\/yoast.com\/wordpress\/plugins\/seo\/ -->\n<title>Homem \u00e9 preso pela PF vendendo materiais arqueol\u00f3gicos no Acre - Agazeta.net<\/title>\n<meta name=\"robots\" content=\"index, follow, max-snippet:-1, max-image-preview:large, max-video-preview:-1\" \/>\n<link rel=\"canonical\" href=\"https:\/\/nk7-testes.com.br\/agazeta\/homem-e-preso-pela-pf-vendendo-materiais-arqueologicos-no-acre\/\" \/>\n<meta property=\"og:locale\" content=\"pt_BR\" \/>\n<meta property=\"og:type\" content=\"article\" \/>\n<meta property=\"og:title\" content=\"Homem \u00e9 preso pela PF vendendo materiais arqueol\u00f3gicos no Acre - Agazeta.net\" \/>\n<meta property=\"og:description\" content=\"Rel\u00edquias s\u00e3o provenientes da Europa h\u00e1 mais de 100 anos\" \/>\n<meta property=\"og:url\" content=\"https:\/\/nk7-testes.com.br\/agazeta\/homem-e-preso-pela-pf-vendendo-materiais-arqueologicos-no-acre\/\" \/>\n<meta property=\"og:site_name\" content=\"Agazeta.net\" \/>\n<meta property=\"article:published_time\" content=\"2021-01-05T13:02:14+00:00\" \/>\n<meta property=\"og:image\" content=\"https:\/\/nk7-testes.com.br\/agazeta\/wp-content\/uploads\/2021\/01\/05-01-21-iphan-policia-federal-acre.jpeg\" \/>\n\t<meta property=\"og:image:width\" content=\"458\" \/>\n\t<meta property=\"og:image:height\" content=\"340\" \/>\n\t<meta property=\"og:image:type\" content=\"image\/jpeg\" \/>\n<meta name=\"author\" content=\"Agazeta.Net\" \/>\n<meta name=\"twitter:card\" content=\"summary_large_image\" \/>\n<meta name=\"twitter:label1\" content=\"Escrito por\" \/>\n\t<meta name=\"twitter:data1\" content=\"Agazeta.Net\" \/>\n\t<meta name=\"twitter:label2\" content=\"Est. tempo de leitura\" \/>\n\t<meta name=\"twitter:data2\" content=\"2 minutos\" \/>\n<script type=\"application\/ld+json\" class=\"yoast-schema-graph\">{\"@context\":\"https:\/\/schema.org\",\"@graph\":[{\"@type\":\"WebPage\",\"@id\":\"https:\/\/nk7-testes.com.br\/agazeta\/homem-e-preso-pela-pf-vendendo-materiais-arqueologicos-no-acre\/\",\"url\":\"https:\/\/nk7-testes.com.br\/agazeta\/homem-e-preso-pela-pf-vendendo-materiais-arqueologicos-no-acre\/\",\"name\":\"Homem \u00e9 preso pela PF vendendo materiais arqueol\u00f3gicos no Acre - Agazeta.net\",\"isPartOf\":{\"@id\":\"https:\/\/nk7-testes.com.br\/agazeta\/#website\"},\"primaryImageOfPage\":{\"@id\":\"https:\/\/nk7-testes.com.br\/agazeta\/homem-e-preso-pela-pf-vendendo-materiais-arqueologicos-no-acre\/#primaryimage\"},\"image\":{\"@id\":\"https:\/\/nk7-testes.com.br\/agazeta\/homem-e-preso-pela-pf-vendendo-materiais-arqueologicos-no-acre\/#primaryimage\"},\"thumbnailUrl\":\"https:\/\/nk7-testes.com.br\/agazeta\/wp-content\/uploads\/2021\/01\/05-01-21-iphan-policia-federal-acre.jpeg\",\"datePublished\":\"2021-01-05T13:02:14+00:00\",\"author\":{\"@id\":\"https:\/\/nk7-testes.com.br\/agazeta\/#\/schema\/person\/6d6e25cb0435eb4a02fd44d30b4e3020\"},\"breadcrumb\":{\"@id\":\"https:\/\/nk7-testes.com.br\/agazeta\/homem-e-preso-pela-pf-vendendo-materiais-arqueologicos-no-acre\/#breadcrumb\"},\"inLanguage\":\"pt-BR\",\"potentialAction\":[{\"@type\":\"ReadAction\",\"target\":[\"https:\/\/nk7-testes.com.br\/agazeta\/homem-e-preso-pela-pf-vendendo-materiais-arqueologicos-no-acre\/\"]}]},{\"@type\":\"ImageObject\",\"inLanguage\":\"pt-BR\",\"@id\":\"https:\/\/nk7-testes.com.br\/agazeta\/homem-e-preso-pela-pf-vendendo-materiais-arqueologicos-no-acre\/#primaryimage\",\"url\":\"https:\/\/nk7-testes.com.br\/agazeta\/wp-content\/uploads\/2021\/01\/05-01-21-iphan-policia-federal-acre.jpeg\",\"contentUrl\":\"https:\/\/nk7-testes.com.br\/agazeta\/wp-content\/uploads\/2021\/01\/05-01-21-iphan-policia-federal-acre.jpeg\",\"width\":458,\"height\":340,\"caption\":\"05-01-21-iphan-policia-federal-acre\"},{\"@type\":\"BreadcrumbList\",\"@id\":\"https:\/\/nk7-testes.com.br\/agazeta\/homem-e-preso-pela-pf-vendendo-materiais-arqueologicos-no-acre\/#breadcrumb\",\"itemListElement\":[{\"@type\":\"ListItem\",\"position\":1,\"name\":\"In\u00edcio\",\"item\":\"https:\/\/nk7-testes.com.br\/agazeta\/\"},{\"@type\":\"ListItem\",\"position\":2,\"name\":\"Homem \u00e9 preso pela PF vendendo materiais arqueol\u00f3gicos no Acre\"}]},{\"@type\":\"WebSite\",\"@id\":\"https:\/\/nk7-testes.com.br\/agazeta\/#website\",\"url\":\"https:\/\/nk7-testes.com.br\/agazeta\/\",\"name\":\"Agazeta.net\",\"description\":\"Agazeta.net - Not\u00edcias de Rio Branco\/AC\",\"potentialAction\":[{\"@type\":\"SearchAction\",\"target\":{\"@type\":\"EntryPoint\",\"urlTemplate\":\"https:\/\/nk7-testes.com.br\/agazeta\/?s={search_term_string}\"},\"query-input\":{\"@type\":\"PropertyValueSpecification\",\"valueRequired\":true,\"valueName\":\"search_term_string\"}}],\"inLanguage\":\"pt-BR\"},{\"@type\":\"Person\",\"@id\":\"https:\/\/nk7-testes.com.br\/agazeta\/#\/schema\/person\/6d6e25cb0435eb4a02fd44d30b4e3020\",\"name\":\"Agazeta.Net\",\"url\":\"https:\/\/nk7-testes.com.br\/agazeta\/author\/agazeta\/\"}]}<\/script>\n<!-- \/ Yoast SEO plugin. -->","yoast_head_json":{"title":"Homem \u00e9 preso pela PF vendendo materiais arqueol\u00f3gicos no Acre - Agazeta.net","robots":{"index":"index","follow":"follow","max-snippet":"max-snippet:-1","max-image-preview":"max-image-preview:large","max-video-preview":"max-video-preview:-1"},"canonical":"https:\/\/nk7-testes.com.br\/agazeta\/homem-e-preso-pela-pf-vendendo-materiais-arqueologicos-no-acre\/","og_locale":"pt_BR","og_type":"article","og_title":"Homem \u00e9 preso pela PF vendendo materiais arqueol\u00f3gicos no Acre - Agazeta.net","og_description":"Rel\u00edquias s\u00e3o provenientes da Europa h\u00e1 mais de 100 anos","og_url":"https:\/\/nk7-testes.com.br\/agazeta\/homem-e-preso-pela-pf-vendendo-materiais-arqueologicos-no-acre\/","og_site_name":"Agazeta.net","article_published_time":"2021-01-05T13:02:14+00:00","og_image":[{"width":458,"height":340,"url":"https:\/\/nk7-testes.com.br\/agazeta\/wp-content\/uploads\/2021\/01\/05-01-21-iphan-policia-federal-acre.jpeg","type":"image\/jpeg"}],"author":"Agazeta.Net","twitter_card":"summary_large_image","twitter_misc":{"Escrito por":"Agazeta.Net","Est. tempo de leitura":"2 minutos"},"schema":{"@context":"https:\/\/schema.org","@graph":[{"@type":"WebPage","@id":"https:\/\/nk7-testes.com.br\/agazeta\/homem-e-preso-pela-pf-vendendo-materiais-arqueologicos-no-acre\/","url":"https:\/\/nk7-testes.com.br\/agazeta\/homem-e-preso-pela-pf-vendendo-materiais-arqueologicos-no-acre\/","name":"Homem \u00e9 preso pela PF vendendo materiais arqueol\u00f3gicos no Acre - Agazeta.net","isPartOf":{"@id":"https:\/\/nk7-testes.com.br\/agazeta\/#website"},"primaryImageOfPage":{"@id":"https:\/\/nk7-testes.com.br\/agazeta\/homem-e-preso-pela-pf-vendendo-materiais-arqueologicos-no-acre\/#primaryimage"},"image":{"@id":"https:\/\/nk7-testes.com.br\/agazeta\/homem-e-preso-pela-pf-vendendo-materiais-arqueologicos-no-acre\/#primaryimage"},"thumbnailUrl":"https:\/\/nk7-testes.com.br\/agazeta\/wp-content\/uploads\/2021\/01\/05-01-21-iphan-policia-federal-acre.jpeg","datePublished":"2021-01-05T13:02:14+00:00","author":{"@id":"https:\/\/nk7-testes.com.br\/agazeta\/#\/schema\/person\/6d6e25cb0435eb4a02fd44d30b4e3020"},"breadcrumb":{"@id":"https:\/\/nk7-testes.com.br\/agazeta\/homem-e-preso-pela-pf-vendendo-materiais-arqueologicos-no-acre\/#breadcrumb"},"inLanguage":"pt-BR","potentialAction":[{"@type":"ReadAction","target":["https:\/\/nk7-testes.com.br\/agazeta\/homem-e-preso-pela-pf-vendendo-materiais-arqueologicos-no-acre\/"]}]},{"@type":"ImageObject","inLanguage":"pt-BR","@id":"https:\/\/nk7-testes.com.br\/agazeta\/homem-e-preso-pela-pf-vendendo-materiais-arqueologicos-no-acre\/#primaryimage","url":"https:\/\/nk7-testes.com.br\/agazeta\/wp-content\/uploads\/2021\/01\/05-01-21-iphan-policia-federal-acre.jpeg","contentUrl":"https:\/\/nk7-testes.com.br\/agazeta\/wp-content\/uploads\/2021\/01\/05-01-21-iphan-policia-federal-acre.jpeg","width":458,"height":340,"caption":"05-01-21-iphan-policia-federal-acre"},{"@type":"BreadcrumbList","@id":"https:\/\/nk7-testes.com.br\/agazeta\/homem-e-preso-pela-pf-vendendo-materiais-arqueologicos-no-acre\/#breadcrumb","itemListElement":[{"@type":"ListItem","position":1,"name":"In\u00edcio","item":"https:\/\/nk7-testes.com.br\/agazeta\/"},{"@type":"ListItem","position":2,"name":"Homem \u00e9 preso pela PF vendendo materiais arqueol\u00f3gicos no Acre"}]},{"@type":"WebSite","@id":"https:\/\/nk7-testes.com.br\/agazeta\/#website","url":"https:\/\/nk7-testes.com.br\/agazeta\/","name":"Agazeta.net","description":"Agazeta.net - Not\u00edcias de Rio Branco\/AC","potentialAction":[{"@type":"SearchAction","target":{"@type":"EntryPoint","urlTemplate":"https:\/\/nk7-testes.com.br\/agazeta\/?s={search_term_string}"},"query-input":{"@type":"PropertyValueSpecification","valueRequired":true,"valueName":"search_term_string"}}],"inLanguage":"pt-BR"},{"@type":"Person","@id":"https:\/\/nk7-testes.com.br\/agazeta\/#\/schema\/person\/6d6e25cb0435eb4a02fd44d30b4e3020","name":"Agazeta.Net","url":"https:\/\/nk7-testes.com.br\/agazeta\/author\/agazeta\/"}]}},"_links":{"self":[{"href":"https:\/\/nk7-testes.com.br\/agazeta\/wp-json\/wp\/v2\/posts\/52105","targetHints":{"allow":["GET"]}}],"collection":[{"href":"https:\/\/nk7-testes.com.br\/agazeta\/wp-json\/wp\/v2\/posts"}],"about":[{"href":"https:\/\/nk7-testes.com.br\/agazeta\/wp-json\/wp\/v2\/types\/post"}],"author":[{"embeddable":true,"href":"https:\/\/nk7-testes.com.br\/agazeta\/wp-json\/wp\/v2\/users\/4"}],"replies":[{"embeddable":true,"href":"https:\/\/nk7-testes.com.br\/agazeta\/wp-json\/wp\/v2\/comments?post=52105"}],"version-history":[{"count":0,"href":"https:\/\/nk7-testes.com.br\/agazeta\/wp-json\/wp\/v2\/posts\/52105\/revisions"}],"wp:featuredmedia":[{"embeddable":true,"href":"https:\/\/nk7-testes.com.br\/agazeta\/wp-json\/wp\/v2\/media\/52104"}],"wp:attachment":[{"href":"https:\/\/nk7-testes.com.br\/agazeta\/wp-json\/wp\/v2\/media?parent=52105"}],"wp:term":[{"taxonomy":"category","embeddable":true,"href":"https:\/\/nk7-testes.com.br\/agazeta\/wp-json\/wp\/v2\/categories?post=52105"},{"taxonomy":"post_tag","embeddable":true,"href":"https:\/\/nk7-testes.com.br\/agazeta\/wp-json\/wp\/v2\/tags?post=52105"}],"curies":[{"name":"wp","href":"https:\/\/api.w.org\/{rel}","templated":true}]}}