{"id":52062,"date":"2020-12-31T12:34:48","date_gmt":"2020-12-31T12:34:48","guid":{"rendered":"https:\/\/abarevegan.com.br\/index.php\/2020\/12\/31\/suspeito-de-participar-de-chacina-de-familia-boliviana-e-preso\/"},"modified":"2020-12-31T12:34:48","modified_gmt":"2020-12-31T12:34:48","slug":"suspeito-de-participar-de-chacina-de-familia-boliviana-e-preso","status":"publish","type":"post","link":"https:\/\/nk7-testes.com.br\/agazeta\/suspeito-de-participar-de-chacina-de-familia-boliviana-e-preso\/","title":{"rendered":"Suspeito de participar de chacina de fam\u00edlia boliviana \u00e9 preso"},"content":{"rendered":"<p style=\"text-align: justify;\">A\u00e7\u00e3o ocorreu conjunta pela Pol\u00edcia Militar e Civil<\/p>\n<p style=\"text-align: justify;\">Policiais militares do munic\u00edpio de Acrel\u00e2ndia prenderam na manh\u00e3 desta quarta-feira (30), um homem de 22 anos, suspeito de participar da chacina contra uma fam\u00edlia boliviana no m\u00eas de setembro deste ano, em Cobija.<\/p>\n<p style=\"text-align: justify;\">A guarni\u00e7\u00e3o recebeu informa\u00e7\u00f5es da Pol\u00edcia Civil que o suspeito de participar do estupro de uma jovem de 13 anos e tamb\u00e9m assassinar mais tr\u00eas familiares da v\u00edtima, em territ\u00f3rio boliviano, estaria na cidade de Acrel\u00e2ndia em uma motocicleta Titan de cor prata.<\/p>\n<p style=\"text-align: justify;\">Os policiais ficaram de prontid\u00e3o e intensificaram o patrulhamento at\u00e9 localizarem o suspeito. Em seguida, deram voz de parada, mas ele desobedeceu e tentou fugir. Houve persegui\u00e7\u00e3o e o ve\u00edculo acabou sendo interceptado.<\/p>\n<p style=\"text-align: justify;\">Aos militares, o suspeito informou um nome falso, por\u00e9m, posteriormente, com apoio de policiais civis, a identidade do homem foi confirmada e ele foi conduzido \u00e0 delegacia para serem tomadas todas as provid\u00eancias cab\u00edveis ao caso.<\/p>\n","protected":false},"excerpt":{"rendered":"<p style=\"text-align: justify;\">A\u00e7\u00e3o ocorreu conjunta pela Pol\u00edcia Militar e Civil<\/p>\n","protected":false},"author":4,"featured_media":51750,"comment_status":"open","ping_status":"open","sticky":false,"template":"","format":"standard","meta":{"jnews-multi-image_gallery":[],"jnews_single_post":[],"jnews_primary_category":[],"jnews_social_meta":[],"jnews_review":[],"enable_review":"","type":"","name":"","summary":"","brand":"","sku":"","good":[],"bad":[],"score_override":"","override_value":"","rating":[],"price":[],"footnotes":""},"categories":[44],"tags":[],"class_list":["post-52062","post","type-post","status-publish","format-standard","has-post-thumbnail","hentry","category-policia"],"yoast_head":"<!-- This site is optimized with the Yoast SEO plugin v26.5 - https:\/\/yoast.com\/wordpress\/plugins\/seo\/ -->\n<title>Suspeito de participar de chacina de fam\u00edlia boliviana \u00e9 preso - Agazeta.net<\/title>\n<meta name=\"robots\" content=\"index, follow, max-snippet:-1, max-image-preview:large, max-video-preview:-1\" \/>\n<link rel=\"canonical\" href=\"https:\/\/nk7-testes.com.br\/agazeta\/suspeito-de-participar-de-chacina-de-familia-boliviana-e-preso\/\" \/>\n<meta property=\"og:locale\" content=\"pt_BR\" \/>\n<meta property=\"og:type\" content=\"article\" \/>\n<meta property=\"og:title\" content=\"Suspeito de participar de chacina de fam\u00edlia boliviana \u00e9 preso - Agazeta.net\" \/>\n<meta property=\"og:description\" content=\"A\u00e7\u00e3o ocorreu conjunta pela Pol\u00edcia Militar e Civil\" \/>\n<meta property=\"og:url\" content=\"https:\/\/nk7-testes.com.br\/agazeta\/suspeito-de-participar-de-chacina-de-familia-boliviana-e-preso\/\" \/>\n<meta property=\"og:site_name\" content=\"Agazeta.net\" \/>\n<meta property=\"article:published_time\" content=\"2020-12-31T12:34:48+00:00\" \/>\n<meta property=\"og:image\" content=\"https:\/\/nk7-testes.com.br\/agazeta\/wp-content\/uploads\/2020\/12\/09-12-2020_Brasileiros-viram-reus-da-chacina-contra-familia-boliviana.png\" \/>\n\t<meta property=\"og:image:width\" content=\"458\" \/>\n\t<meta property=\"og:image:height\" content=\"340\" \/>\n\t<meta property=\"og:image:type\" content=\"image\/png\" \/>\n<meta name=\"author\" content=\"Agazeta.Net\" \/>\n<meta name=\"twitter:card\" content=\"summary_large_image\" \/>\n<meta name=\"twitter:label1\" content=\"Escrito por\" \/>\n\t<meta name=\"twitter:data1\" content=\"Agazeta.Net\" \/>\n\t<meta name=\"twitter:label2\" content=\"Est. tempo de leitura\" \/>\n\t<meta name=\"twitter:data2\" content=\"1 minuto\" \/>\n<script type=\"application\/ld+json\" class=\"yoast-schema-graph\">{\"@context\":\"https:\/\/schema.org\",\"@graph\":[{\"@type\":\"WebPage\",\"@id\":\"https:\/\/nk7-testes.com.br\/agazeta\/suspeito-de-participar-de-chacina-de-familia-boliviana-e-preso\/\",\"url\":\"https:\/\/nk7-testes.com.br\/agazeta\/suspeito-de-participar-de-chacina-de-familia-boliviana-e-preso\/\",\"name\":\"Suspeito de participar de chacina de fam\u00edlia boliviana \u00e9 preso - Agazeta.net\",\"isPartOf\":{\"@id\":\"https:\/\/nk7-testes.com.br\/agazeta\/#website\"},\"primaryImageOfPage\":{\"@id\":\"https:\/\/nk7-testes.com.br\/agazeta\/suspeito-de-participar-de-chacina-de-familia-boliviana-e-preso\/#primaryimage\"},\"image\":{\"@id\":\"https:\/\/nk7-testes.com.br\/agazeta\/suspeito-de-participar-de-chacina-de-familia-boliviana-e-preso\/#primaryimage\"},\"thumbnailUrl\":\"https:\/\/nk7-testes.com.br\/agazeta\/wp-content\/uploads\/2020\/12\/09-12-2020_Brasileiros-viram-reus-da-chacina-contra-familia-boliviana.png\",\"datePublished\":\"2020-12-31T12:34:48+00:00\",\"author\":{\"@id\":\"https:\/\/nk7-testes.com.br\/agazeta\/#\/schema\/person\/6d6e25cb0435eb4a02fd44d30b4e3020\"},\"breadcrumb\":{\"@id\":\"https:\/\/nk7-testes.com.br\/agazeta\/suspeito-de-participar-de-chacina-de-familia-boliviana-e-preso\/#breadcrumb\"},\"inLanguage\":\"pt-BR\",\"potentialAction\":[{\"@type\":\"ReadAction\",\"target\":[\"https:\/\/nk7-testes.com.br\/agazeta\/suspeito-de-participar-de-chacina-de-familia-boliviana-e-preso\/\"]}]},{\"@type\":\"ImageObject\",\"inLanguage\":\"pt-BR\",\"@id\":\"https:\/\/nk7-testes.com.br\/agazeta\/suspeito-de-participar-de-chacina-de-familia-boliviana-e-preso\/#primaryimage\",\"url\":\"https:\/\/nk7-testes.com.br\/agazeta\/wp-content\/uploads\/2020\/12\/09-12-2020_Brasileiros-viram-reus-da-chacina-contra-familia-boliviana.png\",\"contentUrl\":\"https:\/\/nk7-testes.com.br\/agazeta\/wp-content\/uploads\/2020\/12\/09-12-2020_Brasileiros-viram-reus-da-chacina-contra-familia-boliviana.png\",\"width\":458,\"height\":340,\"caption\":\"09-12-2020 Brasileiros-viram-r\u00e9us-da-chacina-contra-fam\u00edlia-boliviana\"},{\"@type\":\"BreadcrumbList\",\"@id\":\"https:\/\/nk7-testes.com.br\/agazeta\/suspeito-de-participar-de-chacina-de-familia-boliviana-e-preso\/#breadcrumb\",\"itemListElement\":[{\"@type\":\"ListItem\",\"position\":1,\"name\":\"In\u00edcio\",\"item\":\"https:\/\/nk7-testes.com.br\/agazeta\/\"},{\"@type\":\"ListItem\",\"position\":2,\"name\":\"Suspeito de participar de chacina de fam\u00edlia boliviana \u00e9 preso\"}]},{\"@type\":\"WebSite\",\"@id\":\"https:\/\/nk7-testes.com.br\/agazeta\/#website\",\"url\":\"https:\/\/nk7-testes.com.br\/agazeta\/\",\"name\":\"Agazeta.net\",\"description\":\"Agazeta.net - Not\u00edcias de Rio Branco\/AC\",\"potentialAction\":[{\"@type\":\"SearchAction\",\"target\":{\"@type\":\"EntryPoint\",\"urlTemplate\":\"https:\/\/nk7-testes.com.br\/agazeta\/?s={search_term_string}\"},\"query-input\":{\"@type\":\"PropertyValueSpecification\",\"valueRequired\":true,\"valueName\":\"search_term_string\"}}],\"inLanguage\":\"pt-BR\"},{\"@type\":\"Person\",\"@id\":\"https:\/\/nk7-testes.com.br\/agazeta\/#\/schema\/person\/6d6e25cb0435eb4a02fd44d30b4e3020\",\"name\":\"Agazeta.Net\",\"url\":\"https:\/\/nk7-testes.com.br\/agazeta\/author\/agazeta\/\"}]}<\/script>\n<!-- \/ Yoast SEO plugin. -->","yoast_head_json":{"title":"Suspeito de participar de chacina de fam\u00edlia boliviana \u00e9 preso - Agazeta.net","robots":{"index":"index","follow":"follow","max-snippet":"max-snippet:-1","max-image-preview":"max-image-preview:large","max-video-preview":"max-video-preview:-1"},"canonical":"https:\/\/nk7-testes.com.br\/agazeta\/suspeito-de-participar-de-chacina-de-familia-boliviana-e-preso\/","og_locale":"pt_BR","og_type":"article","og_title":"Suspeito de participar de chacina de fam\u00edlia boliviana \u00e9 preso - Agazeta.net","og_description":"A\u00e7\u00e3o ocorreu conjunta pela Pol\u00edcia Militar e Civil","og_url":"https:\/\/nk7-testes.com.br\/agazeta\/suspeito-de-participar-de-chacina-de-familia-boliviana-e-preso\/","og_site_name":"Agazeta.net","article_published_time":"2020-12-31T12:34:48+00:00","og_image":[{"width":458,"height":340,"url":"https:\/\/nk7-testes.com.br\/agazeta\/wp-content\/uploads\/2020\/12\/09-12-2020_Brasileiros-viram-reus-da-chacina-contra-familia-boliviana.png","type":"image\/png"}],"author":"Agazeta.Net","twitter_card":"summary_large_image","twitter_misc":{"Escrito por":"Agazeta.Net","Est. tempo de leitura":"1 minuto"},"schema":{"@context":"https:\/\/schema.org","@graph":[{"@type":"WebPage","@id":"https:\/\/nk7-testes.com.br\/agazeta\/suspeito-de-participar-de-chacina-de-familia-boliviana-e-preso\/","url":"https:\/\/nk7-testes.com.br\/agazeta\/suspeito-de-participar-de-chacina-de-familia-boliviana-e-preso\/","name":"Suspeito de participar de chacina de fam\u00edlia boliviana \u00e9 preso - Agazeta.net","isPartOf":{"@id":"https:\/\/nk7-testes.com.br\/agazeta\/#website"},"primaryImageOfPage":{"@id":"https:\/\/nk7-testes.com.br\/agazeta\/suspeito-de-participar-de-chacina-de-familia-boliviana-e-preso\/#primaryimage"},"image":{"@id":"https:\/\/nk7-testes.com.br\/agazeta\/suspeito-de-participar-de-chacina-de-familia-boliviana-e-preso\/#primaryimage"},"thumbnailUrl":"https:\/\/nk7-testes.com.br\/agazeta\/wp-content\/uploads\/2020\/12\/09-12-2020_Brasileiros-viram-reus-da-chacina-contra-familia-boliviana.png","datePublished":"2020-12-31T12:34:48+00:00","author":{"@id":"https:\/\/nk7-testes.com.br\/agazeta\/#\/schema\/person\/6d6e25cb0435eb4a02fd44d30b4e3020"},"breadcrumb":{"@id":"https:\/\/nk7-testes.com.br\/agazeta\/suspeito-de-participar-de-chacina-de-familia-boliviana-e-preso\/#breadcrumb"},"inLanguage":"pt-BR","potentialAction":[{"@type":"ReadAction","target":["https:\/\/nk7-testes.com.br\/agazeta\/suspeito-de-participar-de-chacina-de-familia-boliviana-e-preso\/"]}]},{"@type":"ImageObject","inLanguage":"pt-BR","@id":"https:\/\/nk7-testes.com.br\/agazeta\/suspeito-de-participar-de-chacina-de-familia-boliviana-e-preso\/#primaryimage","url":"https:\/\/nk7-testes.com.br\/agazeta\/wp-content\/uploads\/2020\/12\/09-12-2020_Brasileiros-viram-reus-da-chacina-contra-familia-boliviana.png","contentUrl":"https:\/\/nk7-testes.com.br\/agazeta\/wp-content\/uploads\/2020\/12\/09-12-2020_Brasileiros-viram-reus-da-chacina-contra-familia-boliviana.png","width":458,"height":340,"caption":"09-12-2020 Brasileiros-viram-r\u00e9us-da-chacina-contra-fam\u00edlia-boliviana"},{"@type":"BreadcrumbList","@id":"https:\/\/nk7-testes.com.br\/agazeta\/suspeito-de-participar-de-chacina-de-familia-boliviana-e-preso\/#breadcrumb","itemListElement":[{"@type":"ListItem","position":1,"name":"In\u00edcio","item":"https:\/\/nk7-testes.com.br\/agazeta\/"},{"@type":"ListItem","position":2,"name":"Suspeito de participar de chacina de fam\u00edlia boliviana \u00e9 preso"}]},{"@type":"WebSite","@id":"https:\/\/nk7-testes.com.br\/agazeta\/#website","url":"https:\/\/nk7-testes.com.br\/agazeta\/","name":"Agazeta.net","description":"Agazeta.net - Not\u00edcias de Rio Branco\/AC","potentialAction":[{"@type":"SearchAction","target":{"@type":"EntryPoint","urlTemplate":"https:\/\/nk7-testes.com.br\/agazeta\/?s={search_term_string}"},"query-input":{"@type":"PropertyValueSpecification","valueRequired":true,"valueName":"search_term_string"}}],"inLanguage":"pt-BR"},{"@type":"Person","@id":"https:\/\/nk7-testes.com.br\/agazeta\/#\/schema\/person\/6d6e25cb0435eb4a02fd44d30b4e3020","name":"Agazeta.Net","url":"https:\/\/nk7-testes.com.br\/agazeta\/author\/agazeta\/"}]}},"_links":{"self":[{"href":"https:\/\/nk7-testes.com.br\/agazeta\/wp-json\/wp\/v2\/posts\/52062","targetHints":{"allow":["GET"]}}],"collection":[{"href":"https:\/\/nk7-testes.com.br\/agazeta\/wp-json\/wp\/v2\/posts"}],"about":[{"href":"https:\/\/nk7-testes.com.br\/agazeta\/wp-json\/wp\/v2\/types\/post"}],"author":[{"embeddable":true,"href":"https:\/\/nk7-testes.com.br\/agazeta\/wp-json\/wp\/v2\/users\/4"}],"replies":[{"embeddable":true,"href":"https:\/\/nk7-testes.com.br\/agazeta\/wp-json\/wp\/v2\/comments?post=52062"}],"version-history":[{"count":0,"href":"https:\/\/nk7-testes.com.br\/agazeta\/wp-json\/wp\/v2\/posts\/52062\/revisions"}],"wp:featuredmedia":[{"embeddable":true,"href":"https:\/\/nk7-testes.com.br\/agazeta\/wp-json\/wp\/v2\/media\/51750"}],"wp:attachment":[{"href":"https:\/\/nk7-testes.com.br\/agazeta\/wp-json\/wp\/v2\/media?parent=52062"}],"wp:term":[{"taxonomy":"category","embeddable":true,"href":"https:\/\/nk7-testes.com.br\/agazeta\/wp-json\/wp\/v2\/categories?post=52062"},{"taxonomy":"post_tag","embeddable":true,"href":"https:\/\/nk7-testes.com.br\/agazeta\/wp-json\/wp\/v2\/tags?post=52062"}],"curies":[{"name":"wp","href":"https:\/\/api.w.org\/{rel}","templated":true}]}}