{"id":52050,"date":"2020-12-30T19:28:53","date_gmt":"2020-12-30T19:28:53","guid":{"rendered":"https:\/\/abarevegan.com.br\/index.php\/2020\/12\/30\/lixo-hospitalar-proveniente-da-covid-19-e-descartado-de-forma-irregular-no-bujari\/"},"modified":"2020-12-30T19:28:53","modified_gmt":"2020-12-30T19:28:53","slug":"lixo-hospitalar-proveniente-da-covid-19-e-descartado-de-forma-irregular-no-bujari","status":"publish","type":"post","link":"https:\/\/nk7-testes.com.br\/agazeta\/lixo-hospitalar-proveniente-da-covid-19-e-descartado-de-forma-irregular-no-bujari\/","title":{"rendered":"Lixo hospitalar \u00e9 descartado de forma irregular no Bujari"},"content":{"rendered":"<p style=\"text-align: justify;\"><span style=\"font-size: 13.2px;\">Batalh\u00e3o Ambiental recebeu den\u00fancia nesta quarta-feira<\/span><\/p>\n<p style=\"text-align: justify;\">No Bujari a unidade de sa\u00fade para atendimento exclusivo da Covid-19 foi denunciada a Pol\u00edcia Ambiental nesta quarta-feira (30) a respeito do descarte inadequado de lixo hospitalar e de medicamentos vencidos que estavam sendo mantidos de forma irregular no local.<\/p>\n<p style=\"text-align: justify;\">Dentro da unidade de sa\u00fade havia duas portas que estavam fechadas, uma delas n\u00e3o foi encontrada a chave e a outra foi preciso o Secret\u00e1rio de Municipal de Sa\u00fade ir ao local para abrir a porta. Devido \u00e0 quantidade de lixo dentro o secret\u00e1rio n\u00e3o conseguiu abrir toda a porta.<\/p>\n<p style=\"text-align: justify;\">Por ter lixo proveniente de atendimentos de casos da covid-19 a Pol\u00edcia Ambiental preferiu n\u00e3o entrar no espa\u00e7o e apenas tirou fotos do local. A sala fica localizada na Secret\u00e1ria Municipal de Sa\u00fade do Bujari, ao lado da Vigil\u00e2ncia Sanit\u00e1ria, todas dividindo o mesmo pr\u00e9dio.<\/p>\n<p style=\"text-align: justify;\">Segundo o secret\u00e1rio de Sa\u00fade h\u00e1 uma empresa que recolhe o lixo a cada tr\u00eas meses, e lugar onde o lixo est\u00e1 sendo descartado \u00e9 seguro. \u201cN\u00e3o posso dizer que est\u00e1 em um local inadequado porque \u00e9 uma sala fechada, onde nenhuma pessoa sem autoriza\u00e7\u00e3o tem acesso, ent\u00e3o n\u00e3o h\u00e1 um risco de contamina\u00e7\u00e3o\u201d declarou.<\/p>\n<p style=\"text-align: justify;\">A Pol\u00edcia Ambiental decidiu apenas por fazer um Boletim de Ocorr\u00eancias e afirmou que n\u00e3o foi encontrado nenhum tipo de irregularidade no lugar. Resta agora saber se o Minist\u00e9rio P\u00fablico ir\u00e1 entrar em a\u00e7\u00e3o na Unidade de Sa\u00fade.<\/p>\n","protected":false},"excerpt":{"rendered":"<p style=\"text-align: justify;\"><span style=\"font-size: 13.2px;\">Batalh\u00e3o Ambiental recebeu den\u00fancia nesta quarta-feira<\/span><\/p>\n","protected":false},"author":4,"featured_media":52049,"comment_status":"open","ping_status":"open","sticky":false,"template":"","format":"standard","meta":{"jnews-multi-image_gallery":[],"jnews_single_post":[],"jnews_primary_category":[],"jnews_social_meta":[],"jnews_review":[],"enable_review":"","type":"","name":"","summary":"","brand":"","sku":"","good":[],"bad":[],"score_override":"","override_value":"","rating":[],"price":[],"footnotes":""},"categories":[44],"tags":[],"class_list":["post-52050","post","type-post","status-publish","format-standard","has-post-thumbnail","hentry","category-policia"],"yoast_head":"<!-- This site is optimized with the Yoast SEO plugin v26.5 - https:\/\/yoast.com\/wordpress\/plugins\/seo\/ -->\n<title>Lixo hospitalar \u00e9 descartado de forma irregular no Bujari - Agazeta.net<\/title>\n<meta name=\"robots\" content=\"index, follow, max-snippet:-1, max-image-preview:large, max-video-preview:-1\" \/>\n<link rel=\"canonical\" href=\"https:\/\/nk7-testes.com.br\/agazeta\/lixo-hospitalar-proveniente-da-covid-19-e-descartado-de-forma-irregular-no-bujari\/\" \/>\n<meta property=\"og:locale\" content=\"pt_BR\" \/>\n<meta property=\"og:type\" content=\"article\" \/>\n<meta property=\"og:title\" content=\"Lixo hospitalar \u00e9 descartado de forma irregular no Bujari - Agazeta.net\" \/>\n<meta property=\"og:description\" content=\"Batalh\u00e3o Ambiental recebeu den\u00fancia nesta quarta-feira\" \/>\n<meta property=\"og:url\" content=\"https:\/\/nk7-testes.com.br\/agazeta\/lixo-hospitalar-proveniente-da-covid-19-e-descartado-de-forma-irregular-no-bujari\/\" \/>\n<meta property=\"og:site_name\" content=\"Agazeta.net\" \/>\n<meta property=\"article:published_time\" content=\"2020-12-30T19:28:53+00:00\" \/>\n<meta property=\"og:image\" content=\"https:\/\/nk7-testes.com.br\/agazeta\/wp-content\/uploads\/2020\/12\/30-12-2020_lixo-hospitalar-proveniente-da-covid-19-e-descartado-de-forma-irregular-no-Bujari.png\" \/>\n\t<meta property=\"og:image:width\" content=\"458\" \/>\n\t<meta property=\"og:image:height\" content=\"340\" \/>\n\t<meta property=\"og:image:type\" content=\"image\/png\" \/>\n<meta name=\"author\" content=\"Agazeta.Net\" \/>\n<meta name=\"twitter:card\" content=\"summary_large_image\" \/>\n<meta name=\"twitter:label1\" content=\"Escrito por\" \/>\n\t<meta name=\"twitter:data1\" content=\"Agazeta.Net\" \/>\n\t<meta name=\"twitter:label2\" content=\"Est. tempo de leitura\" \/>\n\t<meta name=\"twitter:data2\" content=\"1 minuto\" \/>\n<script type=\"application\/ld+json\" class=\"yoast-schema-graph\">{\"@context\":\"https:\/\/schema.org\",\"@graph\":[{\"@type\":\"WebPage\",\"@id\":\"https:\/\/nk7-testes.com.br\/agazeta\/lixo-hospitalar-proveniente-da-covid-19-e-descartado-de-forma-irregular-no-bujari\/\",\"url\":\"https:\/\/nk7-testes.com.br\/agazeta\/lixo-hospitalar-proveniente-da-covid-19-e-descartado-de-forma-irregular-no-bujari\/\",\"name\":\"Lixo hospitalar \u00e9 descartado de forma irregular no Bujari - Agazeta.net\",\"isPartOf\":{\"@id\":\"https:\/\/nk7-testes.com.br\/agazeta\/#website\"},\"primaryImageOfPage\":{\"@id\":\"https:\/\/nk7-testes.com.br\/agazeta\/lixo-hospitalar-proveniente-da-covid-19-e-descartado-de-forma-irregular-no-bujari\/#primaryimage\"},\"image\":{\"@id\":\"https:\/\/nk7-testes.com.br\/agazeta\/lixo-hospitalar-proveniente-da-covid-19-e-descartado-de-forma-irregular-no-bujari\/#primaryimage\"},\"thumbnailUrl\":\"https:\/\/nk7-testes.com.br\/agazeta\/wp-content\/uploads\/2020\/12\/30-12-2020_lixo-hospitalar-proveniente-da-covid-19-e-descartado-de-forma-irregular-no-Bujari.png\",\"datePublished\":\"2020-12-30T19:28:53+00:00\",\"author\":{\"@id\":\"https:\/\/nk7-testes.com.br\/agazeta\/#\/schema\/person\/6d6e25cb0435eb4a02fd44d30b4e3020\"},\"breadcrumb\":{\"@id\":\"https:\/\/nk7-testes.com.br\/agazeta\/lixo-hospitalar-proveniente-da-covid-19-e-descartado-de-forma-irregular-no-bujari\/#breadcrumb\"},\"inLanguage\":\"pt-BR\",\"potentialAction\":[{\"@type\":\"ReadAction\",\"target\":[\"https:\/\/nk7-testes.com.br\/agazeta\/lixo-hospitalar-proveniente-da-covid-19-e-descartado-de-forma-irregular-no-bujari\/\"]}]},{\"@type\":\"ImageObject\",\"inLanguage\":\"pt-BR\",\"@id\":\"https:\/\/nk7-testes.com.br\/agazeta\/lixo-hospitalar-proveniente-da-covid-19-e-descartado-de-forma-irregular-no-bujari\/#primaryimage\",\"url\":\"https:\/\/nk7-testes.com.br\/agazeta\/wp-content\/uploads\/2020\/12\/30-12-2020_lixo-hospitalar-proveniente-da-covid-19-e-descartado-de-forma-irregular-no-Bujari.png\",\"contentUrl\":\"https:\/\/nk7-testes.com.br\/agazeta\/wp-content\/uploads\/2020\/12\/30-12-2020_lixo-hospitalar-proveniente-da-covid-19-e-descartado-de-forma-irregular-no-Bujari.png\",\"width\":458,\"height\":340,\"caption\":\"30-12-2020 lixo-hospitalar-proveniente-da-covid-19-\u00e9-descartado-de-forma-irregular-no-Bujari\"},{\"@type\":\"BreadcrumbList\",\"@id\":\"https:\/\/nk7-testes.com.br\/agazeta\/lixo-hospitalar-proveniente-da-covid-19-e-descartado-de-forma-irregular-no-bujari\/#breadcrumb\",\"itemListElement\":[{\"@type\":\"ListItem\",\"position\":1,\"name\":\"In\u00edcio\",\"item\":\"https:\/\/nk7-testes.com.br\/agazeta\/\"},{\"@type\":\"ListItem\",\"position\":2,\"name\":\"Lixo hospitalar \u00e9 descartado de forma irregular no Bujari\"}]},{\"@type\":\"WebSite\",\"@id\":\"https:\/\/nk7-testes.com.br\/agazeta\/#website\",\"url\":\"https:\/\/nk7-testes.com.br\/agazeta\/\",\"name\":\"Agazeta.net\",\"description\":\"Agazeta.net - Not\u00edcias de Rio Branco\/AC\",\"potentialAction\":[{\"@type\":\"SearchAction\",\"target\":{\"@type\":\"EntryPoint\",\"urlTemplate\":\"https:\/\/nk7-testes.com.br\/agazeta\/?s={search_term_string}\"},\"query-input\":{\"@type\":\"PropertyValueSpecification\",\"valueRequired\":true,\"valueName\":\"search_term_string\"}}],\"inLanguage\":\"pt-BR\"},{\"@type\":\"Person\",\"@id\":\"https:\/\/nk7-testes.com.br\/agazeta\/#\/schema\/person\/6d6e25cb0435eb4a02fd44d30b4e3020\",\"name\":\"Agazeta.Net\",\"url\":\"https:\/\/nk7-testes.com.br\/agazeta\/author\/agazeta\/\"}]}<\/script>\n<!-- \/ Yoast SEO plugin. -->","yoast_head_json":{"title":"Lixo hospitalar \u00e9 descartado de forma irregular no Bujari - Agazeta.net","robots":{"index":"index","follow":"follow","max-snippet":"max-snippet:-1","max-image-preview":"max-image-preview:large","max-video-preview":"max-video-preview:-1"},"canonical":"https:\/\/nk7-testes.com.br\/agazeta\/lixo-hospitalar-proveniente-da-covid-19-e-descartado-de-forma-irregular-no-bujari\/","og_locale":"pt_BR","og_type":"article","og_title":"Lixo hospitalar \u00e9 descartado de forma irregular no Bujari - Agazeta.net","og_description":"Batalh\u00e3o Ambiental recebeu den\u00fancia nesta quarta-feira","og_url":"https:\/\/nk7-testes.com.br\/agazeta\/lixo-hospitalar-proveniente-da-covid-19-e-descartado-de-forma-irregular-no-bujari\/","og_site_name":"Agazeta.net","article_published_time":"2020-12-30T19:28:53+00:00","og_image":[{"width":458,"height":340,"url":"https:\/\/nk7-testes.com.br\/agazeta\/wp-content\/uploads\/2020\/12\/30-12-2020_lixo-hospitalar-proveniente-da-covid-19-e-descartado-de-forma-irregular-no-Bujari.png","type":"image\/png"}],"author":"Agazeta.Net","twitter_card":"summary_large_image","twitter_misc":{"Escrito por":"Agazeta.Net","Est. tempo de leitura":"1 minuto"},"schema":{"@context":"https:\/\/schema.org","@graph":[{"@type":"WebPage","@id":"https:\/\/nk7-testes.com.br\/agazeta\/lixo-hospitalar-proveniente-da-covid-19-e-descartado-de-forma-irregular-no-bujari\/","url":"https:\/\/nk7-testes.com.br\/agazeta\/lixo-hospitalar-proveniente-da-covid-19-e-descartado-de-forma-irregular-no-bujari\/","name":"Lixo hospitalar \u00e9 descartado de forma irregular no Bujari - Agazeta.net","isPartOf":{"@id":"https:\/\/nk7-testes.com.br\/agazeta\/#website"},"primaryImageOfPage":{"@id":"https:\/\/nk7-testes.com.br\/agazeta\/lixo-hospitalar-proveniente-da-covid-19-e-descartado-de-forma-irregular-no-bujari\/#primaryimage"},"image":{"@id":"https:\/\/nk7-testes.com.br\/agazeta\/lixo-hospitalar-proveniente-da-covid-19-e-descartado-de-forma-irregular-no-bujari\/#primaryimage"},"thumbnailUrl":"https:\/\/nk7-testes.com.br\/agazeta\/wp-content\/uploads\/2020\/12\/30-12-2020_lixo-hospitalar-proveniente-da-covid-19-e-descartado-de-forma-irregular-no-Bujari.png","datePublished":"2020-12-30T19:28:53+00:00","author":{"@id":"https:\/\/nk7-testes.com.br\/agazeta\/#\/schema\/person\/6d6e25cb0435eb4a02fd44d30b4e3020"},"breadcrumb":{"@id":"https:\/\/nk7-testes.com.br\/agazeta\/lixo-hospitalar-proveniente-da-covid-19-e-descartado-de-forma-irregular-no-bujari\/#breadcrumb"},"inLanguage":"pt-BR","potentialAction":[{"@type":"ReadAction","target":["https:\/\/nk7-testes.com.br\/agazeta\/lixo-hospitalar-proveniente-da-covid-19-e-descartado-de-forma-irregular-no-bujari\/"]}]},{"@type":"ImageObject","inLanguage":"pt-BR","@id":"https:\/\/nk7-testes.com.br\/agazeta\/lixo-hospitalar-proveniente-da-covid-19-e-descartado-de-forma-irregular-no-bujari\/#primaryimage","url":"https:\/\/nk7-testes.com.br\/agazeta\/wp-content\/uploads\/2020\/12\/30-12-2020_lixo-hospitalar-proveniente-da-covid-19-e-descartado-de-forma-irregular-no-Bujari.png","contentUrl":"https:\/\/nk7-testes.com.br\/agazeta\/wp-content\/uploads\/2020\/12\/30-12-2020_lixo-hospitalar-proveniente-da-covid-19-e-descartado-de-forma-irregular-no-Bujari.png","width":458,"height":340,"caption":"30-12-2020 lixo-hospitalar-proveniente-da-covid-19-\u00e9-descartado-de-forma-irregular-no-Bujari"},{"@type":"BreadcrumbList","@id":"https:\/\/nk7-testes.com.br\/agazeta\/lixo-hospitalar-proveniente-da-covid-19-e-descartado-de-forma-irregular-no-bujari\/#breadcrumb","itemListElement":[{"@type":"ListItem","position":1,"name":"In\u00edcio","item":"https:\/\/nk7-testes.com.br\/agazeta\/"},{"@type":"ListItem","position":2,"name":"Lixo hospitalar \u00e9 descartado de forma irregular no Bujari"}]},{"@type":"WebSite","@id":"https:\/\/nk7-testes.com.br\/agazeta\/#website","url":"https:\/\/nk7-testes.com.br\/agazeta\/","name":"Agazeta.net","description":"Agazeta.net - Not\u00edcias de Rio Branco\/AC","potentialAction":[{"@type":"SearchAction","target":{"@type":"EntryPoint","urlTemplate":"https:\/\/nk7-testes.com.br\/agazeta\/?s={search_term_string}"},"query-input":{"@type":"PropertyValueSpecification","valueRequired":true,"valueName":"search_term_string"}}],"inLanguage":"pt-BR"},{"@type":"Person","@id":"https:\/\/nk7-testes.com.br\/agazeta\/#\/schema\/person\/6d6e25cb0435eb4a02fd44d30b4e3020","name":"Agazeta.Net","url":"https:\/\/nk7-testes.com.br\/agazeta\/author\/agazeta\/"}]}},"_links":{"self":[{"href":"https:\/\/nk7-testes.com.br\/agazeta\/wp-json\/wp\/v2\/posts\/52050","targetHints":{"allow":["GET"]}}],"collection":[{"href":"https:\/\/nk7-testes.com.br\/agazeta\/wp-json\/wp\/v2\/posts"}],"about":[{"href":"https:\/\/nk7-testes.com.br\/agazeta\/wp-json\/wp\/v2\/types\/post"}],"author":[{"embeddable":true,"href":"https:\/\/nk7-testes.com.br\/agazeta\/wp-json\/wp\/v2\/users\/4"}],"replies":[{"embeddable":true,"href":"https:\/\/nk7-testes.com.br\/agazeta\/wp-json\/wp\/v2\/comments?post=52050"}],"version-history":[{"count":0,"href":"https:\/\/nk7-testes.com.br\/agazeta\/wp-json\/wp\/v2\/posts\/52050\/revisions"}],"wp:featuredmedia":[{"embeddable":true,"href":"https:\/\/nk7-testes.com.br\/agazeta\/wp-json\/wp\/v2\/media\/52049"}],"wp:attachment":[{"href":"https:\/\/nk7-testes.com.br\/agazeta\/wp-json\/wp\/v2\/media?parent=52050"}],"wp:term":[{"taxonomy":"category","embeddable":true,"href":"https:\/\/nk7-testes.com.br\/agazeta\/wp-json\/wp\/v2\/categories?post=52050"},{"taxonomy":"post_tag","embeddable":true,"href":"https:\/\/nk7-testes.com.br\/agazeta\/wp-json\/wp\/v2\/tags?post=52050"}],"curies":[{"name":"wp","href":"https:\/\/api.w.org\/{rel}","templated":true}]}}