{"id":52038,"date":"2020-12-30T13:17:25","date_gmt":"2020-12-30T13:17:25","guid":{"rendered":"https:\/\/abarevegan.com.br\/index.php\/2020\/12\/30\/homem-e-alvejado-com-tres-tiros-no-rosto-no-bairro-ivete-vargas\/"},"modified":"2020-12-30T13:17:25","modified_gmt":"2020-12-30T13:17:25","slug":"homem-e-alvejado-com-tres-tiros-no-rosto-no-bairro-ivete-vargas","status":"publish","type":"post","link":"https:\/\/nk7-testes.com.br\/agazeta\/homem-e-alvejado-com-tres-tiros-no-rosto-no-bairro-ivete-vargas\/","title":{"rendered":"Homem \u00e9 alvejado com tr\u00eas tiros no rosto no bairro Ivete Vargas"},"content":{"rendered":"<p style=\"text-align: justify;\">Estado de sa\u00fade da v\u00edtima \u00e9 considerado est\u00e1vel<\/p>\n<p style=\"text-align: justify;\">Uma nova tentativa de homic\u00eddio foi registrada na noite desta ter\u00e7a-feira (29), na rua 25 de Mar\u00e7o, bairro Ivete Vargas, em Rio Branco. Segundo informa\u00e7\u00f5es da Pol\u00edcia Militar, populares acionaram uma guarni\u00e7\u00e3o para atender uma ocorr\u00eancia de homic\u00eddio.<\/p>\n<p style=\"text-align: justify;\">No local foi informado que tr\u00eas homens em um ve\u00edculo vermelho se aproximaram de Geilson Santos Dutra, de 31 anos, momento em que um deles desceu do carro e efetuou oitos disparos em dire\u00e7\u00e3o \u00e0 v\u00edtima.<\/p>\n<p style=\"text-align: justify;\">Uma viatura de suporte avan\u00e7ado do Servi\u00e7o de Atendimento M\u00f3vel de Urg\u00eancia (Samu) foi acionada, e encaminhou Geilson Dutra ao Pronto-Socorro de Rio Brando.<\/p>\n<p style=\"text-align: justify;\">Segundo o m\u00e9dico Pedro Pascoal, que prestou os primeiros socorros \u00e0 v\u00edtima, os disparos atingiram regi\u00f5es do corpo que s\u00e3o bem vascularizadas &#8211; em que h\u00e1 muitos vasos sangu\u00edneos ou linf\u00e1ticos.<\/p>\n<p style=\"text-align: justify;\">\u201cO paciente perdeu bastante sangue porque os ferimentos, mesmo n\u00e3o atingindo \u00f3rg\u00e3os vitais, foram em \u00e1reas bastante vascularizadas. Foram pelo menos seis tiros, sendo tr\u00eas na face, um em cada membro superior e outro na perna esquerda\u201d, explicou Pascoal.<\/p>\n<p style=\"text-align: justify;\">At\u00e9 o fechamento da mat\u00e9ria nenhum suspeito havia sido preso ou identificado, e o estado de sa\u00fade da vitima \u00e9 considerado est\u00e1vel. O caso agora deve ser investigado pela Delegacia de Homic\u00eddios e Prote\u00e7\u00e3o \u00e0 Pessoa (DHPP), em Rio Branco.<\/p>\n","protected":false},"excerpt":{"rendered":"<p style=\"text-align: justify;\">Estado de sa\u00fade da v\u00edtima \u00e9 considerado est\u00e1vel<\/p>\n","protected":false},"author":4,"featured_media":52037,"comment_status":"open","ping_status":"open","sticky":false,"template":"","format":"standard","meta":{"jnews-multi-image_gallery":[],"jnews_single_post":[],"jnews_primary_category":[],"jnews_social_meta":[],"jnews_review":[],"enable_review":"","type":"","name":"","summary":"","brand":"","sku":"","good":[],"bad":[],"score_override":"","override_value":"","rating":[],"price":[],"footnotes":""},"categories":[44],"tags":[],"class_list":["post-52038","post","type-post","status-publish","format-standard","has-post-thumbnail","hentry","category-policia"],"yoast_head":"<!-- This site is optimized with the Yoast SEO plugin v26.5 - https:\/\/yoast.com\/wordpress\/plugins\/seo\/ -->\n<title>Homem \u00e9 alvejado com tr\u00eas tiros no rosto no bairro Ivete Vargas - Agazeta.net<\/title>\n<meta name=\"robots\" content=\"index, follow, max-snippet:-1, max-image-preview:large, max-video-preview:-1\" \/>\n<link rel=\"canonical\" href=\"https:\/\/nk7-testes.com.br\/agazeta\/homem-e-alvejado-com-tres-tiros-no-rosto-no-bairro-ivete-vargas\/\" \/>\n<meta property=\"og:locale\" content=\"pt_BR\" \/>\n<meta property=\"og:type\" content=\"article\" \/>\n<meta property=\"og:title\" content=\"Homem \u00e9 alvejado com tr\u00eas tiros no rosto no bairro Ivete Vargas - Agazeta.net\" \/>\n<meta property=\"og:description\" content=\"Estado de sa\u00fade da v\u00edtima \u00e9 considerado est\u00e1vel\" \/>\n<meta property=\"og:url\" content=\"https:\/\/nk7-testes.com.br\/agazeta\/homem-e-alvejado-com-tres-tiros-no-rosto-no-bairro-ivete-vargas\/\" \/>\n<meta property=\"og:site_name\" content=\"Agazeta.net\" \/>\n<meta property=\"article:published_time\" content=\"2020-12-30T13:17:25+00:00\" \/>\n<meta property=\"og:image\" content=\"https:\/\/nk7-testes.com.br\/agazeta\/wp-content\/uploads\/2020\/12\/30-12-20-tentativa-homicidio-ivete-vargas.jpg\" \/>\n\t<meta property=\"og:image:width\" content=\"458\" \/>\n\t<meta property=\"og:image:height\" content=\"340\" \/>\n\t<meta property=\"og:image:type\" content=\"image\/jpeg\" \/>\n<meta name=\"author\" content=\"Agazeta.Net\" \/>\n<meta name=\"twitter:card\" content=\"summary_large_image\" \/>\n<meta name=\"twitter:label1\" content=\"Escrito por\" \/>\n\t<meta name=\"twitter:data1\" content=\"Agazeta.Net\" \/>\n\t<meta name=\"twitter:label2\" content=\"Est. tempo de leitura\" \/>\n\t<meta name=\"twitter:data2\" content=\"1 minuto\" \/>\n<script type=\"application\/ld+json\" class=\"yoast-schema-graph\">{\"@context\":\"https:\/\/schema.org\",\"@graph\":[{\"@type\":\"WebPage\",\"@id\":\"https:\/\/nk7-testes.com.br\/agazeta\/homem-e-alvejado-com-tres-tiros-no-rosto-no-bairro-ivete-vargas\/\",\"url\":\"https:\/\/nk7-testes.com.br\/agazeta\/homem-e-alvejado-com-tres-tiros-no-rosto-no-bairro-ivete-vargas\/\",\"name\":\"Homem \u00e9 alvejado com tr\u00eas tiros no rosto no bairro Ivete Vargas - Agazeta.net\",\"isPartOf\":{\"@id\":\"https:\/\/nk7-testes.com.br\/agazeta\/#website\"},\"primaryImageOfPage\":{\"@id\":\"https:\/\/nk7-testes.com.br\/agazeta\/homem-e-alvejado-com-tres-tiros-no-rosto-no-bairro-ivete-vargas\/#primaryimage\"},\"image\":{\"@id\":\"https:\/\/nk7-testes.com.br\/agazeta\/homem-e-alvejado-com-tres-tiros-no-rosto-no-bairro-ivete-vargas\/#primaryimage\"},\"thumbnailUrl\":\"https:\/\/nk7-testes.com.br\/agazeta\/wp-content\/uploads\/2020\/12\/30-12-20-tentativa-homicidio-ivete-vargas.jpg\",\"datePublished\":\"2020-12-30T13:17:25+00:00\",\"author\":{\"@id\":\"https:\/\/nk7-testes.com.br\/agazeta\/#\/schema\/person\/6d6e25cb0435eb4a02fd44d30b4e3020\"},\"breadcrumb\":{\"@id\":\"https:\/\/nk7-testes.com.br\/agazeta\/homem-e-alvejado-com-tres-tiros-no-rosto-no-bairro-ivete-vargas\/#breadcrumb\"},\"inLanguage\":\"pt-BR\",\"potentialAction\":[{\"@type\":\"ReadAction\",\"target\":[\"https:\/\/nk7-testes.com.br\/agazeta\/homem-e-alvejado-com-tres-tiros-no-rosto-no-bairro-ivete-vargas\/\"]}]},{\"@type\":\"ImageObject\",\"inLanguage\":\"pt-BR\",\"@id\":\"https:\/\/nk7-testes.com.br\/agazeta\/homem-e-alvejado-com-tres-tiros-no-rosto-no-bairro-ivete-vargas\/#primaryimage\",\"url\":\"https:\/\/nk7-testes.com.br\/agazeta\/wp-content\/uploads\/2020\/12\/30-12-20-tentativa-homicidio-ivete-vargas.jpg\",\"contentUrl\":\"https:\/\/nk7-testes.com.br\/agazeta\/wp-content\/uploads\/2020\/12\/30-12-20-tentativa-homicidio-ivete-vargas.jpg\",\"width\":458,\"height\":340,\"caption\":\"30-12-20-tentativa-homicidio-ivete-vargas\"},{\"@type\":\"BreadcrumbList\",\"@id\":\"https:\/\/nk7-testes.com.br\/agazeta\/homem-e-alvejado-com-tres-tiros-no-rosto-no-bairro-ivete-vargas\/#breadcrumb\",\"itemListElement\":[{\"@type\":\"ListItem\",\"position\":1,\"name\":\"In\u00edcio\",\"item\":\"https:\/\/nk7-testes.com.br\/agazeta\/\"},{\"@type\":\"ListItem\",\"position\":2,\"name\":\"Homem \u00e9 alvejado com tr\u00eas tiros no rosto no bairro Ivete Vargas\"}]},{\"@type\":\"WebSite\",\"@id\":\"https:\/\/nk7-testes.com.br\/agazeta\/#website\",\"url\":\"https:\/\/nk7-testes.com.br\/agazeta\/\",\"name\":\"Agazeta.net\",\"description\":\"Agazeta.net - Not\u00edcias de Rio Branco\/AC\",\"potentialAction\":[{\"@type\":\"SearchAction\",\"target\":{\"@type\":\"EntryPoint\",\"urlTemplate\":\"https:\/\/nk7-testes.com.br\/agazeta\/?s={search_term_string}\"},\"query-input\":{\"@type\":\"PropertyValueSpecification\",\"valueRequired\":true,\"valueName\":\"search_term_string\"}}],\"inLanguage\":\"pt-BR\"},{\"@type\":\"Person\",\"@id\":\"https:\/\/nk7-testes.com.br\/agazeta\/#\/schema\/person\/6d6e25cb0435eb4a02fd44d30b4e3020\",\"name\":\"Agazeta.Net\",\"url\":\"https:\/\/nk7-testes.com.br\/agazeta\/author\/agazeta\/\"}]}<\/script>\n<!-- \/ Yoast SEO plugin. -->","yoast_head_json":{"title":"Homem \u00e9 alvejado com tr\u00eas tiros no rosto no bairro Ivete Vargas - Agazeta.net","robots":{"index":"index","follow":"follow","max-snippet":"max-snippet:-1","max-image-preview":"max-image-preview:large","max-video-preview":"max-video-preview:-1"},"canonical":"https:\/\/nk7-testes.com.br\/agazeta\/homem-e-alvejado-com-tres-tiros-no-rosto-no-bairro-ivete-vargas\/","og_locale":"pt_BR","og_type":"article","og_title":"Homem \u00e9 alvejado com tr\u00eas tiros no rosto no bairro Ivete Vargas - Agazeta.net","og_description":"Estado de sa\u00fade da v\u00edtima \u00e9 considerado est\u00e1vel","og_url":"https:\/\/nk7-testes.com.br\/agazeta\/homem-e-alvejado-com-tres-tiros-no-rosto-no-bairro-ivete-vargas\/","og_site_name":"Agazeta.net","article_published_time":"2020-12-30T13:17:25+00:00","og_image":[{"width":458,"height":340,"url":"https:\/\/nk7-testes.com.br\/agazeta\/wp-content\/uploads\/2020\/12\/30-12-20-tentativa-homicidio-ivete-vargas.jpg","type":"image\/jpeg"}],"author":"Agazeta.Net","twitter_card":"summary_large_image","twitter_misc":{"Escrito por":"Agazeta.Net","Est. tempo de leitura":"1 minuto"},"schema":{"@context":"https:\/\/schema.org","@graph":[{"@type":"WebPage","@id":"https:\/\/nk7-testes.com.br\/agazeta\/homem-e-alvejado-com-tres-tiros-no-rosto-no-bairro-ivete-vargas\/","url":"https:\/\/nk7-testes.com.br\/agazeta\/homem-e-alvejado-com-tres-tiros-no-rosto-no-bairro-ivete-vargas\/","name":"Homem \u00e9 alvejado com tr\u00eas tiros no rosto no bairro Ivete Vargas - Agazeta.net","isPartOf":{"@id":"https:\/\/nk7-testes.com.br\/agazeta\/#website"},"primaryImageOfPage":{"@id":"https:\/\/nk7-testes.com.br\/agazeta\/homem-e-alvejado-com-tres-tiros-no-rosto-no-bairro-ivete-vargas\/#primaryimage"},"image":{"@id":"https:\/\/nk7-testes.com.br\/agazeta\/homem-e-alvejado-com-tres-tiros-no-rosto-no-bairro-ivete-vargas\/#primaryimage"},"thumbnailUrl":"https:\/\/nk7-testes.com.br\/agazeta\/wp-content\/uploads\/2020\/12\/30-12-20-tentativa-homicidio-ivete-vargas.jpg","datePublished":"2020-12-30T13:17:25+00:00","author":{"@id":"https:\/\/nk7-testes.com.br\/agazeta\/#\/schema\/person\/6d6e25cb0435eb4a02fd44d30b4e3020"},"breadcrumb":{"@id":"https:\/\/nk7-testes.com.br\/agazeta\/homem-e-alvejado-com-tres-tiros-no-rosto-no-bairro-ivete-vargas\/#breadcrumb"},"inLanguage":"pt-BR","potentialAction":[{"@type":"ReadAction","target":["https:\/\/nk7-testes.com.br\/agazeta\/homem-e-alvejado-com-tres-tiros-no-rosto-no-bairro-ivete-vargas\/"]}]},{"@type":"ImageObject","inLanguage":"pt-BR","@id":"https:\/\/nk7-testes.com.br\/agazeta\/homem-e-alvejado-com-tres-tiros-no-rosto-no-bairro-ivete-vargas\/#primaryimage","url":"https:\/\/nk7-testes.com.br\/agazeta\/wp-content\/uploads\/2020\/12\/30-12-20-tentativa-homicidio-ivete-vargas.jpg","contentUrl":"https:\/\/nk7-testes.com.br\/agazeta\/wp-content\/uploads\/2020\/12\/30-12-20-tentativa-homicidio-ivete-vargas.jpg","width":458,"height":340,"caption":"30-12-20-tentativa-homicidio-ivete-vargas"},{"@type":"BreadcrumbList","@id":"https:\/\/nk7-testes.com.br\/agazeta\/homem-e-alvejado-com-tres-tiros-no-rosto-no-bairro-ivete-vargas\/#breadcrumb","itemListElement":[{"@type":"ListItem","position":1,"name":"In\u00edcio","item":"https:\/\/nk7-testes.com.br\/agazeta\/"},{"@type":"ListItem","position":2,"name":"Homem \u00e9 alvejado com tr\u00eas tiros no rosto no bairro Ivete Vargas"}]},{"@type":"WebSite","@id":"https:\/\/nk7-testes.com.br\/agazeta\/#website","url":"https:\/\/nk7-testes.com.br\/agazeta\/","name":"Agazeta.net","description":"Agazeta.net - Not\u00edcias de Rio Branco\/AC","potentialAction":[{"@type":"SearchAction","target":{"@type":"EntryPoint","urlTemplate":"https:\/\/nk7-testes.com.br\/agazeta\/?s={search_term_string}"},"query-input":{"@type":"PropertyValueSpecification","valueRequired":true,"valueName":"search_term_string"}}],"inLanguage":"pt-BR"},{"@type":"Person","@id":"https:\/\/nk7-testes.com.br\/agazeta\/#\/schema\/person\/6d6e25cb0435eb4a02fd44d30b4e3020","name":"Agazeta.Net","url":"https:\/\/nk7-testes.com.br\/agazeta\/author\/agazeta\/"}]}},"_links":{"self":[{"href":"https:\/\/nk7-testes.com.br\/agazeta\/wp-json\/wp\/v2\/posts\/52038","targetHints":{"allow":["GET"]}}],"collection":[{"href":"https:\/\/nk7-testes.com.br\/agazeta\/wp-json\/wp\/v2\/posts"}],"about":[{"href":"https:\/\/nk7-testes.com.br\/agazeta\/wp-json\/wp\/v2\/types\/post"}],"author":[{"embeddable":true,"href":"https:\/\/nk7-testes.com.br\/agazeta\/wp-json\/wp\/v2\/users\/4"}],"replies":[{"embeddable":true,"href":"https:\/\/nk7-testes.com.br\/agazeta\/wp-json\/wp\/v2\/comments?post=52038"}],"version-history":[{"count":0,"href":"https:\/\/nk7-testes.com.br\/agazeta\/wp-json\/wp\/v2\/posts\/52038\/revisions"}],"wp:featuredmedia":[{"embeddable":true,"href":"https:\/\/nk7-testes.com.br\/agazeta\/wp-json\/wp\/v2\/media\/52037"}],"wp:attachment":[{"href":"https:\/\/nk7-testes.com.br\/agazeta\/wp-json\/wp\/v2\/media?parent=52038"}],"wp:term":[{"taxonomy":"category","embeddable":true,"href":"https:\/\/nk7-testes.com.br\/agazeta\/wp-json\/wp\/v2\/categories?post=52038"},{"taxonomy":"post_tag","embeddable":true,"href":"https:\/\/nk7-testes.com.br\/agazeta\/wp-json\/wp\/v2\/tags?post=52038"}],"curies":[{"name":"wp","href":"https:\/\/api.w.org\/{rel}","templated":true}]}}