{"id":51833,"date":"2020-12-15T16:00:09","date_gmt":"2020-12-15T16:00:09","guid":{"rendered":"https:\/\/abarevegan.com.br\/index.php\/2020\/12\/15\/tjac-mantem-prisao-de-policial-penal-suspeito-de-matar-picolezeiro\/"},"modified":"2020-12-15T16:00:09","modified_gmt":"2020-12-15T16:00:09","slug":"tjac-mantem-prisao-de-policial-penal-suspeito-de-matar-picolezeiro","status":"publish","type":"post","link":"https:\/\/nk7-testes.com.br\/agazeta\/tjac-mantem-prisao-de-policial-penal-suspeito-de-matar-picolezeiro\/","title":{"rendered":"TJAC mant\u00e9m pris\u00e3o de policial penal suspeito de matar picolezeiro"},"content":{"rendered":"<p style=\"text-align: justify;\">Processo foi distribu\u00eddo para a 2\u00aa Vara do Tribunal do J\u00fari<\/p>\n<p style=\"text-align: justify;\">O policial penal Alessandro Rosas Lopes teve a pris\u00e3o preventiva decretada pelo juiz plantonista da audi\u00eancia de cust\u00f3dia deste domingo (13).<\/p>\n<p style=\"text-align: justify;\">Preso em flagrante no \u00faltimo s\u00e1bado (12), ap\u00f3s matar o vendedor de picol\u00e9s, Gilcimar Silva Honorato, o agente agora vai responder processo na 2\u00aa Vara do Tribunal do J\u00fari por homic\u00eddio simples.<\/p>\n<p style=\"text-align: justify;\">Honorato foi atingido com dois disparos de arma de fogo e chegou a ser socorrido por uma ambul\u00e2ncia do Servi\u00e7o de Atendimento M\u00f3vel de Urg\u00eancia (Samu), mas morreu no Pronto-Socorro de Rio Branco ap\u00f3s ter uma parada cardiorrespirat\u00f3ria.<\/p>\n<p style=\"text-align: justify;\"><strong>Entenda o caso<\/strong><\/p>\n<p style=\"text-align: justify;\">Segundo testemunhas, o policial penal entrou no bar e foi abordado por outro homem que j\u00e1 estava no local. N\u00e3o gostando da situa\u00e7\u00e3o, Rosas teria iniciado uma briga, quando o picolezeiro tentou argumentar e apaziguar a situa\u00e7\u00e3o.<\/p>\n<p style=\"text-align: justify;\">O policial ent\u00e3o foi at\u00e9 seu ve\u00edculo, do outro lado da rua, sacou a arma e efetuou dois disparos contra Gilcimar Honorato. A v\u00edtima ainda tentou fugir, mas acabou caindo no meio da rua ap\u00f3s ser alvejado.<\/p>\n<p style=\"text-align: justify;\">Ap\u00f3s os disparos, Alessandro Lopes teria sa\u00eddo do local em seu carro, mas populares que estavam no momento anotaram a placa do ve\u00edculo e repassaram para a Pol\u00edcia Militar. Em casa, o policial penal ainda ficou junto com um grupo de amigos.<\/p>\n","protected":false},"excerpt":{"rendered":"<p style=\"text-align: justify;\">Processo foi distribu\u00eddo para a 2\u00aa Vara do Tribunal do J\u00fari<\/p>\n","protected":false},"author":4,"featured_media":51803,"comment_status":"open","ping_status":"open","sticky":false,"template":"","format":"standard","meta":{"jnews-multi-image_gallery":[],"jnews_single_post":[],"jnews_primary_category":[],"jnews_social_meta":[],"jnews_review":[],"enable_review":"","type":"","name":"","summary":"","brand":"","sku":"","good":[],"bad":[],"score_override":"","override_value":"","rating":[],"price":[],"footnotes":""},"categories":[44],"tags":[],"class_list":["post-51833","post","type-post","status-publish","format-standard","has-post-thumbnail","hentry","category-policia"],"yoast_head":"<!-- This site is optimized with the Yoast SEO plugin v26.5 - https:\/\/yoast.com\/wordpress\/plugins\/seo\/ -->\n<title>TJAC mant\u00e9m pris\u00e3o de policial penal suspeito de matar picolezeiro - Agazeta.net<\/title>\n<meta name=\"robots\" content=\"index, follow, max-snippet:-1, max-image-preview:large, max-video-preview:-1\" \/>\n<link rel=\"canonical\" href=\"https:\/\/nk7-testes.com.br\/agazeta\/tjac-mantem-prisao-de-policial-penal-suspeito-de-matar-picolezeiro\/\" \/>\n<meta property=\"og:locale\" content=\"pt_BR\" \/>\n<meta property=\"og:type\" content=\"article\" \/>\n<meta property=\"og:title\" content=\"TJAC mant\u00e9m pris\u00e3o de policial penal suspeito de matar picolezeiro - Agazeta.net\" \/>\n<meta property=\"og:description\" content=\"Processo foi distribu\u00eddo para a 2\u00aa Vara do Tribunal do J\u00fari\" \/>\n<meta property=\"og:url\" content=\"https:\/\/nk7-testes.com.br\/agazeta\/tjac-mantem-prisao-de-policial-penal-suspeito-de-matar-picolezeiro\/\" \/>\n<meta property=\"og:site_name\" content=\"Agazeta.net\" \/>\n<meta property=\"article:published_time\" content=\"2020-12-15T16:00:09+00:00\" \/>\n<meta property=\"og:image\" content=\"https:\/\/nk7-testes.com.br\/agazeta\/wp-content\/uploads\/2020\/12\/14-12-20-policial-penal-suspeito-de-matar-picolezeiro-em-rio-branco.jpeg\" \/>\n\t<meta property=\"og:image:width\" content=\"458\" \/>\n\t<meta property=\"og:image:height\" content=\"340\" \/>\n\t<meta property=\"og:image:type\" content=\"image\/jpeg\" \/>\n<meta name=\"author\" content=\"Agazeta.Net\" \/>\n<meta name=\"twitter:card\" content=\"summary_large_image\" \/>\n<meta name=\"twitter:label1\" content=\"Escrito por\" \/>\n\t<meta name=\"twitter:data1\" content=\"Agazeta.Net\" \/>\n\t<meta name=\"twitter:label2\" content=\"Est. tempo de leitura\" \/>\n\t<meta name=\"twitter:data2\" content=\"1 minuto\" \/>\n<script type=\"application\/ld+json\" class=\"yoast-schema-graph\">{\"@context\":\"https:\/\/schema.org\",\"@graph\":[{\"@type\":\"WebPage\",\"@id\":\"https:\/\/nk7-testes.com.br\/agazeta\/tjac-mantem-prisao-de-policial-penal-suspeito-de-matar-picolezeiro\/\",\"url\":\"https:\/\/nk7-testes.com.br\/agazeta\/tjac-mantem-prisao-de-policial-penal-suspeito-de-matar-picolezeiro\/\",\"name\":\"TJAC mant\u00e9m pris\u00e3o de policial penal suspeito de matar picolezeiro - Agazeta.net\",\"isPartOf\":{\"@id\":\"https:\/\/nk7-testes.com.br\/agazeta\/#website\"},\"primaryImageOfPage\":{\"@id\":\"https:\/\/nk7-testes.com.br\/agazeta\/tjac-mantem-prisao-de-policial-penal-suspeito-de-matar-picolezeiro\/#primaryimage\"},\"image\":{\"@id\":\"https:\/\/nk7-testes.com.br\/agazeta\/tjac-mantem-prisao-de-policial-penal-suspeito-de-matar-picolezeiro\/#primaryimage\"},\"thumbnailUrl\":\"https:\/\/nk7-testes.com.br\/agazeta\/wp-content\/uploads\/2020\/12\/14-12-20-policial-penal-suspeito-de-matar-picolezeiro-em-rio-branco.jpeg\",\"datePublished\":\"2020-12-15T16:00:09+00:00\",\"author\":{\"@id\":\"https:\/\/nk7-testes.com.br\/agazeta\/#\/schema\/person\/6d6e25cb0435eb4a02fd44d30b4e3020\"},\"breadcrumb\":{\"@id\":\"https:\/\/nk7-testes.com.br\/agazeta\/tjac-mantem-prisao-de-policial-penal-suspeito-de-matar-picolezeiro\/#breadcrumb\"},\"inLanguage\":\"pt-BR\",\"potentialAction\":[{\"@type\":\"ReadAction\",\"target\":[\"https:\/\/nk7-testes.com.br\/agazeta\/tjac-mantem-prisao-de-policial-penal-suspeito-de-matar-picolezeiro\/\"]}]},{\"@type\":\"ImageObject\",\"inLanguage\":\"pt-BR\",\"@id\":\"https:\/\/nk7-testes.com.br\/agazeta\/tjac-mantem-prisao-de-policial-penal-suspeito-de-matar-picolezeiro\/#primaryimage\",\"url\":\"https:\/\/nk7-testes.com.br\/agazeta\/wp-content\/uploads\/2020\/12\/14-12-20-policial-penal-suspeito-de-matar-picolezeiro-em-rio-branco.jpeg\",\"contentUrl\":\"https:\/\/nk7-testes.com.br\/agazeta\/wp-content\/uploads\/2020\/12\/14-12-20-policial-penal-suspeito-de-matar-picolezeiro-em-rio-branco.jpeg\",\"width\":458,\"height\":340,\"caption\":\"14-12-20-policial-penal-suspeito-de-matar-picolezeiro-em-rio-branco\"},{\"@type\":\"BreadcrumbList\",\"@id\":\"https:\/\/nk7-testes.com.br\/agazeta\/tjac-mantem-prisao-de-policial-penal-suspeito-de-matar-picolezeiro\/#breadcrumb\",\"itemListElement\":[{\"@type\":\"ListItem\",\"position\":1,\"name\":\"In\u00edcio\",\"item\":\"https:\/\/nk7-testes.com.br\/agazeta\/\"},{\"@type\":\"ListItem\",\"position\":2,\"name\":\"TJAC mant\u00e9m pris\u00e3o de policial penal suspeito de matar picolezeiro\"}]},{\"@type\":\"WebSite\",\"@id\":\"https:\/\/nk7-testes.com.br\/agazeta\/#website\",\"url\":\"https:\/\/nk7-testes.com.br\/agazeta\/\",\"name\":\"Agazeta.net\",\"description\":\"Agazeta.net - Not\u00edcias de Rio Branco\/AC\",\"potentialAction\":[{\"@type\":\"SearchAction\",\"target\":{\"@type\":\"EntryPoint\",\"urlTemplate\":\"https:\/\/nk7-testes.com.br\/agazeta\/?s={search_term_string}\"},\"query-input\":{\"@type\":\"PropertyValueSpecification\",\"valueRequired\":true,\"valueName\":\"search_term_string\"}}],\"inLanguage\":\"pt-BR\"},{\"@type\":\"Person\",\"@id\":\"https:\/\/nk7-testes.com.br\/agazeta\/#\/schema\/person\/6d6e25cb0435eb4a02fd44d30b4e3020\",\"name\":\"Agazeta.Net\",\"url\":\"https:\/\/nk7-testes.com.br\/agazeta\/author\/agazeta\/\"}]}<\/script>\n<!-- \/ Yoast SEO plugin. -->","yoast_head_json":{"title":"TJAC mant\u00e9m pris\u00e3o de policial penal suspeito de matar picolezeiro - Agazeta.net","robots":{"index":"index","follow":"follow","max-snippet":"max-snippet:-1","max-image-preview":"max-image-preview:large","max-video-preview":"max-video-preview:-1"},"canonical":"https:\/\/nk7-testes.com.br\/agazeta\/tjac-mantem-prisao-de-policial-penal-suspeito-de-matar-picolezeiro\/","og_locale":"pt_BR","og_type":"article","og_title":"TJAC mant\u00e9m pris\u00e3o de policial penal suspeito de matar picolezeiro - Agazeta.net","og_description":"Processo foi distribu\u00eddo para a 2\u00aa Vara do Tribunal do J\u00fari","og_url":"https:\/\/nk7-testes.com.br\/agazeta\/tjac-mantem-prisao-de-policial-penal-suspeito-de-matar-picolezeiro\/","og_site_name":"Agazeta.net","article_published_time":"2020-12-15T16:00:09+00:00","og_image":[{"width":458,"height":340,"url":"https:\/\/nk7-testes.com.br\/agazeta\/wp-content\/uploads\/2020\/12\/14-12-20-policial-penal-suspeito-de-matar-picolezeiro-em-rio-branco.jpeg","type":"image\/jpeg"}],"author":"Agazeta.Net","twitter_card":"summary_large_image","twitter_misc":{"Escrito por":"Agazeta.Net","Est. tempo de leitura":"1 minuto"},"schema":{"@context":"https:\/\/schema.org","@graph":[{"@type":"WebPage","@id":"https:\/\/nk7-testes.com.br\/agazeta\/tjac-mantem-prisao-de-policial-penal-suspeito-de-matar-picolezeiro\/","url":"https:\/\/nk7-testes.com.br\/agazeta\/tjac-mantem-prisao-de-policial-penal-suspeito-de-matar-picolezeiro\/","name":"TJAC mant\u00e9m pris\u00e3o de policial penal suspeito de matar picolezeiro - Agazeta.net","isPartOf":{"@id":"https:\/\/nk7-testes.com.br\/agazeta\/#website"},"primaryImageOfPage":{"@id":"https:\/\/nk7-testes.com.br\/agazeta\/tjac-mantem-prisao-de-policial-penal-suspeito-de-matar-picolezeiro\/#primaryimage"},"image":{"@id":"https:\/\/nk7-testes.com.br\/agazeta\/tjac-mantem-prisao-de-policial-penal-suspeito-de-matar-picolezeiro\/#primaryimage"},"thumbnailUrl":"https:\/\/nk7-testes.com.br\/agazeta\/wp-content\/uploads\/2020\/12\/14-12-20-policial-penal-suspeito-de-matar-picolezeiro-em-rio-branco.jpeg","datePublished":"2020-12-15T16:00:09+00:00","author":{"@id":"https:\/\/nk7-testes.com.br\/agazeta\/#\/schema\/person\/6d6e25cb0435eb4a02fd44d30b4e3020"},"breadcrumb":{"@id":"https:\/\/nk7-testes.com.br\/agazeta\/tjac-mantem-prisao-de-policial-penal-suspeito-de-matar-picolezeiro\/#breadcrumb"},"inLanguage":"pt-BR","potentialAction":[{"@type":"ReadAction","target":["https:\/\/nk7-testes.com.br\/agazeta\/tjac-mantem-prisao-de-policial-penal-suspeito-de-matar-picolezeiro\/"]}]},{"@type":"ImageObject","inLanguage":"pt-BR","@id":"https:\/\/nk7-testes.com.br\/agazeta\/tjac-mantem-prisao-de-policial-penal-suspeito-de-matar-picolezeiro\/#primaryimage","url":"https:\/\/nk7-testes.com.br\/agazeta\/wp-content\/uploads\/2020\/12\/14-12-20-policial-penal-suspeito-de-matar-picolezeiro-em-rio-branco.jpeg","contentUrl":"https:\/\/nk7-testes.com.br\/agazeta\/wp-content\/uploads\/2020\/12\/14-12-20-policial-penal-suspeito-de-matar-picolezeiro-em-rio-branco.jpeg","width":458,"height":340,"caption":"14-12-20-policial-penal-suspeito-de-matar-picolezeiro-em-rio-branco"},{"@type":"BreadcrumbList","@id":"https:\/\/nk7-testes.com.br\/agazeta\/tjac-mantem-prisao-de-policial-penal-suspeito-de-matar-picolezeiro\/#breadcrumb","itemListElement":[{"@type":"ListItem","position":1,"name":"In\u00edcio","item":"https:\/\/nk7-testes.com.br\/agazeta\/"},{"@type":"ListItem","position":2,"name":"TJAC mant\u00e9m pris\u00e3o de policial penal suspeito de matar picolezeiro"}]},{"@type":"WebSite","@id":"https:\/\/nk7-testes.com.br\/agazeta\/#website","url":"https:\/\/nk7-testes.com.br\/agazeta\/","name":"Agazeta.net","description":"Agazeta.net - Not\u00edcias de Rio Branco\/AC","potentialAction":[{"@type":"SearchAction","target":{"@type":"EntryPoint","urlTemplate":"https:\/\/nk7-testes.com.br\/agazeta\/?s={search_term_string}"},"query-input":{"@type":"PropertyValueSpecification","valueRequired":true,"valueName":"search_term_string"}}],"inLanguage":"pt-BR"},{"@type":"Person","@id":"https:\/\/nk7-testes.com.br\/agazeta\/#\/schema\/person\/6d6e25cb0435eb4a02fd44d30b4e3020","name":"Agazeta.Net","url":"https:\/\/nk7-testes.com.br\/agazeta\/author\/agazeta\/"}]}},"_links":{"self":[{"href":"https:\/\/nk7-testes.com.br\/agazeta\/wp-json\/wp\/v2\/posts\/51833","targetHints":{"allow":["GET"]}}],"collection":[{"href":"https:\/\/nk7-testes.com.br\/agazeta\/wp-json\/wp\/v2\/posts"}],"about":[{"href":"https:\/\/nk7-testes.com.br\/agazeta\/wp-json\/wp\/v2\/types\/post"}],"author":[{"embeddable":true,"href":"https:\/\/nk7-testes.com.br\/agazeta\/wp-json\/wp\/v2\/users\/4"}],"replies":[{"embeddable":true,"href":"https:\/\/nk7-testes.com.br\/agazeta\/wp-json\/wp\/v2\/comments?post=51833"}],"version-history":[{"count":0,"href":"https:\/\/nk7-testes.com.br\/agazeta\/wp-json\/wp\/v2\/posts\/51833\/revisions"}],"wp:featuredmedia":[{"embeddable":true,"href":"https:\/\/nk7-testes.com.br\/agazeta\/wp-json\/wp\/v2\/media\/51803"}],"wp:attachment":[{"href":"https:\/\/nk7-testes.com.br\/agazeta\/wp-json\/wp\/v2\/media?parent=51833"}],"wp:term":[{"taxonomy":"category","embeddable":true,"href":"https:\/\/nk7-testes.com.br\/agazeta\/wp-json\/wp\/v2\/categories?post=51833"},{"taxonomy":"post_tag","embeddable":true,"href":"https:\/\/nk7-testes.com.br\/agazeta\/wp-json\/wp\/v2\/tags?post=51833"}],"curies":[{"name":"wp","href":"https:\/\/api.w.org\/{rel}","templated":true}]}}