{"id":51775,"date":"2020-12-11T12:20:05","date_gmt":"2020-12-11T12:20:05","guid":{"rendered":"https:\/\/abarevegan.com.br\/index.php\/2020\/12\/11\/dominicano-suspeito-de-matar-a-esposa-e-preso-em-rio-branco\/"},"modified":"2020-12-11T12:20:05","modified_gmt":"2020-12-11T12:20:05","slug":"dominicano-suspeito-de-matar-a-esposa-e-preso-em-rio-branco","status":"publish","type":"post","link":"https:\/\/nk7-testes.com.br\/agazeta\/dominicano-suspeito-de-matar-a-esposa-e-preso-em-rio-branco\/","title":{"rendered":"Dominicano suspeito de matar a esposa \u00e9 preso em Rio Branco"},"content":{"rendered":"<p style=\"text-align: justify;\">Homem teria fugido do Peru ap\u00f3s cometer o crime<\/p>\n<p style=\"text-align: justify;\">Na manh\u00e3 desta quinta-feira (10), a Pol\u00edcia Civil do Acre prendeu um homem de 43 anos foragido da justi\u00e7a peruana, em um quarto de hotel localizado no bairro 15, em Rio Branco.<\/p>\n<p style=\"text-align: justify;\">O foragido teria entrado no Brasil de forma ilegal ap\u00f3s ter matado a facadas sua companheira, Jacqueline Felix Sanches, de 45 anos, em uma discuss\u00e3o do casal.<\/p>\n<p style=\"text-align: justify;\">O crime ocorreu no \u00faltimo domingo (6), em Puerto Maldonado, capital do estado Madre de Dios, no Peru, onde o casal tinha um restaurante. De acordo com informa\u00e7\u00f5es da pol\u00edcia peruana, os dois s\u00e3o da Rep\u00fablica Dominicana, e viviam de forma legal no pa\u00eds.<\/p>\n<p style=\"text-align: justify;\">Ainda segundo a pol\u00edcia peruana, ap\u00f3s o crime, o suspeito fugiu para o Brasil onde foi capturado pelos agentes.<\/p>\n<p style=\"text-align: justify;\">Ao ser preso o homem confessou o crime e foi encaminhado a Superintend\u00eancia da Pol\u00edcia Federal para procedimento praxe j\u00e1 que se trata de crime cometido em outro pa\u00eds.<\/p>\n","protected":false},"excerpt":{"rendered":"<p style=\"text-align: justify;\">Homem teria fugido do Peru ap\u00f3s cometer o crime<\/p>\n","protected":false},"author":4,"featured_media":51774,"comment_status":"open","ping_status":"open","sticky":false,"template":"","format":"standard","meta":{"jnews-multi-image_gallery":[],"jnews_single_post":[],"jnews_primary_category":[],"jnews_social_meta":[],"jnews_review":[],"enable_review":"","type":"","name":"","summary":"","brand":"","sku":"","good":[],"bad":[],"score_override":"","override_value":"","rating":[],"price":[],"footnotes":""},"categories":[44],"tags":[],"class_list":["post-51775","post","type-post","status-publish","format-standard","has-post-thumbnail","hentry","category-policia"],"yoast_head":"<!-- This site is optimized with the Yoast SEO plugin v26.5 - https:\/\/yoast.com\/wordpress\/plugins\/seo\/ -->\n<title>Dominicano suspeito de matar a esposa \u00e9 preso em Rio Branco - Agazeta.net<\/title>\n<meta name=\"robots\" content=\"index, follow, max-snippet:-1, max-image-preview:large, max-video-preview:-1\" \/>\n<link rel=\"canonical\" href=\"https:\/\/nk7-testes.com.br\/agazeta\/dominicano-suspeito-de-matar-a-esposa-e-preso-em-rio-branco\/\" \/>\n<meta property=\"og:locale\" content=\"pt_BR\" \/>\n<meta property=\"og:type\" content=\"article\" \/>\n<meta property=\"og:title\" content=\"Dominicano suspeito de matar a esposa \u00e9 preso em Rio Branco - Agazeta.net\" \/>\n<meta property=\"og:description\" content=\"Homem teria fugido do Peru ap\u00f3s cometer o crime\" \/>\n<meta property=\"og:url\" content=\"https:\/\/nk7-testes.com.br\/agazeta\/dominicano-suspeito-de-matar-a-esposa-e-preso-em-rio-branco\/\" \/>\n<meta property=\"og:site_name\" content=\"Agazeta.net\" \/>\n<meta property=\"article:published_time\" content=\"2020-12-11T12:20:05+00:00\" \/>\n<meta property=\"og:image\" content=\"https:\/\/nk7-testes.com.br\/agazeta\/wp-content\/uploads\/2020\/12\/11-12-20-feminicida-dominicado.jpeg\" \/>\n\t<meta property=\"og:image:width\" content=\"458\" \/>\n\t<meta property=\"og:image:height\" content=\"340\" \/>\n\t<meta property=\"og:image:type\" content=\"image\/jpeg\" \/>\n<meta name=\"author\" content=\"Agazeta.Net\" \/>\n<meta name=\"twitter:card\" content=\"summary_large_image\" \/>\n<meta name=\"twitter:label1\" content=\"Escrito por\" \/>\n\t<meta name=\"twitter:data1\" content=\"Agazeta.Net\" \/>\n\t<meta name=\"twitter:label2\" content=\"Est. tempo de leitura\" \/>\n\t<meta name=\"twitter:data2\" content=\"1 minuto\" \/>\n<script type=\"application\/ld+json\" class=\"yoast-schema-graph\">{\"@context\":\"https:\/\/schema.org\",\"@graph\":[{\"@type\":\"WebPage\",\"@id\":\"https:\/\/nk7-testes.com.br\/agazeta\/dominicano-suspeito-de-matar-a-esposa-e-preso-em-rio-branco\/\",\"url\":\"https:\/\/nk7-testes.com.br\/agazeta\/dominicano-suspeito-de-matar-a-esposa-e-preso-em-rio-branco\/\",\"name\":\"Dominicano suspeito de matar a esposa \u00e9 preso em Rio Branco - Agazeta.net\",\"isPartOf\":{\"@id\":\"https:\/\/nk7-testes.com.br\/agazeta\/#website\"},\"primaryImageOfPage\":{\"@id\":\"https:\/\/nk7-testes.com.br\/agazeta\/dominicano-suspeito-de-matar-a-esposa-e-preso-em-rio-branco\/#primaryimage\"},\"image\":{\"@id\":\"https:\/\/nk7-testes.com.br\/agazeta\/dominicano-suspeito-de-matar-a-esposa-e-preso-em-rio-branco\/#primaryimage\"},\"thumbnailUrl\":\"https:\/\/nk7-testes.com.br\/agazeta\/wp-content\/uploads\/2020\/12\/11-12-20-feminicida-dominicado.jpeg\",\"datePublished\":\"2020-12-11T12:20:05+00:00\",\"author\":{\"@id\":\"https:\/\/nk7-testes.com.br\/agazeta\/#\/schema\/person\/6d6e25cb0435eb4a02fd44d30b4e3020\"},\"breadcrumb\":{\"@id\":\"https:\/\/nk7-testes.com.br\/agazeta\/dominicano-suspeito-de-matar-a-esposa-e-preso-em-rio-branco\/#breadcrumb\"},\"inLanguage\":\"pt-BR\",\"potentialAction\":[{\"@type\":\"ReadAction\",\"target\":[\"https:\/\/nk7-testes.com.br\/agazeta\/dominicano-suspeito-de-matar-a-esposa-e-preso-em-rio-branco\/\"]}]},{\"@type\":\"ImageObject\",\"inLanguage\":\"pt-BR\",\"@id\":\"https:\/\/nk7-testes.com.br\/agazeta\/dominicano-suspeito-de-matar-a-esposa-e-preso-em-rio-branco\/#primaryimage\",\"url\":\"https:\/\/nk7-testes.com.br\/agazeta\/wp-content\/uploads\/2020\/12\/11-12-20-feminicida-dominicado.jpeg\",\"contentUrl\":\"https:\/\/nk7-testes.com.br\/agazeta\/wp-content\/uploads\/2020\/12\/11-12-20-feminicida-dominicado.jpeg\",\"width\":458,\"height\":340,\"caption\":\"11-12-20-feminicida-dominicado\"},{\"@type\":\"BreadcrumbList\",\"@id\":\"https:\/\/nk7-testes.com.br\/agazeta\/dominicano-suspeito-de-matar-a-esposa-e-preso-em-rio-branco\/#breadcrumb\",\"itemListElement\":[{\"@type\":\"ListItem\",\"position\":1,\"name\":\"In\u00edcio\",\"item\":\"https:\/\/nk7-testes.com.br\/agazeta\/\"},{\"@type\":\"ListItem\",\"position\":2,\"name\":\"Dominicano suspeito de matar a esposa \u00e9 preso em Rio Branco\"}]},{\"@type\":\"WebSite\",\"@id\":\"https:\/\/nk7-testes.com.br\/agazeta\/#website\",\"url\":\"https:\/\/nk7-testes.com.br\/agazeta\/\",\"name\":\"Agazeta.net\",\"description\":\"Agazeta.net - Not\u00edcias de Rio Branco\/AC\",\"potentialAction\":[{\"@type\":\"SearchAction\",\"target\":{\"@type\":\"EntryPoint\",\"urlTemplate\":\"https:\/\/nk7-testes.com.br\/agazeta\/?s={search_term_string}\"},\"query-input\":{\"@type\":\"PropertyValueSpecification\",\"valueRequired\":true,\"valueName\":\"search_term_string\"}}],\"inLanguage\":\"pt-BR\"},{\"@type\":\"Person\",\"@id\":\"https:\/\/nk7-testes.com.br\/agazeta\/#\/schema\/person\/6d6e25cb0435eb4a02fd44d30b4e3020\",\"name\":\"Agazeta.Net\",\"url\":\"https:\/\/nk7-testes.com.br\/agazeta\/author\/agazeta\/\"}]}<\/script>\n<!-- \/ Yoast SEO plugin. -->","yoast_head_json":{"title":"Dominicano suspeito de matar a esposa \u00e9 preso em Rio Branco - Agazeta.net","robots":{"index":"index","follow":"follow","max-snippet":"max-snippet:-1","max-image-preview":"max-image-preview:large","max-video-preview":"max-video-preview:-1"},"canonical":"https:\/\/nk7-testes.com.br\/agazeta\/dominicano-suspeito-de-matar-a-esposa-e-preso-em-rio-branco\/","og_locale":"pt_BR","og_type":"article","og_title":"Dominicano suspeito de matar a esposa \u00e9 preso em Rio Branco - Agazeta.net","og_description":"Homem teria fugido do Peru ap\u00f3s cometer o crime","og_url":"https:\/\/nk7-testes.com.br\/agazeta\/dominicano-suspeito-de-matar-a-esposa-e-preso-em-rio-branco\/","og_site_name":"Agazeta.net","article_published_time":"2020-12-11T12:20:05+00:00","og_image":[{"width":458,"height":340,"url":"https:\/\/nk7-testes.com.br\/agazeta\/wp-content\/uploads\/2020\/12\/11-12-20-feminicida-dominicado.jpeg","type":"image\/jpeg"}],"author":"Agazeta.Net","twitter_card":"summary_large_image","twitter_misc":{"Escrito por":"Agazeta.Net","Est. tempo de leitura":"1 minuto"},"schema":{"@context":"https:\/\/schema.org","@graph":[{"@type":"WebPage","@id":"https:\/\/nk7-testes.com.br\/agazeta\/dominicano-suspeito-de-matar-a-esposa-e-preso-em-rio-branco\/","url":"https:\/\/nk7-testes.com.br\/agazeta\/dominicano-suspeito-de-matar-a-esposa-e-preso-em-rio-branco\/","name":"Dominicano suspeito de matar a esposa \u00e9 preso em Rio Branco - Agazeta.net","isPartOf":{"@id":"https:\/\/nk7-testes.com.br\/agazeta\/#website"},"primaryImageOfPage":{"@id":"https:\/\/nk7-testes.com.br\/agazeta\/dominicano-suspeito-de-matar-a-esposa-e-preso-em-rio-branco\/#primaryimage"},"image":{"@id":"https:\/\/nk7-testes.com.br\/agazeta\/dominicano-suspeito-de-matar-a-esposa-e-preso-em-rio-branco\/#primaryimage"},"thumbnailUrl":"https:\/\/nk7-testes.com.br\/agazeta\/wp-content\/uploads\/2020\/12\/11-12-20-feminicida-dominicado.jpeg","datePublished":"2020-12-11T12:20:05+00:00","author":{"@id":"https:\/\/nk7-testes.com.br\/agazeta\/#\/schema\/person\/6d6e25cb0435eb4a02fd44d30b4e3020"},"breadcrumb":{"@id":"https:\/\/nk7-testes.com.br\/agazeta\/dominicano-suspeito-de-matar-a-esposa-e-preso-em-rio-branco\/#breadcrumb"},"inLanguage":"pt-BR","potentialAction":[{"@type":"ReadAction","target":["https:\/\/nk7-testes.com.br\/agazeta\/dominicano-suspeito-de-matar-a-esposa-e-preso-em-rio-branco\/"]}]},{"@type":"ImageObject","inLanguage":"pt-BR","@id":"https:\/\/nk7-testes.com.br\/agazeta\/dominicano-suspeito-de-matar-a-esposa-e-preso-em-rio-branco\/#primaryimage","url":"https:\/\/nk7-testes.com.br\/agazeta\/wp-content\/uploads\/2020\/12\/11-12-20-feminicida-dominicado.jpeg","contentUrl":"https:\/\/nk7-testes.com.br\/agazeta\/wp-content\/uploads\/2020\/12\/11-12-20-feminicida-dominicado.jpeg","width":458,"height":340,"caption":"11-12-20-feminicida-dominicado"},{"@type":"BreadcrumbList","@id":"https:\/\/nk7-testes.com.br\/agazeta\/dominicano-suspeito-de-matar-a-esposa-e-preso-em-rio-branco\/#breadcrumb","itemListElement":[{"@type":"ListItem","position":1,"name":"In\u00edcio","item":"https:\/\/nk7-testes.com.br\/agazeta\/"},{"@type":"ListItem","position":2,"name":"Dominicano suspeito de matar a esposa \u00e9 preso em Rio Branco"}]},{"@type":"WebSite","@id":"https:\/\/nk7-testes.com.br\/agazeta\/#website","url":"https:\/\/nk7-testes.com.br\/agazeta\/","name":"Agazeta.net","description":"Agazeta.net - Not\u00edcias de Rio Branco\/AC","potentialAction":[{"@type":"SearchAction","target":{"@type":"EntryPoint","urlTemplate":"https:\/\/nk7-testes.com.br\/agazeta\/?s={search_term_string}"},"query-input":{"@type":"PropertyValueSpecification","valueRequired":true,"valueName":"search_term_string"}}],"inLanguage":"pt-BR"},{"@type":"Person","@id":"https:\/\/nk7-testes.com.br\/agazeta\/#\/schema\/person\/6d6e25cb0435eb4a02fd44d30b4e3020","name":"Agazeta.Net","url":"https:\/\/nk7-testes.com.br\/agazeta\/author\/agazeta\/"}]}},"_links":{"self":[{"href":"https:\/\/nk7-testes.com.br\/agazeta\/wp-json\/wp\/v2\/posts\/51775","targetHints":{"allow":["GET"]}}],"collection":[{"href":"https:\/\/nk7-testes.com.br\/agazeta\/wp-json\/wp\/v2\/posts"}],"about":[{"href":"https:\/\/nk7-testes.com.br\/agazeta\/wp-json\/wp\/v2\/types\/post"}],"author":[{"embeddable":true,"href":"https:\/\/nk7-testes.com.br\/agazeta\/wp-json\/wp\/v2\/users\/4"}],"replies":[{"embeddable":true,"href":"https:\/\/nk7-testes.com.br\/agazeta\/wp-json\/wp\/v2\/comments?post=51775"}],"version-history":[{"count":0,"href":"https:\/\/nk7-testes.com.br\/agazeta\/wp-json\/wp\/v2\/posts\/51775\/revisions"}],"wp:featuredmedia":[{"embeddable":true,"href":"https:\/\/nk7-testes.com.br\/agazeta\/wp-json\/wp\/v2\/media\/51774"}],"wp:attachment":[{"href":"https:\/\/nk7-testes.com.br\/agazeta\/wp-json\/wp\/v2\/media?parent=51775"}],"wp:term":[{"taxonomy":"category","embeddable":true,"href":"https:\/\/nk7-testes.com.br\/agazeta\/wp-json\/wp\/v2\/categories?post=51775"},{"taxonomy":"post_tag","embeddable":true,"href":"https:\/\/nk7-testes.com.br\/agazeta\/wp-json\/wp\/v2\/tags?post=51775"}],"curies":[{"name":"wp","href":"https:\/\/api.w.org\/{rel}","templated":true}]}}