{"id":51494,"date":"2020-11-29T16:07:08","date_gmt":"2020-11-29T16:07:08","guid":{"rendered":"https:\/\/abarevegan.com.br\/index.php\/2020\/11\/29\/suspeito-de-19-anos-e-preso-por-trafico-de-drogas-neste-sabado\/"},"modified":"2020-11-29T16:07:08","modified_gmt":"2020-11-29T16:07:08","slug":"suspeito-de-19-anos-e-preso-por-trafico-de-drogas-neste-sabado","status":"publish","type":"post","link":"https:\/\/nk7-testes.com.br\/agazeta\/suspeito-de-19-anos-e-preso-por-trafico-de-drogas-neste-sabado\/","title":{"rendered":"Suspeito de 19 anos \u00e9 preso por tr\u00e1fico de drogas neste s\u00e1bado"},"content":{"rendered":"<p style=\"text-align: justify;\">Pol\u00edcia Militar prendeu o jovem em flagrante delito na capital<\/p>\n<p style=\"text-align: justify;\">Policiais Militares prenderam em flagrante um suspeito de tr\u00e1fico de drogas no bairro Esperan\u00e7a, na noite deste s\u00e1bado (28).<\/p>\n<p style=\"text-align: justify;\">O suspeito de 19 anos estava na posse de 20 papelotes de Skank e 10 pacotes de coca\u00edna, ele foi conduzido para a <br \/>Delegacia Central de Flagrantes.<\/p>\n<p style=\"text-align: justify;\">Segundo os policiais foi feita uma den\u00fancia an\u00f4nima que revelou a opera\u00e7\u00e3o de vendas de drogas no local. Ap\u00f3s a chegada dos policiais o suspeito foi preso.<\/p>\n","protected":false},"excerpt":{"rendered":"<p style=\"text-align: justify;\">Pol\u00edcia Militar prendeu o jovem em flagrante delito na capital<\/p>\n","protected":false},"author":4,"featured_media":51493,"comment_status":"open","ping_status":"open","sticky":false,"template":"","format":"standard","meta":{"jnews-multi-image_gallery":[],"jnews_single_post":[],"jnews_primary_category":[],"jnews_social_meta":[],"jnews_review":[],"enable_review":"","type":"","name":"","summary":"","brand":"","sku":"","good":[],"bad":[],"score_override":"","override_value":"","rating":[],"price":[],"footnotes":""},"categories":[44],"tags":[],"class_list":["post-51494","post","type-post","status-publish","format-standard","has-post-thumbnail","hentry","category-policia"],"yoast_head":"<!-- This site is optimized with the Yoast SEO plugin v26.5 - https:\/\/yoast.com\/wordpress\/plugins\/seo\/ -->\n<title>Suspeito de 19 anos \u00e9 preso por tr\u00e1fico de drogas neste s\u00e1bado - Agazeta.net<\/title>\n<meta name=\"robots\" content=\"index, follow, max-snippet:-1, max-image-preview:large, max-video-preview:-1\" \/>\n<link rel=\"canonical\" href=\"https:\/\/nk7-testes.com.br\/agazeta\/suspeito-de-19-anos-e-preso-por-trafico-de-drogas-neste-sabado\/\" \/>\n<meta property=\"og:locale\" content=\"pt_BR\" \/>\n<meta property=\"og:type\" content=\"article\" \/>\n<meta property=\"og:title\" content=\"Suspeito de 19 anos \u00e9 preso por tr\u00e1fico de drogas neste s\u00e1bado - Agazeta.net\" \/>\n<meta property=\"og:description\" content=\"Pol\u00edcia Militar prendeu o jovem em flagrante delito na capital\" \/>\n<meta property=\"og:url\" content=\"https:\/\/nk7-testes.com.br\/agazeta\/suspeito-de-19-anos-e-preso-por-trafico-de-drogas-neste-sabado\/\" \/>\n<meta property=\"og:site_name\" content=\"Agazeta.net\" \/>\n<meta property=\"article:published_time\" content=\"2020-11-29T16:07:08+00:00\" \/>\n<meta property=\"og:image\" content=\"https:\/\/nk7-testes.com.br\/agazeta\/wp-content\/uploads\/2020\/11\/29-11-20-19_anos_trafico.jpeg\" \/>\n\t<meta property=\"og:image:width\" content=\"458\" \/>\n\t<meta property=\"og:image:height\" content=\"340\" \/>\n\t<meta property=\"og:image:type\" content=\"image\/jpeg\" \/>\n<meta name=\"author\" content=\"Agazeta.Net\" \/>\n<meta name=\"twitter:card\" content=\"summary_large_image\" \/>\n<meta name=\"twitter:label1\" content=\"Escrito por\" \/>\n\t<meta name=\"twitter:data1\" content=\"Agazeta.Net\" \/>\n<script type=\"application\/ld+json\" class=\"yoast-schema-graph\">{\"@context\":\"https:\/\/schema.org\",\"@graph\":[{\"@type\":\"WebPage\",\"@id\":\"https:\/\/nk7-testes.com.br\/agazeta\/suspeito-de-19-anos-e-preso-por-trafico-de-drogas-neste-sabado\/\",\"url\":\"https:\/\/nk7-testes.com.br\/agazeta\/suspeito-de-19-anos-e-preso-por-trafico-de-drogas-neste-sabado\/\",\"name\":\"Suspeito de 19 anos \u00e9 preso por tr\u00e1fico de drogas neste s\u00e1bado - Agazeta.net\",\"isPartOf\":{\"@id\":\"https:\/\/nk7-testes.com.br\/agazeta\/#website\"},\"primaryImageOfPage\":{\"@id\":\"https:\/\/nk7-testes.com.br\/agazeta\/suspeito-de-19-anos-e-preso-por-trafico-de-drogas-neste-sabado\/#primaryimage\"},\"image\":{\"@id\":\"https:\/\/nk7-testes.com.br\/agazeta\/suspeito-de-19-anos-e-preso-por-trafico-de-drogas-neste-sabado\/#primaryimage\"},\"thumbnailUrl\":\"https:\/\/nk7-testes.com.br\/agazeta\/wp-content\/uploads\/2020\/11\/29-11-20-19_anos_trafico.jpeg\",\"datePublished\":\"2020-11-29T16:07:08+00:00\",\"author\":{\"@id\":\"https:\/\/nk7-testes.com.br\/agazeta\/#\/schema\/person\/6d6e25cb0435eb4a02fd44d30b4e3020\"},\"breadcrumb\":{\"@id\":\"https:\/\/nk7-testes.com.br\/agazeta\/suspeito-de-19-anos-e-preso-por-trafico-de-drogas-neste-sabado\/#breadcrumb\"},\"inLanguage\":\"pt-BR\",\"potentialAction\":[{\"@type\":\"ReadAction\",\"target\":[\"https:\/\/nk7-testes.com.br\/agazeta\/suspeito-de-19-anos-e-preso-por-trafico-de-drogas-neste-sabado\/\"]}]},{\"@type\":\"ImageObject\",\"inLanguage\":\"pt-BR\",\"@id\":\"https:\/\/nk7-testes.com.br\/agazeta\/suspeito-de-19-anos-e-preso-por-trafico-de-drogas-neste-sabado\/#primaryimage\",\"url\":\"https:\/\/nk7-testes.com.br\/agazeta\/wp-content\/uploads\/2020\/11\/29-11-20-19_anos_trafico.jpeg\",\"contentUrl\":\"https:\/\/nk7-testes.com.br\/agazeta\/wp-content\/uploads\/2020\/11\/29-11-20-19_anos_trafico.jpeg\",\"width\":458,\"height\":340,\"caption\":\"29-11-20-19 anos trafico\"},{\"@type\":\"BreadcrumbList\",\"@id\":\"https:\/\/nk7-testes.com.br\/agazeta\/suspeito-de-19-anos-e-preso-por-trafico-de-drogas-neste-sabado\/#breadcrumb\",\"itemListElement\":[{\"@type\":\"ListItem\",\"position\":1,\"name\":\"In\u00edcio\",\"item\":\"https:\/\/nk7-testes.com.br\/agazeta\/\"},{\"@type\":\"ListItem\",\"position\":2,\"name\":\"Suspeito de 19 anos \u00e9 preso por tr\u00e1fico de drogas neste s\u00e1bado\"}]},{\"@type\":\"WebSite\",\"@id\":\"https:\/\/nk7-testes.com.br\/agazeta\/#website\",\"url\":\"https:\/\/nk7-testes.com.br\/agazeta\/\",\"name\":\"Agazeta.net\",\"description\":\"Agazeta.net - Not\u00edcias de Rio Branco\/AC\",\"potentialAction\":[{\"@type\":\"SearchAction\",\"target\":{\"@type\":\"EntryPoint\",\"urlTemplate\":\"https:\/\/nk7-testes.com.br\/agazeta\/?s={search_term_string}\"},\"query-input\":{\"@type\":\"PropertyValueSpecification\",\"valueRequired\":true,\"valueName\":\"search_term_string\"}}],\"inLanguage\":\"pt-BR\"},{\"@type\":\"Person\",\"@id\":\"https:\/\/nk7-testes.com.br\/agazeta\/#\/schema\/person\/6d6e25cb0435eb4a02fd44d30b4e3020\",\"name\":\"Agazeta.Net\",\"url\":\"https:\/\/nk7-testes.com.br\/agazeta\/author\/agazeta\/\"}]}<\/script>\n<!-- \/ Yoast SEO plugin. -->","yoast_head_json":{"title":"Suspeito de 19 anos \u00e9 preso por tr\u00e1fico de drogas neste s\u00e1bado - Agazeta.net","robots":{"index":"index","follow":"follow","max-snippet":"max-snippet:-1","max-image-preview":"max-image-preview:large","max-video-preview":"max-video-preview:-1"},"canonical":"https:\/\/nk7-testes.com.br\/agazeta\/suspeito-de-19-anos-e-preso-por-trafico-de-drogas-neste-sabado\/","og_locale":"pt_BR","og_type":"article","og_title":"Suspeito de 19 anos \u00e9 preso por tr\u00e1fico de drogas neste s\u00e1bado - Agazeta.net","og_description":"Pol\u00edcia Militar prendeu o jovem em flagrante delito na capital","og_url":"https:\/\/nk7-testes.com.br\/agazeta\/suspeito-de-19-anos-e-preso-por-trafico-de-drogas-neste-sabado\/","og_site_name":"Agazeta.net","article_published_time":"2020-11-29T16:07:08+00:00","og_image":[{"width":458,"height":340,"url":"https:\/\/nk7-testes.com.br\/agazeta\/wp-content\/uploads\/2020\/11\/29-11-20-19_anos_trafico.jpeg","type":"image\/jpeg"}],"author":"Agazeta.Net","twitter_card":"summary_large_image","twitter_misc":{"Escrito por":"Agazeta.Net"},"schema":{"@context":"https:\/\/schema.org","@graph":[{"@type":"WebPage","@id":"https:\/\/nk7-testes.com.br\/agazeta\/suspeito-de-19-anos-e-preso-por-trafico-de-drogas-neste-sabado\/","url":"https:\/\/nk7-testes.com.br\/agazeta\/suspeito-de-19-anos-e-preso-por-trafico-de-drogas-neste-sabado\/","name":"Suspeito de 19 anos \u00e9 preso por tr\u00e1fico de drogas neste s\u00e1bado - Agazeta.net","isPartOf":{"@id":"https:\/\/nk7-testes.com.br\/agazeta\/#website"},"primaryImageOfPage":{"@id":"https:\/\/nk7-testes.com.br\/agazeta\/suspeito-de-19-anos-e-preso-por-trafico-de-drogas-neste-sabado\/#primaryimage"},"image":{"@id":"https:\/\/nk7-testes.com.br\/agazeta\/suspeito-de-19-anos-e-preso-por-trafico-de-drogas-neste-sabado\/#primaryimage"},"thumbnailUrl":"https:\/\/nk7-testes.com.br\/agazeta\/wp-content\/uploads\/2020\/11\/29-11-20-19_anos_trafico.jpeg","datePublished":"2020-11-29T16:07:08+00:00","author":{"@id":"https:\/\/nk7-testes.com.br\/agazeta\/#\/schema\/person\/6d6e25cb0435eb4a02fd44d30b4e3020"},"breadcrumb":{"@id":"https:\/\/nk7-testes.com.br\/agazeta\/suspeito-de-19-anos-e-preso-por-trafico-de-drogas-neste-sabado\/#breadcrumb"},"inLanguage":"pt-BR","potentialAction":[{"@type":"ReadAction","target":["https:\/\/nk7-testes.com.br\/agazeta\/suspeito-de-19-anos-e-preso-por-trafico-de-drogas-neste-sabado\/"]}]},{"@type":"ImageObject","inLanguage":"pt-BR","@id":"https:\/\/nk7-testes.com.br\/agazeta\/suspeito-de-19-anos-e-preso-por-trafico-de-drogas-neste-sabado\/#primaryimage","url":"https:\/\/nk7-testes.com.br\/agazeta\/wp-content\/uploads\/2020\/11\/29-11-20-19_anos_trafico.jpeg","contentUrl":"https:\/\/nk7-testes.com.br\/agazeta\/wp-content\/uploads\/2020\/11\/29-11-20-19_anos_trafico.jpeg","width":458,"height":340,"caption":"29-11-20-19 anos trafico"},{"@type":"BreadcrumbList","@id":"https:\/\/nk7-testes.com.br\/agazeta\/suspeito-de-19-anos-e-preso-por-trafico-de-drogas-neste-sabado\/#breadcrumb","itemListElement":[{"@type":"ListItem","position":1,"name":"In\u00edcio","item":"https:\/\/nk7-testes.com.br\/agazeta\/"},{"@type":"ListItem","position":2,"name":"Suspeito de 19 anos \u00e9 preso por tr\u00e1fico de drogas neste s\u00e1bado"}]},{"@type":"WebSite","@id":"https:\/\/nk7-testes.com.br\/agazeta\/#website","url":"https:\/\/nk7-testes.com.br\/agazeta\/","name":"Agazeta.net","description":"Agazeta.net - Not\u00edcias de Rio Branco\/AC","potentialAction":[{"@type":"SearchAction","target":{"@type":"EntryPoint","urlTemplate":"https:\/\/nk7-testes.com.br\/agazeta\/?s={search_term_string}"},"query-input":{"@type":"PropertyValueSpecification","valueRequired":true,"valueName":"search_term_string"}}],"inLanguage":"pt-BR"},{"@type":"Person","@id":"https:\/\/nk7-testes.com.br\/agazeta\/#\/schema\/person\/6d6e25cb0435eb4a02fd44d30b4e3020","name":"Agazeta.Net","url":"https:\/\/nk7-testes.com.br\/agazeta\/author\/agazeta\/"}]}},"_links":{"self":[{"href":"https:\/\/nk7-testes.com.br\/agazeta\/wp-json\/wp\/v2\/posts\/51494","targetHints":{"allow":["GET"]}}],"collection":[{"href":"https:\/\/nk7-testes.com.br\/agazeta\/wp-json\/wp\/v2\/posts"}],"about":[{"href":"https:\/\/nk7-testes.com.br\/agazeta\/wp-json\/wp\/v2\/types\/post"}],"author":[{"embeddable":true,"href":"https:\/\/nk7-testes.com.br\/agazeta\/wp-json\/wp\/v2\/users\/4"}],"replies":[{"embeddable":true,"href":"https:\/\/nk7-testes.com.br\/agazeta\/wp-json\/wp\/v2\/comments?post=51494"}],"version-history":[{"count":0,"href":"https:\/\/nk7-testes.com.br\/agazeta\/wp-json\/wp\/v2\/posts\/51494\/revisions"}],"wp:featuredmedia":[{"embeddable":true,"href":"https:\/\/nk7-testes.com.br\/agazeta\/wp-json\/wp\/v2\/media\/51493"}],"wp:attachment":[{"href":"https:\/\/nk7-testes.com.br\/agazeta\/wp-json\/wp\/v2\/media?parent=51494"}],"wp:term":[{"taxonomy":"category","embeddable":true,"href":"https:\/\/nk7-testes.com.br\/agazeta\/wp-json\/wp\/v2\/categories?post=51494"},{"taxonomy":"post_tag","embeddable":true,"href":"https:\/\/nk7-testes.com.br\/agazeta\/wp-json\/wp\/v2\/tags?post=51494"}],"curies":[{"name":"wp","href":"https:\/\/api.w.org\/{rel}","templated":true}]}}