{"id":51364,"date":"2020-11-23T11:48:20","date_gmt":"2020-11-23T11:48:20","guid":{"rendered":"https:\/\/abarevegan.com.br\/index.php\/2020\/11\/23\/no-acre-mulher-e-morta-dentro-do-presidio-francisco-d-oliveira-conde\/"},"modified":"2020-11-23T11:48:20","modified_gmt":"2020-11-23T11:48:20","slug":"no-acre-mulher-e-morta-dentro-do-presidio-francisco-d-oliveira-conde","status":"publish","type":"post","link":"https:\/\/nk7-testes.com.br\/agazeta\/no-acre-mulher-e-morta-dentro-do-presidio-francisco-d-oliveira-conde\/","title":{"rendered":"No Acre, mulher \u00e9 morta dentro do pres\u00eddio Francisco d&#8217;Oliveira Conde"},"content":{"rendered":"<p style=\"text-align: justify;\">Detenta sofreu corte no pesco\u00e7o com l\u00e2minas<\/p>\n<p style=\"text-align: justify;\">O Instituto de Administra\u00e7\u00e3o Penitenci\u00e1ria (Iapen) informou por meio de nota que na manh\u00e3 deste domingo (22), foi registrado o \u00f3bito da presa Jamilly Ferreira Barbosa, de 39 anos, na ala prisional feminina do Complexo Penitenci\u00e1rio Francisco d&#8217;Oliveira Conde (FOC), em Rio Branco.<\/p>\n<p style=\"text-align: justify;\">Durante a contagem das presas, as policiais penais de plant\u00e3o n\u00e3o registraram nenhuma altera\u00e7\u00e3o. J\u00e1 no momento da verifica\u00e7\u00e3o de estrutura, as profissionais encontraram a detenta sem vida, com um corte no pesco\u00e7o. Ao questionar \u00e0s demais presas da cela, estas informaram que o corte havia sido feito com l\u00e2minas de aparelhos de barbear.<\/p>\n<p style=\"text-align: justify;\">O Servi\u00e7o de Atendimento M\u00f3vel de Urg\u00eancia (Samu) foi acionado, no entanto, ao chegar ao local, apenas foi poss\u00edvel registrar o \u00f3bito. As policiais penais acionaram o Instituto M\u00e9dico Legal (IML) para a realiza\u00e7\u00e3o da per\u00edcia t\u00e9cnica e procedimentos de costume.<\/p>\n<p style=\"text-align: justify;\">A detenta cumpria pena em uma cela com mais duas presas e foi encontrada morta com um corte no pesco\u00e7o. O Iapen aguarda a divulga\u00e7\u00e3o do laudo da per\u00edcia t\u00e9cnica que informar\u00e1 as reais circunst\u00e2ncias da ocorr\u00eancia do \u00f3bito, e informou que tomar\u00e1 medidas administrativas internas para apura\u00e7\u00e3o do ocorrido.<\/p>\n","protected":false},"excerpt":{"rendered":"<p style=\"text-align: justify;\">Detenta sofreu corte no pesco\u00e7o com l\u00e2minas<\/p>\n","protected":false},"author":4,"featured_media":51363,"comment_status":"open","ping_status":"open","sticky":false,"template":"","format":"standard","meta":{"jnews-multi-image_gallery":[],"jnews_single_post":[],"jnews_primary_category":[],"jnews_social_meta":[],"jnews_review":[],"enable_review":"","type":"","name":"","summary":"","brand":"","sku":"","good":[],"bad":[],"score_override":"","override_value":"","rating":[],"price":[],"footnotes":""},"categories":[44],"tags":[],"class_list":["post-51364","post","type-post","status-publish","format-standard","has-post-thumbnail","hentry","category-policia"],"yoast_head":"<!-- This site is optimized with the Yoast SEO plugin v26.5 - https:\/\/yoast.com\/wordpress\/plugins\/seo\/ -->\n<title>No Acre, mulher \u00e9 morta dentro do pres\u00eddio Francisco d&#039;Oliveira Conde - Agazeta.net<\/title>\n<meta name=\"robots\" content=\"index, follow, max-snippet:-1, max-image-preview:large, max-video-preview:-1\" \/>\n<link rel=\"canonical\" href=\"https:\/\/nk7-testes.com.br\/agazeta\/no-acre-mulher-e-morta-dentro-do-presidio-francisco-d-oliveira-conde\/\" \/>\n<meta property=\"og:locale\" content=\"pt_BR\" \/>\n<meta property=\"og:type\" content=\"article\" \/>\n<meta property=\"og:title\" content=\"No Acre, mulher \u00e9 morta dentro do pres\u00eddio Francisco d&#039;Oliveira Conde - Agazeta.net\" \/>\n<meta property=\"og:description\" content=\"Detenta sofreu corte no pesco\u00e7o com l\u00e2minas\" \/>\n<meta property=\"og:url\" content=\"https:\/\/nk7-testes.com.br\/agazeta\/no-acre-mulher-e-morta-dentro-do-presidio-francisco-d-oliveira-conde\/\" \/>\n<meta property=\"og:site_name\" content=\"Agazeta.net\" \/>\n<meta property=\"article:published_time\" content=\"2020-11-23T11:48:20+00:00\" \/>\n<meta property=\"og:image\" content=\"https:\/\/nk7-testes.com.br\/agazeta\/wp-content\/uploads\/2020\/11\/23-11-20-detenta-morta-presidio-de-rio-branco.jpeg\" \/>\n\t<meta property=\"og:image:width\" content=\"458\" \/>\n\t<meta property=\"og:image:height\" content=\"340\" \/>\n\t<meta property=\"og:image:type\" content=\"image\/jpeg\" \/>\n<meta name=\"author\" content=\"Agazeta.Net\" \/>\n<meta name=\"twitter:card\" content=\"summary_large_image\" \/>\n<meta name=\"twitter:label1\" content=\"Escrito por\" \/>\n\t<meta name=\"twitter:data1\" content=\"Agazeta.Net\" \/>\n\t<meta name=\"twitter:label2\" content=\"Est. tempo de leitura\" \/>\n\t<meta name=\"twitter:data2\" content=\"1 minuto\" \/>\n<script type=\"application\/ld+json\" class=\"yoast-schema-graph\">{\"@context\":\"https:\/\/schema.org\",\"@graph\":[{\"@type\":\"WebPage\",\"@id\":\"https:\/\/nk7-testes.com.br\/agazeta\/no-acre-mulher-e-morta-dentro-do-presidio-francisco-d-oliveira-conde\/\",\"url\":\"https:\/\/nk7-testes.com.br\/agazeta\/no-acre-mulher-e-morta-dentro-do-presidio-francisco-d-oliveira-conde\/\",\"name\":\"No Acre, mulher \u00e9 morta dentro do pres\u00eddio Francisco d'Oliveira Conde - Agazeta.net\",\"isPartOf\":{\"@id\":\"https:\/\/nk7-testes.com.br\/agazeta\/#website\"},\"primaryImageOfPage\":{\"@id\":\"https:\/\/nk7-testes.com.br\/agazeta\/no-acre-mulher-e-morta-dentro-do-presidio-francisco-d-oliveira-conde\/#primaryimage\"},\"image\":{\"@id\":\"https:\/\/nk7-testes.com.br\/agazeta\/no-acre-mulher-e-morta-dentro-do-presidio-francisco-d-oliveira-conde\/#primaryimage\"},\"thumbnailUrl\":\"https:\/\/nk7-testes.com.br\/agazeta\/wp-content\/uploads\/2020\/11\/23-11-20-detenta-morta-presidio-de-rio-branco.jpeg\",\"datePublished\":\"2020-11-23T11:48:20+00:00\",\"author\":{\"@id\":\"https:\/\/nk7-testes.com.br\/agazeta\/#\/schema\/person\/6d6e25cb0435eb4a02fd44d30b4e3020\"},\"breadcrumb\":{\"@id\":\"https:\/\/nk7-testes.com.br\/agazeta\/no-acre-mulher-e-morta-dentro-do-presidio-francisco-d-oliveira-conde\/#breadcrumb\"},\"inLanguage\":\"pt-BR\",\"potentialAction\":[{\"@type\":\"ReadAction\",\"target\":[\"https:\/\/nk7-testes.com.br\/agazeta\/no-acre-mulher-e-morta-dentro-do-presidio-francisco-d-oliveira-conde\/\"]}]},{\"@type\":\"ImageObject\",\"inLanguage\":\"pt-BR\",\"@id\":\"https:\/\/nk7-testes.com.br\/agazeta\/no-acre-mulher-e-morta-dentro-do-presidio-francisco-d-oliveira-conde\/#primaryimage\",\"url\":\"https:\/\/nk7-testes.com.br\/agazeta\/wp-content\/uploads\/2020\/11\/23-11-20-detenta-morta-presidio-de-rio-branco.jpeg\",\"contentUrl\":\"https:\/\/nk7-testes.com.br\/agazeta\/wp-content\/uploads\/2020\/11\/23-11-20-detenta-morta-presidio-de-rio-branco.jpeg\",\"width\":458,\"height\":340,\"caption\":\"23-11-20-detenta-morta-presidio-de-rio-branco\"},{\"@type\":\"BreadcrumbList\",\"@id\":\"https:\/\/nk7-testes.com.br\/agazeta\/no-acre-mulher-e-morta-dentro-do-presidio-francisco-d-oliveira-conde\/#breadcrumb\",\"itemListElement\":[{\"@type\":\"ListItem\",\"position\":1,\"name\":\"In\u00edcio\",\"item\":\"https:\/\/nk7-testes.com.br\/agazeta\/\"},{\"@type\":\"ListItem\",\"position\":2,\"name\":\"No Acre, mulher \u00e9 morta dentro do pres\u00eddio Francisco d&#8217;Oliveira Conde\"}]},{\"@type\":\"WebSite\",\"@id\":\"https:\/\/nk7-testes.com.br\/agazeta\/#website\",\"url\":\"https:\/\/nk7-testes.com.br\/agazeta\/\",\"name\":\"Agazeta.net\",\"description\":\"Agazeta.net - Not\u00edcias de Rio Branco\/AC\",\"potentialAction\":[{\"@type\":\"SearchAction\",\"target\":{\"@type\":\"EntryPoint\",\"urlTemplate\":\"https:\/\/nk7-testes.com.br\/agazeta\/?s={search_term_string}\"},\"query-input\":{\"@type\":\"PropertyValueSpecification\",\"valueRequired\":true,\"valueName\":\"search_term_string\"}}],\"inLanguage\":\"pt-BR\"},{\"@type\":\"Person\",\"@id\":\"https:\/\/nk7-testes.com.br\/agazeta\/#\/schema\/person\/6d6e25cb0435eb4a02fd44d30b4e3020\",\"name\":\"Agazeta.Net\",\"url\":\"https:\/\/nk7-testes.com.br\/agazeta\/author\/agazeta\/\"}]}<\/script>\n<!-- \/ Yoast SEO plugin. -->","yoast_head_json":{"title":"No Acre, mulher \u00e9 morta dentro do pres\u00eddio Francisco d'Oliveira Conde - Agazeta.net","robots":{"index":"index","follow":"follow","max-snippet":"max-snippet:-1","max-image-preview":"max-image-preview:large","max-video-preview":"max-video-preview:-1"},"canonical":"https:\/\/nk7-testes.com.br\/agazeta\/no-acre-mulher-e-morta-dentro-do-presidio-francisco-d-oliveira-conde\/","og_locale":"pt_BR","og_type":"article","og_title":"No Acre, mulher \u00e9 morta dentro do pres\u00eddio Francisco d'Oliveira Conde - Agazeta.net","og_description":"Detenta sofreu corte no pesco\u00e7o com l\u00e2minas","og_url":"https:\/\/nk7-testes.com.br\/agazeta\/no-acre-mulher-e-morta-dentro-do-presidio-francisco-d-oliveira-conde\/","og_site_name":"Agazeta.net","article_published_time":"2020-11-23T11:48:20+00:00","og_image":[{"width":458,"height":340,"url":"https:\/\/nk7-testes.com.br\/agazeta\/wp-content\/uploads\/2020\/11\/23-11-20-detenta-morta-presidio-de-rio-branco.jpeg","type":"image\/jpeg"}],"author":"Agazeta.Net","twitter_card":"summary_large_image","twitter_misc":{"Escrito por":"Agazeta.Net","Est. tempo de leitura":"1 minuto"},"schema":{"@context":"https:\/\/schema.org","@graph":[{"@type":"WebPage","@id":"https:\/\/nk7-testes.com.br\/agazeta\/no-acre-mulher-e-morta-dentro-do-presidio-francisco-d-oliveira-conde\/","url":"https:\/\/nk7-testes.com.br\/agazeta\/no-acre-mulher-e-morta-dentro-do-presidio-francisco-d-oliveira-conde\/","name":"No Acre, mulher \u00e9 morta dentro do pres\u00eddio Francisco d'Oliveira Conde - Agazeta.net","isPartOf":{"@id":"https:\/\/nk7-testes.com.br\/agazeta\/#website"},"primaryImageOfPage":{"@id":"https:\/\/nk7-testes.com.br\/agazeta\/no-acre-mulher-e-morta-dentro-do-presidio-francisco-d-oliveira-conde\/#primaryimage"},"image":{"@id":"https:\/\/nk7-testes.com.br\/agazeta\/no-acre-mulher-e-morta-dentro-do-presidio-francisco-d-oliveira-conde\/#primaryimage"},"thumbnailUrl":"https:\/\/nk7-testes.com.br\/agazeta\/wp-content\/uploads\/2020\/11\/23-11-20-detenta-morta-presidio-de-rio-branco.jpeg","datePublished":"2020-11-23T11:48:20+00:00","author":{"@id":"https:\/\/nk7-testes.com.br\/agazeta\/#\/schema\/person\/6d6e25cb0435eb4a02fd44d30b4e3020"},"breadcrumb":{"@id":"https:\/\/nk7-testes.com.br\/agazeta\/no-acre-mulher-e-morta-dentro-do-presidio-francisco-d-oliveira-conde\/#breadcrumb"},"inLanguage":"pt-BR","potentialAction":[{"@type":"ReadAction","target":["https:\/\/nk7-testes.com.br\/agazeta\/no-acre-mulher-e-morta-dentro-do-presidio-francisco-d-oliveira-conde\/"]}]},{"@type":"ImageObject","inLanguage":"pt-BR","@id":"https:\/\/nk7-testes.com.br\/agazeta\/no-acre-mulher-e-morta-dentro-do-presidio-francisco-d-oliveira-conde\/#primaryimage","url":"https:\/\/nk7-testes.com.br\/agazeta\/wp-content\/uploads\/2020\/11\/23-11-20-detenta-morta-presidio-de-rio-branco.jpeg","contentUrl":"https:\/\/nk7-testes.com.br\/agazeta\/wp-content\/uploads\/2020\/11\/23-11-20-detenta-morta-presidio-de-rio-branco.jpeg","width":458,"height":340,"caption":"23-11-20-detenta-morta-presidio-de-rio-branco"},{"@type":"BreadcrumbList","@id":"https:\/\/nk7-testes.com.br\/agazeta\/no-acre-mulher-e-morta-dentro-do-presidio-francisco-d-oliveira-conde\/#breadcrumb","itemListElement":[{"@type":"ListItem","position":1,"name":"In\u00edcio","item":"https:\/\/nk7-testes.com.br\/agazeta\/"},{"@type":"ListItem","position":2,"name":"No Acre, mulher \u00e9 morta dentro do pres\u00eddio Francisco d&#8217;Oliveira Conde"}]},{"@type":"WebSite","@id":"https:\/\/nk7-testes.com.br\/agazeta\/#website","url":"https:\/\/nk7-testes.com.br\/agazeta\/","name":"Agazeta.net","description":"Agazeta.net - Not\u00edcias de Rio Branco\/AC","potentialAction":[{"@type":"SearchAction","target":{"@type":"EntryPoint","urlTemplate":"https:\/\/nk7-testes.com.br\/agazeta\/?s={search_term_string}"},"query-input":{"@type":"PropertyValueSpecification","valueRequired":true,"valueName":"search_term_string"}}],"inLanguage":"pt-BR"},{"@type":"Person","@id":"https:\/\/nk7-testes.com.br\/agazeta\/#\/schema\/person\/6d6e25cb0435eb4a02fd44d30b4e3020","name":"Agazeta.Net","url":"https:\/\/nk7-testes.com.br\/agazeta\/author\/agazeta\/"}]}},"_links":{"self":[{"href":"https:\/\/nk7-testes.com.br\/agazeta\/wp-json\/wp\/v2\/posts\/51364","targetHints":{"allow":["GET"]}}],"collection":[{"href":"https:\/\/nk7-testes.com.br\/agazeta\/wp-json\/wp\/v2\/posts"}],"about":[{"href":"https:\/\/nk7-testes.com.br\/agazeta\/wp-json\/wp\/v2\/types\/post"}],"author":[{"embeddable":true,"href":"https:\/\/nk7-testes.com.br\/agazeta\/wp-json\/wp\/v2\/users\/4"}],"replies":[{"embeddable":true,"href":"https:\/\/nk7-testes.com.br\/agazeta\/wp-json\/wp\/v2\/comments?post=51364"}],"version-history":[{"count":0,"href":"https:\/\/nk7-testes.com.br\/agazeta\/wp-json\/wp\/v2\/posts\/51364\/revisions"}],"wp:featuredmedia":[{"embeddable":true,"href":"https:\/\/nk7-testes.com.br\/agazeta\/wp-json\/wp\/v2\/media\/51363"}],"wp:attachment":[{"href":"https:\/\/nk7-testes.com.br\/agazeta\/wp-json\/wp\/v2\/media?parent=51364"}],"wp:term":[{"taxonomy":"category","embeddable":true,"href":"https:\/\/nk7-testes.com.br\/agazeta\/wp-json\/wp\/v2\/categories?post=51364"},{"taxonomy":"post_tag","embeddable":true,"href":"https:\/\/nk7-testes.com.br\/agazeta\/wp-json\/wp\/v2\/tags?post=51364"}],"curies":[{"name":"wp","href":"https:\/\/api.w.org\/{rel}","templated":true}]}}