{"id":51362,"date":"2020-11-23T11:27:55","date_gmt":"2020-11-23T11:27:55","guid":{"rendered":"https:\/\/abarevegan.com.br\/index.php\/2020\/11\/23\/acidente-de-transito-no-bairro-da-paz-deixa-motociclista-em-estado-grave\/"},"modified":"2020-11-23T11:27:55","modified_gmt":"2020-11-23T11:27:55","slug":"acidente-de-transito-no-bairro-da-paz-deixa-motociclista-em-estado-grave","status":"publish","type":"post","link":"https:\/\/nk7-testes.com.br\/agazeta\/acidente-de-transito-no-bairro-da-paz-deixa-motociclista-em-estado-grave\/","title":{"rendered":"Acidente de tr\u00e2nsito deixa motociclista em estado grave"},"content":{"rendered":"<p style=\"text-align: justify;\">Carro que trafegava na contram\u00e3o acertou a v\u00edtima<\/p>\n<p style=\"text-align: justify;\">Um homem ficou gravemente ferido na noite deste domingo (22), ap\u00f3s acidente de tr\u00e2nsito envolvendo uma motocicleta e um autom\u00f3vel, no bairro da Paz, em Rio Branco.<\/p>\n<p style=\"text-align: justify;\">A v\u00edtima, identificada apenas por Paulo, seguia de motocicleta na rua Valdomiro Lopes quando um carro saiu de uma rua transversal, na contram\u00e3o, e acertou em cheio o motociclista.<\/p>\n<p style=\"text-align: justify;\">Paulo foi socorrido pelo Servi\u00e7o de Atendimento M\u00f3vel de Urg\u00eancia (Samu) e encaminhado ao Pronto-Socorro de Rio Branco em estado de sa\u00fade considerado grave, segundo a equipe m\u00e9dica.<\/p>\n","protected":false},"excerpt":{"rendered":"<p style=\"text-align: justify;\">Carro que trafegava na contram\u00e3o acertou a v\u00edtima<\/p>\n","protected":false},"author":4,"featured_media":51361,"comment_status":"open","ping_status":"open","sticky":false,"template":"","format":"standard","meta":{"jnews-multi-image_gallery":[],"jnews_single_post":[],"jnews_primary_category":[],"jnews_social_meta":[],"jnews_review":[],"enable_review":"","type":"","name":"","summary":"","brand":"","sku":"","good":[],"bad":[],"score_override":"","override_value":"","rating":[],"price":[],"footnotes":""},"categories":[44],"tags":[],"class_list":["post-51362","post","type-post","status-publish","format-standard","has-post-thumbnail","hentry","category-policia"],"yoast_head":"<!-- This site is optimized with the Yoast SEO plugin v26.5 - https:\/\/yoast.com\/wordpress\/plugins\/seo\/ -->\n<title>Acidente de tr\u00e2nsito deixa motociclista em estado grave - Agazeta.net<\/title>\n<meta name=\"robots\" content=\"index, follow, max-snippet:-1, max-image-preview:large, max-video-preview:-1\" \/>\n<link rel=\"canonical\" href=\"https:\/\/nk7-testes.com.br\/agazeta\/acidente-de-transito-no-bairro-da-paz-deixa-motociclista-em-estado-grave\/\" \/>\n<meta property=\"og:locale\" content=\"pt_BR\" \/>\n<meta property=\"og:type\" content=\"article\" \/>\n<meta property=\"og:title\" content=\"Acidente de tr\u00e2nsito deixa motociclista em estado grave - Agazeta.net\" \/>\n<meta property=\"og:description\" content=\"Carro que trafegava na contram\u00e3o acertou a v\u00edtima\" \/>\n<meta property=\"og:url\" content=\"https:\/\/nk7-testes.com.br\/agazeta\/acidente-de-transito-no-bairro-da-paz-deixa-motociclista-em-estado-grave\/\" \/>\n<meta property=\"og:site_name\" content=\"Agazeta.net\" \/>\n<meta property=\"article:published_time\" content=\"2020-11-23T11:27:55+00:00\" \/>\n<meta property=\"og:image\" content=\"https:\/\/nk7-testes.com.br\/agazeta\/wp-content\/uploads\/2020\/11\/23-11-20-acidente-de-transito-valdomiro-lopes.jpeg\" \/>\n\t<meta property=\"og:image:width\" content=\"458\" \/>\n\t<meta property=\"og:image:height\" content=\"340\" \/>\n\t<meta property=\"og:image:type\" content=\"image\/jpeg\" \/>\n<meta name=\"author\" content=\"Agazeta.Net\" \/>\n<meta name=\"twitter:card\" content=\"summary_large_image\" \/>\n<meta name=\"twitter:label1\" content=\"Escrito por\" \/>\n\t<meta name=\"twitter:data1\" content=\"Agazeta.Net\" \/>\n\t<meta name=\"twitter:label2\" content=\"Est. tempo de leitura\" \/>\n\t<meta name=\"twitter:data2\" content=\"1 minuto\" \/>\n<script type=\"application\/ld+json\" class=\"yoast-schema-graph\">{\"@context\":\"https:\/\/schema.org\",\"@graph\":[{\"@type\":\"WebPage\",\"@id\":\"https:\/\/nk7-testes.com.br\/agazeta\/acidente-de-transito-no-bairro-da-paz-deixa-motociclista-em-estado-grave\/\",\"url\":\"https:\/\/nk7-testes.com.br\/agazeta\/acidente-de-transito-no-bairro-da-paz-deixa-motociclista-em-estado-grave\/\",\"name\":\"Acidente de tr\u00e2nsito deixa motociclista em estado grave - Agazeta.net\",\"isPartOf\":{\"@id\":\"https:\/\/nk7-testes.com.br\/agazeta\/#website\"},\"primaryImageOfPage\":{\"@id\":\"https:\/\/nk7-testes.com.br\/agazeta\/acidente-de-transito-no-bairro-da-paz-deixa-motociclista-em-estado-grave\/#primaryimage\"},\"image\":{\"@id\":\"https:\/\/nk7-testes.com.br\/agazeta\/acidente-de-transito-no-bairro-da-paz-deixa-motociclista-em-estado-grave\/#primaryimage\"},\"thumbnailUrl\":\"https:\/\/nk7-testes.com.br\/agazeta\/wp-content\/uploads\/2020\/11\/23-11-20-acidente-de-transito-valdomiro-lopes.jpeg\",\"datePublished\":\"2020-11-23T11:27:55+00:00\",\"author\":{\"@id\":\"https:\/\/nk7-testes.com.br\/agazeta\/#\/schema\/person\/6d6e25cb0435eb4a02fd44d30b4e3020\"},\"breadcrumb\":{\"@id\":\"https:\/\/nk7-testes.com.br\/agazeta\/acidente-de-transito-no-bairro-da-paz-deixa-motociclista-em-estado-grave\/#breadcrumb\"},\"inLanguage\":\"pt-BR\",\"potentialAction\":[{\"@type\":\"ReadAction\",\"target\":[\"https:\/\/nk7-testes.com.br\/agazeta\/acidente-de-transito-no-bairro-da-paz-deixa-motociclista-em-estado-grave\/\"]}]},{\"@type\":\"ImageObject\",\"inLanguage\":\"pt-BR\",\"@id\":\"https:\/\/nk7-testes.com.br\/agazeta\/acidente-de-transito-no-bairro-da-paz-deixa-motociclista-em-estado-grave\/#primaryimage\",\"url\":\"https:\/\/nk7-testes.com.br\/agazeta\/wp-content\/uploads\/2020\/11\/23-11-20-acidente-de-transito-valdomiro-lopes.jpeg\",\"contentUrl\":\"https:\/\/nk7-testes.com.br\/agazeta\/wp-content\/uploads\/2020\/11\/23-11-20-acidente-de-transito-valdomiro-lopes.jpeg\",\"width\":458,\"height\":340,\"caption\":\"23-11-20-acidente-de-transito-valdomiro-lopes\"},{\"@type\":\"BreadcrumbList\",\"@id\":\"https:\/\/nk7-testes.com.br\/agazeta\/acidente-de-transito-no-bairro-da-paz-deixa-motociclista-em-estado-grave\/#breadcrumb\",\"itemListElement\":[{\"@type\":\"ListItem\",\"position\":1,\"name\":\"In\u00edcio\",\"item\":\"https:\/\/nk7-testes.com.br\/agazeta\/\"},{\"@type\":\"ListItem\",\"position\":2,\"name\":\"Acidente de tr\u00e2nsito deixa motociclista em estado grave\"}]},{\"@type\":\"WebSite\",\"@id\":\"https:\/\/nk7-testes.com.br\/agazeta\/#website\",\"url\":\"https:\/\/nk7-testes.com.br\/agazeta\/\",\"name\":\"Agazeta.net\",\"description\":\"Agazeta.net - Not\u00edcias de Rio Branco\/AC\",\"potentialAction\":[{\"@type\":\"SearchAction\",\"target\":{\"@type\":\"EntryPoint\",\"urlTemplate\":\"https:\/\/nk7-testes.com.br\/agazeta\/?s={search_term_string}\"},\"query-input\":{\"@type\":\"PropertyValueSpecification\",\"valueRequired\":true,\"valueName\":\"search_term_string\"}}],\"inLanguage\":\"pt-BR\"},{\"@type\":\"Person\",\"@id\":\"https:\/\/nk7-testes.com.br\/agazeta\/#\/schema\/person\/6d6e25cb0435eb4a02fd44d30b4e3020\",\"name\":\"Agazeta.Net\",\"url\":\"https:\/\/nk7-testes.com.br\/agazeta\/author\/agazeta\/\"}]}<\/script>\n<!-- \/ Yoast SEO plugin. -->","yoast_head_json":{"title":"Acidente de tr\u00e2nsito deixa motociclista em estado grave - Agazeta.net","robots":{"index":"index","follow":"follow","max-snippet":"max-snippet:-1","max-image-preview":"max-image-preview:large","max-video-preview":"max-video-preview:-1"},"canonical":"https:\/\/nk7-testes.com.br\/agazeta\/acidente-de-transito-no-bairro-da-paz-deixa-motociclista-em-estado-grave\/","og_locale":"pt_BR","og_type":"article","og_title":"Acidente de tr\u00e2nsito deixa motociclista em estado grave - Agazeta.net","og_description":"Carro que trafegava na contram\u00e3o acertou a v\u00edtima","og_url":"https:\/\/nk7-testes.com.br\/agazeta\/acidente-de-transito-no-bairro-da-paz-deixa-motociclista-em-estado-grave\/","og_site_name":"Agazeta.net","article_published_time":"2020-11-23T11:27:55+00:00","og_image":[{"width":458,"height":340,"url":"https:\/\/nk7-testes.com.br\/agazeta\/wp-content\/uploads\/2020\/11\/23-11-20-acidente-de-transito-valdomiro-lopes.jpeg","type":"image\/jpeg"}],"author":"Agazeta.Net","twitter_card":"summary_large_image","twitter_misc":{"Escrito por":"Agazeta.Net","Est. tempo de leitura":"1 minuto"},"schema":{"@context":"https:\/\/schema.org","@graph":[{"@type":"WebPage","@id":"https:\/\/nk7-testes.com.br\/agazeta\/acidente-de-transito-no-bairro-da-paz-deixa-motociclista-em-estado-grave\/","url":"https:\/\/nk7-testes.com.br\/agazeta\/acidente-de-transito-no-bairro-da-paz-deixa-motociclista-em-estado-grave\/","name":"Acidente de tr\u00e2nsito deixa motociclista em estado grave - Agazeta.net","isPartOf":{"@id":"https:\/\/nk7-testes.com.br\/agazeta\/#website"},"primaryImageOfPage":{"@id":"https:\/\/nk7-testes.com.br\/agazeta\/acidente-de-transito-no-bairro-da-paz-deixa-motociclista-em-estado-grave\/#primaryimage"},"image":{"@id":"https:\/\/nk7-testes.com.br\/agazeta\/acidente-de-transito-no-bairro-da-paz-deixa-motociclista-em-estado-grave\/#primaryimage"},"thumbnailUrl":"https:\/\/nk7-testes.com.br\/agazeta\/wp-content\/uploads\/2020\/11\/23-11-20-acidente-de-transito-valdomiro-lopes.jpeg","datePublished":"2020-11-23T11:27:55+00:00","author":{"@id":"https:\/\/nk7-testes.com.br\/agazeta\/#\/schema\/person\/6d6e25cb0435eb4a02fd44d30b4e3020"},"breadcrumb":{"@id":"https:\/\/nk7-testes.com.br\/agazeta\/acidente-de-transito-no-bairro-da-paz-deixa-motociclista-em-estado-grave\/#breadcrumb"},"inLanguage":"pt-BR","potentialAction":[{"@type":"ReadAction","target":["https:\/\/nk7-testes.com.br\/agazeta\/acidente-de-transito-no-bairro-da-paz-deixa-motociclista-em-estado-grave\/"]}]},{"@type":"ImageObject","inLanguage":"pt-BR","@id":"https:\/\/nk7-testes.com.br\/agazeta\/acidente-de-transito-no-bairro-da-paz-deixa-motociclista-em-estado-grave\/#primaryimage","url":"https:\/\/nk7-testes.com.br\/agazeta\/wp-content\/uploads\/2020\/11\/23-11-20-acidente-de-transito-valdomiro-lopes.jpeg","contentUrl":"https:\/\/nk7-testes.com.br\/agazeta\/wp-content\/uploads\/2020\/11\/23-11-20-acidente-de-transito-valdomiro-lopes.jpeg","width":458,"height":340,"caption":"23-11-20-acidente-de-transito-valdomiro-lopes"},{"@type":"BreadcrumbList","@id":"https:\/\/nk7-testes.com.br\/agazeta\/acidente-de-transito-no-bairro-da-paz-deixa-motociclista-em-estado-grave\/#breadcrumb","itemListElement":[{"@type":"ListItem","position":1,"name":"In\u00edcio","item":"https:\/\/nk7-testes.com.br\/agazeta\/"},{"@type":"ListItem","position":2,"name":"Acidente de tr\u00e2nsito deixa motociclista em estado grave"}]},{"@type":"WebSite","@id":"https:\/\/nk7-testes.com.br\/agazeta\/#website","url":"https:\/\/nk7-testes.com.br\/agazeta\/","name":"Agazeta.net","description":"Agazeta.net - Not\u00edcias de Rio Branco\/AC","potentialAction":[{"@type":"SearchAction","target":{"@type":"EntryPoint","urlTemplate":"https:\/\/nk7-testes.com.br\/agazeta\/?s={search_term_string}"},"query-input":{"@type":"PropertyValueSpecification","valueRequired":true,"valueName":"search_term_string"}}],"inLanguage":"pt-BR"},{"@type":"Person","@id":"https:\/\/nk7-testes.com.br\/agazeta\/#\/schema\/person\/6d6e25cb0435eb4a02fd44d30b4e3020","name":"Agazeta.Net","url":"https:\/\/nk7-testes.com.br\/agazeta\/author\/agazeta\/"}]}},"_links":{"self":[{"href":"https:\/\/nk7-testes.com.br\/agazeta\/wp-json\/wp\/v2\/posts\/51362","targetHints":{"allow":["GET"]}}],"collection":[{"href":"https:\/\/nk7-testes.com.br\/agazeta\/wp-json\/wp\/v2\/posts"}],"about":[{"href":"https:\/\/nk7-testes.com.br\/agazeta\/wp-json\/wp\/v2\/types\/post"}],"author":[{"embeddable":true,"href":"https:\/\/nk7-testes.com.br\/agazeta\/wp-json\/wp\/v2\/users\/4"}],"replies":[{"embeddable":true,"href":"https:\/\/nk7-testes.com.br\/agazeta\/wp-json\/wp\/v2\/comments?post=51362"}],"version-history":[{"count":0,"href":"https:\/\/nk7-testes.com.br\/agazeta\/wp-json\/wp\/v2\/posts\/51362\/revisions"}],"wp:featuredmedia":[{"embeddable":true,"href":"https:\/\/nk7-testes.com.br\/agazeta\/wp-json\/wp\/v2\/media\/51361"}],"wp:attachment":[{"href":"https:\/\/nk7-testes.com.br\/agazeta\/wp-json\/wp\/v2\/media?parent=51362"}],"wp:term":[{"taxonomy":"category","embeddable":true,"href":"https:\/\/nk7-testes.com.br\/agazeta\/wp-json\/wp\/v2\/categories?post=51362"},{"taxonomy":"post_tag","embeddable":true,"href":"https:\/\/nk7-testes.com.br\/agazeta\/wp-json\/wp\/v2\/tags?post=51362"}],"curies":[{"name":"wp","href":"https:\/\/api.w.org\/{rel}","templated":true}]}}