{"id":51339,"date":"2020-11-20T12:21:40","date_gmt":"2020-11-20T12:21:40","guid":{"rendered":"https:\/\/abarevegan.com.br\/index.php\/2020\/11\/20\/dupla-e-presa-por-trafico-de-drogas-e-porte-ilegal-de-arma-no-joafra\/"},"modified":"2020-11-20T12:21:40","modified_gmt":"2020-11-20T12:21:40","slug":"dupla-e-presa-por-trafico-de-drogas-e-porte-ilegal-de-arma-no-joafra","status":"publish","type":"post","link":"https:\/\/nk7-testes.com.br\/agazeta\/dupla-e-presa-por-trafico-de-drogas-e-porte-ilegal-de-arma-no-joafra\/","title":{"rendered":"Dupla \u00e9 presa por tr\u00e1fico e porte ilegal de arma de fogo"},"content":{"rendered":"<p style=\"text-align: justify;\">Com os suspeitos estavam ainda R$ 500 em esp\u00e9cie<\/p>\n<p style=\"text-align: justify;\">A Pol\u00edcia Civil, por meio da Delegacia de Repress\u00e3o ao Narcotr\u00e1fico (Denarc), cumpriu mandado de busca e apreens\u00e3o na manh\u00e3 desta quinta-feira (19), no bairro Joafra e prendeu dois jovens de 22 e 21 anos, por tr\u00e1fico de drogas e porte ilegal de arma de fogo.<\/p>\n<p style=\"text-align: justify;\">Com eles foram encontrados mais de 100 por\u00e7\u00f5es de skunk, 600 gramas de maconha, mais de 20 barrinhas de maconha, 20 trouxinhas de coca\u00edna, cerca de 100 gramas de coca\u00edna tipo escama de peixe, um rev\u00f3lver calibre .38 com muni\u00e7\u00f5es, material para preparo e embalo de droga, mais de R$ 500 em esp\u00e9cie e um ve\u00edculo Ford Ka 2019.<\/p>\n<p style=\"text-align: justify;\">De acordo com o delegado respons\u00e1vel pela a\u00e7\u00e3o, Karlesso Nespoli, a investiga\u00e7\u00e3o continua no sentido de identificar e prender mais envolvidos com tr\u00e1fico de drogas na regi\u00e3o. Os suspeitos foram conduzidos \u00e0 delegacia para procedimento praxe e em seguida colocados \u00e0 disposi\u00e7\u00e3o da justi\u00e7a.<\/p>\n","protected":false},"excerpt":{"rendered":"<p style=\"text-align: justify;\">Com os suspeitos estavam ainda R$ 500 em esp\u00e9cie<\/p>\n","protected":false},"author":4,"featured_media":51338,"comment_status":"open","ping_status":"open","sticky":false,"template":"","format":"standard","meta":{"jnews-multi-image_gallery":[],"jnews_single_post":[],"jnews_primary_category":[],"jnews_social_meta":[],"jnews_review":[],"enable_review":"","type":"","name":"","summary":"","brand":"","sku":"","good":[],"bad":[],"score_override":"","override_value":"","rating":[],"price":[],"footnotes":""},"categories":[44],"tags":[],"class_list":["post-51339","post","type-post","status-publish","format-standard","has-post-thumbnail","hentry","category-policia"],"yoast_head":"<!-- This site is optimized with the Yoast SEO plugin v26.5 - https:\/\/yoast.com\/wordpress\/plugins\/seo\/ -->\n<title>Dupla \u00e9 presa por tr\u00e1fico e porte ilegal de arma de fogo - Agazeta.net<\/title>\n<meta name=\"robots\" content=\"index, follow, max-snippet:-1, max-image-preview:large, max-video-preview:-1\" \/>\n<link rel=\"canonical\" href=\"https:\/\/nk7-testes.com.br\/agazeta\/dupla-e-presa-por-trafico-de-drogas-e-porte-ilegal-de-arma-no-joafra\/\" \/>\n<meta property=\"og:locale\" content=\"pt_BR\" \/>\n<meta property=\"og:type\" content=\"article\" \/>\n<meta property=\"og:title\" content=\"Dupla \u00e9 presa por tr\u00e1fico e porte ilegal de arma de fogo - Agazeta.net\" \/>\n<meta property=\"og:description\" content=\"Com os suspeitos estavam ainda R$ 500 em esp\u00e9cie\" \/>\n<meta property=\"og:url\" content=\"https:\/\/nk7-testes.com.br\/agazeta\/dupla-e-presa-por-trafico-de-drogas-e-porte-ilegal-de-arma-no-joafra\/\" \/>\n<meta property=\"og:site_name\" content=\"Agazeta.net\" \/>\n<meta property=\"article:published_time\" content=\"2020-11-20T12:21:40+00:00\" \/>\n<meta property=\"og:image\" content=\"https:\/\/nk7-testes.com.br\/agazeta\/wp-content\/uploads\/2020\/11\/20-11-20-denarc-prisao-apreensao.jpeg\" \/>\n\t<meta property=\"og:image:width\" content=\"458\" \/>\n\t<meta property=\"og:image:height\" content=\"340\" \/>\n\t<meta property=\"og:image:type\" content=\"image\/jpeg\" \/>\n<meta name=\"author\" content=\"Agazeta.Net\" \/>\n<meta name=\"twitter:card\" content=\"summary_large_image\" \/>\n<meta name=\"twitter:label1\" content=\"Escrito por\" \/>\n\t<meta name=\"twitter:data1\" content=\"Agazeta.Net\" \/>\n\t<meta name=\"twitter:label2\" content=\"Est. tempo de leitura\" \/>\n\t<meta name=\"twitter:data2\" content=\"1 minuto\" \/>\n<script type=\"application\/ld+json\" class=\"yoast-schema-graph\">{\"@context\":\"https:\/\/schema.org\",\"@graph\":[{\"@type\":\"WebPage\",\"@id\":\"https:\/\/nk7-testes.com.br\/agazeta\/dupla-e-presa-por-trafico-de-drogas-e-porte-ilegal-de-arma-no-joafra\/\",\"url\":\"https:\/\/nk7-testes.com.br\/agazeta\/dupla-e-presa-por-trafico-de-drogas-e-porte-ilegal-de-arma-no-joafra\/\",\"name\":\"Dupla \u00e9 presa por tr\u00e1fico e porte ilegal de arma de fogo - Agazeta.net\",\"isPartOf\":{\"@id\":\"https:\/\/nk7-testes.com.br\/agazeta\/#website\"},\"primaryImageOfPage\":{\"@id\":\"https:\/\/nk7-testes.com.br\/agazeta\/dupla-e-presa-por-trafico-de-drogas-e-porte-ilegal-de-arma-no-joafra\/#primaryimage\"},\"image\":{\"@id\":\"https:\/\/nk7-testes.com.br\/agazeta\/dupla-e-presa-por-trafico-de-drogas-e-porte-ilegal-de-arma-no-joafra\/#primaryimage\"},\"thumbnailUrl\":\"https:\/\/nk7-testes.com.br\/agazeta\/wp-content\/uploads\/2020\/11\/20-11-20-denarc-prisao-apreensao.jpeg\",\"datePublished\":\"2020-11-20T12:21:40+00:00\",\"author\":{\"@id\":\"https:\/\/nk7-testes.com.br\/agazeta\/#\/schema\/person\/6d6e25cb0435eb4a02fd44d30b4e3020\"},\"breadcrumb\":{\"@id\":\"https:\/\/nk7-testes.com.br\/agazeta\/dupla-e-presa-por-trafico-de-drogas-e-porte-ilegal-de-arma-no-joafra\/#breadcrumb\"},\"inLanguage\":\"pt-BR\",\"potentialAction\":[{\"@type\":\"ReadAction\",\"target\":[\"https:\/\/nk7-testes.com.br\/agazeta\/dupla-e-presa-por-trafico-de-drogas-e-porte-ilegal-de-arma-no-joafra\/\"]}]},{\"@type\":\"ImageObject\",\"inLanguage\":\"pt-BR\",\"@id\":\"https:\/\/nk7-testes.com.br\/agazeta\/dupla-e-presa-por-trafico-de-drogas-e-porte-ilegal-de-arma-no-joafra\/#primaryimage\",\"url\":\"https:\/\/nk7-testes.com.br\/agazeta\/wp-content\/uploads\/2020\/11\/20-11-20-denarc-prisao-apreensao.jpeg\",\"contentUrl\":\"https:\/\/nk7-testes.com.br\/agazeta\/wp-content\/uploads\/2020\/11\/20-11-20-denarc-prisao-apreensao.jpeg\",\"width\":458,\"height\":340,\"caption\":\"20-11-20-denarc-prisao-apreensao\"},{\"@type\":\"BreadcrumbList\",\"@id\":\"https:\/\/nk7-testes.com.br\/agazeta\/dupla-e-presa-por-trafico-de-drogas-e-porte-ilegal-de-arma-no-joafra\/#breadcrumb\",\"itemListElement\":[{\"@type\":\"ListItem\",\"position\":1,\"name\":\"In\u00edcio\",\"item\":\"https:\/\/nk7-testes.com.br\/agazeta\/\"},{\"@type\":\"ListItem\",\"position\":2,\"name\":\"Dupla \u00e9 presa por tr\u00e1fico e porte ilegal de arma de fogo\"}]},{\"@type\":\"WebSite\",\"@id\":\"https:\/\/nk7-testes.com.br\/agazeta\/#website\",\"url\":\"https:\/\/nk7-testes.com.br\/agazeta\/\",\"name\":\"Agazeta.net\",\"description\":\"Agazeta.net - Not\u00edcias de Rio Branco\/AC\",\"potentialAction\":[{\"@type\":\"SearchAction\",\"target\":{\"@type\":\"EntryPoint\",\"urlTemplate\":\"https:\/\/nk7-testes.com.br\/agazeta\/?s={search_term_string}\"},\"query-input\":{\"@type\":\"PropertyValueSpecification\",\"valueRequired\":true,\"valueName\":\"search_term_string\"}}],\"inLanguage\":\"pt-BR\"},{\"@type\":\"Person\",\"@id\":\"https:\/\/nk7-testes.com.br\/agazeta\/#\/schema\/person\/6d6e25cb0435eb4a02fd44d30b4e3020\",\"name\":\"Agazeta.Net\",\"url\":\"https:\/\/nk7-testes.com.br\/agazeta\/author\/agazeta\/\"}]}<\/script>\n<!-- \/ Yoast SEO plugin. -->","yoast_head_json":{"title":"Dupla \u00e9 presa por tr\u00e1fico e porte ilegal de arma de fogo - Agazeta.net","robots":{"index":"index","follow":"follow","max-snippet":"max-snippet:-1","max-image-preview":"max-image-preview:large","max-video-preview":"max-video-preview:-1"},"canonical":"https:\/\/nk7-testes.com.br\/agazeta\/dupla-e-presa-por-trafico-de-drogas-e-porte-ilegal-de-arma-no-joafra\/","og_locale":"pt_BR","og_type":"article","og_title":"Dupla \u00e9 presa por tr\u00e1fico e porte ilegal de arma de fogo - Agazeta.net","og_description":"Com os suspeitos estavam ainda R$ 500 em esp\u00e9cie","og_url":"https:\/\/nk7-testes.com.br\/agazeta\/dupla-e-presa-por-trafico-de-drogas-e-porte-ilegal-de-arma-no-joafra\/","og_site_name":"Agazeta.net","article_published_time":"2020-11-20T12:21:40+00:00","og_image":[{"width":458,"height":340,"url":"https:\/\/nk7-testes.com.br\/agazeta\/wp-content\/uploads\/2020\/11\/20-11-20-denarc-prisao-apreensao.jpeg","type":"image\/jpeg"}],"author":"Agazeta.Net","twitter_card":"summary_large_image","twitter_misc":{"Escrito por":"Agazeta.Net","Est. tempo de leitura":"1 minuto"},"schema":{"@context":"https:\/\/schema.org","@graph":[{"@type":"WebPage","@id":"https:\/\/nk7-testes.com.br\/agazeta\/dupla-e-presa-por-trafico-de-drogas-e-porte-ilegal-de-arma-no-joafra\/","url":"https:\/\/nk7-testes.com.br\/agazeta\/dupla-e-presa-por-trafico-de-drogas-e-porte-ilegal-de-arma-no-joafra\/","name":"Dupla \u00e9 presa por tr\u00e1fico e porte ilegal de arma de fogo - Agazeta.net","isPartOf":{"@id":"https:\/\/nk7-testes.com.br\/agazeta\/#website"},"primaryImageOfPage":{"@id":"https:\/\/nk7-testes.com.br\/agazeta\/dupla-e-presa-por-trafico-de-drogas-e-porte-ilegal-de-arma-no-joafra\/#primaryimage"},"image":{"@id":"https:\/\/nk7-testes.com.br\/agazeta\/dupla-e-presa-por-trafico-de-drogas-e-porte-ilegal-de-arma-no-joafra\/#primaryimage"},"thumbnailUrl":"https:\/\/nk7-testes.com.br\/agazeta\/wp-content\/uploads\/2020\/11\/20-11-20-denarc-prisao-apreensao.jpeg","datePublished":"2020-11-20T12:21:40+00:00","author":{"@id":"https:\/\/nk7-testes.com.br\/agazeta\/#\/schema\/person\/6d6e25cb0435eb4a02fd44d30b4e3020"},"breadcrumb":{"@id":"https:\/\/nk7-testes.com.br\/agazeta\/dupla-e-presa-por-trafico-de-drogas-e-porte-ilegal-de-arma-no-joafra\/#breadcrumb"},"inLanguage":"pt-BR","potentialAction":[{"@type":"ReadAction","target":["https:\/\/nk7-testes.com.br\/agazeta\/dupla-e-presa-por-trafico-de-drogas-e-porte-ilegal-de-arma-no-joafra\/"]}]},{"@type":"ImageObject","inLanguage":"pt-BR","@id":"https:\/\/nk7-testes.com.br\/agazeta\/dupla-e-presa-por-trafico-de-drogas-e-porte-ilegal-de-arma-no-joafra\/#primaryimage","url":"https:\/\/nk7-testes.com.br\/agazeta\/wp-content\/uploads\/2020\/11\/20-11-20-denarc-prisao-apreensao.jpeg","contentUrl":"https:\/\/nk7-testes.com.br\/agazeta\/wp-content\/uploads\/2020\/11\/20-11-20-denarc-prisao-apreensao.jpeg","width":458,"height":340,"caption":"20-11-20-denarc-prisao-apreensao"},{"@type":"BreadcrumbList","@id":"https:\/\/nk7-testes.com.br\/agazeta\/dupla-e-presa-por-trafico-de-drogas-e-porte-ilegal-de-arma-no-joafra\/#breadcrumb","itemListElement":[{"@type":"ListItem","position":1,"name":"In\u00edcio","item":"https:\/\/nk7-testes.com.br\/agazeta\/"},{"@type":"ListItem","position":2,"name":"Dupla \u00e9 presa por tr\u00e1fico e porte ilegal de arma de fogo"}]},{"@type":"WebSite","@id":"https:\/\/nk7-testes.com.br\/agazeta\/#website","url":"https:\/\/nk7-testes.com.br\/agazeta\/","name":"Agazeta.net","description":"Agazeta.net - Not\u00edcias de Rio Branco\/AC","potentialAction":[{"@type":"SearchAction","target":{"@type":"EntryPoint","urlTemplate":"https:\/\/nk7-testes.com.br\/agazeta\/?s={search_term_string}"},"query-input":{"@type":"PropertyValueSpecification","valueRequired":true,"valueName":"search_term_string"}}],"inLanguage":"pt-BR"},{"@type":"Person","@id":"https:\/\/nk7-testes.com.br\/agazeta\/#\/schema\/person\/6d6e25cb0435eb4a02fd44d30b4e3020","name":"Agazeta.Net","url":"https:\/\/nk7-testes.com.br\/agazeta\/author\/agazeta\/"}]}},"_links":{"self":[{"href":"https:\/\/nk7-testes.com.br\/agazeta\/wp-json\/wp\/v2\/posts\/51339","targetHints":{"allow":["GET"]}}],"collection":[{"href":"https:\/\/nk7-testes.com.br\/agazeta\/wp-json\/wp\/v2\/posts"}],"about":[{"href":"https:\/\/nk7-testes.com.br\/agazeta\/wp-json\/wp\/v2\/types\/post"}],"author":[{"embeddable":true,"href":"https:\/\/nk7-testes.com.br\/agazeta\/wp-json\/wp\/v2\/users\/4"}],"replies":[{"embeddable":true,"href":"https:\/\/nk7-testes.com.br\/agazeta\/wp-json\/wp\/v2\/comments?post=51339"}],"version-history":[{"count":0,"href":"https:\/\/nk7-testes.com.br\/agazeta\/wp-json\/wp\/v2\/posts\/51339\/revisions"}],"wp:featuredmedia":[{"embeddable":true,"href":"https:\/\/nk7-testes.com.br\/agazeta\/wp-json\/wp\/v2\/media\/51338"}],"wp:attachment":[{"href":"https:\/\/nk7-testes.com.br\/agazeta\/wp-json\/wp\/v2\/media?parent=51339"}],"wp:term":[{"taxonomy":"category","embeddable":true,"href":"https:\/\/nk7-testes.com.br\/agazeta\/wp-json\/wp\/v2\/categories?post=51339"},{"taxonomy":"post_tag","embeddable":true,"href":"https:\/\/nk7-testes.com.br\/agazeta\/wp-json\/wp\/v2\/tags?post=51339"}],"curies":[{"name":"wp","href":"https:\/\/api.w.org\/{rel}","templated":true}]}}