{"id":51331,"date":"2020-11-19T14:40:41","date_gmt":"2020-11-19T14:40:41","guid":{"rendered":"https:\/\/abarevegan.com.br\/index.php\/2020\/11\/19\/mpac-pede-abertura-de-inquerito-para-apurar-morte-de-preso-no-foc\/"},"modified":"2020-11-19T14:40:41","modified_gmt":"2020-11-19T14:40:41","slug":"mpac-pede-abertura-de-inquerito-para-apurar-morte-de-preso-no-foc","status":"publish","type":"post","link":"https:\/\/nk7-testes.com.br\/agazeta\/mpac-pede-abertura-de-inquerito-para-apurar-morte-de-preso-no-foc\/","title":{"rendered":"MPAC pede abertura de inqu\u00e9rito para apurar morte de preso"},"content":{"rendered":"<p style=\"text-align: justify;\">Reeducando recebeu descarga el\u00e9trica e caiu de poste<\/p>\n<p style=\"text-align: justify;\">O detento Francisco Ferreira Cavalcante, de 37 anos, cumpria pena no pavilh\u00e3o R do complexo penitenci\u00e1rio Francisco d\u2019Oliveira Conde, mas no dia 5 de novembro subiu em um poste de energia da unidade prisional, recebeu uma descarga el\u00e9trica, caiu e em seguida morreu durante atendimento no Pronto-Socorro.<\/p>\n<p style=\"text-align: justify;\">De acordo com o Instituto de Administra\u00e7\u00e3o Penitenci\u00e1ria (Iapen), o reeducando possu\u00eda permiss\u00e3o para trabalho interno e fazia manuten\u00e7\u00f5es no pres\u00eddio. Agora, o Minist\u00e9rio P\u00fablico do Acre requer um inqu\u00e9rito policial para que se apurem as circunst\u00e2ncias em que Francisco subiu no poste de energia, tendo em vista que ele n\u00e3o estava munido de nenhum tipo de equipamento de prote\u00e7\u00e3o.<\/p>\n<p style=\"text-align: justify;\">O promotor de justi\u00e7a, Tales Tranin, ressalta a import\u00e2ncia do trabalho para quem est\u00e1 cumprindo pena at\u00e9 mesmo em regime fechado, mas pontua que \u00e9 responsabilidade do estado oferecer as condi\u00e7\u00f5es necess\u00e1rias para a realiza\u00e7\u00e3o de tal pr\u00e1tica.<\/p>\n<p style=\"text-align: justify;\">\u201cA gente percebe pelas imagens que ele estava com uma bermuda laranja e \u00e9 sabido que quem mexe com rede de alta tens\u00e3o precisa ter equipamentos necess\u00e1rios para lidar com isso, botina, cal\u00e7a, capacete, etc\u201d, afirmou o promotor.<\/p>\n<p style=\"text-align: justify;\">O inqu\u00e9rito policial possui prazo de 30 dias, pass\u00edvel de prorroga\u00e7\u00e3o. O objetivo \u00e9 identificar o que fato aconteceu para que situa\u00e7\u00f5es como essa n\u00e3o se repitam na unidade prisional.<\/p>\n<p style=\"text-align: justify;\">\u201cEnt\u00e3o o Minist\u00e9rio P\u00fablico quer saber em quais circunst\u00e2ncias esse reeducando subiu no poste de energia, quem autorizou e por que autorizou sem as vestimentas adequadas\u201d, concluiu Tranin.<\/p>\n","protected":false},"excerpt":{"rendered":"<p style=\"text-align: justify;\">Reeducando recebeu descarga el\u00e9trica e caiu de poste<\/p>\n","protected":false},"author":4,"featured_media":51330,"comment_status":"open","ping_status":"open","sticky":false,"template":"","format":"standard","meta":{"jnews-multi-image_gallery":[],"jnews_single_post":[],"jnews_primary_category":[],"jnews_social_meta":[],"jnews_review":[],"enable_review":"","type":"","name":"","summary":"","brand":"","sku":"","good":[],"bad":[],"score_override":"","override_value":"","rating":[],"price":[],"footnotes":""},"categories":[44],"tags":[],"class_list":["post-51331","post","type-post","status-publish","format-standard","has-post-thumbnail","hentry","category-policia"],"yoast_head":"<!-- This site is optimized with the Yoast SEO plugin v26.5 - https:\/\/yoast.com\/wordpress\/plugins\/seo\/ -->\n<title>MPAC pede abertura de inqu\u00e9rito para apurar morte de preso - Agazeta.net<\/title>\n<meta name=\"robots\" content=\"index, follow, max-snippet:-1, max-image-preview:large, max-video-preview:-1\" \/>\n<link rel=\"canonical\" href=\"https:\/\/nk7-testes.com.br\/agazeta\/mpac-pede-abertura-de-inquerito-para-apurar-morte-de-preso-no-foc\/\" \/>\n<meta property=\"og:locale\" content=\"pt_BR\" \/>\n<meta property=\"og:type\" content=\"article\" \/>\n<meta property=\"og:title\" content=\"MPAC pede abertura de inqu\u00e9rito para apurar morte de preso - Agazeta.net\" \/>\n<meta property=\"og:description\" content=\"Reeducando recebeu descarga el\u00e9trica e caiu de poste\" \/>\n<meta property=\"og:url\" content=\"https:\/\/nk7-testes.com.br\/agazeta\/mpac-pede-abertura-de-inquerito-para-apurar-morte-de-preso-no-foc\/\" \/>\n<meta property=\"og:site_name\" content=\"Agazeta.net\" \/>\n<meta property=\"article:published_time\" content=\"2020-11-19T14:40:41+00:00\" \/>\n<meta property=\"og:image\" content=\"https:\/\/nk7-testes.com.br\/agazeta\/wp-content\/uploads\/2020\/11\/19-11-20-mpac-preso-morto-foc-poste-caiu.jpg\" \/>\n\t<meta property=\"og:image:width\" content=\"458\" \/>\n\t<meta property=\"og:image:height\" content=\"340\" \/>\n\t<meta property=\"og:image:type\" content=\"image\/jpeg\" \/>\n<meta name=\"author\" content=\"Agazeta.Net\" \/>\n<meta name=\"twitter:card\" content=\"summary_large_image\" \/>\n<meta name=\"twitter:label1\" content=\"Escrito por\" \/>\n\t<meta name=\"twitter:data1\" content=\"Agazeta.Net\" \/>\n\t<meta name=\"twitter:label2\" content=\"Est. tempo de leitura\" \/>\n\t<meta name=\"twitter:data2\" content=\"1 minuto\" \/>\n<script type=\"application\/ld+json\" class=\"yoast-schema-graph\">{\"@context\":\"https:\/\/schema.org\",\"@graph\":[{\"@type\":\"WebPage\",\"@id\":\"https:\/\/nk7-testes.com.br\/agazeta\/mpac-pede-abertura-de-inquerito-para-apurar-morte-de-preso-no-foc\/\",\"url\":\"https:\/\/nk7-testes.com.br\/agazeta\/mpac-pede-abertura-de-inquerito-para-apurar-morte-de-preso-no-foc\/\",\"name\":\"MPAC pede abertura de inqu\u00e9rito para apurar morte de preso - Agazeta.net\",\"isPartOf\":{\"@id\":\"https:\/\/nk7-testes.com.br\/agazeta\/#website\"},\"primaryImageOfPage\":{\"@id\":\"https:\/\/nk7-testes.com.br\/agazeta\/mpac-pede-abertura-de-inquerito-para-apurar-morte-de-preso-no-foc\/#primaryimage\"},\"image\":{\"@id\":\"https:\/\/nk7-testes.com.br\/agazeta\/mpac-pede-abertura-de-inquerito-para-apurar-morte-de-preso-no-foc\/#primaryimage\"},\"thumbnailUrl\":\"https:\/\/nk7-testes.com.br\/agazeta\/wp-content\/uploads\/2020\/11\/19-11-20-mpac-preso-morto-foc-poste-caiu.jpg\",\"datePublished\":\"2020-11-19T14:40:41+00:00\",\"author\":{\"@id\":\"https:\/\/nk7-testes.com.br\/agazeta\/#\/schema\/person\/6d6e25cb0435eb4a02fd44d30b4e3020\"},\"breadcrumb\":{\"@id\":\"https:\/\/nk7-testes.com.br\/agazeta\/mpac-pede-abertura-de-inquerito-para-apurar-morte-de-preso-no-foc\/#breadcrumb\"},\"inLanguage\":\"pt-BR\",\"potentialAction\":[{\"@type\":\"ReadAction\",\"target\":[\"https:\/\/nk7-testes.com.br\/agazeta\/mpac-pede-abertura-de-inquerito-para-apurar-morte-de-preso-no-foc\/\"]}]},{\"@type\":\"ImageObject\",\"inLanguage\":\"pt-BR\",\"@id\":\"https:\/\/nk7-testes.com.br\/agazeta\/mpac-pede-abertura-de-inquerito-para-apurar-morte-de-preso-no-foc\/#primaryimage\",\"url\":\"https:\/\/nk7-testes.com.br\/agazeta\/wp-content\/uploads\/2020\/11\/19-11-20-mpac-preso-morto-foc-poste-caiu.jpg\",\"contentUrl\":\"https:\/\/nk7-testes.com.br\/agazeta\/wp-content\/uploads\/2020\/11\/19-11-20-mpac-preso-morto-foc-poste-caiu.jpg\",\"width\":458,\"height\":340,\"caption\":\"19-11-20-mpac-preso-morto-foc-poste-caiu\"},{\"@type\":\"BreadcrumbList\",\"@id\":\"https:\/\/nk7-testes.com.br\/agazeta\/mpac-pede-abertura-de-inquerito-para-apurar-morte-de-preso-no-foc\/#breadcrumb\",\"itemListElement\":[{\"@type\":\"ListItem\",\"position\":1,\"name\":\"In\u00edcio\",\"item\":\"https:\/\/nk7-testes.com.br\/agazeta\/\"},{\"@type\":\"ListItem\",\"position\":2,\"name\":\"MPAC pede abertura de inqu\u00e9rito para apurar morte de preso\"}]},{\"@type\":\"WebSite\",\"@id\":\"https:\/\/nk7-testes.com.br\/agazeta\/#website\",\"url\":\"https:\/\/nk7-testes.com.br\/agazeta\/\",\"name\":\"Agazeta.net\",\"description\":\"Agazeta.net - Not\u00edcias de Rio Branco\/AC\",\"potentialAction\":[{\"@type\":\"SearchAction\",\"target\":{\"@type\":\"EntryPoint\",\"urlTemplate\":\"https:\/\/nk7-testes.com.br\/agazeta\/?s={search_term_string}\"},\"query-input\":{\"@type\":\"PropertyValueSpecification\",\"valueRequired\":true,\"valueName\":\"search_term_string\"}}],\"inLanguage\":\"pt-BR\"},{\"@type\":\"Person\",\"@id\":\"https:\/\/nk7-testes.com.br\/agazeta\/#\/schema\/person\/6d6e25cb0435eb4a02fd44d30b4e3020\",\"name\":\"Agazeta.Net\",\"url\":\"https:\/\/nk7-testes.com.br\/agazeta\/author\/agazeta\/\"}]}<\/script>\n<!-- \/ Yoast SEO plugin. -->","yoast_head_json":{"title":"MPAC pede abertura de inqu\u00e9rito para apurar morte de preso - Agazeta.net","robots":{"index":"index","follow":"follow","max-snippet":"max-snippet:-1","max-image-preview":"max-image-preview:large","max-video-preview":"max-video-preview:-1"},"canonical":"https:\/\/nk7-testes.com.br\/agazeta\/mpac-pede-abertura-de-inquerito-para-apurar-morte-de-preso-no-foc\/","og_locale":"pt_BR","og_type":"article","og_title":"MPAC pede abertura de inqu\u00e9rito para apurar morte de preso - Agazeta.net","og_description":"Reeducando recebeu descarga el\u00e9trica e caiu de poste","og_url":"https:\/\/nk7-testes.com.br\/agazeta\/mpac-pede-abertura-de-inquerito-para-apurar-morte-de-preso-no-foc\/","og_site_name":"Agazeta.net","article_published_time":"2020-11-19T14:40:41+00:00","og_image":[{"width":458,"height":340,"url":"https:\/\/nk7-testes.com.br\/agazeta\/wp-content\/uploads\/2020\/11\/19-11-20-mpac-preso-morto-foc-poste-caiu.jpg","type":"image\/jpeg"}],"author":"Agazeta.Net","twitter_card":"summary_large_image","twitter_misc":{"Escrito por":"Agazeta.Net","Est. tempo de leitura":"1 minuto"},"schema":{"@context":"https:\/\/schema.org","@graph":[{"@type":"WebPage","@id":"https:\/\/nk7-testes.com.br\/agazeta\/mpac-pede-abertura-de-inquerito-para-apurar-morte-de-preso-no-foc\/","url":"https:\/\/nk7-testes.com.br\/agazeta\/mpac-pede-abertura-de-inquerito-para-apurar-morte-de-preso-no-foc\/","name":"MPAC pede abertura de inqu\u00e9rito para apurar morte de preso - Agazeta.net","isPartOf":{"@id":"https:\/\/nk7-testes.com.br\/agazeta\/#website"},"primaryImageOfPage":{"@id":"https:\/\/nk7-testes.com.br\/agazeta\/mpac-pede-abertura-de-inquerito-para-apurar-morte-de-preso-no-foc\/#primaryimage"},"image":{"@id":"https:\/\/nk7-testes.com.br\/agazeta\/mpac-pede-abertura-de-inquerito-para-apurar-morte-de-preso-no-foc\/#primaryimage"},"thumbnailUrl":"https:\/\/nk7-testes.com.br\/agazeta\/wp-content\/uploads\/2020\/11\/19-11-20-mpac-preso-morto-foc-poste-caiu.jpg","datePublished":"2020-11-19T14:40:41+00:00","author":{"@id":"https:\/\/nk7-testes.com.br\/agazeta\/#\/schema\/person\/6d6e25cb0435eb4a02fd44d30b4e3020"},"breadcrumb":{"@id":"https:\/\/nk7-testes.com.br\/agazeta\/mpac-pede-abertura-de-inquerito-para-apurar-morte-de-preso-no-foc\/#breadcrumb"},"inLanguage":"pt-BR","potentialAction":[{"@type":"ReadAction","target":["https:\/\/nk7-testes.com.br\/agazeta\/mpac-pede-abertura-de-inquerito-para-apurar-morte-de-preso-no-foc\/"]}]},{"@type":"ImageObject","inLanguage":"pt-BR","@id":"https:\/\/nk7-testes.com.br\/agazeta\/mpac-pede-abertura-de-inquerito-para-apurar-morte-de-preso-no-foc\/#primaryimage","url":"https:\/\/nk7-testes.com.br\/agazeta\/wp-content\/uploads\/2020\/11\/19-11-20-mpac-preso-morto-foc-poste-caiu.jpg","contentUrl":"https:\/\/nk7-testes.com.br\/agazeta\/wp-content\/uploads\/2020\/11\/19-11-20-mpac-preso-morto-foc-poste-caiu.jpg","width":458,"height":340,"caption":"19-11-20-mpac-preso-morto-foc-poste-caiu"},{"@type":"BreadcrumbList","@id":"https:\/\/nk7-testes.com.br\/agazeta\/mpac-pede-abertura-de-inquerito-para-apurar-morte-de-preso-no-foc\/#breadcrumb","itemListElement":[{"@type":"ListItem","position":1,"name":"In\u00edcio","item":"https:\/\/nk7-testes.com.br\/agazeta\/"},{"@type":"ListItem","position":2,"name":"MPAC pede abertura de inqu\u00e9rito para apurar morte de preso"}]},{"@type":"WebSite","@id":"https:\/\/nk7-testes.com.br\/agazeta\/#website","url":"https:\/\/nk7-testes.com.br\/agazeta\/","name":"Agazeta.net","description":"Agazeta.net - Not\u00edcias de Rio Branco\/AC","potentialAction":[{"@type":"SearchAction","target":{"@type":"EntryPoint","urlTemplate":"https:\/\/nk7-testes.com.br\/agazeta\/?s={search_term_string}"},"query-input":{"@type":"PropertyValueSpecification","valueRequired":true,"valueName":"search_term_string"}}],"inLanguage":"pt-BR"},{"@type":"Person","@id":"https:\/\/nk7-testes.com.br\/agazeta\/#\/schema\/person\/6d6e25cb0435eb4a02fd44d30b4e3020","name":"Agazeta.Net","url":"https:\/\/nk7-testes.com.br\/agazeta\/author\/agazeta\/"}]}},"_links":{"self":[{"href":"https:\/\/nk7-testes.com.br\/agazeta\/wp-json\/wp\/v2\/posts\/51331","targetHints":{"allow":["GET"]}}],"collection":[{"href":"https:\/\/nk7-testes.com.br\/agazeta\/wp-json\/wp\/v2\/posts"}],"about":[{"href":"https:\/\/nk7-testes.com.br\/agazeta\/wp-json\/wp\/v2\/types\/post"}],"author":[{"embeddable":true,"href":"https:\/\/nk7-testes.com.br\/agazeta\/wp-json\/wp\/v2\/users\/4"}],"replies":[{"embeddable":true,"href":"https:\/\/nk7-testes.com.br\/agazeta\/wp-json\/wp\/v2\/comments?post=51331"}],"version-history":[{"count":0,"href":"https:\/\/nk7-testes.com.br\/agazeta\/wp-json\/wp\/v2\/posts\/51331\/revisions"}],"wp:featuredmedia":[{"embeddable":true,"href":"https:\/\/nk7-testes.com.br\/agazeta\/wp-json\/wp\/v2\/media\/51330"}],"wp:attachment":[{"href":"https:\/\/nk7-testes.com.br\/agazeta\/wp-json\/wp\/v2\/media?parent=51331"}],"wp:term":[{"taxonomy":"category","embeddable":true,"href":"https:\/\/nk7-testes.com.br\/agazeta\/wp-json\/wp\/v2\/categories?post=51331"},{"taxonomy":"post_tag","embeddable":true,"href":"https:\/\/nk7-testes.com.br\/agazeta\/wp-json\/wp\/v2\/tags?post=51331"}],"curies":[{"name":"wp","href":"https:\/\/api.w.org\/{rel}","templated":true}]}}