{"id":51304,"date":"2020-11-18T11:29:41","date_gmt":"2020-11-18T11:29:41","guid":{"rendered":"https:\/\/abarevegan.com.br\/index.php\/2020\/11\/18\/homem-e-preso-suspeito-de-trafico-de-drogas-no-mocinha-magalhaes\/"},"modified":"2020-11-18T11:29:41","modified_gmt":"2020-11-18T11:29:41","slug":"homem-e-preso-suspeito-de-trafico-de-drogas-no-mocinha-magalhaes","status":"publish","type":"post","link":"https:\/\/nk7-testes.com.br\/agazeta\/homem-e-preso-suspeito-de-trafico-de-drogas-no-mocinha-magalhaes\/","title":{"rendered":"Homem \u00e9 preso por tr\u00e1fico de drogas no Mocinha Magalh\u00e3es"},"content":{"rendered":"<p style=\"text-align: justify;\">Den\u00fancia an\u00f4nima levou Pol\u00edcia Militar at\u00e9 a resid\u00eancia<\/p>\n<p style=\"text-align: justify;\">A Pol\u00edcia Militar prendeu um homem suspeito de tr\u00e1fico de drogas na rua Melancia, bairro Mocinha Magalh\u00e3es, em Rio Branco, na noite desta ter\u00e7a-feira (17). Os militares receberam uma den\u00fancia an\u00f4nima de que na resid\u00eancia teria produto entorpecente.<\/p>\n<p style=\"text-align: justify;\">Durante revista no local, os policiais encontraram uma bacia com barrilha &#8211; sal branco e transl\u00facido usado na produ\u00e7\u00e3o de coca\u00edna, 116 trouxinhas de coca\u00edna, uma balan\u00e7a de precis\u00e3o e material para embalagem da droga.<\/p>\n<p style=\"text-align: justify;\">O suspeito foi preso e encaminhado para a Delegacia Central de Flagrantes (Defla), e deve seguir \u00e0 disposi\u00e7\u00e3o da justi\u00e7a acreana na manh\u00e3 desta quarta-feira (18), onde passa por audi\u00eancia de cust\u00f3dia.<\/p>\n","protected":false},"excerpt":{"rendered":"<p style=\"text-align: justify;\">Den\u00fancia an\u00f4nima levou Pol\u00edcia Militar at\u00e9 a resid\u00eancia<\/p>\n","protected":false},"author":4,"featured_media":51303,"comment_status":"open","ping_status":"open","sticky":false,"template":"","format":"standard","meta":{"jnews-multi-image_gallery":[],"jnews_single_post":[],"jnews_primary_category":[],"jnews_social_meta":[],"jnews_review":[],"enable_review":"","type":"","name":"","summary":"","brand":"","sku":"","good":[],"bad":[],"score_override":"","override_value":"","rating":[],"price":[],"footnotes":""},"categories":[44],"tags":[],"class_list":["post-51304","post","type-post","status-publish","format-standard","has-post-thumbnail","hentry","category-policia"],"yoast_head":"<!-- This site is optimized with the Yoast SEO plugin v26.5 - https:\/\/yoast.com\/wordpress\/plugins\/seo\/ -->\n<title>Homem \u00e9 preso por tr\u00e1fico de drogas no Mocinha Magalh\u00e3es - Agazeta.net<\/title>\n<meta name=\"robots\" content=\"index, follow, max-snippet:-1, max-image-preview:large, max-video-preview:-1\" \/>\n<link rel=\"canonical\" href=\"https:\/\/nk7-testes.com.br\/agazeta\/homem-e-preso-suspeito-de-trafico-de-drogas-no-mocinha-magalhaes\/\" \/>\n<meta property=\"og:locale\" content=\"pt_BR\" \/>\n<meta property=\"og:type\" content=\"article\" \/>\n<meta property=\"og:title\" content=\"Homem \u00e9 preso por tr\u00e1fico de drogas no Mocinha Magalh\u00e3es - Agazeta.net\" \/>\n<meta property=\"og:description\" content=\"Den\u00fancia an\u00f4nima levou Pol\u00edcia Militar at\u00e9 a resid\u00eancia\" \/>\n<meta property=\"og:url\" content=\"https:\/\/nk7-testes.com.br\/agazeta\/homem-e-preso-suspeito-de-trafico-de-drogas-no-mocinha-magalhaes\/\" \/>\n<meta property=\"og:site_name\" content=\"Agazeta.net\" \/>\n<meta property=\"article:published_time\" content=\"2020-11-18T11:29:41+00:00\" \/>\n<meta property=\"og:image\" content=\"https:\/\/nk7-testes.com.br\/agazeta\/wp-content\/uploads\/2020\/11\/18-11-20-apreensao-pmac-rio-branco.jpeg\" \/>\n\t<meta property=\"og:image:width\" content=\"458\" \/>\n\t<meta property=\"og:image:height\" content=\"340\" \/>\n\t<meta property=\"og:image:type\" content=\"image\/jpeg\" \/>\n<meta name=\"author\" content=\"Agazeta.Net\" \/>\n<meta name=\"twitter:card\" content=\"summary_large_image\" \/>\n<meta name=\"twitter:label1\" content=\"Escrito por\" \/>\n\t<meta name=\"twitter:data1\" content=\"Agazeta.Net\" \/>\n\t<meta name=\"twitter:label2\" content=\"Est. tempo de leitura\" \/>\n\t<meta name=\"twitter:data2\" content=\"1 minuto\" \/>\n<script type=\"application\/ld+json\" class=\"yoast-schema-graph\">{\"@context\":\"https:\/\/schema.org\",\"@graph\":[{\"@type\":\"WebPage\",\"@id\":\"https:\/\/nk7-testes.com.br\/agazeta\/homem-e-preso-suspeito-de-trafico-de-drogas-no-mocinha-magalhaes\/\",\"url\":\"https:\/\/nk7-testes.com.br\/agazeta\/homem-e-preso-suspeito-de-trafico-de-drogas-no-mocinha-magalhaes\/\",\"name\":\"Homem \u00e9 preso por tr\u00e1fico de drogas no Mocinha Magalh\u00e3es - Agazeta.net\",\"isPartOf\":{\"@id\":\"https:\/\/nk7-testes.com.br\/agazeta\/#website\"},\"primaryImageOfPage\":{\"@id\":\"https:\/\/nk7-testes.com.br\/agazeta\/homem-e-preso-suspeito-de-trafico-de-drogas-no-mocinha-magalhaes\/#primaryimage\"},\"image\":{\"@id\":\"https:\/\/nk7-testes.com.br\/agazeta\/homem-e-preso-suspeito-de-trafico-de-drogas-no-mocinha-magalhaes\/#primaryimage\"},\"thumbnailUrl\":\"https:\/\/nk7-testes.com.br\/agazeta\/wp-content\/uploads\/2020\/11\/18-11-20-apreensao-pmac-rio-branco.jpeg\",\"datePublished\":\"2020-11-18T11:29:41+00:00\",\"author\":{\"@id\":\"https:\/\/nk7-testes.com.br\/agazeta\/#\/schema\/person\/6d6e25cb0435eb4a02fd44d30b4e3020\"},\"breadcrumb\":{\"@id\":\"https:\/\/nk7-testes.com.br\/agazeta\/homem-e-preso-suspeito-de-trafico-de-drogas-no-mocinha-magalhaes\/#breadcrumb\"},\"inLanguage\":\"pt-BR\",\"potentialAction\":[{\"@type\":\"ReadAction\",\"target\":[\"https:\/\/nk7-testes.com.br\/agazeta\/homem-e-preso-suspeito-de-trafico-de-drogas-no-mocinha-magalhaes\/\"]}]},{\"@type\":\"ImageObject\",\"inLanguage\":\"pt-BR\",\"@id\":\"https:\/\/nk7-testes.com.br\/agazeta\/homem-e-preso-suspeito-de-trafico-de-drogas-no-mocinha-magalhaes\/#primaryimage\",\"url\":\"https:\/\/nk7-testes.com.br\/agazeta\/wp-content\/uploads\/2020\/11\/18-11-20-apreensao-pmac-rio-branco.jpeg\",\"contentUrl\":\"https:\/\/nk7-testes.com.br\/agazeta\/wp-content\/uploads\/2020\/11\/18-11-20-apreensao-pmac-rio-branco.jpeg\",\"width\":458,\"height\":340,\"caption\":\"18-11-20-apreens\u00e3o-pmac-rio-branco\"},{\"@type\":\"BreadcrumbList\",\"@id\":\"https:\/\/nk7-testes.com.br\/agazeta\/homem-e-preso-suspeito-de-trafico-de-drogas-no-mocinha-magalhaes\/#breadcrumb\",\"itemListElement\":[{\"@type\":\"ListItem\",\"position\":1,\"name\":\"In\u00edcio\",\"item\":\"https:\/\/nk7-testes.com.br\/agazeta\/\"},{\"@type\":\"ListItem\",\"position\":2,\"name\":\"Homem \u00e9 preso por tr\u00e1fico de drogas no Mocinha Magalh\u00e3es\"}]},{\"@type\":\"WebSite\",\"@id\":\"https:\/\/nk7-testes.com.br\/agazeta\/#website\",\"url\":\"https:\/\/nk7-testes.com.br\/agazeta\/\",\"name\":\"Agazeta.net\",\"description\":\"Agazeta.net - Not\u00edcias de Rio Branco\/AC\",\"potentialAction\":[{\"@type\":\"SearchAction\",\"target\":{\"@type\":\"EntryPoint\",\"urlTemplate\":\"https:\/\/nk7-testes.com.br\/agazeta\/?s={search_term_string}\"},\"query-input\":{\"@type\":\"PropertyValueSpecification\",\"valueRequired\":true,\"valueName\":\"search_term_string\"}}],\"inLanguage\":\"pt-BR\"},{\"@type\":\"Person\",\"@id\":\"https:\/\/nk7-testes.com.br\/agazeta\/#\/schema\/person\/6d6e25cb0435eb4a02fd44d30b4e3020\",\"name\":\"Agazeta.Net\",\"url\":\"https:\/\/nk7-testes.com.br\/agazeta\/author\/agazeta\/\"}]}<\/script>\n<!-- \/ Yoast SEO plugin. -->","yoast_head_json":{"title":"Homem \u00e9 preso por tr\u00e1fico de drogas no Mocinha Magalh\u00e3es - Agazeta.net","robots":{"index":"index","follow":"follow","max-snippet":"max-snippet:-1","max-image-preview":"max-image-preview:large","max-video-preview":"max-video-preview:-1"},"canonical":"https:\/\/nk7-testes.com.br\/agazeta\/homem-e-preso-suspeito-de-trafico-de-drogas-no-mocinha-magalhaes\/","og_locale":"pt_BR","og_type":"article","og_title":"Homem \u00e9 preso por tr\u00e1fico de drogas no Mocinha Magalh\u00e3es - Agazeta.net","og_description":"Den\u00fancia an\u00f4nima levou Pol\u00edcia Militar at\u00e9 a resid\u00eancia","og_url":"https:\/\/nk7-testes.com.br\/agazeta\/homem-e-preso-suspeito-de-trafico-de-drogas-no-mocinha-magalhaes\/","og_site_name":"Agazeta.net","article_published_time":"2020-11-18T11:29:41+00:00","og_image":[{"width":458,"height":340,"url":"https:\/\/nk7-testes.com.br\/agazeta\/wp-content\/uploads\/2020\/11\/18-11-20-apreensao-pmac-rio-branco.jpeg","type":"image\/jpeg"}],"author":"Agazeta.Net","twitter_card":"summary_large_image","twitter_misc":{"Escrito por":"Agazeta.Net","Est. tempo de leitura":"1 minuto"},"schema":{"@context":"https:\/\/schema.org","@graph":[{"@type":"WebPage","@id":"https:\/\/nk7-testes.com.br\/agazeta\/homem-e-preso-suspeito-de-trafico-de-drogas-no-mocinha-magalhaes\/","url":"https:\/\/nk7-testes.com.br\/agazeta\/homem-e-preso-suspeito-de-trafico-de-drogas-no-mocinha-magalhaes\/","name":"Homem \u00e9 preso por tr\u00e1fico de drogas no Mocinha Magalh\u00e3es - Agazeta.net","isPartOf":{"@id":"https:\/\/nk7-testes.com.br\/agazeta\/#website"},"primaryImageOfPage":{"@id":"https:\/\/nk7-testes.com.br\/agazeta\/homem-e-preso-suspeito-de-trafico-de-drogas-no-mocinha-magalhaes\/#primaryimage"},"image":{"@id":"https:\/\/nk7-testes.com.br\/agazeta\/homem-e-preso-suspeito-de-trafico-de-drogas-no-mocinha-magalhaes\/#primaryimage"},"thumbnailUrl":"https:\/\/nk7-testes.com.br\/agazeta\/wp-content\/uploads\/2020\/11\/18-11-20-apreensao-pmac-rio-branco.jpeg","datePublished":"2020-11-18T11:29:41+00:00","author":{"@id":"https:\/\/nk7-testes.com.br\/agazeta\/#\/schema\/person\/6d6e25cb0435eb4a02fd44d30b4e3020"},"breadcrumb":{"@id":"https:\/\/nk7-testes.com.br\/agazeta\/homem-e-preso-suspeito-de-trafico-de-drogas-no-mocinha-magalhaes\/#breadcrumb"},"inLanguage":"pt-BR","potentialAction":[{"@type":"ReadAction","target":["https:\/\/nk7-testes.com.br\/agazeta\/homem-e-preso-suspeito-de-trafico-de-drogas-no-mocinha-magalhaes\/"]}]},{"@type":"ImageObject","inLanguage":"pt-BR","@id":"https:\/\/nk7-testes.com.br\/agazeta\/homem-e-preso-suspeito-de-trafico-de-drogas-no-mocinha-magalhaes\/#primaryimage","url":"https:\/\/nk7-testes.com.br\/agazeta\/wp-content\/uploads\/2020\/11\/18-11-20-apreensao-pmac-rio-branco.jpeg","contentUrl":"https:\/\/nk7-testes.com.br\/agazeta\/wp-content\/uploads\/2020\/11\/18-11-20-apreensao-pmac-rio-branco.jpeg","width":458,"height":340,"caption":"18-11-20-apreens\u00e3o-pmac-rio-branco"},{"@type":"BreadcrumbList","@id":"https:\/\/nk7-testes.com.br\/agazeta\/homem-e-preso-suspeito-de-trafico-de-drogas-no-mocinha-magalhaes\/#breadcrumb","itemListElement":[{"@type":"ListItem","position":1,"name":"In\u00edcio","item":"https:\/\/nk7-testes.com.br\/agazeta\/"},{"@type":"ListItem","position":2,"name":"Homem \u00e9 preso por tr\u00e1fico de drogas no Mocinha Magalh\u00e3es"}]},{"@type":"WebSite","@id":"https:\/\/nk7-testes.com.br\/agazeta\/#website","url":"https:\/\/nk7-testes.com.br\/agazeta\/","name":"Agazeta.net","description":"Agazeta.net - Not\u00edcias de Rio Branco\/AC","potentialAction":[{"@type":"SearchAction","target":{"@type":"EntryPoint","urlTemplate":"https:\/\/nk7-testes.com.br\/agazeta\/?s={search_term_string}"},"query-input":{"@type":"PropertyValueSpecification","valueRequired":true,"valueName":"search_term_string"}}],"inLanguage":"pt-BR"},{"@type":"Person","@id":"https:\/\/nk7-testes.com.br\/agazeta\/#\/schema\/person\/6d6e25cb0435eb4a02fd44d30b4e3020","name":"Agazeta.Net","url":"https:\/\/nk7-testes.com.br\/agazeta\/author\/agazeta\/"}]}},"_links":{"self":[{"href":"https:\/\/nk7-testes.com.br\/agazeta\/wp-json\/wp\/v2\/posts\/51304","targetHints":{"allow":["GET"]}}],"collection":[{"href":"https:\/\/nk7-testes.com.br\/agazeta\/wp-json\/wp\/v2\/posts"}],"about":[{"href":"https:\/\/nk7-testes.com.br\/agazeta\/wp-json\/wp\/v2\/types\/post"}],"author":[{"embeddable":true,"href":"https:\/\/nk7-testes.com.br\/agazeta\/wp-json\/wp\/v2\/users\/4"}],"replies":[{"embeddable":true,"href":"https:\/\/nk7-testes.com.br\/agazeta\/wp-json\/wp\/v2\/comments?post=51304"}],"version-history":[{"count":0,"href":"https:\/\/nk7-testes.com.br\/agazeta\/wp-json\/wp\/v2\/posts\/51304\/revisions"}],"wp:featuredmedia":[{"embeddable":true,"href":"https:\/\/nk7-testes.com.br\/agazeta\/wp-json\/wp\/v2\/media\/51303"}],"wp:attachment":[{"href":"https:\/\/nk7-testes.com.br\/agazeta\/wp-json\/wp\/v2\/media?parent=51304"}],"wp:term":[{"taxonomy":"category","embeddable":true,"href":"https:\/\/nk7-testes.com.br\/agazeta\/wp-json\/wp\/v2\/categories?post=51304"},{"taxonomy":"post_tag","embeddable":true,"href":"https:\/\/nk7-testes.com.br\/agazeta\/wp-json\/wp\/v2\/tags?post=51304"}],"curies":[{"name":"wp","href":"https:\/\/api.w.org\/{rel}","templated":true}]}}