{"id":51271,"date":"2020-11-16T16:45:26","date_gmt":"2020-11-16T16:45:26","guid":{"rendered":"https:\/\/abarevegan.com.br\/index.php\/2020\/11\/16\/aprovados-no-concurso-da-pm-estao-acampados-ha-cinco-dias-na-aleac\/"},"modified":"2020-11-16T16:45:26","modified_gmt":"2020-11-16T16:45:26","slug":"aprovados-no-concurso-da-pm-estao-acampados-ha-cinco-dias-na-aleac","status":"publish","type":"post","link":"https:\/\/nk7-testes.com.br\/agazeta\/aprovados-no-concurso-da-pm-estao-acampados-ha-cinco-dias-na-aleac\/","title":{"rendered":"Aprovados no concurso da PM continuam acampados na Aleac"},"content":{"rendered":"<p style=\"text-align: justify;\"><img class=\" alignleft size-full wp-image-51270\" \/><\/p>\n<p style=\"text-align: justify;\"><img decoding=\"async\" src=\"https:\/\/nk7-testes.com.br\/wp-content\/uploads\/2020\/11\/16-11-20-Acampamento_Aleac.jpeg\" width=\"458\" height=\"340\" alt=\"16-11-20-Acampamento Aleac\" style=\"margin: 5px; float: left;\" \/>Futuros militares esperam por um cronograma de convoca\u00e7\u00e3o<\/p>\n<p style=\"text-align: justify;\">Os aprovados do concurso da Pol\u00edcia Militar (PM) est\u00e3o h\u00e1 cinco dias acampados na frente da Assembleia Legislativa do Estado do Acre (Aleac) esperando por alguma resposta por parte do Governo do Estado quanto as nomea\u00e7\u00f5es.<\/p>\n<p style=\"text-align: justify;\">Os manifestantes relataram que at\u00e9 um termo de compromisso foi assinado pelo atual governador, Gladson Cameli, priorizando a convoca\u00e7\u00e3o dos aprovados, e ap\u00f3s eleito, refor\u00e7ou por diversas vezes o compromisso, mas at\u00e9 o momento n\u00e3o obtiveram essa resposta.<\/p>\n<p style=\"text-align: justify;\">\u201cEstamos hoje, h\u00e1 pouco mais de 3 meses para encerrar o prazo do concurso, somos 450 candidatos\/fam\u00edlias sonhando e esperando que o governador cumpra sua promessa&#8221;, relatou Leandro Mendon\u00e7a, um dos aprovados que aguarda pela nomea\u00e7\u00e3o.<\/p>\n<div id=\"janelamailtopopupMail\" style=\"z-index: 1;\">\n<div id=\"janelamailtocontentPopupModalMail\">\n<div id=\"janelamailtomailClosePopup\"><img \/><\/div><\/div><\/div>\n","protected":false},"excerpt":{"rendered":"<p style=\"text-align: justify;\"><img class=\" alignleft size-full wp-image-51270\" \/><\/p>\n<p style=\"text-align: justify;\"><img decoding=\"async\" src=\"https:\/\/2022.agazeta.net\/wordpress\/wp-content\/uploads\/2020\/11\/16-11-20-Acampamento_Aleac.jpeg\" width=\"458\" height=\"340\" alt=\"16-11-20-Acampamento Aleac\" style=\"margin: 5px; float: left;\" \/>Futuros militares esperam por um cronograma de convoca\u00e7\u00e3o<\/p>\n","protected":false},"author":4,"featured_media":0,"comment_status":"open","ping_status":"open","sticky":false,"template":"","format":"standard","meta":{"jnews-multi-image_gallery":[],"jnews_single_post":[],"jnews_primary_category":[],"jnews_social_meta":[],"jnews_review":[],"enable_review":"","type":"","name":"","summary":"","brand":"","sku":"","good":[],"bad":[],"score_override":"","override_value":"","rating":[],"price":[],"footnotes":""},"categories":[44],"tags":[],"class_list":["post-51271","post","type-post","status-publish","format-standard","hentry","category-policia"],"yoast_head":"<!-- This site is optimized with the Yoast SEO plugin v26.5 - https:\/\/yoast.com\/wordpress\/plugins\/seo\/ -->\n<title>Aprovados no concurso da PM continuam acampados na Aleac - Agazeta.net<\/title>\n<meta name=\"robots\" content=\"index, follow, max-snippet:-1, max-image-preview:large, max-video-preview:-1\" \/>\n<link rel=\"canonical\" href=\"https:\/\/nk7-testes.com.br\/agazeta\/aprovados-no-concurso-da-pm-estao-acampados-ha-cinco-dias-na-aleac\/\" \/>\n<meta property=\"og:locale\" content=\"pt_BR\" \/>\n<meta property=\"og:type\" content=\"article\" \/>\n<meta property=\"og:title\" content=\"Aprovados no concurso da PM continuam acampados na Aleac - Agazeta.net\" \/>\n<meta property=\"og:description\" content=\"Futuros militares esperam por um cronograma de convoca\u00e7\u00e3o\" \/>\n<meta property=\"og:url\" content=\"https:\/\/nk7-testes.com.br\/agazeta\/aprovados-no-concurso-da-pm-estao-acampados-ha-cinco-dias-na-aleac\/\" \/>\n<meta property=\"og:site_name\" content=\"Agazeta.net\" \/>\n<meta property=\"article:published_time\" content=\"2020-11-16T16:45:26+00:00\" \/>\n<meta property=\"og:image\" content=\"https:\/\/nk7-testes.com.br\/wp-content\/uploads\/2020\/11\/16-11-20-Acampamento_Aleac.jpeg\" \/>\n<meta name=\"author\" content=\"Agazeta.Net\" \/>\n<meta name=\"twitter:card\" content=\"summary_large_image\" \/>\n<meta name=\"twitter:label1\" content=\"Escrito por\" \/>\n\t<meta name=\"twitter:data1\" content=\"Agazeta.Net\" \/>\n\t<meta name=\"twitter:label2\" content=\"Est. tempo de leitura\" \/>\n\t<meta name=\"twitter:data2\" content=\"1 minuto\" \/>\n<script type=\"application\/ld+json\" class=\"yoast-schema-graph\">{\"@context\":\"https:\/\/schema.org\",\"@graph\":[{\"@type\":\"WebPage\",\"@id\":\"https:\/\/nk7-testes.com.br\/agazeta\/aprovados-no-concurso-da-pm-estao-acampados-ha-cinco-dias-na-aleac\/\",\"url\":\"https:\/\/nk7-testes.com.br\/agazeta\/aprovados-no-concurso-da-pm-estao-acampados-ha-cinco-dias-na-aleac\/\",\"name\":\"Aprovados no concurso da PM continuam acampados na Aleac - Agazeta.net\",\"isPartOf\":{\"@id\":\"https:\/\/nk7-testes.com.br\/agazeta\/#website\"},\"primaryImageOfPage\":{\"@id\":\"https:\/\/nk7-testes.com.br\/agazeta\/aprovados-no-concurso-da-pm-estao-acampados-ha-cinco-dias-na-aleac\/#primaryimage\"},\"image\":{\"@id\":\"https:\/\/nk7-testes.com.br\/agazeta\/aprovados-no-concurso-da-pm-estao-acampados-ha-cinco-dias-na-aleac\/#primaryimage\"},\"thumbnailUrl\":\"https:\/\/nk7-testes.com.br\/wp-content\/uploads\/2020\/11\/16-11-20-Acampamento_Aleac.jpeg\",\"datePublished\":\"2020-11-16T16:45:26+00:00\",\"author\":{\"@id\":\"https:\/\/nk7-testes.com.br\/agazeta\/#\/schema\/person\/6d6e25cb0435eb4a02fd44d30b4e3020\"},\"breadcrumb\":{\"@id\":\"https:\/\/nk7-testes.com.br\/agazeta\/aprovados-no-concurso-da-pm-estao-acampados-ha-cinco-dias-na-aleac\/#breadcrumb\"},\"inLanguage\":\"pt-BR\",\"potentialAction\":[{\"@type\":\"ReadAction\",\"target\":[\"https:\/\/nk7-testes.com.br\/agazeta\/aprovados-no-concurso-da-pm-estao-acampados-ha-cinco-dias-na-aleac\/\"]}]},{\"@type\":\"ImageObject\",\"inLanguage\":\"pt-BR\",\"@id\":\"https:\/\/nk7-testes.com.br\/agazeta\/aprovados-no-concurso-da-pm-estao-acampados-ha-cinco-dias-na-aleac\/#primaryimage\",\"url\":\"https:\/\/nk7-testes.com.br\/wp-content\/uploads\/2020\/11\/16-11-20-Acampamento_Aleac.jpeg\",\"contentUrl\":\"https:\/\/nk7-testes.com.br\/wp-content\/uploads\/2020\/11\/16-11-20-Acampamento_Aleac.jpeg\"},{\"@type\":\"BreadcrumbList\",\"@id\":\"https:\/\/nk7-testes.com.br\/agazeta\/aprovados-no-concurso-da-pm-estao-acampados-ha-cinco-dias-na-aleac\/#breadcrumb\",\"itemListElement\":[{\"@type\":\"ListItem\",\"position\":1,\"name\":\"In\u00edcio\",\"item\":\"https:\/\/nk7-testes.com.br\/agazeta\/\"},{\"@type\":\"ListItem\",\"position\":2,\"name\":\"Aprovados no concurso da PM continuam acampados na Aleac\"}]},{\"@type\":\"WebSite\",\"@id\":\"https:\/\/nk7-testes.com.br\/agazeta\/#website\",\"url\":\"https:\/\/nk7-testes.com.br\/agazeta\/\",\"name\":\"Agazeta.net\",\"description\":\"Agazeta.net - Not\u00edcias de Rio Branco\/AC\",\"potentialAction\":[{\"@type\":\"SearchAction\",\"target\":{\"@type\":\"EntryPoint\",\"urlTemplate\":\"https:\/\/nk7-testes.com.br\/agazeta\/?s={search_term_string}\"},\"query-input\":{\"@type\":\"PropertyValueSpecification\",\"valueRequired\":true,\"valueName\":\"search_term_string\"}}],\"inLanguage\":\"pt-BR\"},{\"@type\":\"Person\",\"@id\":\"https:\/\/nk7-testes.com.br\/agazeta\/#\/schema\/person\/6d6e25cb0435eb4a02fd44d30b4e3020\",\"name\":\"Agazeta.Net\",\"url\":\"https:\/\/nk7-testes.com.br\/agazeta\/author\/agazeta\/\"}]}<\/script>\n<!-- \/ Yoast SEO plugin. -->","yoast_head_json":{"title":"Aprovados no concurso da PM continuam acampados na Aleac - Agazeta.net","robots":{"index":"index","follow":"follow","max-snippet":"max-snippet:-1","max-image-preview":"max-image-preview:large","max-video-preview":"max-video-preview:-1"},"canonical":"https:\/\/nk7-testes.com.br\/agazeta\/aprovados-no-concurso-da-pm-estao-acampados-ha-cinco-dias-na-aleac\/","og_locale":"pt_BR","og_type":"article","og_title":"Aprovados no concurso da PM continuam acampados na Aleac - Agazeta.net","og_description":"Futuros militares esperam por um cronograma de convoca\u00e7\u00e3o","og_url":"https:\/\/nk7-testes.com.br\/agazeta\/aprovados-no-concurso-da-pm-estao-acampados-ha-cinco-dias-na-aleac\/","og_site_name":"Agazeta.net","article_published_time":"2020-11-16T16:45:26+00:00","og_image":[{"url":"https:\/\/nk7-testes.com.br\/wp-content\/uploads\/2020\/11\/16-11-20-Acampamento_Aleac.jpeg","type":"","width":"","height":""}],"author":"Agazeta.Net","twitter_card":"summary_large_image","twitter_misc":{"Escrito por":"Agazeta.Net","Est. tempo de leitura":"1 minuto"},"schema":{"@context":"https:\/\/schema.org","@graph":[{"@type":"WebPage","@id":"https:\/\/nk7-testes.com.br\/agazeta\/aprovados-no-concurso-da-pm-estao-acampados-ha-cinco-dias-na-aleac\/","url":"https:\/\/nk7-testes.com.br\/agazeta\/aprovados-no-concurso-da-pm-estao-acampados-ha-cinco-dias-na-aleac\/","name":"Aprovados no concurso da PM continuam acampados na Aleac - Agazeta.net","isPartOf":{"@id":"https:\/\/nk7-testes.com.br\/agazeta\/#website"},"primaryImageOfPage":{"@id":"https:\/\/nk7-testes.com.br\/agazeta\/aprovados-no-concurso-da-pm-estao-acampados-ha-cinco-dias-na-aleac\/#primaryimage"},"image":{"@id":"https:\/\/nk7-testes.com.br\/agazeta\/aprovados-no-concurso-da-pm-estao-acampados-ha-cinco-dias-na-aleac\/#primaryimage"},"thumbnailUrl":"https:\/\/nk7-testes.com.br\/wp-content\/uploads\/2020\/11\/16-11-20-Acampamento_Aleac.jpeg","datePublished":"2020-11-16T16:45:26+00:00","author":{"@id":"https:\/\/nk7-testes.com.br\/agazeta\/#\/schema\/person\/6d6e25cb0435eb4a02fd44d30b4e3020"},"breadcrumb":{"@id":"https:\/\/nk7-testes.com.br\/agazeta\/aprovados-no-concurso-da-pm-estao-acampados-ha-cinco-dias-na-aleac\/#breadcrumb"},"inLanguage":"pt-BR","potentialAction":[{"@type":"ReadAction","target":["https:\/\/nk7-testes.com.br\/agazeta\/aprovados-no-concurso-da-pm-estao-acampados-ha-cinco-dias-na-aleac\/"]}]},{"@type":"ImageObject","inLanguage":"pt-BR","@id":"https:\/\/nk7-testes.com.br\/agazeta\/aprovados-no-concurso-da-pm-estao-acampados-ha-cinco-dias-na-aleac\/#primaryimage","url":"https:\/\/nk7-testes.com.br\/wp-content\/uploads\/2020\/11\/16-11-20-Acampamento_Aleac.jpeg","contentUrl":"https:\/\/nk7-testes.com.br\/wp-content\/uploads\/2020\/11\/16-11-20-Acampamento_Aleac.jpeg"},{"@type":"BreadcrumbList","@id":"https:\/\/nk7-testes.com.br\/agazeta\/aprovados-no-concurso-da-pm-estao-acampados-ha-cinco-dias-na-aleac\/#breadcrumb","itemListElement":[{"@type":"ListItem","position":1,"name":"In\u00edcio","item":"https:\/\/nk7-testes.com.br\/agazeta\/"},{"@type":"ListItem","position":2,"name":"Aprovados no concurso da PM continuam acampados na Aleac"}]},{"@type":"WebSite","@id":"https:\/\/nk7-testes.com.br\/agazeta\/#website","url":"https:\/\/nk7-testes.com.br\/agazeta\/","name":"Agazeta.net","description":"Agazeta.net - Not\u00edcias de Rio Branco\/AC","potentialAction":[{"@type":"SearchAction","target":{"@type":"EntryPoint","urlTemplate":"https:\/\/nk7-testes.com.br\/agazeta\/?s={search_term_string}"},"query-input":{"@type":"PropertyValueSpecification","valueRequired":true,"valueName":"search_term_string"}}],"inLanguage":"pt-BR"},{"@type":"Person","@id":"https:\/\/nk7-testes.com.br\/agazeta\/#\/schema\/person\/6d6e25cb0435eb4a02fd44d30b4e3020","name":"Agazeta.Net","url":"https:\/\/nk7-testes.com.br\/agazeta\/author\/agazeta\/"}]}},"_links":{"self":[{"href":"https:\/\/nk7-testes.com.br\/agazeta\/wp-json\/wp\/v2\/posts\/51271","targetHints":{"allow":["GET"]}}],"collection":[{"href":"https:\/\/nk7-testes.com.br\/agazeta\/wp-json\/wp\/v2\/posts"}],"about":[{"href":"https:\/\/nk7-testes.com.br\/agazeta\/wp-json\/wp\/v2\/types\/post"}],"author":[{"embeddable":true,"href":"https:\/\/nk7-testes.com.br\/agazeta\/wp-json\/wp\/v2\/users\/4"}],"replies":[{"embeddable":true,"href":"https:\/\/nk7-testes.com.br\/agazeta\/wp-json\/wp\/v2\/comments?post=51271"}],"version-history":[{"count":0,"href":"https:\/\/nk7-testes.com.br\/agazeta\/wp-json\/wp\/v2\/posts\/51271\/revisions"}],"wp:attachment":[{"href":"https:\/\/nk7-testes.com.br\/agazeta\/wp-json\/wp\/v2\/media?parent=51271"}],"wp:term":[{"taxonomy":"category","embeddable":true,"href":"https:\/\/nk7-testes.com.br\/agazeta\/wp-json\/wp\/v2\/categories?post=51271"},{"taxonomy":"post_tag","embeddable":true,"href":"https:\/\/nk7-testes.com.br\/agazeta\/wp-json\/wp\/v2\/tags?post=51271"}],"curies":[{"name":"wp","href":"https:\/\/api.w.org\/{rel}","templated":true}]}}